{"id":188035,"date":"2022-03-24T22:51:54","date_gmt":"2022-03-25T01:51:54","guid":{"rendered":"https:\/\/aconteceunovale.com.br\/portal\/?p=188035"},"modified":"2022-03-24T22:52:10","modified_gmt":"2022-03-25T01:52:10","slug":"tribunal-de-justica-lanca-pedra-fundamental-do-novo-forum-de-teofilo-otoni","status":"publish","type":"post","link":"https:\/\/aconteceunovale.com.br\/portal\/?p=188035","title":{"rendered":"Tribunal de Justi\u00e7a lan\u00e7a pedra fundamental do novo f\u00f3rum de Te\u00f3filo Otoni"},"content":{"rendered":"\n<p class=\"wp-block-paragraph\">A pedra fundamental do novo F\u00f3rum Desembargador Eust\u00e1quio Peixoto, na Comarca de Te\u00f3filo Otoni, no Vale do Mucuri, foi lan\u00e7ada nesta quinta-feira (24\/3) pelo presidente do Tribunal de Justi\u00e7a de Minas Gerais, desembargador Gilson Soares Lemes. O atual pr\u00e9dio, que abriga as sete varas e as duas unidades jurisdicionais do Juizado Especial da comarca, ser\u00e1 reformado e ampliado, com entrega prevista para o primeiro semestre de 2024.<\/p>\n\n\n\n<figure class=\"wp-block-gallery has-nested-images columns-default is-cropped wp-block-gallery-1 is-layout-flex wp-block-gallery-is-layout-flex\">\n<figure class=\"wp-block-image size-large\"><img loading=\"lazy\" decoding=\"async\" width=\"675\" height=\"450\" data-id=\"188036\" src=\"https:\/\/aconteceunovale.com.br\/portal\/wp-content\/uploads\/2022\/03\/preda_fundamental_tjmg_teo_1.jpg\" alt=\"\" class=\"wp-image-188036\" srcset=\"https:\/\/aconteceunovale.com.br\/portal\/wp-content\/uploads\/2022\/03\/preda_fundamental_tjmg_teo_1.jpg 675w, https:\/\/aconteceunovale.com.br\/portal\/wp-content\/uploads\/2022\/03\/preda_fundamental_tjmg_teo_1-300x200.jpg 300w, https:\/\/aconteceunovale.com.br\/portal\/wp-content\/uploads\/2022\/03\/preda_fundamental_tjmg_teo_1-630x420.jpg 630w\" sizes=\"auto, (max-width: 675px) 100vw, 675px\" \/><figcaption><em><sub>Presidente Gilson Lemes (terno cinza claro) chegou ao f\u00f3rum acompanhado dos desembargadores do TJMG Carlos Roberto de Faria, Adriano Mesquita Carneiro e Rui de Almeida Magalh\u00e3es (Cr\u00e9dito: Cecilia Pederzoli\/TJMG)<\/sub><\/em><\/figcaption><\/figure>\n<\/figure>\n\n\n\n<p class=\"wp-block-paragraph\">Inaugurado na d\u00e9cada de 1990, o pr\u00e9dio ficou defasado&nbsp;com o r\u00e1pido crescimento da comarca, que \u00e9 considerada a maior da regi\u00e3o Nordeste de Minas Gerais e completa 130 anos em junho.&nbsp;<\/p>\n\n\n\n<h2 class=\"wp-block-heading\"><strong>Pedras preciosas<\/strong><\/h2>\n\n\n\n<p class=\"wp-block-paragraph\">O presidente Gilson Lemes esteve acompanhado dos desembargadores do TJMG\u00a0Carlos Roberto de Faria, Adriano Mesquita Carneiro e Rui de Almeida Magalh\u00e3es. No sal\u00e3o do j\u00fari, ap\u00f3s a execu\u00e7\u00e3o dos Hinos Nacional e do Poder Judici\u00e1rio, ele descerrou a placa da pedra fundamental para a amplia\u00e7\u00e3o e reforma da f\u00f3rum. Em seguida, entregou o projeto da obra ao diretor do foro de Te\u00f3filo Otoni,\u00a0juiz Renzzo Giaccomo Ronchi.\u00a0<\/p>\n\n\n\n<figure class=\"wp-block-gallery has-nested-images columns-default is-cropped wp-block-gallery-2 is-layout-flex wp-block-gallery-is-layout-flex\">\n<figure class=\"wp-block-image size-large\"><img loading=\"lazy\" decoding=\"async\" width=\"675\" height=\"450\" data-id=\"188037\" src=\"https:\/\/aconteceunovale.com.br\/portal\/wp-content\/uploads\/2022\/03\/preda_fundamental_tjmg_teo_2.jpg\" alt=\"\" class=\"wp-image-188037\" srcset=\"https:\/\/aconteceunovale.com.br\/portal\/wp-content\/uploads\/2022\/03\/preda_fundamental_tjmg_teo_2.jpg 675w, https:\/\/aconteceunovale.com.br\/portal\/wp-content\/uploads\/2022\/03\/preda_fundamental_tjmg_teo_2-300x200.jpg 300w, https:\/\/aconteceunovale.com.br\/portal\/wp-content\/uploads\/2022\/03\/preda_fundamental_tjmg_teo_2-630x420.jpg 630w\" sizes=\"auto, (max-width: 675px) 100vw, 675px\" \/><figcaption><em><sub>O juiz Renzzo Giaccomo Ronchi, diretor do foro, disse que era grande a expectativa pelo an\u00fancio da reforma, j\u00e1 que a comarca recebe pessoas de toda a regi\u00e3o, &#8220;carregadas de sonhos por dias melhores&#8221; (Cr\u00e9dito: Cecilia Pederzoli\/TJMG)<\/sub><\/em><\/figcaption><\/figure>\n<\/figure>\n\n\n\n<p class=\"wp-block-paragraph\">O presidente exaltou a hist\u00f3ria de Te\u00f3filo Otoni, considerada a \u201cCapital Mundial das Pedras Preciosas\u201d. \u201cAtualmente, o munic\u00edpio, onde vivem mais de 140 mil habitantes, se destaca como um dos maiores polos de lapida\u00e7\u00e3o e com\u00e9rcio de pedras preciosas da Am\u00e9rica do Sul. Na condi\u00e7\u00e3o de presidente do Tribunal de Justi\u00e7a de Minas Gerais, trago a importante not\u00edcia da constru\u00e7\u00e3o das novas instala\u00e7\u00f5es do F\u00f3rum Desembargador Eust\u00e1quio Peixoto\u201d, ressaltou.&nbsp;<\/p>\n\n\n\n<p class=\"wp-block-paragraph\">Para o presidente Gilson Lemes, a instala\u00e7\u00e3o da pedra fundamental do novo f\u00f3rum mostra o compromisso assumido pela atual administra\u00e7\u00e3o, que visa a oferecer \u00e0 sociedade uma presta\u00e7\u00e3o jurisdicional de mais qualidade e ambientes mais adequados a magistrados, servidores, colaboradores, estagi\u00e1rios, promotores de justi\u00e7a, defensores p\u00fablicos, advogados e jurisdicionados.\u00a0O presidente Gilson Lemes lembrou que 12 f\u00f3runs j\u00e1 foram inaugurados na atual gest\u00e3o.<\/p>\n\n\n\n<figure class=\"wp-block-gallery has-nested-images columns-default is-cropped wp-block-gallery-3 is-layout-flex wp-block-gallery-is-layout-flex\">\n<figure class=\"wp-block-image size-large\"><img loading=\"lazy\" decoding=\"async\" width=\"675\" height=\"450\" data-id=\"188038\" src=\"https:\/\/aconteceunovale.com.br\/portal\/wp-content\/uploads\/2022\/03\/preda_fundamental_tjmg_teo_3.jpg\" alt=\"\" class=\"wp-image-188038\" srcset=\"https:\/\/aconteceunovale.com.br\/portal\/wp-content\/uploads\/2022\/03\/preda_fundamental_tjmg_teo_3.jpg 675w, https:\/\/aconteceunovale.com.br\/portal\/wp-content\/uploads\/2022\/03\/preda_fundamental_tjmg_teo_3-300x200.jpg 300w, https:\/\/aconteceunovale.com.br\/portal\/wp-content\/uploads\/2022\/03\/preda_fundamental_tjmg_teo_3-630x420.jpg 630w\" sizes=\"auto, (max-width: 675px) 100vw, 675px\" \/><figcaption><em><sub>O presidente Gilson Lemes destacou o empenho da atual gest\u00e3o em modernizar e dar maior conforto a magistrados, servidores, colaboradores e aos jurisdicionados das comarcas mineiras (Cr\u00e9dito: Cecilia Pederzoli\/TJMG)<\/sub><\/em><\/figcaption><\/figure>\n<\/figure>\n\n\n\n<h2 class=\"wp-block-heading\"><strong>Agradecimentos&nbsp;<\/strong><\/h2>\n\n\n\n<p class=\"wp-block-paragraph\">O presidente Gilson Lemes agradeceu ao atual prefeito de Te\u00f3filo Otoni, Daniel Batista Sucupira, e ao ex-prefeito Get\u00falio Afonso Porto Neiva, que ocupava a chefia do Executivo municipal quando foi doado o&nbsp;terreno que permitir\u00e1 a amplia\u00e7\u00e3o do f\u00f3rum.&nbsp;&nbsp;<\/p>\n\n\n\n<p class=\"wp-block-paragraph\">\u201cMeus agradecimentos ainda ao ent\u00e3o diretor do foro, juiz Thomas Ferreira Espechit Arantes, que participou da escolha da \u00e1rea; ao atual diretor do foro, juiz Renzzo Giaccomo Ronchi, pela imprescind\u00edvel colabora\u00e7\u00e3o dada para o bom andamento dos trabalhos; ao desembargador S\u00e9rgio Andr\u00e9 da Fonseca Xavier, superintendente de Obras do TJMG; ao juiz auxiliar da Presid\u00eancia Jair Francisco dos Santos\u00a0e a toda a equipe da Diretoria de Engenharia e Gest\u00e3o Predial do TJMG\u201d, disse.\u00a0<\/p>\n\n\n\n<figure class=\"wp-block-gallery has-nested-images columns-default is-cropped wp-block-gallery-4 is-layout-flex wp-block-gallery-is-layout-flex\">\n<figure class=\"wp-block-image size-large\"><img loading=\"lazy\" decoding=\"async\" width=\"675\" height=\"450\" data-id=\"188039\" src=\"https:\/\/aconteceunovale.com.br\/portal\/wp-content\/uploads\/2022\/03\/preda_fundamental_tjmg_teo_4.jpg\" alt=\"\" class=\"wp-image-188039\" srcset=\"https:\/\/aconteceunovale.com.br\/portal\/wp-content\/uploads\/2022\/03\/preda_fundamental_tjmg_teo_4.jpg 675w, https:\/\/aconteceunovale.com.br\/portal\/wp-content\/uploads\/2022\/03\/preda_fundamental_tjmg_teo_4-300x200.jpg 300w, https:\/\/aconteceunovale.com.br\/portal\/wp-content\/uploads\/2022\/03\/preda_fundamental_tjmg_teo_4-630x420.jpg 630w\" sizes=\"auto, (max-width: 675px) 100vw, 675px\" \/><figcaption><em><sub>Na solenidade, foi feita uma apresenta\u00e7\u00e3o do projeto de obras e reformas do edif\u00edcio (Cr\u00e9dito: Cecilia Pederzoli\/TJMG)<\/sub><\/em><\/figcaption><\/figure>\n<\/figure>\n\n\n\n<h2 class=\"wp-block-heading\"><strong>Projeto<\/strong><\/h2>\n\n\n\n<p class=\"wp-block-paragraph\">O diretor do foro de Te\u00f3filo Otoni, juiz Renzzo Giaccomo Ronchi, afirmou que havia grande expectativa pelo an\u00fancio da reforma e amplia\u00e7\u00e3o do f\u00f3rum, principalmente entre magistrados e servidores. \u201cAtualmente, a nossa comarca recebe pessoas de toda a regi\u00e3o, que aqui chegam carregadas de sonhos por dias melhores e principalmente por justi\u00e7a\u201d, ressaltou o magistrado.<\/p>\n\n\n\n<p class=\"wp-block-paragraph\">O primeiro passo para a reforma e amplia\u00e7\u00e3o do novo F\u00f3rum Desembargador Eust\u00e1quio Peixoto ser\u00e1 a constru\u00e7\u00e3o de um novo pr\u00e9dio em terreno localizado ao lado do edif\u00edcio atual. Assim que a obra for conclu\u00edda, magistrados, servidores, terceirizados e estagi\u00e1rios ser\u00e3o transferidos para a nova edifica\u00e7\u00e3o.<\/p>\n\n\n\n<p class=\"wp-block-paragraph\">S\u00f3 a partir da\u00ed\u00a0o pr\u00e9dio atual passar\u00e1 por reformas estruturais, que ser\u00e3o finalizadas com a constru\u00e7\u00e3o de uma passarela, ligando os dois im\u00f3veis.\u00a0<\/p>\n\n\n\n<p class=\"wp-block-paragraph\">Conclu\u00eddas as obras, o novo f\u00f3rum da Comarca de Te\u00f3filo Otoni ter\u00e1\u00a0\u00e1rea constru\u00edda de 7,5 mil m\u00b2, com cinco pavimentos interligados por quatro elevadores e escadas, e capacidade para abrigar at\u00e9 12 varas da Justi\u00e7a comum e do Juizado Especial, com tr\u00eas magistrados. O pr\u00e9dio contar\u00e1\u00a0com ar-condicionado central, sistema de renova\u00e7\u00e3o de ar, circuito interno de TV, controles de acesso, informatiza\u00e7\u00e3o completa, amplo sal\u00e3o do j\u00fari com wi-fi, sistema de preven\u00e7\u00e3o de combate a inc\u00eandios, al\u00e9m de amplo estacionamento.\u00a0<\/p>\n\n\n\n<figure class=\"wp-block-gallery has-nested-images columns-default is-cropped wp-block-gallery-5 is-layout-flex wp-block-gallery-is-layout-flex\">\n<figure class=\"wp-block-image size-large\"><img loading=\"lazy\" decoding=\"async\" width=\"674\" height=\"450\" data-id=\"188040\" src=\"https:\/\/aconteceunovale.com.br\/portal\/wp-content\/uploads\/2022\/03\/preda_fundamental_tjmg_teo_5.jpg\" alt=\"\" class=\"wp-image-188040\" srcset=\"https:\/\/aconteceunovale.com.br\/portal\/wp-content\/uploads\/2022\/03\/preda_fundamental_tjmg_teo_5.jpg 674w, https:\/\/aconteceunovale.com.br\/portal\/wp-content\/uploads\/2022\/03\/preda_fundamental_tjmg_teo_5-300x200.jpg 300w, https:\/\/aconteceunovale.com.br\/portal\/wp-content\/uploads\/2022\/03\/preda_fundamental_tjmg_teo_5-629x420.jpg 629w\" sizes=\"auto, (max-width: 674px) 100vw, 674px\" \/><figcaption><em><sub>Ap\u00f3s as interven\u00e7\u00f5es, com t\u00e9rmino previsto para 2024, o novo F\u00f3rum Desembargador Eust\u00e1quio Peixoto ter\u00e1 cinco pavimentos (Cr\u00e9dito: Cecilia Pederzoli\/TJMG)<\/sub><\/em><\/figcaption><\/figure>\n<\/figure>\n\n\n\n<h2 class=\"wp-block-heading\"><strong>Museu<\/strong><\/h2>\n\n\n\n<p class=\"wp-block-paragraph\">O juiz Renzzo Giaccomo lembrou que, somente em Te\u00f3filo Otoni, existem institui\u00e7\u00f5es de ensino superior com tr\u00eas cursos de Direito, e o novo f\u00f3rum beneficiar\u00e1 tamb\u00e9m&nbsp;os futuros profissionais da \u00e1rea, que poder\u00e3o fazer visitas guiadas, al\u00e9m de participar de audi\u00eancias e j\u00faris com mais conforto.&nbsp;<\/p>\n\n\n\n<p class=\"wp-block-paragraph\">O diretor do foro tamb\u00e9m ressaltou que ser\u00e1 inaugurada uma galeria com as fotos de todos os magistrados que&nbsp;atuaram na Comarca de Te\u00f3filo Otoni. \u201cTamb\u00e9m teremos um espa\u00e7o para um museu com os registros hist\u00f3ricos da comarca\u201d, destacou&nbsp;o magistrado. A Comarca de Te\u00f3filo Otoni inclui&nbsp;a sede e as cidades de Ataleia, Ladainha, Novo Oriente de Minas, Ouro Verde de Minas, Pav\u00e3o e Pot\u00e9.<\/p>\n\n\n\n<h2 class=\"wp-block-heading\"><strong>Homenagens<\/strong><\/h2>\n\n\n\n<p class=\"wp-block-paragraph\">A solenidade foi marcada ainda por homenagens dos magistrados de Te\u00f3filo Otoni, Alair Mendon\u00e7a, Emerson Chaves, Juliana Nogueira e Thomas Arantes, ao presidente Gilson Lemes e aos ju\u00edzes auxiliares da Presid\u00eancia do TJMG\u00a0Jair Francisco dos Santos e Rosimere das Gra\u00e7as do Couto, pelo empenho para que a obra de reforma e amplia\u00e7\u00e3o fosse viabilizada.<\/p>\n\n\n\n<figure class=\"wp-block-gallery has-nested-images columns-default is-cropped wp-block-gallery-6 is-layout-flex wp-block-gallery-is-layout-flex\">\n<figure class=\"wp-block-image size-large\"><img loading=\"lazy\" decoding=\"async\" width=\"674\" height=\"450\" data-id=\"188041\" src=\"https:\/\/aconteceunovale.com.br\/portal\/wp-content\/uploads\/2022\/03\/preda_fundamental_tjmg_teo_6.jpg\" alt=\"\" class=\"wp-image-188041\" srcset=\"https:\/\/aconteceunovale.com.br\/portal\/wp-content\/uploads\/2022\/03\/preda_fundamental_tjmg_teo_6.jpg 674w, https:\/\/aconteceunovale.com.br\/portal\/wp-content\/uploads\/2022\/03\/preda_fundamental_tjmg_teo_6-300x200.jpg 300w, https:\/\/aconteceunovale.com.br\/portal\/wp-content\/uploads\/2022\/03\/preda_fundamental_tjmg_teo_6-629x420.jpg 629w\" sizes=\"auto, (max-width: 674px) 100vw, 674px\" \/><figcaption><em><sub>Solenidade tamb\u00e9m teve homenagens dos ju\u00edzes de Te\u00f3filo Otoni ao presidente Gilson Lemes e aos ju\u00edzes auxiliares da Presid\u00eancia do TJMG, Jair Francisco dos Santos e Rosimere das Gra\u00e7as do Couto (Cr\u00e9dito: Cecilia Pederzoli\/TJMG)<\/sub><\/em><\/figcaption><\/figure>\n<\/figure>\n\n\n\n<p class=\"wp-block-paragraph\">A comitiva presidencial visitou o terreno que ser\u00e1 utilizado para a amplia\u00e7\u00e3o e reforma do f\u00f3rum e, em seguida, se dirigiu para a cidade de Governador Valadares para a instala\u00e7\u00e3o de duas novas varas na comarca.&nbsp;<\/p>\n\n\n\n<h2 class=\"wp-block-heading\"><strong>Presen\u00e7as<\/strong><\/h2>\n\n\n\n<p class=\"wp-block-paragraph\">Tamb\u00e9m estiveram presentes no evento o juiz auxiliar da Corregedoria-Geral de Justi\u00e7a\u00a0Leopoldo Mameluque; o vice-prefeito de Te\u00f3filo Otoni, \u00c9der Detrez Silva; al\u00e9m de representantes do Minist\u00e9rio P\u00fablico, da Defensoria P\u00fablica, da Ordem dos Advogados do Brasil\u00a0e das Pol\u00edcias Civil e Militar de Minas Gerais.<\/p>\n\n\n\n<p class=\"wp-block-paragraph\">&#8212;&#8212;&#8212;&#8212;&#8212;&#8212;<br><br><strong>Sabia que o Aconteceu no Vale est\u00e1 tamb\u00e9m no Telegram? <a rel=\"noreferrer noopener\" href=\"https:\/\/t.me\/aconteceunovaleoficial\" target=\"_blank\">Inscreva-se no canal<\/a>.<\/strong><br><br><strong>J\u00e1 curtiu ou seguiu nossas p\u00e1ginas nas redes sociais?\u00a0Receba as not\u00edcias em primeira m\u00e3o:<\/strong><br>\u2022 <a rel=\"noreferrer noopener\" href=\"https:\/\/news.google.com\/publications\/CAAqBwgKMNjklQswi4etAw?hl=pt-BR&amp;gl=BR&amp;ceid=BR%3Apt-419\" target=\"_blank\">Google News<\/a><br>\u2022 <a rel=\"noreferrer noopener\" href=\"https:\/\/www.facebook.com\/aconteceunovale\/\" target=\"_blank\">Facebook<\/a><br>\u2022 <a rel=\"noreferrer noopener\" href=\"https:\/\/twitter.com\/noticiadosvales\" target=\"_blank\">Twitter<\/a><br>\u2022 <a rel=\"noreferrer noopener\" href=\"https:\/\/www.instagram.com\/aconteceunovale\" target=\"_blank\">Instagram<\/a><br>\u2022 <a rel=\"noreferrer noopener\" href=\"https:\/\/www.youtube.com\/AconteceunoValeOficial\" target=\"_blank\">Youtube<\/a><br>\u2022 <a rel=\"noreferrer noopener\" href=\"https:\/\/www.tiktok.com\/@aconteceunovale\" target=\"_blank\">TikTok<\/a><\/p>\n","protected":false},"excerpt":{"rendered":"<p>A pedra fundamental do novo F\u00f3rum Desembargador Eust\u00e1quio Peixoto, na Comarca de Te\u00f3filo Otoni, no Vale do Mucuri, foi lan\u00e7ada nesta quinta-feira (24\/3) pelo presidente do Tribunal de Justi\u00e7a de Minas Gerais, desembargador Gilson Soares Lemes. O atual pr\u00e9dio, que abriga as sete varas e as duas unidades jurisdicionais do Juizado Especial da comarca, ser\u00e1 [&hellip;]<\/p>\n","protected":false},"author":4,"featured_media":188036,"comment_status":"open","ping_status":"closed","sticky":false,"template":"","format":"standard","meta":{"amp_status":"","footnotes":""},"categories":[122],"tags":[240323,260067,260071,260066,260070,260068,164,270,260069,92646,260065,166],"class_list":["post-188035","post","type-post","status-publish","format-standard","has-post-thumbnail","hentry","category-mucuri","tag-comarca-de-teofilo-otoni","tag-construcao-do-novo-forum-de-teofilo-otoni","tag-desembargador-gilson-soares-lemes","tag-novo-forum-de-teofilo-otoni","tag-pedra-fundamental-do-novo-forum-de-teofilo-otoni","tag-projeto-do-novo-forum-de-teofilo-otoni","tag-teofilo-otoni","tag-tjmg","tag-tjmg-em-teofilo-otoni","tag-tribunal-de-justica-de-minas-gerais","tag-tribunal-de-justica-lanca-pedra-fundamental-do-novo-forum-de-teofilo-otoni","tag-vale-do-mucuri"],"yoast_head":"<!-- This site is optimized with the Yoast SEO plugin v28.3 - https:\/\/yoast.com\/product\/yoast-seo-wordpress\/ -->\n<title>Tribunal de Justi\u00e7a lan\u00e7a pedra fundamental do novo f\u00f3rum de Te\u00f3filo Otoni - Aconteceu no Vale<\/title>\n<meta name=\"robots\" content=\"index, follow, max-snippet:-1, max-image-preview:large, max-video-preview:-1\" \/>\n<link rel=\"canonical\" href=\"https:\/\/aconteceunovale.com.br\/portal\/?p=188035\" \/>\n<meta property=\"og:locale\" content=\"pt_BR\" \/>\n<meta property=\"og:type\" content=\"article\" \/>\n<meta property=\"og:title\" content=\"Tribunal de Justi\u00e7a lan\u00e7a pedra fundamental do novo f\u00f3rum de Te\u00f3filo Otoni - Aconteceu no Vale\" \/>\n<meta property=\"og:description\" content=\"A pedra fundamental do novo F\u00f3rum Desembargador Eust\u00e1quio Peixoto, na Comarca de Te\u00f3filo Otoni, no Vale do Mucuri, foi lan\u00e7ada nesta quinta-feira (24\/3) pelo presidente do Tribunal de Justi\u00e7a de Minas Gerais, desembargador Gilson Soares Lemes. O atual pr\u00e9dio, que abriga as sete varas e as duas unidades jurisdicionais do Juizado Especial da comarca, ser\u00e1 [&hellip;]\" \/>\n<meta property=\"og:url\" content=\"https:\/\/aconteceunovale.com.br\/portal\/?p=188035\" \/>\n<meta property=\"og:site_name\" content=\"Aconteceu no Vale\" \/>\n<meta property=\"article:publisher\" content=\"https:\/\/www.facebook.com\/aconteceunovale\/\" \/>\n<meta property=\"article:published_time\" content=\"2022-03-25T01:51:54+00:00\" \/>\n<meta property=\"article:modified_time\" content=\"2022-03-25T01:52:10+00:00\" \/>\n<meta property=\"og:image\" content=\"https:\/\/aconteceunovale.com.br\/portal\/wp-content\/uploads\/2022\/03\/preda_fundamental_tjmg_teo_1.jpg\" \/>\n\t<meta property=\"og:image:width\" content=\"675\" \/>\n\t<meta property=\"og:image:height\" content=\"450\" \/>\n\t<meta property=\"og:image:type\" content=\"image\/jpeg\" \/>\n<meta name=\"author\" content=\"Reda\u00e7\u00e3o Aconteceu no Vale\" \/>\n<meta name=\"twitter:card\" content=\"summary_large_image\" \/>\n<meta name=\"twitter:creator\" content=\"@noticiadosvales\" \/>\n<meta name=\"twitter:site\" content=\"@noticiadosvales\" \/>\n<meta name=\"twitter:label1\" content=\"Escrito por\" \/>\n\t<meta name=\"twitter:data1\" content=\"Reda\u00e7\u00e3o Aconteceu no Vale\" \/>\n\t<meta name=\"twitter:label2\" content=\"Est. tempo de leitura\" \/>\n\t<meta name=\"twitter:data2\" content=\"6 minutos\" \/>\n<script type=\"application\/ld+json\" class=\"yoast-schema-graph\">{\"@context\":\"https:\\\/\\\/schema.org\",\"@graph\":[{\"@type\":\"Article\",\"@id\":\"https:\\\/\\\/aconteceunovale.com.br\\\/portal\\\/?p=188035#article\",\"isPartOf\":{\"@id\":\"https:\\\/\\\/aconteceunovale.com.br\\\/portal\\\/?p=188035\"},\"author\":{\"name\":\"Reda\u00e7\u00e3o Aconteceu no Vale\",\"@id\":\"https:\\\/\\\/aconteceunovale.com.br\\\/portal\\\/#\\\/schema\\\/person\\\/7d2f26d1483f8a63de73da1ee0754d35\"},\"headline\":\"Tribunal de Justi\u00e7a lan\u00e7a pedra fundamental do novo f\u00f3rum de Te\u00f3filo Otoni\",\"datePublished\":\"2022-03-25T01:51:54+00:00\",\"dateModified\":\"2022-03-25T01:52:10+00:00\",\"mainEntityOfPage\":{\"@id\":\"https:\\\/\\\/aconteceunovale.com.br\\\/portal\\\/?p=188035\"},\"wordCount\":1247,\"commentCount\":0,\"image\":{\"@id\":\"https:\\\/\\\/aconteceunovale.com.br\\\/portal\\\/?p=188035#primaryimage\"},\"thumbnailUrl\":\"https:\\\/\\\/aconteceunovale.com.br\\\/portal\\\/wp-content\\\/uploads\\\/2022\\\/03\\\/preda_fundamental_tjmg_teo_1.jpg\",\"keywords\":[\"Comarca de Te\u00f3filo Otoni\",\"Constru\u00e7\u00e3o do novo f\u00f3rum de Te\u00f3filo Otoni\",\"Desembargador Gilson Soares Lemes\",\"Novo f\u00f3rum de Te\u00f3filo Otoni\",\"Pedra Fundamental do novo f\u00f3rum de Te\u00f3filo Otoni\",\"Projeto do novo f\u00f3rum de Te\u00f3filo Otoni\",\"Te\u00f3filo Otoni\",\"TJMG\",\"TJMG em Te\u00f3filo Otoni\",\"Tribunal de Justi\u00e7a de Minas Gerais\",\"Tribunal de Justi\u00e7a lan\u00e7a pedra fundamental do novo f\u00f3rum de Te\u00f3filo Otoni\",\"Vale do Mucuri\"],\"articleSection\":[\"Vale do Mucuri\"],\"inLanguage\":\"pt-BR\",\"potentialAction\":[{\"@type\":\"CommentAction\",\"name\":\"Comment\",\"target\":[\"https:\\\/\\\/aconteceunovale.com.br\\\/portal\\\/?p=188035#respond\"]}]},{\"@type\":\"WebPage\",\"@id\":\"https:\\\/\\\/aconteceunovale.com.br\\\/portal\\\/?p=188035\",\"url\":\"https:\\\/\\\/aconteceunovale.com.br\\\/portal\\\/?p=188035\",\"name\":\"Tribunal de Justi\u00e7a lan\u00e7a pedra fundamental do novo f\u00f3rum de Te\u00f3filo Otoni - Aconteceu no Vale\",\"isPartOf\":{\"@id\":\"https:\\\/\\\/aconteceunovale.com.br\\\/portal\\\/#website\"},\"primaryImageOfPage\":{\"@id\":\"https:\\\/\\\/aconteceunovale.com.br\\\/portal\\\/?p=188035#primaryimage\"},\"image\":{\"@id\":\"https:\\\/\\\/aconteceunovale.com.br\\\/portal\\\/?p=188035#primaryimage\"},\"thumbnailUrl\":\"https:\\\/\\\/aconteceunovale.com.br\\\/portal\\\/wp-content\\\/uploads\\\/2022\\\/03\\\/preda_fundamental_tjmg_teo_1.jpg\",\"datePublished\":\"2022-03-25T01:51:54+00:00\",\"dateModified\":\"2022-03-25T01:52:10+00:00\",\"author\":{\"@id\":\"https:\\\/\\\/aconteceunovale.com.br\\\/portal\\\/#\\\/schema\\\/person\\\/7d2f26d1483f8a63de73da1ee0754d35\"},\"breadcrumb\":{\"@id\":\"https:\\\/\\\/aconteceunovale.com.br\\\/portal\\\/?p=188035#breadcrumb\"},\"inLanguage\":\"pt-BR\",\"potentialAction\":[{\"@type\":\"ReadAction\",\"target\":[\"https:\\\/\\\/aconteceunovale.com.br\\\/portal\\\/?p=188035\"]}]},{\"@type\":\"ImageObject\",\"inLanguage\":\"pt-BR\",\"@id\":\"https:\\\/\\\/aconteceunovale.com.br\\\/portal\\\/?p=188035#primaryimage\",\"url\":\"https:\\\/\\\/aconteceunovale.com.br\\\/portal\\\/wp-content\\\/uploads\\\/2022\\\/03\\\/preda_fundamental_tjmg_teo_1.jpg\",\"contentUrl\":\"https:\\\/\\\/aconteceunovale.com.br\\\/portal\\\/wp-content\\\/uploads\\\/2022\\\/03\\\/preda_fundamental_tjmg_teo_1.jpg\",\"width\":675,\"height\":450},{\"@type\":\"BreadcrumbList\",\"@id\":\"https:\\\/\\\/aconteceunovale.com.br\\\/portal\\\/?p=188035#breadcrumb\",\"itemListElement\":[{\"@type\":\"ListItem\",\"position\":1,\"name\":\"In\u00edcio\",\"item\":\"https:\\\/\\\/aconteceunovale.com.br\\\/portal\\\/\"},{\"@type\":\"ListItem\",\"position\":2,\"name\":\"Tribunal de Justi\u00e7a lan\u00e7a pedra fundamental do novo f\u00f3rum de Te\u00f3filo Otoni\"}]},{\"@type\":\"WebSite\",\"@id\":\"https:\\\/\\\/aconteceunovale.com.br\\\/portal\\\/#website\",\"url\":\"https:\\\/\\\/aconteceunovale.com.br\\\/portal\\\/\",\"name\":\"Aconteceu no Vale\",\"description\":\"Portal de Not\u00edcias\",\"potentialAction\":[{\"@type\":\"SearchAction\",\"target\":{\"@type\":\"EntryPoint\",\"urlTemplate\":\"https:\\\/\\\/aconteceunovale.com.br\\\/portal\\\/?s={search_term_string}\"},\"query-input\":{\"@type\":\"PropertyValueSpecification\",\"valueRequired\":true,\"valueName\":\"search_term_string\"}}],\"inLanguage\":\"pt-BR\"},{\"@type\":\"Person\",\"@id\":\"https:\\\/\\\/aconteceunovale.com.br\\\/portal\\\/#\\\/schema\\\/person\\\/7d2f26d1483f8a63de73da1ee0754d35\",\"name\":\"Reda\u00e7\u00e3o Aconteceu no Vale\",\"description\":\"Equipe de reportagem do Aconteceu no Vale, portal de not\u00edcias do Vale do Jequitinhonha, em Minas Gerais. Cobrimos as 51 cidades do Vale desde 2013. Sugest\u00f5es de pauta e pedidos de corre\u00e7\u00e3o: contato@aconteceunovale.com.br\",\"url\":\"https:\\\/\\\/aconteceunovale.com.br\\\/portal\\\/?author=4\"}]}<\/script>\n<!-- \/ Yoast SEO plugin. -->","yoast_head_json":{"title":"Tribunal de Justi\u00e7a lan\u00e7a pedra fundamental do novo f\u00f3rum de Te\u00f3filo Otoni - Aconteceu no Vale","robots":{"index":"index","follow":"follow","max-snippet":"max-snippet:-1","max-image-preview":"max-image-preview:large","max-video-preview":"max-video-preview:-1"},"canonical":"https:\/\/aconteceunovale.com.br\/portal\/?p=188035","og_locale":"pt_BR","og_type":"article","og_title":"Tribunal de Justi\u00e7a lan\u00e7a pedra fundamental do novo f\u00f3rum de Te\u00f3filo Otoni - Aconteceu no Vale","og_description":"A pedra fundamental do novo F\u00f3rum Desembargador Eust\u00e1quio Peixoto, na Comarca de Te\u00f3filo Otoni, no Vale do Mucuri, foi lan\u00e7ada nesta quinta-feira (24\/3) pelo presidente do Tribunal de Justi\u00e7a de Minas Gerais, desembargador Gilson Soares Lemes. O atual pr\u00e9dio, que abriga as sete varas e as duas unidades jurisdicionais do Juizado Especial da comarca, ser\u00e1 [&hellip;]","og_url":"https:\/\/aconteceunovale.com.br\/portal\/?p=188035","og_site_name":"Aconteceu no Vale","article_publisher":"https:\/\/www.facebook.com\/aconteceunovale\/","article_published_time":"2022-03-25T01:51:54+00:00","article_modified_time":"2022-03-25T01:52:10+00:00","og_image":[{"width":675,"height":450,"url":"https:\/\/aconteceunovale.com.br\/portal\/wp-content\/uploads\/2022\/03\/preda_fundamental_tjmg_teo_1.jpg","type":"image\/jpeg"}],"author":"Reda\u00e7\u00e3o Aconteceu no Vale","twitter_card":"summary_large_image","twitter_creator":"@noticiadosvales","twitter_site":"@noticiadosvales","twitter_misc":{"Escrito por":"Reda\u00e7\u00e3o Aconteceu no Vale","Est. tempo de leitura":"6 minutos"},"schema":{"@context":"https:\/\/schema.org","@graph":[{"@type":"Article","@id":"https:\/\/aconteceunovale.com.br\/portal\/?p=188035#article","isPartOf":{"@id":"https:\/\/aconteceunovale.com.br\/portal\/?p=188035"},"author":{"name":"Reda\u00e7\u00e3o Aconteceu no Vale","@id":"https:\/\/aconteceunovale.com.br\/portal\/#\/schema\/person\/7d2f26d1483f8a63de73da1ee0754d35"},"headline":"Tribunal de Justi\u00e7a lan\u00e7a pedra fundamental do novo f\u00f3rum de Te\u00f3filo Otoni","datePublished":"2022-03-25T01:51:54+00:00","dateModified":"2022-03-25T01:52:10+00:00","mainEntityOfPage":{"@id":"https:\/\/aconteceunovale.com.br\/portal\/?p=188035"},"wordCount":1247,"commentCount":0,"image":{"@id":"https:\/\/aconteceunovale.com.br\/portal\/?p=188035#primaryimage"},"thumbnailUrl":"https:\/\/aconteceunovale.com.br\/portal\/wp-content\/uploads\/2022\/03\/preda_fundamental_tjmg_teo_1.jpg","keywords":["Comarca de Te\u00f3filo Otoni","Constru\u00e7\u00e3o do novo f\u00f3rum de Te\u00f3filo Otoni","Desembargador Gilson Soares Lemes","Novo f\u00f3rum de Te\u00f3filo Otoni","Pedra Fundamental do novo f\u00f3rum de Te\u00f3filo Otoni","Projeto do novo f\u00f3rum de Te\u00f3filo Otoni","Te\u00f3filo Otoni","TJMG","TJMG em Te\u00f3filo Otoni","Tribunal de Justi\u00e7a de Minas Gerais","Tribunal de Justi\u00e7a lan\u00e7a pedra fundamental do novo f\u00f3rum de Te\u00f3filo Otoni","Vale do Mucuri"],"articleSection":["Vale do Mucuri"],"inLanguage":"pt-BR","potentialAction":[{"@type":"CommentAction","name":"Comment","target":["https:\/\/aconteceunovale.com.br\/portal\/?p=188035#respond"]}]},{"@type":"WebPage","@id":"https:\/\/aconteceunovale.com.br\/portal\/?p=188035","url":"https:\/\/aconteceunovale.com.br\/portal\/?p=188035","name":"Tribunal de Justi\u00e7a lan\u00e7a pedra fundamental do novo f\u00f3rum de Te\u00f3filo Otoni - Aconteceu no Vale","isPartOf":{"@id":"https:\/\/aconteceunovale.com.br\/portal\/#website"},"primaryImageOfPage":{"@id":"https:\/\/aconteceunovale.com.br\/portal\/?p=188035#primaryimage"},"image":{"@id":"https:\/\/aconteceunovale.com.br\/portal\/?p=188035#primaryimage"},"thumbnailUrl":"https:\/\/aconteceunovale.com.br\/portal\/wp-content\/uploads\/2022\/03\/preda_fundamental_tjmg_teo_1.jpg","datePublished":"2022-03-25T01:51:54+00:00","dateModified":"2022-03-25T01:52:10+00:00","author":{"@id":"https:\/\/aconteceunovale.com.br\/portal\/#\/schema\/person\/7d2f26d1483f8a63de73da1ee0754d35"},"breadcrumb":{"@id":"https:\/\/aconteceunovale.com.br\/portal\/?p=188035#breadcrumb"},"inLanguage":"pt-BR","potentialAction":[{"@type":"ReadAction","target":["https:\/\/aconteceunovale.com.br\/portal\/?p=188035"]}]},{"@type":"ImageObject","inLanguage":"pt-BR","@id":"https:\/\/aconteceunovale.com.br\/portal\/?p=188035#primaryimage","url":"https:\/\/aconteceunovale.com.br\/portal\/wp-content\/uploads\/2022\/03\/preda_fundamental_tjmg_teo_1.jpg","contentUrl":"https:\/\/aconteceunovale.com.br\/portal\/wp-content\/uploads\/2022\/03\/preda_fundamental_tjmg_teo_1.jpg","width":675,"height":450},{"@type":"BreadcrumbList","@id":"https:\/\/aconteceunovale.com.br\/portal\/?p=188035#breadcrumb","itemListElement":[{"@type":"ListItem","position":1,"name":"In\u00edcio","item":"https:\/\/aconteceunovale.com.br\/portal\/"},{"@type":"ListItem","position":2,"name":"Tribunal de Justi\u00e7a lan\u00e7a pedra fundamental do novo f\u00f3rum de Te\u00f3filo Otoni"}]},{"@type":"WebSite","@id":"https:\/\/aconteceunovale.com.br\/portal\/#website","url":"https:\/\/aconteceunovale.com.br\/portal\/","name":"Aconteceu no Vale","description":"Portal de Not\u00edcias","potentialAction":[{"@type":"SearchAction","target":{"@type":"EntryPoint","urlTemplate":"https:\/\/aconteceunovale.com.br\/portal\/?s={search_term_string}"},"query-input":{"@type":"PropertyValueSpecification","valueRequired":true,"valueName":"search_term_string"}}],"inLanguage":"pt-BR"},{"@type":"Person","@id":"https:\/\/aconteceunovale.com.br\/portal\/#\/schema\/person\/7d2f26d1483f8a63de73da1ee0754d35","name":"Reda\u00e7\u00e3o Aconteceu no Vale","description":"Equipe de reportagem do Aconteceu no Vale, portal de not\u00edcias do Vale do Jequitinhonha, em Minas Gerais. Cobrimos as 51 cidades do Vale desde 2013. Sugest\u00f5es de pauta e pedidos de corre\u00e7\u00e3o: contato@aconteceunovale.com.br","url":"https:\/\/aconteceunovale.com.br\/portal\/?author=4"}]}},"_links":{"self":[{"href":"https:\/\/aconteceunovale.com.br\/portal\/index.php?rest_route=\/wp\/v2\/posts\/188035","targetHints":{"allow":["GET"]}}],"collection":[{"href":"https:\/\/aconteceunovale.com.br\/portal\/index.php?rest_route=\/wp\/v2\/posts"}],"about":[{"href":"https:\/\/aconteceunovale.com.br\/portal\/index.php?rest_route=\/wp\/v2\/types\/post"}],"author":[{"embeddable":true,"href":"https:\/\/aconteceunovale.com.br\/portal\/index.php?rest_route=\/wp\/v2\/users\/4"}],"replies":[{"embeddable":true,"href":"https:\/\/aconteceunovale.com.br\/portal\/index.php?rest_route=%2Fwp%2Fv2%2Fcomments&post=188035"}],"version-history":[{"count":1,"href":"https:\/\/aconteceunovale.com.br\/portal\/index.php?rest_route=\/wp\/v2\/posts\/188035\/revisions"}],"predecessor-version":[{"id":188042,"href":"https:\/\/aconteceunovale.com.br\/portal\/index.php?rest_route=\/wp\/v2\/posts\/188035\/revisions\/188042"}],"wp:featuredmedia":[{"embeddable":true,"href":"https:\/\/aconteceunovale.com.br\/portal\/index.php?rest_route=\/wp\/v2\/media\/188036"}],"wp:attachment":[{"href":"https:\/\/aconteceunovale.com.br\/portal\/index.php?rest_route=%2Fwp%2Fv2%2Fmedia&parent=188035"}],"wp:term":[{"taxonomy":"category","embeddable":true,"href":"https:\/\/aconteceunovale.com.br\/portal\/index.php?rest_route=%2Fwp%2Fv2%2Fcategories&post=188035"},{"taxonomy":"post_tag","embeddable":true,"href":"https:\/\/aconteceunovale.com.br\/portal\/index.php?rest_route=%2Fwp%2Fv2%2Ftags&post=188035"}],"curies":[{"name":"wp","href":"https:\/\/api.w.org\/{rel}","templated":true}]}}