{"id":188032,"date":"2022-03-24T22:41:25","date_gmt":"2022-03-25T01:41:25","guid":{"rendered":"https:\/\/aconteceunovale.com.br\/portal\/?p=188032"},"modified":"2022-03-24T22:41:52","modified_gmt":"2022-03-25T01:41:52","slug":"mais-de-1-milhao-e-200-mil-mineiros-ainda-precisam-regularizar-o-titulo-de-eleitor","status":"publish","type":"post","link":"https:\/\/aconteceunovale.com.br\/portal\/?p=188032","title":{"rendered":"Mais de 1 milh\u00e3o e 200 mil mineiros ainda precisam regularizar o t\u00edtulo de eleitor"},"content":{"rendered":"\n<p class=\"wp-block-paragraph\">Falta pouco mais de um m\u00eas para o fechamento do cadastro eleitoral, que acontece em 4 de maio. Eleitoras e eleitores mineiros que est\u00e3o com o t\u00edtulo cancelado t\u00eam que solicitar a regulariza\u00e7\u00e3o at\u00e9 essa data para poderem votar nas Elei\u00e7\u00f5es 2022. O prazo \u00e9 o mesmo para quem quer solicitar a 1\u00aa via, transfer\u00eancia do t\u00edtulo ou atualiza\u00e7\u00e3o de dados cadastrais.<\/p>\n\n\n\n<figure class=\"wp-block-gallery has-nested-images columns-default is-cropped wp-block-gallery-1 is-layout-flex wp-block-gallery-is-layout-flex\">\n<figure class=\"wp-block-image size-large\"><img loading=\"lazy\" decoding=\"async\" width=\"678\" height=\"366\" data-id=\"188033\" src=\"https:\/\/aconteceunovale.com.br\/portal\/wp-content\/uploads\/2022\/03\/titulo_eleitor.jpeg\" alt=\"\" class=\"wp-image-188033\" srcset=\"https:\/\/aconteceunovale.com.br\/portal\/wp-content\/uploads\/2022\/03\/titulo_eleitor.jpeg 678w, https:\/\/aconteceunovale.com.br\/portal\/wp-content\/uploads\/2022\/03\/titulo_eleitor-300x162.jpeg 300w\" sizes=\"auto, (max-width: 678px) 100vw, 678px\" \/><figcaption><em><sub>Cr\u00e9ditos: Divulga\u00e7\u00e3o \/ TRE-MG<\/sub><\/em><\/figcaption><\/figure>\n<\/figure>\n\n\n\n<p class=\"wp-block-paragraph\">Precisam regularizar o t\u00edtulo\u00a01.231.568 eleitores. Os motivos de cancelamento s\u00e3o:<\/p>\n\n\n\n<p class=\"wp-block-paragraph\"><strong>&#8211; aus\u00eancia de voto e justificativa em tr\u00eas elei\u00e7\u00f5es consecutivas: 455.304*<\/strong><\/p>\n\n\n\n<p class=\"wp-block-paragraph\"><strong>&#8211; aus\u00eancia \u00e0 revis\u00e3o biom\u00e9trica: 776.264*<\/strong>\u00a0(nos\u00a0<a href=\"https:\/\/www.tre-mg.jus.br\/imprensa\/noticias-tre-mg\/arquivos\/259-municipios-com-biometria-obrigatoria-2021\" target=\"_blank\" rel=\"noreferrer noopener\">259 munic\u00edpios onde a biometria j\u00e1 \u00e9 obrigat\u00f3ria<\/a>)<\/p>\n\n\n\n<p class=\"wp-block-paragraph\">Quem n\u00e3o solicitar a regulariza\u00e7\u00e3o, al\u00e9m de n\u00e3o poder votar permanece sem quita\u00e7\u00e3o eleitoral e fica sujeito a\u00a0<a href=\"https:\/\/www.tse.jus.br\/eleitor\/justificativa-eleitoral\/consequencias-para-quem-nao-justificar\" target=\"_blank\" rel=\"noreferrer noopener\">restri\u00e7\u00f5es previstas em lei<\/a>, tais como o impedimento de solicitar documento de identidade ou passaporte, tomar posse em cargo p\u00fablico e fazer matr\u00edcula em institui\u00e7\u00e3o oficial de ensino.<\/p>\n\n\n\n<p class=\"wp-block-paragraph\">Para saber se o seu t\u00edtulo est\u00e1 cancelado, \u00e9 s\u00f3\u00a0<a href=\"https:\/\/www.tre-mg.jus.br\/eleitor\/servicos-on-line\/situacao-eleitoral\/situacao-eleitoral\" target=\"_blank\" rel=\"noreferrer noopener\">consultar a situa\u00e7\u00e3o eleitoral<\/a>.<\/p>\n\n\n\n<h2 class=\"wp-block-heading\"><strong>Como regularizar o t\u00edtulo de eleitor<\/strong><\/h2>\n\n\n\n<p class=\"wp-block-paragraph\">A regulariza\u00e7\u00e3o pode ser solicitada de forma simples e r\u00e1pida, pelo\u00a0<a href=\"https:\/\/www.tre-mg.jus.br\/eleitor\/atendimento-eletronico-ao-eleitor\" target=\"_blank\" rel=\"noreferrer noopener\">sistema T\u00edtulo Net<\/a>, no site do TRE. Antes de iniciar o requerimento, a pessoa deve consultar se tem algum\u00a0<a href=\"https:\/\/www.tre-mg.jus.br\/eleitor\/debitos-do-eleitor\" target=\"_blank\" rel=\"noreferrer noopener\">d\u00e9bito com a Justi\u00e7a Eleitoral<\/a>. Havendo pend\u00eancias, basta fazer o pagamento da multa por boleto, PIX ou cart\u00e3o de cr\u00e9dito.<\/p>\n\n\n\n<p class=\"wp-block-paragraph\">Depois, \u00e9 s\u00f3 preencher corretamente os dados solicitados e anexar os seguintes documentos:<\/p>\n\n\n\n<p class=\"wp-block-paragraph\">&#8211; frente e verso de um documento oficial de identidade;<\/p>\n\n\n\n<p class=\"wp-block-paragraph\">&#8211;&nbsp;<em>selfie<\/em>&nbsp;segurando o documento ao lado do rosto;<\/p>\n\n\n\n<p class=\"wp-block-paragraph\">&#8211; comprovante atual de endere\u00e7o;<\/p>\n\n\n\n<p class=\"wp-block-paragraph\">&#8211; comprovante de quita\u00e7\u00e3o do servi\u00e7o militar (para pessoas do sexo masculino que solicitarem atendimento no ano em que completam 19 anos).<\/p>\n\n\n\n<p class=\"wp-block-paragraph\">Ao terminar de preencher o formul\u00e1rio, o eleitor receber\u00e1 um e-mail com um n\u00famero de protocolo, que poder\u00e1 ser usado para acompanhar o processamento do pedido no\u00a0<a href=\"http:\/\/cad-app-titulonet.tse.jus.br\/titulonet\/acompanharRequerimento\" target=\"_blank\" rel=\"noreferrer noopener\">sistema de acompanhamento do T\u00edtulo Net<\/a>. O prazo para conclus\u00e3o do atendimento vai depender do volume de pedidos recebidos pelo cart\u00f3rio respons\u00e1vel por cada munic\u00edpio ou regi\u00e3o.<\/p>\n\n\n\n<p class=\"wp-block-paragraph\">Um lembrete muito importante \u00e9 que\u00a0o eleitor que solicitar atendimento pelo T\u00edtulo Net n\u00e3o receber\u00e1 via impressa do t\u00edtulo em casa. Quando o pedido de atendimento tiver sido conclu\u00eddo, \u00e9 s\u00f3 baixar o aplicativo e-T\u00edtulo no celular para consultar os dados da inscri\u00e7\u00e3o eleitoral e local de vota\u00e7\u00e3o.<\/p>\n\n\n\n<h2 class=\"wp-block-heading\"><strong>Atendimento presencial<\/strong><\/h2>\n\n\n\n<p class=\"wp-block-paragraph\">Os\u00a0<a href=\"https:\/\/www.tre-mg.jus.br\/eleitor\/zonas-eleitorais\/consulta-enderecos-de-zonas-eleitorais\" target=\"_blank\" rel=\"noreferrer noopener\">cart\u00f3rios eleitorais de Minas Gerais<\/a>\u00a0est\u00e3o fazendo atendimento presencial, mas,\u00a0em raz\u00e3o da pandemia de covid-19, a Justi\u00e7a Eleitoral recomenda que seja dada prefer\u00eancia \u00e0 solicita\u00e7\u00e3o on-line, pelo T\u00edtulo Net.<\/p>\n\n\n\n<p class=\"wp-block-paragraph\">Para quem for buscar atendimento presencial, \u00e9 recomend\u00e1vel que seja agendado dia e hor\u00e1rio, assim, o eleitor n\u00e3o enfrenta filas, al\u00e9m de essa medida ajudar a evitar aglomera\u00e7\u00f5es e distribuir melhor o fluxo de pessoas que buscam atendimento nas unidades do TRE-MG, contribuindo para prevenir a dissemina\u00e7\u00e3o do coronav\u00edrus.<\/p>\n\n\n\n<p class=\"wp-block-paragraph\">O\u00a0<a href=\"https:\/\/www.tre-mg.jus.br\/eleitor\/agendamento\" target=\"_blank\" rel=\"noreferrer noopener\">agendamento<\/a>\u00a0pode ser feito no site do TRE ou pelo Disque-Eleitor \u2013 telefones 148 ou (31) 2116-3600.<\/p>\n\n\n\n<p class=\"wp-block-paragraph\">\u00c9 importante lembrar que a\u00a0<a href=\"https:\/\/www.tre-mg.jus.br\/imprensa\/noticias-tre-mg\/2022\/Janeiro\/fato-ou-boato-e-falsa-mensagem-sobre-prazo-para-cadastramento-da-biometria\" target=\"_blank\" rel=\"noreferrer noopener\">coleta da biometria est\u00e1 suspensa<\/a>, conforme estabelecido na\u00a0<a href=\"https:\/\/www.tse.jus.br\/legislacao\/compilada\/res\/2020\/resolucao-no-23-6152-de-19-de-marco-de-2020\" target=\"_blank\" rel=\"noreferrer noopener\">Resolu\u00e7\u00e3o TSE n\u00ba 23.615\/2020<\/a>\u00a0e confirmado pela\u00a0<a href=\"https:\/\/www.tse.jus.br\/legislacao\/compilada\/res\/2021\/resolucao-no-23-667-de-13-de-dezembro-de-2021\" target=\"_blank\" rel=\"noreferrer noopener\">Resolu\u00e7\u00e3o TSE n\u00ba 23.667\/2021<\/a>. Mesmo assim, quem est\u00e1 com o t\u00edtulo cancelado por aus\u00eancia \u00e0 revis\u00e3o biom\u00e9trica pode solicitar a regulariza\u00e7\u00e3o para poder votar em 2022.<\/p>\n\n\n\n<p class=\"wp-block-paragraph\">Quem j\u00e1 est\u00e1 com o t\u00edtulo em dia e quer apenas cadastrar a biometria n\u00e3o precisa buscar atendimento por enquanto.<\/p>\n\n\n\n<h2 class=\"wp-block-heading\"><strong>Divulga\u00e7\u00e3o<\/strong><\/h2>\n\n\n\n<p class=\"wp-block-paragraph\">Em setembro de 2021, o TRE-MG iniciou uma campanha para alertar a popula\u00e7\u00e3o mineira sobre a necessidade de regularizar o t\u00edtulo de eleitor. Desde ent\u00e3o, t\u00eam sido feitas publica\u00e7\u00f5es de not\u00edcias no site, posts e stories em redes sociais, al\u00e9m de divulga\u00e7\u00e3o junto \u00e0 imprensa mineira. Atualmente, est\u00e3o sendo veiculados spots em r\u00e1dios de todo o estado e um comunicado em algumas emissoras de TV.<\/p>\n\n\n\n<p class=\"wp-block-paragraph\">&#8212;&#8212;&#8212;&#8212;&#8212;&#8212;<br><br><strong>Sabia que o Aconteceu no Vale est\u00e1 tamb\u00e9m no Telegram? <a rel=\"noreferrer noopener\" href=\"https:\/\/t.me\/aconteceunovaleoficial\" target=\"_blank\">Inscreva-se no canal<\/a>.<\/strong><br><br><strong>J\u00e1 curtiu ou seguiu nossas p\u00e1ginas nas redes sociais?\u00a0Receba as not\u00edcias em primeira m\u00e3o:<\/strong><br>\u2022 <a rel=\"noreferrer noopener\" href=\"https:\/\/news.google.com\/publications\/CAAqBwgKMNjklQswi4etAw?hl=pt-BR&amp;gl=BR&amp;ceid=BR%3Apt-419\" target=\"_blank\">Google News<\/a><br>\u2022 <a rel=\"noreferrer noopener\" href=\"https:\/\/www.facebook.com\/aconteceunovale\/\" target=\"_blank\">Facebook<\/a><br>\u2022 <a rel=\"noreferrer noopener\" href=\"https:\/\/twitter.com\/noticiadosvales\" target=\"_blank\">Twitter<\/a><br>\u2022 <a rel=\"noreferrer noopener\" href=\"https:\/\/www.instagram.com\/aconteceunovale\" target=\"_blank\">Instagram<\/a><br>\u2022 <a rel=\"noreferrer noopener\" href=\"https:\/\/www.youtube.com\/AconteceunoValeOficial\" target=\"_blank\">Youtube<\/a><br>\u2022 <a rel=\"noreferrer noopener\" href=\"https:\/\/www.tiktok.com\/@aconteceunovale\" target=\"_blank\">TikTok<\/a><\/p>\n","protected":false},"excerpt":{"rendered":"<p>Falta pouco mais de um m\u00eas para o fechamento do cadastro eleitoral, que acontece em 4 de maio. Eleitoras e eleitores mineiros que est\u00e3o com o t\u00edtulo cancelado t\u00eam que solicitar a regulariza\u00e7\u00e3o at\u00e9 essa data para poderem votar nas Elei\u00e7\u00f5es 2022. O prazo \u00e9 o mesmo para quem quer solicitar a 1\u00aa via, transfer\u00eancia [&hellip;]<\/p>\n","protected":false},"author":4,"featured_media":188033,"comment_status":"open","ping_status":"closed","sticky":false,"template":"","format":"standard","meta":{"amp_status":"","footnotes":""},"categories":[249933,123,40240],"tags":[254118,254122,254121,252238,259533,17165,254119,131,254116,254117,252247,259534,259532,219651,140697,254120,115951,94060,267],"class_list":["post-188032","post","type-post","status-publish","format-standard","has-post-thumbnail","hentry","category-eleicoes-2022","category-gerais","category-politica","tag-cadastro-eleitoral-para-2022","tag-documentos-para-regularizar-titulo-de-eleitor","tag-documentos-para-tirar-titulo-de-eleitor","tag-eleicoes-2022","tag-eleicoes-gerais-de-2022","tag-justica-eleitoral","tag-justica-eleitoral-de-minas-gerais","tag-minas-gerais","tag-prazo-para-regularizar-titulo-de-eleitor-para-as-eleicoes-2022","tag-prazo-para-tirar-titulo-de-eleitor-para-as-eleicoes-2022","tag-prazos-eleicoes-2022","tag-regularizacao-de-titulo","tag-regularizar-o-titulo-de-eleitor","tag-saiba-como-regularizar-o-titulo-de-eleitor","tag-titulo-de-eleitor","tag-titulo-net-minas-gerais","tag-tre-mg","tag-tribunal-superior-eleitoral","tag-tse"],"yoast_head":"<!-- This site is optimized with the Yoast SEO plugin v28.3 - https:\/\/yoast.com\/product\/yoast-seo-wordpress\/ -->\n<title>Mais de 1 milh\u00e3o e 200 mil mineiros ainda precisam regularizar o t\u00edtulo de eleitor - Aconteceu no Vale<\/title>\n<meta name=\"robots\" content=\"index, follow, max-snippet:-1, max-image-preview:large, max-video-preview:-1\" \/>\n<link rel=\"canonical\" href=\"https:\/\/aconteceunovale.com.br\/portal\/?p=188032\" \/>\n<meta property=\"og:locale\" content=\"pt_BR\" \/>\n<meta property=\"og:type\" content=\"article\" \/>\n<meta property=\"og:title\" content=\"Mais de 1 milh\u00e3o e 200 mil mineiros ainda precisam regularizar o t\u00edtulo de eleitor - Aconteceu no Vale\" \/>\n<meta property=\"og:description\" content=\"Falta pouco mais de um m\u00eas para o fechamento do cadastro eleitoral, que acontece em 4 de maio. Eleitoras e eleitores mineiros que est\u00e3o com o t\u00edtulo cancelado t\u00eam que solicitar a regulariza\u00e7\u00e3o at\u00e9 essa data para poderem votar nas Elei\u00e7\u00f5es 2022. O prazo \u00e9 o mesmo para quem quer solicitar a 1\u00aa via, transfer\u00eancia [&hellip;]\" \/>\n<meta property=\"og:url\" content=\"https:\/\/aconteceunovale.com.br\/portal\/?p=188032\" \/>\n<meta property=\"og:site_name\" content=\"Aconteceu no Vale\" \/>\n<meta property=\"article:publisher\" content=\"https:\/\/www.facebook.com\/aconteceunovale\/\" \/>\n<meta property=\"article:published_time\" content=\"2022-03-25T01:41:25+00:00\" \/>\n<meta property=\"article:modified_time\" content=\"2022-03-25T01:41:52+00:00\" \/>\n<meta property=\"og:image\" content=\"https:\/\/aconteceunovale.com.br\/portal\/wp-content\/uploads\/2022\/03\/titulo_eleitor.jpeg\" \/>\n\t<meta property=\"og:image:width\" content=\"678\" \/>\n\t<meta property=\"og:image:height\" content=\"366\" \/>\n\t<meta property=\"og:image:type\" content=\"image\/jpeg\" \/>\n<meta name=\"author\" content=\"Reda\u00e7\u00e3o Aconteceu no Vale\" \/>\n<meta name=\"twitter:card\" content=\"summary_large_image\" \/>\n<meta name=\"twitter:creator\" content=\"@noticiadosvales\" \/>\n<meta name=\"twitter:site\" content=\"@noticiadosvales\" \/>\n<meta name=\"twitter:label1\" content=\"Escrito por\" \/>\n\t<meta name=\"twitter:data1\" content=\"Reda\u00e7\u00e3o Aconteceu no Vale\" \/>\n\t<meta name=\"twitter:label2\" content=\"Est. tempo de leitura\" \/>\n\t<meta name=\"twitter:data2\" content=\"4 minutos\" \/>\n<script type=\"application\/ld+json\" class=\"yoast-schema-graph\">{\"@context\":\"https:\\\/\\\/schema.org\",\"@graph\":[{\"@type\":\"Article\",\"@id\":\"https:\\\/\\\/aconteceunovale.com.br\\\/portal\\\/?p=188032#article\",\"isPartOf\":{\"@id\":\"https:\\\/\\\/aconteceunovale.com.br\\\/portal\\\/?p=188032\"},\"author\":{\"name\":\"Reda\u00e7\u00e3o Aconteceu no Vale\",\"@id\":\"https:\\\/\\\/aconteceunovale.com.br\\\/portal\\\/#\\\/schema\\\/person\\\/7d2f26d1483f8a63de73da1ee0754d35\"},\"headline\":\"Mais de 1 milh\u00e3o e 200 mil mineiros ainda precisam regularizar o t\u00edtulo de eleitor\",\"datePublished\":\"2022-03-25T01:41:25+00:00\",\"dateModified\":\"2022-03-25T01:41:52+00:00\",\"mainEntityOfPage\":{\"@id\":\"https:\\\/\\\/aconteceunovale.com.br\\\/portal\\\/?p=188032\"},\"wordCount\":735,\"commentCount\":0,\"image\":{\"@id\":\"https:\\\/\\\/aconteceunovale.com.br\\\/portal\\\/?p=188032#primaryimage\"},\"thumbnailUrl\":\"https:\\\/\\\/aconteceunovale.com.br\\\/portal\\\/wp-content\\\/uploads\\\/2022\\\/03\\\/titulo_eleitor.jpeg\",\"keywords\":[\"Cadastro eleitoral para 2022\",\"Documentos para regularizar t\u00edtulo de eleitor\",\"Documentos para tirar t\u00edtulo de eleitor\",\"Elei\u00e7\u00f5es 2022\",\"Elei\u00e7\u00f5es gerais de 2022\",\"Justi\u00e7a Eleitoral\",\"Justi\u00e7a Eleitoral de Minas Gerais\",\"Minas Gerais\",\"Prazo para regularizar t\u00edtulo de eleitor para as Elei\u00e7\u00f5es 2022\",\"Prazo para tirar t\u00edtulo de eleitor para as Elei\u00e7\u00f5es 2022\",\"Prazos Elei\u00e7\u00f5es 2022\",\"Regulariza\u00e7\u00e3o de t\u00edtulo\",\"Regularizar o t\u00edtulo de eleitor\",\"Saiba como regularizar o t\u00edtulo de eleitor\",\"t\u00edtulo de eleitor\",\"T\u00edtulo Net Minas Gerais\",\"TRE-MG\",\"Tribunal Superior Eleitoral\",\"TSE\"],\"articleSection\":[\"Elei\u00e7\u00f5es 2022\",\"Minas Gerais\",\"Pol\u00edtica\"],\"inLanguage\":\"pt-BR\",\"potentialAction\":[{\"@type\":\"CommentAction\",\"name\":\"Comment\",\"target\":[\"https:\\\/\\\/aconteceunovale.com.br\\\/portal\\\/?p=188032#respond\"]}]},{\"@type\":\"WebPage\",\"@id\":\"https:\\\/\\\/aconteceunovale.com.br\\\/portal\\\/?p=188032\",\"url\":\"https:\\\/\\\/aconteceunovale.com.br\\\/portal\\\/?p=188032\",\"name\":\"Mais de 1 milh\u00e3o e 200 mil mineiros ainda precisam regularizar o t\u00edtulo de eleitor - Aconteceu no Vale\",\"isPartOf\":{\"@id\":\"https:\\\/\\\/aconteceunovale.com.br\\\/portal\\\/#website\"},\"primaryImageOfPage\":{\"@id\":\"https:\\\/\\\/aconteceunovale.com.br\\\/portal\\\/?p=188032#primaryimage\"},\"image\":{\"@id\":\"https:\\\/\\\/aconteceunovale.com.br\\\/portal\\\/?p=188032#primaryimage\"},\"thumbnailUrl\":\"https:\\\/\\\/aconteceunovale.com.br\\\/portal\\\/wp-content\\\/uploads\\\/2022\\\/03\\\/titulo_eleitor.jpeg\",\"datePublished\":\"2022-03-25T01:41:25+00:00\",\"dateModified\":\"2022-03-25T01:41:52+00:00\",\"author\":{\"@id\":\"https:\\\/\\\/aconteceunovale.com.br\\\/portal\\\/#\\\/schema\\\/person\\\/7d2f26d1483f8a63de73da1ee0754d35\"},\"breadcrumb\":{\"@id\":\"https:\\\/\\\/aconteceunovale.com.br\\\/portal\\\/?p=188032#breadcrumb\"},\"inLanguage\":\"pt-BR\",\"potentialAction\":[{\"@type\":\"ReadAction\",\"target\":[\"https:\\\/\\\/aconteceunovale.com.br\\\/portal\\\/?p=188032\"]}]},{\"@type\":\"ImageObject\",\"inLanguage\":\"pt-BR\",\"@id\":\"https:\\\/\\\/aconteceunovale.com.br\\\/portal\\\/?p=188032#primaryimage\",\"url\":\"https:\\\/\\\/aconteceunovale.com.br\\\/portal\\\/wp-content\\\/uploads\\\/2022\\\/03\\\/titulo_eleitor.jpeg\",\"contentUrl\":\"https:\\\/\\\/aconteceunovale.com.br\\\/portal\\\/wp-content\\\/uploads\\\/2022\\\/03\\\/titulo_eleitor.jpeg\",\"width\":678,\"height\":366},{\"@type\":\"BreadcrumbList\",\"@id\":\"https:\\\/\\\/aconteceunovale.com.br\\\/portal\\\/?p=188032#breadcrumb\",\"itemListElement\":[{\"@type\":\"ListItem\",\"position\":1,\"name\":\"In\u00edcio\",\"item\":\"https:\\\/\\\/aconteceunovale.com.br\\\/portal\\\/\"},{\"@type\":\"ListItem\",\"position\":2,\"name\":\"Mais de 1 milh\u00e3o e 200 mil mineiros ainda precisam regularizar o t\u00edtulo de eleitor\"}]},{\"@type\":\"WebSite\",\"@id\":\"https:\\\/\\\/aconteceunovale.com.br\\\/portal\\\/#website\",\"url\":\"https:\\\/\\\/aconteceunovale.com.br\\\/portal\\\/\",\"name\":\"Aconteceu no Vale\",\"description\":\"Portal de Not\u00edcias\",\"potentialAction\":[{\"@type\":\"SearchAction\",\"target\":{\"@type\":\"EntryPoint\",\"urlTemplate\":\"https:\\\/\\\/aconteceunovale.com.br\\\/portal\\\/?s={search_term_string}\"},\"query-input\":{\"@type\":\"PropertyValueSpecification\",\"valueRequired\":true,\"valueName\":\"search_term_string\"}}],\"inLanguage\":\"pt-BR\"},{\"@type\":\"Person\",\"@id\":\"https:\\\/\\\/aconteceunovale.com.br\\\/portal\\\/#\\\/schema\\\/person\\\/7d2f26d1483f8a63de73da1ee0754d35\",\"name\":\"Reda\u00e7\u00e3o Aconteceu no Vale\",\"description\":\"Equipe de reportagem do Aconteceu no Vale, portal de not\u00edcias do Vale do Jequitinhonha, em Minas Gerais. Cobrimos as 51 cidades do Vale desde 2013. Sugest\u00f5es de pauta e pedidos de corre\u00e7\u00e3o: contato@aconteceunovale.com.br\",\"url\":\"https:\\\/\\\/aconteceunovale.com.br\\\/portal\\\/?author=4\"}]}<\/script>\n<!-- \/ Yoast SEO plugin. -->","yoast_head_json":{"title":"Mais de 1 milh\u00e3o e 200 mil mineiros ainda precisam regularizar o t\u00edtulo de eleitor - Aconteceu no Vale","robots":{"index":"index","follow":"follow","max-snippet":"max-snippet:-1","max-image-preview":"max-image-preview:large","max-video-preview":"max-video-preview:-1"},"canonical":"https:\/\/aconteceunovale.com.br\/portal\/?p=188032","og_locale":"pt_BR","og_type":"article","og_title":"Mais de 1 milh\u00e3o e 200 mil mineiros ainda precisam regularizar o t\u00edtulo de eleitor - Aconteceu no Vale","og_description":"Falta pouco mais de um m\u00eas para o fechamento do cadastro eleitoral, que acontece em 4 de maio. Eleitoras e eleitores mineiros que est\u00e3o com o t\u00edtulo cancelado t\u00eam que solicitar a regulariza\u00e7\u00e3o at\u00e9 essa data para poderem votar nas Elei\u00e7\u00f5es 2022. O prazo \u00e9 o mesmo para quem quer solicitar a 1\u00aa via, transfer\u00eancia [&hellip;]","og_url":"https:\/\/aconteceunovale.com.br\/portal\/?p=188032","og_site_name":"Aconteceu no Vale","article_publisher":"https:\/\/www.facebook.com\/aconteceunovale\/","article_published_time":"2022-03-25T01:41:25+00:00","article_modified_time":"2022-03-25T01:41:52+00:00","og_image":[{"width":678,"height":366,"url":"https:\/\/aconteceunovale.com.br\/portal\/wp-content\/uploads\/2022\/03\/titulo_eleitor.jpeg","type":"image\/jpeg"}],"author":"Reda\u00e7\u00e3o Aconteceu no Vale","twitter_card":"summary_large_image","twitter_creator":"@noticiadosvales","twitter_site":"@noticiadosvales","twitter_misc":{"Escrito por":"Reda\u00e7\u00e3o Aconteceu no Vale","Est. tempo de leitura":"4 minutos"},"schema":{"@context":"https:\/\/schema.org","@graph":[{"@type":"Article","@id":"https:\/\/aconteceunovale.com.br\/portal\/?p=188032#article","isPartOf":{"@id":"https:\/\/aconteceunovale.com.br\/portal\/?p=188032"},"author":{"name":"Reda\u00e7\u00e3o Aconteceu no Vale","@id":"https:\/\/aconteceunovale.com.br\/portal\/#\/schema\/person\/7d2f26d1483f8a63de73da1ee0754d35"},"headline":"Mais de 1 milh\u00e3o e 200 mil mineiros ainda precisam regularizar o t\u00edtulo de eleitor","datePublished":"2022-03-25T01:41:25+00:00","dateModified":"2022-03-25T01:41:52+00:00","mainEntityOfPage":{"@id":"https:\/\/aconteceunovale.com.br\/portal\/?p=188032"},"wordCount":735,"commentCount":0,"image":{"@id":"https:\/\/aconteceunovale.com.br\/portal\/?p=188032#primaryimage"},"thumbnailUrl":"https:\/\/aconteceunovale.com.br\/portal\/wp-content\/uploads\/2022\/03\/titulo_eleitor.jpeg","keywords":["Cadastro eleitoral para 2022","Documentos para regularizar t\u00edtulo de eleitor","Documentos para tirar t\u00edtulo de eleitor","Elei\u00e7\u00f5es 2022","Elei\u00e7\u00f5es gerais de 2022","Justi\u00e7a Eleitoral","Justi\u00e7a Eleitoral de Minas Gerais","Minas Gerais","Prazo para regularizar t\u00edtulo de eleitor para as Elei\u00e7\u00f5es 2022","Prazo para tirar t\u00edtulo de eleitor para as Elei\u00e7\u00f5es 2022","Prazos Elei\u00e7\u00f5es 2022","Regulariza\u00e7\u00e3o de t\u00edtulo","Regularizar o t\u00edtulo de eleitor","Saiba como regularizar o t\u00edtulo de eleitor","t\u00edtulo de eleitor","T\u00edtulo Net Minas Gerais","TRE-MG","Tribunal Superior Eleitoral","TSE"],"articleSection":["Elei\u00e7\u00f5es 2022","Minas Gerais","Pol\u00edtica"],"inLanguage":"pt-BR","potentialAction":[{"@type":"CommentAction","name":"Comment","target":["https:\/\/aconteceunovale.com.br\/portal\/?p=188032#respond"]}]},{"@type":"WebPage","@id":"https:\/\/aconteceunovale.com.br\/portal\/?p=188032","url":"https:\/\/aconteceunovale.com.br\/portal\/?p=188032","name":"Mais de 1 milh\u00e3o e 200 mil mineiros ainda precisam regularizar o t\u00edtulo de eleitor - Aconteceu no Vale","isPartOf":{"@id":"https:\/\/aconteceunovale.com.br\/portal\/#website"},"primaryImageOfPage":{"@id":"https:\/\/aconteceunovale.com.br\/portal\/?p=188032#primaryimage"},"image":{"@id":"https:\/\/aconteceunovale.com.br\/portal\/?p=188032#primaryimage"},"thumbnailUrl":"https:\/\/aconteceunovale.com.br\/portal\/wp-content\/uploads\/2022\/03\/titulo_eleitor.jpeg","datePublished":"2022-03-25T01:41:25+00:00","dateModified":"2022-03-25T01:41:52+00:00","author":{"@id":"https:\/\/aconteceunovale.com.br\/portal\/#\/schema\/person\/7d2f26d1483f8a63de73da1ee0754d35"},"breadcrumb":{"@id":"https:\/\/aconteceunovale.com.br\/portal\/?p=188032#breadcrumb"},"inLanguage":"pt-BR","potentialAction":[{"@type":"ReadAction","target":["https:\/\/aconteceunovale.com.br\/portal\/?p=188032"]}]},{"@type":"ImageObject","inLanguage":"pt-BR","@id":"https:\/\/aconteceunovale.com.br\/portal\/?p=188032#primaryimage","url":"https:\/\/aconteceunovale.com.br\/portal\/wp-content\/uploads\/2022\/03\/titulo_eleitor.jpeg","contentUrl":"https:\/\/aconteceunovale.com.br\/portal\/wp-content\/uploads\/2022\/03\/titulo_eleitor.jpeg","width":678,"height":366},{"@type":"BreadcrumbList","@id":"https:\/\/aconteceunovale.com.br\/portal\/?p=188032#breadcrumb","itemListElement":[{"@type":"ListItem","position":1,"name":"In\u00edcio","item":"https:\/\/aconteceunovale.com.br\/portal\/"},{"@type":"ListItem","position":2,"name":"Mais de 1 milh\u00e3o e 200 mil mineiros ainda precisam regularizar o t\u00edtulo de eleitor"}]},{"@type":"WebSite","@id":"https:\/\/aconteceunovale.com.br\/portal\/#website","url":"https:\/\/aconteceunovale.com.br\/portal\/","name":"Aconteceu no Vale","description":"Portal de Not\u00edcias","potentialAction":[{"@type":"SearchAction","target":{"@type":"EntryPoint","urlTemplate":"https:\/\/aconteceunovale.com.br\/portal\/?s={search_term_string}"},"query-input":{"@type":"PropertyValueSpecification","valueRequired":true,"valueName":"search_term_string"}}],"inLanguage":"pt-BR"},{"@type":"Person","@id":"https:\/\/aconteceunovale.com.br\/portal\/#\/schema\/person\/7d2f26d1483f8a63de73da1ee0754d35","name":"Reda\u00e7\u00e3o Aconteceu no Vale","description":"Equipe de reportagem do Aconteceu no Vale, portal de not\u00edcias do Vale do Jequitinhonha, em Minas Gerais. Cobrimos as 51 cidades do Vale desde 2013. Sugest\u00f5es de pauta e pedidos de corre\u00e7\u00e3o: contato@aconteceunovale.com.br","url":"https:\/\/aconteceunovale.com.br\/portal\/?author=4"}]}},"_links":{"self":[{"href":"https:\/\/aconteceunovale.com.br\/portal\/index.php?rest_route=\/wp\/v2\/posts\/188032","targetHints":{"allow":["GET"]}}],"collection":[{"href":"https:\/\/aconteceunovale.com.br\/portal\/index.php?rest_route=\/wp\/v2\/posts"}],"about":[{"href":"https:\/\/aconteceunovale.com.br\/portal\/index.php?rest_route=\/wp\/v2\/types\/post"}],"author":[{"embeddable":true,"href":"https:\/\/aconteceunovale.com.br\/portal\/index.php?rest_route=\/wp\/v2\/users\/4"}],"replies":[{"embeddable":true,"href":"https:\/\/aconteceunovale.com.br\/portal\/index.php?rest_route=%2Fwp%2Fv2%2Fcomments&post=188032"}],"version-history":[{"count":1,"href":"https:\/\/aconteceunovale.com.br\/portal\/index.php?rest_route=\/wp\/v2\/posts\/188032\/revisions"}],"predecessor-version":[{"id":188034,"href":"https:\/\/aconteceunovale.com.br\/portal\/index.php?rest_route=\/wp\/v2\/posts\/188032\/revisions\/188034"}],"wp:featuredmedia":[{"embeddable":true,"href":"https:\/\/aconteceunovale.com.br\/portal\/index.php?rest_route=\/wp\/v2\/media\/188033"}],"wp:attachment":[{"href":"https:\/\/aconteceunovale.com.br\/portal\/index.php?rest_route=%2Fwp%2Fv2%2Fmedia&parent=188032"}],"wp:term":[{"taxonomy":"category","embeddable":true,"href":"https:\/\/aconteceunovale.com.br\/portal\/index.php?rest_route=%2Fwp%2Fv2%2Fcategories&post=188032"},{"taxonomy":"post_tag","embeddable":true,"href":"https:\/\/aconteceunovale.com.br\/portal\/index.php?rest_route=%2Fwp%2Fv2%2Ftags&post=188032"}],"curies":[{"name":"wp","href":"https:\/\/api.w.org\/{rel}","templated":true}]}}