{"id":187932,"date":"2022-03-20T11:22:43","date_gmt":"2022-03-20T14:22:43","guid":{"rendered":"https:\/\/aconteceunovale.com.br\/portal\/?p=187932"},"modified":"2022-03-20T11:24:47","modified_gmt":"2022-03-20T14:24:47","slug":"outono-comeca-neste-domingo","status":"publish","type":"post","link":"https:\/\/aconteceunovale.com.br\/portal\/?p=187932","title":{"rendered":"Outono come\u00e7a neste domingo"},"content":{"rendered":"\n<p>O outono no Hemisf\u00e9rio Sul inicia-se oficialmente neste domingo (20\/3), \u00e0s 12h33, hor\u00e1rio de Bras\u00edlia. Considerada uma esta\u00e7\u00e3o de transi\u00e7\u00e3o entre ver\u00e3o e inverno, o outono vai durar at\u00e9 o dia 21 de junho. Neste per\u00edodo, segundo o Instituto Nacional de Meteorologia (Inmet), as chuvas s\u00e3o mais escassas, especialmente no interior do Brasil, incluindo o semi\u00e1rido nordestino. As partes litor\u00e2neas do Nordeste e a Regi\u00e3o Amaz\u00f4nica ainda registram um volume consider\u00e1vel de chuvas, especialmente se houver persist\u00eancia do sistema atmosf\u00e9rico denominado Zona de Converg\u00eancia Intertropical (ZCIT) mais ao sul de sua faixa de atua\u00e7\u00e3o.<\/p>\n\n\n\n<figure class=\"wp-block-gallery has-nested-images columns-default is-cropped wp-block-gallery-1 is-layout-flex wp-block-gallery-is-layout-flex\">\n<figure class=\"wp-block-image size-large\"><img loading=\"lazy\" decoding=\"async\" width=\"678\" height=\"431\" data-id=\"187933\" src=\"https:\/\/aconteceunovale.com.br\/portal\/wp-content\/uploads\/2022\/03\/outono_brasil.jpg\" alt=\"\" class=\"wp-image-187933\" srcset=\"https:\/\/aconteceunovale.com.br\/portal\/wp-content\/uploads\/2022\/03\/outono_brasil.jpg 678w, https:\/\/aconteceunovale.com.br\/portal\/wp-content\/uploads\/2022\/03\/outono_brasil-300x191.jpg 300w, https:\/\/aconteceunovale.com.br\/portal\/wp-content\/uploads\/2022\/03\/outono_brasil-661x420.jpg 661w\" sizes=\"auto, (max-width: 678px) 100vw, 678px\" \/><figcaption><em><sub>Nascer do Sol no Cerrado &#8211; Foto: Antonio Cruz\/Ag\u00eancia Brasil<\/sub><\/em><\/figcaption><\/figure>\n<\/figure>\n\n\n\n<p>A nova esta\u00e7\u00e3o tamb\u00e9m caracteriza-se pelas primeiras incurs\u00f5es de massas de ar frio, vindas do sul do continente, e que provocam queda gradual nas temperaturas, principalmente nos estados do Sul e em partes da Regi\u00e3o Sudeste. &#8220;Destaca-se que, durante o outono, normalmente observam-se as primeiras forma\u00e7\u00f5es de fen\u00f4menos adversos como: nevoeiros nas regi\u00f5es Sul, Sudeste e Centro-Oeste; geadas nas regi\u00f5es Sul e Sudeste e no Mato Grosso do Sul; neve nas \u00e1reas serranas e nos planaltos da Regi\u00e3o Sul, e friagem no sul da Regi\u00e3o Norte e nos estados de Mato Grosso do Sul, Mato Grosso e at\u00e9 mesmo no sul de Goi\u00e1s&#8221;, informa o Progn\u00f3stico Clim\u00e1tico do Inmet para o per\u00edodo. Outras marcas dessa esta\u00e7\u00e3o s\u00e3o uma maior queda na umidade relativa do ar e aumento da incid\u00eancia de ventos.<\/p>\n\n\n\n<p>A chegada do outono est\u00e1 ligada a um fen\u00f4meno astron\u00f4mico chamado de equin\u00f3cio, que marca o momento exato em que o Sol se posiciona de forma perpendicular \u00e0 Linha do Equador, distribuindo sua luminosidade de maneira mais ou menos uniforme entre os hemisf\u00e9rios Sul e Norte, o que ocorre exatamente neste dia 20 de mar\u00e7o. A partir desse momento, pelo movimento de transla\u00e7\u00e3o da Terra em rela\u00e7\u00e3o ao Sol, um dos hemisf\u00e9rios come\u00e7a a receber maior luminosidade solar do que o outro. Isso se d\u00e1 porque a Terra tem uma ligeira inclina\u00e7\u00e3o em rela\u00e7\u00e3o ao pr\u00f3prio eixo e, conforme ela se movimenta ao redor do Sol (transla\u00e7\u00e3o), essa incid\u00eancia dos raios solares vai se invertendo entre a parte Norte e Sul do planeta. \u00c9 por isso quando o outono come\u00e7a no Hemisf\u00e9rio Sul, numa transi\u00e7\u00e3o para o inverno, a primavera come\u00e7a no Hemisf\u00e9rio Norte, numa transi\u00e7\u00e3o ao ver\u00e3o. &nbsp;<\/p>\n\n\n\n<h2 class=\"wp-block-heading\">Regi\u00f5es<\/h2>\n\n\n\n<p>O Inmet elaborou um progn\u00f3stico sobre a previs\u00e3o clim\u00e1tica das cinco regi\u00f5es do Brasil durante o outono. No trimestre que vai de abril a junho, as chuvas devem permanecer acima da m\u00e9dia na Regi\u00e3o Norte, especialmente no nordeste do Par\u00e1 e noroeste do Amazonas. J\u00e1 no sudoeste do Par\u00e1, as probabilidades s\u00e3o de chuvas abaixo da m\u00e9dia.<\/p>\n\n\n\n<p>Na Regi\u00e3o Nordeste, &nbsp;aumento da temperatura das \u00e1guas pr\u00f3ximas \u00e0 costa nordestina poder\u00e1 aumentar as chances de chuvas at\u00e9 o final do outono. &nbsp;No leste nordestino, a previs\u00e3o \u00e9 de aumento gradativo das chuvas entre as esta\u00e7\u00f5es de outono e inverno, devido a evolu\u00e7\u00e3o dos Dist\u00farbios Ondulat\u00f3rios de Leste (DOL). De acordo com o Inmet, as temperaturas permanecer\u00e3o pr\u00f3ximas e acima da m\u00e9dia na regi\u00e3o, exceto na parte norte dos estados do Maranh\u00e3o, Piau\u00ed e Cear\u00e1, onde as temperaturas poder\u00e3o ser mais amenas.&nbsp;<\/p>\n\n\n\n<p>No Centro-Oeste, a previs\u00e3o para o outono indica que as chuvas ir\u00e3o ocorrer dentro da normalidade a abaixo da m\u00e9dia climatol\u00f3gica em grande parte da regi\u00e3o, exceto nas partes central e leste do Mato Grosso, onde existe a possibilidade das chuvas serem mais frequentes no m\u00eas de abril. A partir de maio, no entanto, come\u00e7a o per\u00edodo mais seco na \u00e1rea central do pa\u00eds. O Inmet projeta temperatura acima da m\u00e9dia em toda regi\u00e3o, com exce\u00e7\u00e3o do leste do Mato Grosso do Sul, onde&nbsp;as temperaturas previstas poder\u00e3o sofrer certo decl\u00ednio ao longo dos meses de outono.<\/p>\n\n\n\n<p>A previs\u00e3o para a Regi\u00e3o Sudeste indica que as chuvas dever\u00e3o permanecer abaixo da m\u00e9dia nos pr\u00f3ximos tr\u00eas meses. Normalmente, esse per\u00edodo j\u00e1 experimenta queda no volume de chuvas no per\u00edodo. A temperatura do ar dever\u00e1 prevalecer pr\u00f3xima e ligeiramente acima da climatologia do per\u00edodo, mas o Inmet n\u00e3o descarta a possibilidade da entrada de massas de ar frio que possam diminuir as temperaturas em localidades de maior altitude, a partir do m\u00eas de maio.<\/p>\n\n\n\n<p>J\u00e1 a previs\u00e3o clim\u00e1tica para Regi\u00e3o Sul indica que as chuvas ser\u00e3o abaixo da m\u00e9dia na maior parte dos tr\u00eas estados, em decorr\u00eancia dos impactos que o fen\u00f4meno La Ni\u00f1a pode causar. Entretanto, pode haver entrada de frentes frias que provoquem chuvas, especialmente na por\u00e7\u00e3o leste da regi\u00e3o. O Inmet informou que a temperatura do ar na Regi\u00e3o Sul dever\u00e1 prevalecer pr\u00f3xima e acima da climatologia do per\u00edodo, por\u00e9m n\u00e3o se descarta a possibilidade de haver a incid\u00eancia de geadas, principalmente em \u00e1reas serranas, \u00e0 medida que se aproxima do inverno.<\/p>\n\n\n\n<p>&#8212;&#8212;&#8212;&#8212;&#8212;&#8212;<br><br><strong>Sabia que o Aconteceu no Vale est\u00e1 tamb\u00e9m no Telegram? <a rel=\"noreferrer noopener\" href=\"https:\/\/t.me\/aconteceunovaleoficial\" target=\"_blank\">Inscreva-se no canal<\/a>.<\/strong><br><br><strong>J\u00e1 curtiu ou seguiu nossas p\u00e1ginas nas redes sociais?\u00a0Receba as not\u00edcias em primeira m\u00e3o:<\/strong><br>\u2022 <a rel=\"noreferrer noopener\" href=\"https:\/\/news.google.com\/publications\/CAAqBwgKMNjklQswi4etAw?hl=pt-BR&amp;gl=BR&amp;ceid=BR%3Apt-419\" target=\"_blank\">Google News<\/a><br>\u2022 <a rel=\"noreferrer noopener\" href=\"https:\/\/www.facebook.com\/aconteceunovale\/\" target=\"_blank\">Facebook<\/a><br>\u2022 <a rel=\"noreferrer noopener\" href=\"https:\/\/twitter.com\/noticiadosvales\" target=\"_blank\">Twitter<\/a><br>\u2022 <a rel=\"noreferrer noopener\" href=\"https:\/\/www.instagram.com\/aconteceunovale\" target=\"_blank\">Instagram<\/a><br>\u2022 <a rel=\"noreferrer noopener\" href=\"https:\/\/www.youtube.com\/AconteceunoValeOficial\" target=\"_blank\">Youtube<\/a><br>\u2022 <a rel=\"noreferrer noopener\" href=\"https:\/\/www.tiktok.com\/@aconteceunovale\" target=\"_blank\">TikTok<\/a><\/p>\n","protected":false},"excerpt":{"rendered":"<p>O outono no Hemisf\u00e9rio Sul inicia-se oficialmente neste domingo (20\/3), \u00e0s 12h33, hor\u00e1rio de Bras\u00edlia. Considerada uma esta\u00e7\u00e3o de transi\u00e7\u00e3o entre ver\u00e3o e inverno, o outono vai durar at\u00e9 o dia 21 de junho. Neste per\u00edodo, segundo o Instituto Nacional de Meteorologia (Inmet), as chuvas s\u00e3o mais escassas, especialmente no interior do Brasil, incluindo o [&hellip;]<\/p>\n","protected":false},"author":4,"featured_media":187933,"comment_status":"open","ping_status":"closed","sticky":false,"template":"","format":"standard","meta":{"amp_status":"","footnotes":""},"categories":[6],"tags":[259960,259955,259956,259954,259953,54659,38387,259957,259958,259959],"class_list":["post-187932","post","type-post","status-publish","format-standard","has-post-thumbnail","hentry","category-br","tag-chuvas-no-outono","tag-comeco-do-outono","tag-data-de-comeco-do-outono","tag-data-de-inicio-do-outono","tag-inicio-do-outono","tag-inmet","tag-outono","tag-outono-no-brasil","tag-outono-no-hemisferio-sul","tag-previsao-do-tempo-para-o-outono-no-brasil"],"_links":{"self":[{"href":"https:\/\/aconteceunovale.com.br\/portal\/index.php?rest_route=\/wp\/v2\/posts\/187932","targetHints":{"allow":["GET"]}}],"collection":[{"href":"https:\/\/aconteceunovale.com.br\/portal\/index.php?rest_route=\/wp\/v2\/posts"}],"about":[{"href":"https:\/\/aconteceunovale.com.br\/portal\/index.php?rest_route=\/wp\/v2\/types\/post"}],"author":[{"embeddable":true,"href":"https:\/\/aconteceunovale.com.br\/portal\/index.php?rest_route=\/wp\/v2\/users\/4"}],"replies":[{"embeddable":true,"href":"https:\/\/aconteceunovale.com.br\/portal\/index.php?rest_route=%2Fwp%2Fv2%2Fcomments&post=187932"}],"version-history":[{"count":1,"href":"https:\/\/aconteceunovale.com.br\/portal\/index.php?rest_route=\/wp\/v2\/posts\/187932\/revisions"}],"predecessor-version":[{"id":187934,"href":"https:\/\/aconteceunovale.com.br\/portal\/index.php?rest_route=\/wp\/v2\/posts\/187932\/revisions\/187934"}],"wp:featuredmedia":[{"embeddable":true,"href":"https:\/\/aconteceunovale.com.br\/portal\/index.php?rest_route=\/wp\/v2\/media\/187933"}],"wp:attachment":[{"href":"https:\/\/aconteceunovale.com.br\/portal\/index.php?rest_route=%2Fwp%2Fv2%2Fmedia&parent=187932"}],"wp:term":[{"taxonomy":"category","embeddable":true,"href":"https:\/\/aconteceunovale.com.br\/portal\/index.php?rest_route=%2Fwp%2Fv2%2Fcategories&post=187932"},{"taxonomy":"post_tag","embeddable":true,"href":"https:\/\/aconteceunovale.com.br\/portal\/index.php?rest_route=%2Fwp%2Fv2%2Ftags&post=187932"}],"curies":[{"name":"wp","href":"https:\/\/api.w.org\/{rel}","templated":true}]}}