{"id":187930,"date":"2022-03-20T11:08:10","date_gmt":"2022-03-20T14:08:10","guid":{"rendered":"https:\/\/aconteceunovale.com.br\/portal\/?p=187930"},"modified":"2022-03-20T11:08:31","modified_gmt":"2022-03-20T14:08:31","slug":"saiba-quem-deve-continuar-usando-mascaras-de-protecao-contra-covid-19","status":"publish","type":"post","link":"https:\/\/aconteceunovale.com.br\/portal\/?p=187930","title":{"rendered":"Saiba quem deve continuar usando m\u00e1scaras de prote\u00e7\u00e3o contra Covid-19"},"content":{"rendered":"\n<p>Ao menos dez estados e o Distrito Federal (DF) j\u00e1 flexibilizaram o uso de m\u00e1scaras contra a covid-19 em locais fechados, mas especialistas defendem que alguns grupos devem seguir usando o item de prote\u00e7\u00e3o.<\/p>\n\n\n\n<p>O m\u00e9dico intensivista Rodrigo Bresani afirma que a libera\u00e7\u00e3o do uso das m\u00e1scaras s\u00f3 foi poss\u00edvel pelo avan\u00e7o da vacina\u00e7\u00e3o no Brasil. Ele alerta, no entanto, que mesmo com uma boa parcela da sociedade vacinada, inclusive com a segunda dose, \u00e9 preciso avaliar os casos de forma individual.<\/p>\n\n\n\n<p>\u201cPara alguns grupos de risco, principalmente pacientes idosos, imunossuprimidos por diversos motivos, pacientes oncol\u00f3gicos, ou com doen\u00e7as cr\u00f4nicas, a gente precisa ficar muito atento. Independentemente dessa nova norma [que libera o uso em locais fechados], a orienta\u00e7\u00e3o para esses pacientes \u00e9, obviamente, continuar se cuidando\u201d, afirma Bresani.<\/p>\n\n\n\n<p>O m\u00e9dico explica ainda que o uso do item de prote\u00e7\u00e3o \u00e9 fundamental para quem, por exemplo, tem algum familiar com doen\u00e7a cr\u00f4nica ou idoso porque, caso n\u00e3o se proteja, estar\u00e1 colocando esse familiar em risco.<\/p>\n\n\n\n<p>\u201cEsses pacientes, sem sombra de d\u00favidas, devem continuar se protegendo. Isso, claro, supondo que eles est\u00e3o j\u00e1 vacinados, com segunda, terceira dose, mas devem continuar fazendo o uso de m\u00e1scaras em ambientes fechados e tamb\u00e9m abertos. Esse cuidado deve se perpetuar nesse pr\u00f3ximo ano e principalmente agora, que estamos enxergando um aumento do n\u00famero de casos e mortes na Europa, por causa de uma nova cepa. E isso aparentemente j\u00e1 vem chegando ao Brasil, ent\u00e3o a gente tem que estar atento\u201d, refor\u00e7a Bresani.<\/p>\n\n\n\n<p>Pessoas com comorbidades, al\u00e9m daqueles que ainda n\u00e3o tomaram a vacina contra a covid-19, devem seguir usando m\u00e1scaras. Entre as comorbidades est\u00e3o hipertens\u00e3o, diabetes e doen\u00e7as cardiovasculares.<\/p>\n\n\n\n<p>Os imunossuprimidos s\u00e3o aqueles que possuem alguma doen\u00e7a que afeta o sistema imunol\u00f3gico, diminuindo sua capacidade de resposta, como \u00e9 o caso de portadores de c\u00e2ncer, HIV, transplantados e outros.<\/p>\n\n\n\n<p>&#8212;&#8212;&#8212;&#8212;&#8212;&#8212;<br><br><strong>Sabia que o Aconteceu no Vale est\u00e1 tamb\u00e9m no Telegram? <a rel=\"noreferrer noopener\" href=\"https:\/\/t.me\/aconteceunovaleoficial\" target=\"_blank\">Inscreva-se no canal<\/a>.<\/strong><br><br><strong>J\u00e1 curtiu ou seguiu nossas p\u00e1ginas nas redes sociais?\u00a0Receba as not\u00edcias em primeira m\u00e3o:<\/strong><br>\u2022 <a rel=\"noreferrer noopener\" href=\"https:\/\/news.google.com\/publications\/CAAqBwgKMNjklQswi4etAw?hl=pt-BR&amp;gl=BR&amp;ceid=BR%3Apt-419\" target=\"_blank\">Google News<\/a><br>\u2022 <a rel=\"noreferrer noopener\" href=\"https:\/\/www.facebook.com\/aconteceunovale\/\" target=\"_blank\">Facebook<\/a><br>\u2022 <a rel=\"noreferrer noopener\" href=\"https:\/\/twitter.com\/noticiadosvales\" target=\"_blank\">Twitter<\/a><br>\u2022 <a rel=\"noreferrer noopener\" href=\"https:\/\/www.instagram.com\/aconteceunovale\" target=\"_blank\">Instagram<\/a><br>\u2022 <a rel=\"noreferrer noopener\" href=\"https:\/\/www.youtube.com\/AconteceunoValeOficial\" target=\"_blank\">Youtube<\/a><br>\u2022 <a rel=\"noreferrer noopener\" href=\"https:\/\/www.tiktok.com\/@aconteceunovale\" target=\"_blank\">TikTok<\/a><\/p>\n","protected":false},"excerpt":{"rendered":"<p>Ao menos dez estados e o Distrito Federal (DF) j\u00e1 flexibilizaram o uso de m\u00e1scaras contra a covid-19 em locais fechados, mas especialistas defendem que alguns grupos devem seguir usando o item de prote\u00e7\u00e3o. O m\u00e9dico intensivista Rodrigo Bresani afirma que a libera\u00e7\u00e3o do uso das m\u00e1scaras s\u00f3 foi poss\u00edvel pelo avan\u00e7o da vacina\u00e7\u00e3o no [&hellip;]<\/p>\n","protected":false},"author":4,"featured_media":161167,"comment_status":"open","ping_status":"closed","sticky":false,"template":"","format":"standard","meta":{"amp_status":"","footnotes":""},"categories":[6,40242],"tags":[1018,239750,51191,131,259822,259952,52113,259823,224284,259824],"class_list":["post-187930","post","type-post","status-publish","format-standard","has-post-thumbnail","hentry","category-br","category-saude-2","tag-destaque","tag-fabio-baccheretti","tag-governo-de-minas-gerais","tag-minas-gerais","tag-minas-gerais-flexibiliza-uso-de-mascaras-em-locais-abertos","tag-saiba-quem-deve-continuar-usando-mascaras-de-protecao-contra-covid-19","tag-ses-mg","tag-uso-de-mascara-em-locais-abertos-em-minas-gerais","tag-uso-de-mascara-em-minas-gerais","tag-uso-de-protecao-facial-em-minas-gerais"],"_links":{"self":[{"href":"https:\/\/aconteceunovale.com.br\/portal\/index.php?rest_route=\/wp\/v2\/posts\/187930","targetHints":{"allow":["GET"]}}],"collection":[{"href":"https:\/\/aconteceunovale.com.br\/portal\/index.php?rest_route=\/wp\/v2\/posts"}],"about":[{"href":"https:\/\/aconteceunovale.com.br\/portal\/index.php?rest_route=\/wp\/v2\/types\/post"}],"author":[{"embeddable":true,"href":"https:\/\/aconteceunovale.com.br\/portal\/index.php?rest_route=\/wp\/v2\/users\/4"}],"replies":[{"embeddable":true,"href":"https:\/\/aconteceunovale.com.br\/portal\/index.php?rest_route=%2Fwp%2Fv2%2Fcomments&post=187930"}],"version-history":[{"count":1,"href":"https:\/\/aconteceunovale.com.br\/portal\/index.php?rest_route=\/wp\/v2\/posts\/187930\/revisions"}],"predecessor-version":[{"id":187931,"href":"https:\/\/aconteceunovale.com.br\/portal\/index.php?rest_route=\/wp\/v2\/posts\/187930\/revisions\/187931"}],"wp:featuredmedia":[{"embeddable":true,"href":"https:\/\/aconteceunovale.com.br\/portal\/index.php?rest_route=\/wp\/v2\/media\/161167"}],"wp:attachment":[{"href":"https:\/\/aconteceunovale.com.br\/portal\/index.php?rest_route=%2Fwp%2Fv2%2Fmedia&parent=187930"}],"wp:term":[{"taxonomy":"category","embeddable":true,"href":"https:\/\/aconteceunovale.com.br\/portal\/index.php?rest_route=%2Fwp%2Fv2%2Fcategories&post=187930"},{"taxonomy":"post_tag","embeddable":true,"href":"https:\/\/aconteceunovale.com.br\/portal\/index.php?rest_route=%2Fwp%2Fv2%2Ftags&post=187930"}],"curies":[{"name":"wp","href":"https:\/\/api.w.org\/{rel}","templated":true}]}}