{"id":187862,"date":"2022-03-15T17:13:59","date_gmt":"2022-03-15T20:13:59","guid":{"rendered":"https:\/\/aconteceunovale.com.br\/portal\/?p=187862"},"modified":"2022-03-15T17:14:21","modified_gmt":"2022-03-15T20:14:21","slug":"parceria-vai-desenvolver-mercado-de-financas-verdes-em-minas-gerais","status":"publish","type":"post","link":"https:\/\/aconteceunovale.com.br\/portal\/?p=187862","title":{"rendered":"Parceria vai desenvolver mercado de finan\u00e7as verdes em Minas Gerais"},"content":{"rendered":"\n<p>A\u00a0<a rel=\"noreferrer noopener\" href=\"https:\/\/www.indi.mg.gov.br\/indi-agora-e-invest-minas\/\" target=\"_blank\">Invest Minas<\/a>\u00a0e a Climate Bonds Initiative (CBI) assinaram um acordo incluindo diversas a\u00e7\u00f5es para o desenvolvimento do mercado de \u201cfinan\u00e7as verdes\u201d no estado. A organiza\u00e7\u00e3o internacional atuar\u00e1 em conjunto com o \u00f3rg\u00e3o do Governo de Minas para informar entes governamentais, investidores e empresas mineiras de forma a sensibiliz\u00e1-los sobre a import\u00e2ncia de uma economia sustent\u00e1vel e as oportunidades de investimento verde no Brasil, que j\u00e1 movimentou US$ 11,7 bilh\u00f5es.\u00a0\u00a0<\/p>\n\n\n\n<p>A CBI estima que sejam necess\u00e1rios US$ 90 trilh\u00f5es para transformar a economia global em uma economia de baixo carbono e resiliente \u00e0s mudan\u00e7as clim\u00e1ticas nos pr\u00f3ximos 30 anos; e cerca de 70% desse investimento dever\u00e1 acontecer em economias emergentes. Uma das principais ferramentas para acelerar a\u00e7\u00f5es neste sentido \u00e9 a emiss\u00e3o de t\u00edtulos de d\u00edvida rotulados e destinados especificamente para financiar projetos de sustentabilidade, os chamados t\u00edtulos verdes.&nbsp;&nbsp;<\/p>\n\n\n\n<p>\u201cTemos uma janela curta de a\u00e7\u00e3o e juntar esfor\u00e7os ser\u00e1 importante para alcan\u00e7armos esse objetivo. Desenvolver finan\u00e7as sustent\u00e1veis no \u00e2mbito subnacional \u00e9 de extrema import\u00e2ncia, portanto estamos entusiasmados em contribuir para as discuss\u00f5es do estado de Minas Gerais. \u00c9 significativo o interesse do Invest Minas em entender as oportunidades e desafios dessa agenda para que tamb\u00e9m possam atrair esse tipo de investimento para regi\u00e3o\u201d, diz Leisa Souza, Head da Am\u00e9rica Latina, da CBI&nbsp;&nbsp;<\/p>\n\n\n\n<p>Para o diretor-presidente da Invest Minas, Jo\u00e3o Paulo Braga, o trabalho da CBI junto aos investidores e empres\u00e1rios mineiros ajudar\u00e1 a acelerar a mudan\u00e7a para uma economia verde. \u201cO mercado est\u00e1 com apetite grande para apoiar bons projetos que tenham como foco a sustentabilidade e o combate \u00e0s mudan\u00e7as clim\u00e1ticas. N\u00f3s estamos acompanhando diversos setores crescendo em Minas, com apoio do Governo do Estado, mas ainda estamos abaixo do nosso potencial. A parceria com a Climate Bonds vai nos ajudar a disseminar melhor essas ideias e ajudar as empresas a aproveitarem o momento para se prepararem para as oportunidades que est\u00e3o aparecendo\u201d, observa.&nbsp;&nbsp;<\/p>\n\n\n\n<p>As primeiras a\u00e7\u00f5es em conjunto entre a Climate Bonds e Invest Minas ser\u00e3o o alinhamento dos setores priorit\u00e1rios para o Estado e identifica\u00e7\u00e3o de quais \u00e1reas possuem potencial para acessarem esse mercado, al\u00e9m da elabora\u00e7\u00e3o de artigos, trazendo dados sobre os mercados globais e regionais&nbsp;&nbsp;<\/p>\n\n\n\n<h2 class=\"wp-block-heading\"><strong>Race to Zero\u00a0\u00a0<\/strong><\/h2>\n\n\n\n<p>Essa parceria refor\u00e7a a preocupa\u00e7\u00e3o do Governo de Minas em tornar a economia mineira mais verde e ambientalmente sustent\u00e1vel. Desde 2019, a atual gest\u00e3o vem implementando diversas a\u00e7\u00f5es neste sentido.&nbsp;&nbsp;<\/p>\n\n\n\n<p>Minas foi o primeiro estado da Am\u00e9rica Latina e Caribe a aderir \u00e0 campanha mundial Race to Zero para zerar emiss\u00f5es de carbono. Com o protocolo de inten\u00e7\u00f5es, o Estado se compromete a convergir esfor\u00e7os para reduzir e neutralizar a emiss\u00e3o de gases e a fomentar o desenvolvimento sustent\u00e1vel em seu territ\u00f3rio.&nbsp;&nbsp;<\/p>\n\n\n\n<p>Durante a COP 26, em Glasgow, o Estado atualizou o Plano de Energia e Mudan\u00e7as Clim\u00e1ticas em at\u00e9 12 meses, estabelecendo medidas para zerar as emiss\u00f5es at\u00e9 2050. At\u00e9 2030 deve ser estipulada uma meta intermedi\u00e1ria de redu\u00e7\u00e3o de emiss\u00f5es dos gases.&nbsp;&nbsp;<\/p>\n\n\n\n<p>O Governo ainda incentiva os investimentos em setores estrat\u00e9gicos, como a produ\u00e7\u00e3o de energia limpa. No fim de 2021, o Estado isentou tributos para importa\u00e7\u00e3o de equipamentos para gera\u00e7\u00e3o de energia pelo sol e pelo vento, o que deve contribuir para consolida\u00e7\u00e3o de Minas como l\u00edder nacional em gera\u00e7\u00e3o fotovoltaica.\u00a0<\/p>\n\n\n\n<p>&#8212;&#8212;&#8212;&#8212;&#8212;&#8212;<br><br><strong>Sabia que o Aconteceu no Vale est\u00e1 tamb\u00e9m no Telegram? <a rel=\"noreferrer noopener\" href=\"https:\/\/t.me\/aconteceunovaleoficial\" target=\"_blank\">Inscreva-se no canal<\/a>.<\/strong><br><br><strong>J\u00e1 curtiu ou seguiu nossas p\u00e1ginas nas redes sociais?\u00a0Receba as not\u00edcias em primeira m\u00e3o:<\/strong><br>\u2022 <a rel=\"noreferrer noopener\" href=\"https:\/\/news.google.com\/publications\/CAAqBwgKMNjklQswi4etAw?hl=pt-BR&amp;gl=BR&amp;ceid=BR%3Apt-419\" target=\"_blank\">Google News<\/a><br>\u2022 <a rel=\"noreferrer noopener\" href=\"https:\/\/www.facebook.com\/aconteceunovale\/\" target=\"_blank\">Facebook<\/a><br>\u2022 <a rel=\"noreferrer noopener\" href=\"https:\/\/twitter.com\/noticiadosvales\" target=\"_blank\">Twitter<\/a><br>\u2022 <a rel=\"noreferrer noopener\" href=\"https:\/\/www.instagram.com\/aconteceunovale\" target=\"_blank\">Instagram<\/a><br>\u2022 <a rel=\"noreferrer noopener\" href=\"https:\/\/www.youtube.com\/AconteceunoValeOficial\" target=\"_blank\">Youtube<\/a><br>\u2022 <a rel=\"noreferrer noopener\" href=\"https:\/\/www.tiktok.com\/@aconteceunovale\" target=\"_blank\">TikTok<\/a><\/p>\n","protected":false},"excerpt":{"rendered":"<p>A\u00a0Invest Minas\u00a0e a Climate Bonds Initiative (CBI) assinaram um acordo incluindo diversas a\u00e7\u00f5es para o desenvolvimento do mercado de \u201cfinan\u00e7as verdes\u201d no estado. A organiza\u00e7\u00e3o internacional atuar\u00e1 em conjunto com o \u00f3rg\u00e3o do Governo de Minas para informar entes governamentais, investidores e empresas mineiras de forma a sensibiliz\u00e1-los sobre a import\u00e2ncia de uma economia sustent\u00e1vel [&hellip;]<\/p>\n","protected":false},"author":4,"featured_media":187863,"comment_status":"open","ping_status":"closed","sticky":false,"template":"","format":"standard","meta":{"amp_status":"","footnotes":""},"categories":[40239,123],"tags":[1310,259902,259899,1018,239278,259897,259898,259900,258583,247265,259901,259896,131,259903,259895,254111],"class_list":["post-187862","post","type-post","status-publish","format-standard","has-post-thumbnail","hentry","category-economia-2","category-gerais","tag-cbi","tag-climate-bonds","tag-climate-bonds-initiative","tag-destaque","tag-economia-verde","tag-economia-verde-em-minas-gerais","tag-financa-verde-em-minas-gerais","tag-financas-verdes","tag-invest-minas","tag-joao-paulo-braga","tag-leisa-souza","tag-mercado-de-financas-verdes-em-minas-gerais","tag-minas-gerais","tag-parceria-entre-invest-minas-e-climate-bonds","tag-parceria-vai-desenvolver-mercado-de-financas-verdes-em-minas-gerais","tag-race-to-zero"],"_links":{"self":[{"href":"https:\/\/aconteceunovale.com.br\/portal\/index.php?rest_route=\/wp\/v2\/posts\/187862","targetHints":{"allow":["GET"]}}],"collection":[{"href":"https:\/\/aconteceunovale.com.br\/portal\/index.php?rest_route=\/wp\/v2\/posts"}],"about":[{"href":"https:\/\/aconteceunovale.com.br\/portal\/index.php?rest_route=\/wp\/v2\/types\/post"}],"author":[{"embeddable":true,"href":"https:\/\/aconteceunovale.com.br\/portal\/index.php?rest_route=\/wp\/v2\/users\/4"}],"replies":[{"embeddable":true,"href":"https:\/\/aconteceunovale.com.br\/portal\/index.php?rest_route=%2Fwp%2Fv2%2Fcomments&post=187862"}],"version-history":[{"count":1,"href":"https:\/\/aconteceunovale.com.br\/portal\/index.php?rest_route=\/wp\/v2\/posts\/187862\/revisions"}],"predecessor-version":[{"id":187864,"href":"https:\/\/aconteceunovale.com.br\/portal\/index.php?rest_route=\/wp\/v2\/posts\/187862\/revisions\/187864"}],"wp:featuredmedia":[{"embeddable":true,"href":"https:\/\/aconteceunovale.com.br\/portal\/index.php?rest_route=\/wp\/v2\/media\/187863"}],"wp:attachment":[{"href":"https:\/\/aconteceunovale.com.br\/portal\/index.php?rest_route=%2Fwp%2Fv2%2Fmedia&parent=187862"}],"wp:term":[{"taxonomy":"category","embeddable":true,"href":"https:\/\/aconteceunovale.com.br\/portal\/index.php?rest_route=%2Fwp%2Fv2%2Fcategories&post=187862"},{"taxonomy":"post_tag","embeddable":true,"href":"https:\/\/aconteceunovale.com.br\/portal\/index.php?rest_route=%2Fwp%2Fv2%2Ftags&post=187862"}],"curies":[{"name":"wp","href":"https:\/\/api.w.org\/{rel}","templated":true}]}}