{"id":187860,"date":"2022-03-15T17:07:42","date_gmt":"2022-03-15T20:07:42","guid":{"rendered":"https:\/\/aconteceunovale.com.br\/portal\/?p=187860"},"modified":"2022-03-15T17:08:36","modified_gmt":"2022-03-15T20:08:36","slug":"presidente-assina-decreto-para-reduzir-iof-sobre-cambio","status":"publish","type":"post","link":"https:\/\/aconteceunovale.com.br\/portal\/?p=187860","title":{"rendered":"Presidente assina decreto para reduzir IOF sobre c\u00e2mbio"},"content":{"rendered":"\n<p>Prometida no in\u00edcio do ano, a redu\u00e7\u00e3o gradual do Imposto sobre Opera\u00e7\u00f5es Financeiras (IOF) sobre o c\u00e2mbio foi oficializada hoje (15\/3\/2022). O presidente Jair Bolsonaro assinou decreto com a redu\u00e7\u00e3o escalonada do tributo, que ser\u00e1 diminu\u00eddo em etapas at\u00e9 ser zerado em 2028.<\/p>\n\n\n\n<p>A assinatura ocorreu em cerim\u00f4nia no Pal\u00e1cio do Planalto, com a presen\u00e7a do ministro da Economia, Paulo Guedes. A extin\u00e7\u00e3o do IOF sobre opera\u00e7\u00f5es cambiais \u00e9 uma das exig\u00eancias para o pa\u00eds integrar a Organiza\u00e7\u00e3o para a Coopera\u00e7\u00e3o e Desenvolvimento Econ\u00f4mico (OCDE). A Receita Federal estima que o governo deixar\u00e1 de arrecadar R$ 7 bilh\u00f5es por ano com a medida.<\/p>\n\n\n\n<p>A mudan\u00e7a \u00e9 uma das obriga\u00e7\u00f5es a serem cumpridas pelo Brasil para ades\u00e3o aos C\u00f3digos de Liberaliza\u00e7\u00e3o de Movimenta\u00e7\u00e3o de Capitais e de Opera\u00e7\u00f5es Invis\u00edveis, instrumento exigido para os pa\u00edses que integram a OCDE.<\/p>\n\n\n\n<p>Em janeiro, o governo tinha anunciado que pretendia come\u00e7ar a cortar o\u00a0IOF cambial ainda este ano. Segundo o Minist\u00e9rio da Economia, o Brasil est\u00e1 em est\u00e1gio avan\u00e7ado de converg\u00eancia com a OCDE, tendo aderido a 104 dos 251 instrumentos normativos do organismo internacional.<\/p>\n\n\n\n<p>De acordo com a Secretaria de Assuntos Internacionais do Minist\u00e9rio da Economia, o processo de ades\u00e3o est\u00e1 mais acelerado que em outros pa\u00edses convidados a integrar o grupo ou que atuam como parceiros-chave, como Argentina (51 instrumentos), Rom\u00eania (53), Peru (45), Bulg\u00e1ria (32) e Cro\u00e1cia (28).<\/p>\n\n\n\n<p>Fundada em 1961, em Paris, a OCDE funciona como um organismo que avalia e recomenda pr\u00e1ticas e pol\u00edticas que promovam prosperidade, igualdade, oportunidade e bem-estar global. Com 38 pa\u00edses-membros, a organiza\u00e7\u00e3o re\u00fane 61% do Produto Interno Bruto (PIB) mundial.<\/p>\n\n\n\n<p>&#8212;&#8212;&#8212;&#8212;&#8212;&#8212;<br><br><strong>Sabia que o Aconteceu no Vale est\u00e1 tamb\u00e9m no Telegram? <a rel=\"noreferrer noopener\" href=\"https:\/\/t.me\/aconteceunovaleoficial\" target=\"_blank\">Inscreva-se no canal<\/a>.<\/strong><br><br><strong>J\u00e1 curtiu ou seguiu nossas p\u00e1ginas nas redes sociais?\u00a0Receba as not\u00edcias em primeira m\u00e3o:<\/strong><br>\u2022 <a rel=\"noreferrer noopener\" href=\"https:\/\/news.google.com\/publications\/CAAqBwgKMNjklQswi4etAw?hl=pt-BR&amp;gl=BR&amp;ceid=BR%3Apt-419\" target=\"_blank\">Google News<\/a><br>\u2022 <a rel=\"noreferrer noopener\" href=\"https:\/\/www.facebook.com\/aconteceunovale\/\" target=\"_blank\">Facebook<\/a><br>\u2022 <a rel=\"noreferrer noopener\" href=\"https:\/\/twitter.com\/noticiadosvales\" target=\"_blank\">Twitter<\/a><br>\u2022 <a rel=\"noreferrer noopener\" href=\"https:\/\/www.instagram.com\/aconteceunovale\" target=\"_blank\">Instagram<\/a><br>\u2022 <a rel=\"noreferrer noopener\" href=\"https:\/\/www.youtube.com\/AconteceunoValeOficial\" target=\"_blank\">Youtube<\/a><br>\u2022 <a rel=\"noreferrer noopener\" href=\"https:\/\/www.tiktok.com\/@aconteceunovale\" target=\"_blank\">TikTok<\/a><\/p>\n","protected":false},"excerpt":{"rendered":"<p>Prometida no in\u00edcio do ano, a redu\u00e7\u00e3o gradual do Imposto sobre Opera\u00e7\u00f5es Financeiras (IOF) sobre o c\u00e2mbio foi oficializada hoje (15\/3\/2022). O presidente Jair Bolsonaro assinou decreto com a redu\u00e7\u00e3o escalonada do tributo, que ser\u00e1 diminu\u00eddo em etapas at\u00e9 ser zerado em 2028. A assinatura ocorreu em cerim\u00f4nia no Pal\u00e1cio do Planalto, com a presen\u00e7a [&hellip;]<\/p>\n","protected":false},"author":4,"featured_media":153854,"comment_status":"open","ping_status":"closed","sticky":false,"template":"","format":"standard","meta":{"amp_status":"","footnotes":""},"categories":[6,40239,40240],"tags":[249432,100375,251244,251242,251241,30672,30676,259893,26436,194202,248719,251243,17364,259892,259894],"class_list":["post-187860","post","type-post","status-publish","format-standard","has-post-thumbnail","hentry","category-br","category-economia-2","category-politica-2","tag-auxilio-brasil","tag-bolsonaro","tag-fonte-de-recursos-do-auxilio-brasil","tag-fonte-do-auxilio-brasil","tag-imposto-para-custear-o-auxilio-brasil","tag-imposto-sobre-operacoes-financeiras","tag-iof","tag-iof-sobre-cambio","tag-jair-bolsonaro","tag-ministro-da-economia","tag-novo-bolsa-familia","tag-origem-do-dinheiro-do-auxilio-brasil","tag-paulo-guedes","tag-presidente-assina-decreto-para-reduzir-iof-sobre-cambio","tag-reducao-do-iof-sobre-cambio"],"_links":{"self":[{"href":"https:\/\/aconteceunovale.com.br\/portal\/index.php?rest_route=\/wp\/v2\/posts\/187860","targetHints":{"allow":["GET"]}}],"collection":[{"href":"https:\/\/aconteceunovale.com.br\/portal\/index.php?rest_route=\/wp\/v2\/posts"}],"about":[{"href":"https:\/\/aconteceunovale.com.br\/portal\/index.php?rest_route=\/wp\/v2\/types\/post"}],"author":[{"embeddable":true,"href":"https:\/\/aconteceunovale.com.br\/portal\/index.php?rest_route=\/wp\/v2\/users\/4"}],"replies":[{"embeddable":true,"href":"https:\/\/aconteceunovale.com.br\/portal\/index.php?rest_route=%2Fwp%2Fv2%2Fcomments&post=187860"}],"version-history":[{"count":1,"href":"https:\/\/aconteceunovale.com.br\/portal\/index.php?rest_route=\/wp\/v2\/posts\/187860\/revisions"}],"predecessor-version":[{"id":187861,"href":"https:\/\/aconteceunovale.com.br\/portal\/index.php?rest_route=\/wp\/v2\/posts\/187860\/revisions\/187861"}],"wp:featuredmedia":[{"embeddable":true,"href":"https:\/\/aconteceunovale.com.br\/portal\/index.php?rest_route=\/wp\/v2\/media\/153854"}],"wp:attachment":[{"href":"https:\/\/aconteceunovale.com.br\/portal\/index.php?rest_route=%2Fwp%2Fv2%2Fmedia&parent=187860"}],"wp:term":[{"taxonomy":"category","embeddable":true,"href":"https:\/\/aconteceunovale.com.br\/portal\/index.php?rest_route=%2Fwp%2Fv2%2Fcategories&post=187860"},{"taxonomy":"post_tag","embeddable":true,"href":"https:\/\/aconteceunovale.com.br\/portal\/index.php?rest_route=%2Fwp%2Fv2%2Ftags&post=187860"}],"curies":[{"name":"wp","href":"https:\/\/api.w.org\/{rel}","templated":true}]}}