{"id":187856,"date":"2022-03-15T00:02:30","date_gmt":"2022-03-15T03:02:30","guid":{"rendered":"https:\/\/aconteceunovale.com.br\/portal\/?p=187856"},"modified":"2022-03-15T00:05:26","modified_gmt":"2022-03-15T03:05:26","slug":"aumento-no-numero-de-casos-de-sifilis-preocupa-profissionais-da-saude","status":"publish","type":"post","link":"https:\/\/aconteceunovale.com.br\/portal\/?p=187856","title":{"rendered":"Aumento no n\u00famero de casos de s\u00edfilis preocupa profissionais da sa\u00fade"},"content":{"rendered":"\n<p>A s\u00edfilis \u00e9 uma doen\u00e7a sexualmente transmiss\u00edvel, com um crescente n\u00famero de notifica\u00e7\u00f5es. A infec\u00e7\u00e3o atinge principalmente adultos, mas tamb\u00e9m rec\u00e9m-nascidos e idosos. Em plena pandemia da covid-19 em 2021 &#8211; enquanto a procura por interna\u00e7\u00f5es hospitalares relacionada a outros motivos caiu consideravelmente &#8211; somente no Hospital Eduardo de Menezes (HEM), da\u00a0Funda\u00e7\u00e3o Hospitalar do Estado de Minas Gerais (Fhemig), foram notificados 183 novos casos de s\u00edfilis. A unidade faz parte do projeto estrat\u00e9gico de enfrentamento \u00e0 doen\u00e7a e apoia as regionais do Barreiro e Venda Nova, em Belo Horizonte, para discuss\u00e3o de casos e alinhamentos t\u00e9cnicos com profissionais de sa\u00fade da aten\u00e7\u00e3o prim\u00e1ria.\u00a0<\/p>\n\n\n\n<p>\u201c\u00c9 uma epidemia silenciosa, com um imenso n\u00famero de portadores, a maioria sem sintomas e com possibilidades de transmitir a doen\u00e7a, o que nos mostra a import\u00e2ncia do uso de preservativos durante as rela\u00e7\u00f5es sexuais &#8211; j\u00e1 que esta \u00e9 a principal forma de evitar a infec\u00e7\u00e3o pela s\u00edfilis e outras patologias\u201d, afirma o infectologista do HEM Jo\u00e3o Gentilini Fasciani de Castro.&nbsp;<\/p>\n\n\n\n<p>A gerente assistencial da unidade, Tatiani Fereguetti, faz um alerta e refor\u00e7a a import\u00e2ncia da popularmente conhecida \u201ccamisinha\u201d. \u201cTivemos um aumento exponencial no n\u00famero de casos e nas taxas de reinfec\u00e7\u00e3o na \u00faltima d\u00e9cada, o que, provavelmente, aponta para a baix\u00edssima ades\u00e3o ao uso de preservativos, especialmente em pr\u00e1ticas sexuais orais. \u00c9 importante lembrar que a s\u00edfilis, nas fases iniciais, \u00e9 muito contagiosa e pode ser facilmente transmitida pelo contato sexual ou at\u00e9 mesmo por beijo na boca\u201d, explica.&nbsp;<\/p>\n\n\n\n<p>De acordo com o infectologista Jo\u00e3o Gentilini, os exames sorol\u00f3gicos s\u00e3o fundamentais para o diagn\u00f3stico e o tratamento precoces, quebrando a cadeia de transmiss\u00e3o tanto da s\u00edfilis adquirida (por contato sexual ou transfus\u00e3o de sangue) quanto da s\u00edfilis vertical, quando \u00e9 passada da gestante para a crian\u00e7a.&nbsp;<\/p>\n\n\n\n<h2 class=\"wp-block-heading\"><strong>Sintomas&nbsp;<\/strong><\/h2>\n\n\n\n<p>Ainda segundo o infectologista, os sintomas variam de acordo com os diferentes tipos da infec\u00e7\u00e3o. No caso da s\u00edfilis prim\u00e1ria, as primeiras manifesta\u00e7\u00f5es podem ocorrer, em m\u00e9dia, tr\u00eas semanas ap\u00f3s o contato sexual infectante, com uma \u00falcera ou eros\u00e3o no local de entrada da bact\u00e9ria. \u201cChamamos de cancro duro e \u00e9 geralmente \u00fanica e indolor, podendo vir acompanhada de uma \u00edngua inguinal. Este est\u00e1gio pode durar de duas a seis semanas e desaparecer de forma espont\u00e2nea, ou seja, independentemente do tratamento\u201d, explica o infectologista.&nbsp;<\/p>\n\n\n\n<p>Na s\u00edfilis secund\u00e1ria, os sinais surgem, em m\u00e9dia, entre seis semanas e seis meses ap\u00f3s a infec\u00e7\u00e3o e duram de quatro a 12 semanas. Neste caso, o m\u00e9dico afirma que os sintomas podem desaparecer tamb\u00e9m de forma espont\u00e2nea em poucas semanas. \u201cPodem ocorrer erup\u00e7\u00f5es cut\u00e2neas em forma de m\u00e1culas ou p\u00e1pulas, acometendo o corpo, podendo atingir os p\u00e9s e as m\u00e3os. E, tamb\u00e9m, febre, mal-estar, dor de cabe\u00e7a, des\u00e2nimo e aumento de \u00ednguas\u201d, relata Gentilini.&nbsp;<\/p>\n\n\n\n<p>J\u00e1 a fase terci\u00e1ria pode apresentar seus primeiros sintomas de 2 at\u00e9 40 anos depois do cont\u00e1gio. A manifesta\u00e7\u00e3o ocorre por meio de inflama\u00e7\u00e3o e destrui\u00e7\u00e3o dos tecidos, podendo acometer a pele, os ossos, o c\u00e9rebro e o cora\u00e7\u00e3o. \u00c9 o caso tamb\u00e9m da neuros\u00edfilis, que compromete o sistema nervoso central, podendo ser observado j\u00e1 nas fases iniciais da infec\u00e7\u00e3o.&nbsp;<\/p>\n\n\n\n<h2 class=\"wp-block-heading\"><strong>De m\u00e3e para filho&nbsp;<\/strong><\/h2>\n\n\n\n<p>A neonatologista e gerente assistencial da Maternidade Odete Valadares (MOV), Luciana Grizze, explica que a s\u00edfilis cong\u00eanita \u00e9 transmitida por meio da corrente sangu\u00ednea da gestante infectada para o feto, pela placenta ou, em alguns casos, por contato direto com a les\u00e3o genital no momento do parto. \u201cGeralmente, a infec\u00e7\u00e3o se d\u00e1 quando a m\u00e3e n\u00e3o \u00e9 testada para s\u00edfilis durante a gesta\u00e7\u00e3o ou quando n\u00e3o foi tratada adequadamente antes ou durante a gravidez\u201d, ressalta.&nbsp;<\/p>\n\n\n\n<p>A chamada transmiss\u00e3o vertical vem crescendo de forma preocupante e pode ser precoce, surgindo at\u00e9 o segundo ano de vida, ou tardia, apresentando os primeiros sintomas ap\u00f3s essa idade, podendo atingir diversos \u00f3rg\u00e3os e sistemas. \u201cApenas os casos mais graves, que s\u00e3o minoria, de rec\u00e9m-nascidos vivos com s\u00edfilis apresentam sintomas ao nascer. Por\u00e9m, quando tardia, e n\u00e3o diagnosticada ou adequadamente tratada, pode causar perda auditiva, altera\u00e7\u00f5es na pele, ossos, dentes e olhos (coriorretinite, glaucoma secund\u00e1rio, atrofia do nervo \u00f3ptico), atraso no desenvolvimento, crises convulsivas, entre outros problemas. Por isso, \u00e9 fundamental o diagn\u00f3stico e tratamento cl\u00ednico prolongado e mais detalhado dessa crian\u00e7a, com acompanhamentos frequentes do pediatra, avalia\u00e7\u00e3o oftalmol\u00f3gica, audiol\u00f3gica e neurol\u00f3gica\u201d, afirma a gerente.&nbsp;<\/p>\n\n\n\n<p>Luciana ressalta ainda que a doen\u00e7a pode tamb\u00e9m ser causa de aborto espont\u00e2neo, prematuridade, baixo peso ao nascer (menor que 2,5 kg), hepatomegalia (f\u00edgado aumentado de tamanho), esplenomegalia (ba\u00e7o aumentado de tamanho), atraso no desenvolvimento neuropsicomotor, manchas na pele, icter\u00edcia, anemia, anormalidades \u00f3sseas, meningite e pneumonia.&nbsp;<\/p>\n\n\n\n<p>Esses problemas podem ser prevenidos com o adequado pr\u00e9-natal realizado pela m\u00e3e, seguido de tratamento durante a gesta\u00e7\u00e3o, quando diagnosticada a infec\u00e7\u00e3o, al\u00e9m do tratamento dos seus parceiros sexuais.&nbsp;<\/p>\n\n\n\n<h2 class=\"wp-block-heading\"><strong>Diagn\u00f3stico&nbsp;<\/strong><\/h2>\n\n\n\n<p>A s\u00edfilis tem cura e as unidades b\u00e1sicas de sa\u00fade possuem o chamado teste r\u00e1pido, com resultado apresentado em minutos, que detecta tamb\u00e9m hepatite C, B e HIV. Quando diagnosticados, os pacientes s\u00e3o tratados com uso de antibi\u00f3ticos.&nbsp;<\/p>\n\n\n\n<p>No caso da s\u00edfilis cong\u00eanita, quando os sintomas ainda n\u00e3o surgiram, o diagn\u00f3stico exige a combina\u00e7\u00e3o da suspeita epidemiol\u00f3gica (hist\u00f3rico materno de s\u00edfilis, seu tratamento e seguimento na gravidez), avalia\u00e7\u00e3o cl\u00ednica do rec\u00e9m-nascido ou da crian\u00e7a e testagem sangu\u00ednea.<\/p>\n\n\n\n<p>&#8212;&#8212;&#8212;&#8212;&#8212;&#8212;<br><br><strong>Sabia que o Aconteceu no Vale est\u00e1 tamb\u00e9m no Telegram? <a rel=\"noreferrer noopener\" href=\"https:\/\/t.me\/aconteceunovaleoficial\" target=\"_blank\">Inscreva-se no canal<\/a>.<\/strong><br><br><strong>J\u00e1 curtiu ou seguiu nossas p\u00e1ginas nas redes sociais?\u00a0Receba as not\u00edcias em primeira m\u00e3o:<\/strong><br>\u2022 <a rel=\"noreferrer noopener\" href=\"https:\/\/news.google.com\/publications\/CAAqBwgKMNjklQswi4etAw?hl=pt-BR&amp;gl=BR&amp;ceid=BR%3Apt-419\" target=\"_blank\">Google News<\/a><br>\u2022 <a rel=\"noreferrer noopener\" href=\"https:\/\/www.facebook.com\/aconteceunovale\/\" target=\"_blank\">Facebook<\/a><br>\u2022 <a rel=\"noreferrer noopener\" href=\"https:\/\/twitter.com\/noticiadosvales\" target=\"_blank\">Twitter<\/a><br>\u2022 <a rel=\"noreferrer noopener\" href=\"https:\/\/www.instagram.com\/aconteceunovale\" target=\"_blank\">Instagram<\/a><br>\u2022 <a rel=\"noreferrer noopener\" href=\"https:\/\/www.youtube.com\/AconteceunoValeOficial\" target=\"_blank\">Youtube<\/a><br>\u2022 <a rel=\"noreferrer noopener\" href=\"https:\/\/www.tiktok.com\/@aconteceunovale\" target=\"_blank\">TikTok<\/a><\/p>\n","protected":false},"excerpt":{"rendered":"<p>A s\u00edfilis \u00e9 uma doen\u00e7a sexualmente transmiss\u00edvel, com um crescente n\u00famero de notifica\u00e7\u00f5es. A infec\u00e7\u00e3o atinge principalmente adultos, mas tamb\u00e9m rec\u00e9m-nascidos e idosos. Em plena pandemia da covid-19 em 2021 &#8211; enquanto a procura por interna\u00e7\u00f5es hospitalares relacionada a outros motivos caiu consideravelmente &#8211; somente no Hospital Eduardo de Menezes (HEM), da\u00a0Funda\u00e7\u00e3o Hospitalar do Estado [&hellip;]<\/p>\n","protected":false},"author":4,"featured_media":187858,"comment_status":"open","ping_status":"closed","sticky":false,"template":"","format":"standard","meta":{"amp_status":"","footnotes":""},"categories":[123,40242],"tags":[259886,194,1017,259887,259888,1018,33185,235103,135894,259889,259891,259890,215758],"class_list":["post-187856","post","type-post","status-publish","format-standard","has-post-thumbnail","hentry","category-gerais","category-saude-2","tag-aumento-no-numero-de-casos-de-sifilis-em-minas-gerais","tag-belo-horizonte","tag-bh","tag-casos-de-sifilis","tag-casos-de-sifilis-em-minas-gerais","tag-destaque","tag-fhemig","tag-hem","tag-hospital-eduardo-de-menezes","tag-luciana-grizze","tag-orientacao-sifilis","tag-prevencao-sifilis","tag-sifilis-em-minas-gerais"],"_links":{"self":[{"href":"https:\/\/aconteceunovale.com.br\/portal\/index.php?rest_route=\/wp\/v2\/posts\/187856","targetHints":{"allow":["GET"]}}],"collection":[{"href":"https:\/\/aconteceunovale.com.br\/portal\/index.php?rest_route=\/wp\/v2\/posts"}],"about":[{"href":"https:\/\/aconteceunovale.com.br\/portal\/index.php?rest_route=\/wp\/v2\/types\/post"}],"author":[{"embeddable":true,"href":"https:\/\/aconteceunovale.com.br\/portal\/index.php?rest_route=\/wp\/v2\/users\/4"}],"replies":[{"embeddable":true,"href":"https:\/\/aconteceunovale.com.br\/portal\/index.php?rest_route=%2Fwp%2Fv2%2Fcomments&post=187856"}],"version-history":[{"count":1,"href":"https:\/\/aconteceunovale.com.br\/portal\/index.php?rest_route=\/wp\/v2\/posts\/187856\/revisions"}],"predecessor-version":[{"id":187859,"href":"https:\/\/aconteceunovale.com.br\/portal\/index.php?rest_route=\/wp\/v2\/posts\/187856\/revisions\/187859"}],"wp:featuredmedia":[{"embeddable":true,"href":"https:\/\/aconteceunovale.com.br\/portal\/index.php?rest_route=\/wp\/v2\/media\/187858"}],"wp:attachment":[{"href":"https:\/\/aconteceunovale.com.br\/portal\/index.php?rest_route=%2Fwp%2Fv2%2Fmedia&parent=187856"}],"wp:term":[{"taxonomy":"category","embeddable":true,"href":"https:\/\/aconteceunovale.com.br\/portal\/index.php?rest_route=%2Fwp%2Fv2%2Fcategories&post=187856"},{"taxonomy":"post_tag","embeddable":true,"href":"https:\/\/aconteceunovale.com.br\/portal\/index.php?rest_route=%2Fwp%2Fv2%2Ftags&post=187856"}],"curies":[{"name":"wp","href":"https:\/\/api.w.org\/{rel}","templated":true}]}}