{"id":187819,"date":"2022-03-12T19:38:46","date_gmt":"2022-03-12T22:38:46","guid":{"rendered":"https:\/\/aconteceunovale.com.br\/portal\/?p=187819"},"modified":"2022-03-12T19:40:00","modified_gmt":"2022-03-12T22:40:00","slug":"galo-vence-o-democrata-em-governador-valadares","status":"publish","type":"post","link":"https:\/\/aconteceunovale.com.br\/portal\/?p=187819","title":{"rendered":"Galo vence o Democrata em Governador Valadares"},"content":{"rendered":"\n<p>O Atl\u00e9tico-MG venceu o Democrata de Governador Valadares por 1 a 0, na tarde deste s\u00e1bado (12\/3), no Mamud\u00e3o, e abriu seis pontos de vantagem sobre o segundo colocado do Campeonato Mineiro 2022. O gol saiu nos minutos finais, quando Nacho Fern\u00e1ndez chutou forte de dentro da \u00e1rea.\u00a0<\/p>\n\n\n\n<figure class=\"wp-block-gallery has-nested-images columns-default is-cropped wp-block-gallery-1 is-layout-flex wp-block-gallery-is-layout-flex\">\n<figure class=\"wp-block-image size-large\"><img loading=\"lazy\" decoding=\"async\" width=\"675\" height=\"450\" data-id=\"187820\" src=\"https:\/\/aconteceunovale.com.br\/portal\/wp-content\/uploads\/2022\/03\/democrata_atletico.jpg\" alt=\"\" class=\"wp-image-187820\" srcset=\"https:\/\/aconteceunovale.com.br\/portal\/wp-content\/uploads\/2022\/03\/democrata_atletico.jpg 675w, https:\/\/aconteceunovale.com.br\/portal\/wp-content\/uploads\/2022\/03\/democrata_atletico-300x200.jpg 300w, https:\/\/aconteceunovale.com.br\/portal\/wp-content\/uploads\/2022\/03\/democrata_atletico-630x420.jpg 630w\" sizes=\"auto, (max-width: 675px) 100vw, 675px\" \/><figcaption><em><sub>Jogo aconteceu no Mamud\u00e3o &#8211; Foto: Pedro Souza\/Atl\u00e9tico-MG<\/sub><\/em><\/figcaption><\/figure>\n<\/figure>\n\n\n\n<p>O time do t\u00e9cnico Antonio Mohamed chegou aos 25 pontos na tabela de classifica\u00e7\u00e3o, com oito vit\u00f3rias, um empate e apenas uma derrota. J\u00e1 a Pantera segue com 11 pontos e ocupa a s\u00e9tima posi\u00e7\u00e3o.&nbsp;<\/p>\n\n\n\n<p>O Galo entra em campo pela \u00faltima rodada da primeira fase do Campeonato Mineiro contra a Caldense, no Mineir\u00e3o, \u00e0s 16h30 do pr\u00f3ximo s\u00e1bado (19\/3). O Democrata vai at\u00e9 Patos de Minas, no mesmo dia e hor\u00e1rio, onde encara a URT no Est\u00e1dio Zama Maciel.\u00a0<\/p>\n\n\n\n<p>&#8212;&#8212;&#8212;&#8212;&#8212;&#8212;<br><br><strong>Sabia que o Aconteceu no Vale est\u00e1 tamb\u00e9m no Telegram? <a rel=\"noreferrer noopener\" href=\"https:\/\/t.me\/aconteceunovaleoficial\" target=\"_blank\">Inscreva-se no canal<\/a>.<\/strong><br><br><strong>J\u00e1 curtiu ou seguiu nossas p\u00e1ginas nas redes sociais?\u00a0Receba as not\u00edcias em primeira m\u00e3o:<\/strong><br>\u2022 <a rel=\"noreferrer noopener\" href=\"https:\/\/news.google.com\/publications\/CAAqBwgKMNjklQswi4etAw?hl=pt-BR&amp;gl=BR&amp;ceid=BR%3Apt-419\" target=\"_blank\">Google News<\/a><br>\u2022 <a rel=\"noreferrer noopener\" href=\"https:\/\/www.facebook.com\/aconteceunovale\/\" target=\"_blank\">Facebook<\/a><br>\u2022 <a rel=\"noreferrer noopener\" href=\"https:\/\/twitter.com\/noticiadosvales\" target=\"_blank\">Twitter<\/a><br>\u2022 <a rel=\"noreferrer noopener\" href=\"https:\/\/www.instagram.com\/aconteceunovale\" target=\"_blank\">Instagram<\/a><br>\u2022 <a rel=\"noreferrer noopener\" href=\"https:\/\/www.youtube.com\/AconteceunoValeOficial\" target=\"_blank\">Youtube<\/a><br>\u2022 <a rel=\"noreferrer noopener\" href=\"https:\/\/www.tiktok.com\/@aconteceunovale\" target=\"_blank\">TikTok<\/a><\/p>\n","protected":false},"excerpt":{"rendered":"<p>O Atl\u00e9tico-MG venceu o Democrata de Governador Valadares por 1 a 0, na tarde deste s\u00e1bado (12\/3), no Mamud\u00e3o, e abriu seis pontos de vantagem sobre o segundo colocado do Campeonato Mineiro 2022. O gol saiu nos minutos finais, quando Nacho Fern\u00e1ndez chutou forte de dentro da \u00e1rea.\u00a0 O time do t\u00e9cnico Antonio Mohamed chegou [&hellip;]<\/p>\n","protected":false},"author":4,"featured_media":187820,"comment_status":"open","ping_status":"closed","sticky":false,"template":"","format":"standard","meta":{"amp_status":"","footnotes":""},"categories":[59,121,123],"tags":[2741,40575,4404,257945,4369,77422,1018,12312,259845,247,18800,32054,239927,5324,259846,18801],"class_list":["post-187819","post","type-post","status-publish","format-standard","has-post-thumbnail","hentry","category-sports","category-leste","category-gerais","tag-atletico-mineiro","tag-atletico-mg","tag-campeonato-mineiro","tag-campeonato-mineiro-2022","tag-democrata-de-governador-valadares","tag-democrata-gv","tag-destaque","tag-galo","tag-galo-vence-o-democrata-em-governador-valadares","tag-governador-valadares","tag-gv","tag-mamudao","tag-nacho-fernandez","tag-pantera","tag-pantera-de-valadares","tag-valadares"],"_links":{"self":[{"href":"https:\/\/aconteceunovale.com.br\/portal\/index.php?rest_route=\/wp\/v2\/posts\/187819","targetHints":{"allow":["GET"]}}],"collection":[{"href":"https:\/\/aconteceunovale.com.br\/portal\/index.php?rest_route=\/wp\/v2\/posts"}],"about":[{"href":"https:\/\/aconteceunovale.com.br\/portal\/index.php?rest_route=\/wp\/v2\/types\/post"}],"author":[{"embeddable":true,"href":"https:\/\/aconteceunovale.com.br\/portal\/index.php?rest_route=\/wp\/v2\/users\/4"}],"replies":[{"embeddable":true,"href":"https:\/\/aconteceunovale.com.br\/portal\/index.php?rest_route=%2Fwp%2Fv2%2Fcomments&post=187819"}],"version-history":[{"count":2,"href":"https:\/\/aconteceunovale.com.br\/portal\/index.php?rest_route=\/wp\/v2\/posts\/187819\/revisions"}],"predecessor-version":[{"id":187822,"href":"https:\/\/aconteceunovale.com.br\/portal\/index.php?rest_route=\/wp\/v2\/posts\/187819\/revisions\/187822"}],"wp:featuredmedia":[{"embeddable":true,"href":"https:\/\/aconteceunovale.com.br\/portal\/index.php?rest_route=\/wp\/v2\/media\/187820"}],"wp:attachment":[{"href":"https:\/\/aconteceunovale.com.br\/portal\/index.php?rest_route=%2Fwp%2Fv2%2Fmedia&parent=187819"}],"wp:term":[{"taxonomy":"category","embeddable":true,"href":"https:\/\/aconteceunovale.com.br\/portal\/index.php?rest_route=%2Fwp%2Fv2%2Fcategories&post=187819"},{"taxonomy":"post_tag","embeddable":true,"href":"https:\/\/aconteceunovale.com.br\/portal\/index.php?rest_route=%2Fwp%2Fv2%2Ftags&post=187819"}],"curies":[{"name":"wp","href":"https:\/\/api.w.org\/{rel}","templated":true}]}}