{"id":187817,"date":"2022-03-12T19:17:36","date_gmt":"2022-03-12T22:17:36","guid":{"rendered":"https:\/\/aconteceunovale.com.br\/portal\/?p=187817"},"modified":"2022-03-12T19:18:45","modified_gmt":"2022-03-12T22:18:45","slug":"presidente-sanciona-projeto-que-preve-cobranca-unica-de-icms-sobre-combustiveis","status":"publish","type":"post","link":"https:\/\/aconteceunovale.com.br\/portal\/?p=187817","title":{"rendered":"Presidente sanciona projeto que prev\u00ea cobran\u00e7a \u00fanica de ICMS sobre combust\u00edveis"},"content":{"rendered":"\n<p>Na noite desta sexta-feira (11), o presidente Jair Bolsonaro sancionou, na \u00edntegra, o Projeto de Lei Complementar (PLP) n\u00ba 11, de 2020, que prev\u00ea a cobran\u00e7a em uma s\u00f3 vez do Imposto sobre Circula\u00e7\u00e3o de Mercadorias e Servi\u00e7os (ICMS) sobre combust\u00edveis, inclusive importados. O ICMS \u00fanico tamb\u00e9m valer\u00e1 para o g\u00e1s natural e para a querosene de avia\u00e7\u00e3o. A san\u00e7\u00e3o foi publicada em edi\u00e7\u00e3o extra do\u00a0<em>Di\u00e1rio Oficial da Uni\u00e3o<\/em>.<\/p>\n\n\n\n<p>Atualmente, a al\u00edquota do imposto \u00e9 um percentual cobrado em cima do pre\u00e7o final do litro na bomba, que sofre varia\u00e7\u00f5es do d\u00f3lar e do pre\u00e7o internacional, onerando ainda mais o valor final cobrado dos consumidores. O PL sancionado determina que a cobran\u00e7a do ICMS ocorra sobre o pre\u00e7o na refinaria ou no balc\u00e3o de importa\u00e7\u00e3o, quando o combust\u00edvel vier do exterior. Os novos valores, pela proposta, ser\u00e3o definidos por meio do Conselho Nacional de Pol\u00edtica Fazend\u00e1ria (Confaz), que re\u00fane representantes da \u00e1rea econ\u00f4mica de todos estados e do Distrito Federal.<\/p>\n\n\n\n<p>O diesel \u00e9 o \u00fanico combust\u00edvel que adotaria uma regra de transi\u00e7\u00e3o emergencial. Segundo essa sistem\u00e1tica, enquanto n\u00e3o for adotada a cobran\u00e7a \u00fanica \u2013 e correspondente unifica\u00e7\u00e3o de al\u00edquota \u2013 do diesel, o valor de refer\u00eancia para estipula\u00e7\u00e3o do tributo ser\u00e1 a m\u00e9dia m\u00f3vel dos pre\u00e7os m\u00e9dios praticados ao consumidor final nos 60 meses anteriores a sua fixa\u00e7\u00e3o.<\/p>\n\n\n\n<p>Na defini\u00e7\u00e3o das novas al\u00edquotas, dever\u00e1 ser previsto um intervalo m\u00ednimo de 12 meses entre a primeira fixa\u00e7\u00e3o e o primeiro reajuste dessas al\u00edquotas e de seis meses para os reajustes subsequentes, devendo-se observar o prazo de 90 dias no caso de um novo aumento.<\/p>\n\n\n\n<p>A medida tamb\u00e9m reduz a zero as al\u00edquotas da Contribui\u00e7\u00e3o para o PIS\/Pasep e da Cofins e da Contribui\u00e7\u00e3o para o PIS\/Pasep-Importa\u00e7\u00e3o e da Cofins-Importa\u00e7\u00e3o, garantindo a manuten\u00e7\u00e3o dos cr\u00e9ditos vinculados \u00e0s pessoas jur\u00eddicas da cadeia produtiva.<\/p>\n\n\n\n<p>Desse modo, a proposi\u00e7\u00e3o n\u00e3o apenas preserva a autonomia dos estados e do Distrito Federal, mas tamb\u00e9m simplifica a incid\u00eancia do ICMS sobre os combust\u00edveis e lubrificantes, confere maior uniformidade e dilui o peso da carga tribut\u00e1ria incidente sobre estes produtos para enfrentar o s\u00fabito aumento do petr\u00f3leo decorrente da guerra na Ucr\u00e2nia.\u00a0<\/p>\n\n\n\n<p>&#8212;&#8212;&#8212;&#8212;&#8212;&#8212;<br><br><strong>Sabia que o Aconteceu no Vale est\u00e1 tamb\u00e9m no Telegram? <a rel=\"noreferrer noopener\" href=\"https:\/\/t.me\/aconteceunovaleoficial\" target=\"_blank\">Inscreva-se no canal<\/a>.<\/strong><br><br><strong>J\u00e1 curtiu ou seguiu nossas p\u00e1ginas nas redes sociais?\u00a0Receba as not\u00edcias em primeira m\u00e3o:<\/strong><br>\u2022 <a rel=\"noreferrer noopener\" href=\"https:\/\/news.google.com\/publications\/CAAqBwgKMNjklQswi4etAw?hl=pt-BR&amp;gl=BR&amp;ceid=BR%3Apt-419\" target=\"_blank\">Google News<\/a><br>\u2022 <a rel=\"noreferrer noopener\" href=\"https:\/\/www.facebook.com\/aconteceunovale\/\" target=\"_blank\">Facebook<\/a><br>\u2022 <a rel=\"noreferrer noopener\" href=\"https:\/\/twitter.com\/noticiadosvales\" target=\"_blank\">Twitter<\/a><br>\u2022 <a rel=\"noreferrer noopener\" href=\"https:\/\/www.instagram.com\/aconteceunovale\" target=\"_blank\">Instagram<\/a><br>\u2022 <a rel=\"noreferrer noopener\" href=\"https:\/\/www.youtube.com\/AconteceunoValeOficial\" target=\"_blank\">Youtube<\/a><br>\u2022 <a rel=\"noreferrer noopener\" href=\"https:\/\/www.tiktok.com\/@aconteceunovale\" target=\"_blank\">TikTok<\/a><\/p>\n","protected":false},"excerpt":{"rendered":"<p>Na noite desta sexta-feira (11), o presidente Jair Bolsonaro sancionou, na \u00edntegra, o Projeto de Lei Complementar (PLP) n\u00ba 11, de 2020, que prev\u00ea a cobran\u00e7a em uma s\u00f3 vez do Imposto sobre Circula\u00e7\u00e3o de Mercadorias e Servi\u00e7os (ICMS) sobre combust\u00edveis, inclusive importados. O ICMS \u00fanico tamb\u00e9m valer\u00e1 para o g\u00e1s natural e para a [&hellip;]<\/p>\n","protected":false},"author":4,"featured_media":127254,"comment_status":"open","ping_status":"closed","sticky":false,"template":"","format":"standard","meta":{"amp_status":"","footnotes":""},"categories":[6],"tags":[100375,4785,259842,1018,120595,168336,36463,155141,35299,259843,26436,20321,259841,259844],"class_list":["post-187817","post","type-post","status-publish","format-standard","has-post-thumbnail","hentry","category-br","tag-bolsonaro","tag-brasil","tag-cobranca-unica-de-icms-sobre-combustiveis","tag-destaque","tag-diesel","tag-gas-natural","tag-gasolina","tag-glp","tag-icms","tag-icms-combustiveis","tag-jair-bolsonaro","tag-presidente-da-republica","tag-presidente-sanciona-projeto-que-preve-cobranca-unica-de-icms-sobre-combustiveis","tag-querosene-de-aviacao"],"_links":{"self":[{"href":"https:\/\/aconteceunovale.com.br\/portal\/index.php?rest_route=\/wp\/v2\/posts\/187817","targetHints":{"allow":["GET"]}}],"collection":[{"href":"https:\/\/aconteceunovale.com.br\/portal\/index.php?rest_route=\/wp\/v2\/posts"}],"about":[{"href":"https:\/\/aconteceunovale.com.br\/portal\/index.php?rest_route=\/wp\/v2\/types\/post"}],"author":[{"embeddable":true,"href":"https:\/\/aconteceunovale.com.br\/portal\/index.php?rest_route=\/wp\/v2\/users\/4"}],"replies":[{"embeddable":true,"href":"https:\/\/aconteceunovale.com.br\/portal\/index.php?rest_route=%2Fwp%2Fv2%2Fcomments&post=187817"}],"version-history":[{"count":1,"href":"https:\/\/aconteceunovale.com.br\/portal\/index.php?rest_route=\/wp\/v2\/posts\/187817\/revisions"}],"predecessor-version":[{"id":187818,"href":"https:\/\/aconteceunovale.com.br\/portal\/index.php?rest_route=\/wp\/v2\/posts\/187817\/revisions\/187818"}],"wp:featuredmedia":[{"embeddable":true,"href":"https:\/\/aconteceunovale.com.br\/portal\/index.php?rest_route=\/wp\/v2\/media\/127254"}],"wp:attachment":[{"href":"https:\/\/aconteceunovale.com.br\/portal\/index.php?rest_route=%2Fwp%2Fv2%2Fmedia&parent=187817"}],"wp:term":[{"taxonomy":"category","embeddable":true,"href":"https:\/\/aconteceunovale.com.br\/portal\/index.php?rest_route=%2Fwp%2Fv2%2Fcategories&post=187817"},{"taxonomy":"post_tag","embeddable":true,"href":"https:\/\/aconteceunovale.com.br\/portal\/index.php?rest_route=%2Fwp%2Fv2%2Ftags&post=187817"}],"curies":[{"name":"wp","href":"https:\/\/api.w.org\/{rel}","templated":true}]}}