{"id":187810,"date":"2022-03-12T18:31:35","date_gmt":"2022-03-12T21:31:35","guid":{"rendered":"https:\/\/aconteceunovale.com.br\/portal\/?p=187810"},"modified":"2022-03-12T18:33:10","modified_gmt":"2022-03-12T21:33:10","slug":"ex-presidente-fernando-henrique-cardoso-tera-de-passar-por-cirurgia-diz-hospital","status":"publish","type":"post","link":"https:\/\/aconteceunovale.com.br\/portal\/?p=187810","title":{"rendered":"Ex-presidente Fernando Henrique Cardoso passar\u00e1 por cirurgia"},"content":{"rendered":"\n<p>O ex-presidente da Rep\u00fablica, Fernando Henrique Cardoso, de 90 anos, ser\u00e1 submetido a uma cirurgia em raz\u00e3o da fratura que sofreu no colo do f\u00eamur, segundo boletim m\u00e9dico divulgado hoje (12\/3\/2022) pelo Hospital Israelita Albert Einstein. FHC deu entrada ontem (11) na unidade de sa\u00fade e permanece internado.<\/p>\n\n\n\n<figure class=\"wp-block-gallery has-nested-images columns-default is-cropped wp-block-gallery-1 is-layout-flex wp-block-gallery-is-layout-flex\">\n<figure class=\"wp-block-image size-large\"><img loading=\"lazy\" decoding=\"async\" width=\"678\" height=\"406\" data-id=\"187811\" src=\"https:\/\/aconteceunovale.com.br\/portal\/wp-content\/uploads\/2022\/03\/fhc_presidente.jpg\" alt=\"\" class=\"wp-image-187811\" srcset=\"https:\/\/aconteceunovale.com.br\/portal\/wp-content\/uploads\/2022\/03\/fhc_presidente.jpg 678w, https:\/\/aconteceunovale.com.br\/portal\/wp-content\/uploads\/2022\/03\/fhc_presidente-300x180.jpg 300w\" sizes=\"auto, (max-width: 678px) 100vw, 678px\" \/><figcaption><em><sub>Fernando Henrique Cardoso &#8211; Foto: Wilson Dias\/Ag\u00eancia Brasil<\/sub><\/em><\/figcaption><\/figure>\n<\/figure>\n\n\n\n<p><em>\u201cO presidente Fernando Henrique Cardoso deu entrada no Hospital Israelita Albert Einstein ontem em raz\u00e3o de uma fratura de colo de f\u00eamur, e passar\u00e1 por procedimento cir\u00fargico nos pr\u00f3ximos dias\u201d, <\/em>diz o texto do boletim m\u00e9dico divulgado.<\/p>\n\n\n\n<p>FHC foi presidente da Rep\u00fablica por dois mandatos, de 1994 a 2002, senador constituinte, ministro das Rela\u00e7\u00f5es Exteriores e ministro da Fazenda. Atualmente, \u00e9 presidente do Instituto Fernando Henrique Cardoso (IFHC) e presidente de honra do PSDB.<\/p>\n\n\n\n<p>&#8212;&#8212;&#8212;&#8212;&#8212;&#8212;<br><br><strong>Sabia que o Aconteceu no Vale est\u00e1 tamb\u00e9m no Telegram? <a rel=\"noreferrer noopener\" href=\"https:\/\/t.me\/aconteceunovaleoficial\" target=\"_blank\">Inscreva-se no canal<\/a>.<\/strong><br><br><strong>J\u00e1 curtiu ou seguiu nossas p\u00e1ginas nas redes sociais?\u00a0Receba as not\u00edcias em primeira m\u00e3o:<\/strong><br>\u2022 <a rel=\"noreferrer noopener\" href=\"https:\/\/news.google.com\/publications\/CAAqBwgKMNjklQswi4etAw?hl=pt-BR&amp;gl=BR&amp;ceid=BR%3Apt-419\" target=\"_blank\">Google News<\/a><br>\u2022 <a rel=\"noreferrer noopener\" href=\"https:\/\/www.facebook.com\/aconteceunovale\/\" target=\"_blank\">Facebook<\/a><br>\u2022 <a rel=\"noreferrer noopener\" href=\"https:\/\/twitter.com\/noticiadosvales\" target=\"_blank\">Twitter<\/a><br>\u2022 <a rel=\"noreferrer noopener\" href=\"https:\/\/www.instagram.com\/aconteceunovale\" target=\"_blank\">Instagram<\/a><br>\u2022 <a rel=\"noreferrer noopener\" href=\"https:\/\/www.youtube.com\/AconteceunoValeOficial\" target=\"_blank\">Youtube<\/a><br>\u2022 <a rel=\"noreferrer noopener\" href=\"https:\/\/www.tiktok.com\/@aconteceunovale\" target=\"_blank\">TikTok<\/a><\/p>\n","protected":false},"excerpt":{"rendered":"<p>O ex-presidente da Rep\u00fablica, Fernando Henrique Cardoso, de 90 anos, ser\u00e1 submetido a uma cirurgia em raz\u00e3o da fratura que sofreu no colo do f\u00eamur, segundo boletim m\u00e9dico divulgado hoje (12\/3\/2022) pelo Hospital Israelita Albert Einstein. FHC deu entrada ontem (11) na unidade de sa\u00fade e permanece internado. \u201cO presidente Fernando Henrique Cardoso deu entrada [&hellip;]<\/p>\n","protected":false},"author":4,"featured_media":187811,"comment_status":"open","ping_status":"closed","sticky":false,"template":"","format":"standard","meta":{"amp_status":"","footnotes":""},"categories":[6,40240],"tags":[259832,259831,1018,259829,259833,259830,18881,18882],"class_list":["post-187810","post","type-post","status-publish","format-standard","has-post-thumbnail","hentry","category-br","category-politica-2","tag-cirurgia-fernando-henrique-cardoso","tag-cirurgia-fhc","tag-destaque","tag-ex-presidente-fernando-henrique-cardoso","tag-ex-presidente-fernando-henrique-cardoso-passara-por-cirurgia","tag-ex-presidente-fhc","tag-fernando-henrique-cardoso","tag-fhc"],"_links":{"self":[{"href":"https:\/\/aconteceunovale.com.br\/portal\/index.php?rest_route=\/wp\/v2\/posts\/187810","targetHints":{"allow":["GET"]}}],"collection":[{"href":"https:\/\/aconteceunovale.com.br\/portal\/index.php?rest_route=\/wp\/v2\/posts"}],"about":[{"href":"https:\/\/aconteceunovale.com.br\/portal\/index.php?rest_route=\/wp\/v2\/types\/post"}],"author":[{"embeddable":true,"href":"https:\/\/aconteceunovale.com.br\/portal\/index.php?rest_route=\/wp\/v2\/users\/4"}],"replies":[{"embeddable":true,"href":"https:\/\/aconteceunovale.com.br\/portal\/index.php?rest_route=%2Fwp%2Fv2%2Fcomments&post=187810"}],"version-history":[{"count":2,"href":"https:\/\/aconteceunovale.com.br\/portal\/index.php?rest_route=\/wp\/v2\/posts\/187810\/revisions"}],"predecessor-version":[{"id":187813,"href":"https:\/\/aconteceunovale.com.br\/portal\/index.php?rest_route=\/wp\/v2\/posts\/187810\/revisions\/187813"}],"wp:featuredmedia":[{"embeddable":true,"href":"https:\/\/aconteceunovale.com.br\/portal\/index.php?rest_route=\/wp\/v2\/media\/187811"}],"wp:attachment":[{"href":"https:\/\/aconteceunovale.com.br\/portal\/index.php?rest_route=%2Fwp%2Fv2%2Fmedia&parent=187810"}],"wp:term":[{"taxonomy":"category","embeddable":true,"href":"https:\/\/aconteceunovale.com.br\/portal\/index.php?rest_route=%2Fwp%2Fv2%2Fcategories&post=187810"},{"taxonomy":"post_tag","embeddable":true,"href":"https:\/\/aconteceunovale.com.br\/portal\/index.php?rest_route=%2Fwp%2Fv2%2Ftags&post=187810"}],"curies":[{"name":"wp","href":"https:\/\/api.w.org\/{rel}","templated":true}]}}