{"id":187803,"date":"2022-03-11T11:30:11","date_gmt":"2022-03-11T14:30:11","guid":{"rendered":"https:\/\/aconteceunovale.com.br\/portal\/?p=187803"},"modified":"2022-03-11T11:31:08","modified_gmt":"2022-03-11T14:31:08","slug":"minas-gerais-flexibiliza-uso-de-mascaras-em-locais-abertos","status":"publish","type":"post","link":"https:\/\/aconteceunovale.com.br\/portal\/?p=187803","title":{"rendered":"Minas Gerais flexibiliza uso de m\u00e1scaras em locais abertos"},"content":{"rendered":"\n<p>O governo de Minas Gerais retirou a obrigatoriedade do uso de m\u00e1scaras de prote\u00e7\u00e3o facial em locais abertos de todo o estado. A decis\u00e3o foi anunciada nesta quinta-feira (10\/3\/2022) pelo secret\u00e1rio estadual de Sa\u00fade, F\u00e1bio Baccheretti, e passa a valer a partir de s\u00e1bado (12\/3).<\/p>\n\n\n\n<figure class=\"wp-block-gallery has-nested-images columns-default is-cropped wp-block-gallery-1 is-layout-flex wp-block-gallery-is-layout-flex\">\n<figure class=\"wp-block-image size-large\"><img loading=\"lazy\" decoding=\"async\" width=\"675\" height=\"450\" data-id=\"187804\" src=\"https:\/\/aconteceunovale.com.br\/portal\/wp-content\/uploads\/2022\/03\/fabio_baccheretti.jpg\" alt=\"\" class=\"wp-image-187804\" srcset=\"https:\/\/aconteceunovale.com.br\/portal\/wp-content\/uploads\/2022\/03\/fabio_baccheretti.jpg 675w, https:\/\/aconteceunovale.com.br\/portal\/wp-content\/uploads\/2022\/03\/fabio_baccheretti-300x200.jpg 300w, https:\/\/aconteceunovale.com.br\/portal\/wp-content\/uploads\/2022\/03\/fabio_baccheretti-630x420.jpg 630w\" sizes=\"auto, (max-width: 675px) 100vw, 675px\" \/><figcaption><em><sub>Foto: F\u00e1bio Marchetto \/ SES-MG<\/sub><\/em><\/figcaption><\/figure>\n<\/figure>\n\n\n\n<p>De acordo com o secret\u00e1rio, os munic\u00edpios ter\u00e3o autonomia para decidir sobre o tema. Para a equipe t\u00e9cnica do governo estadual, por\u00e9m, o momento \u00e9 seguro para a flexibiliza\u00e7\u00e3o no uso do equipamento de prote\u00e7\u00e3o individual.<\/p>\n\n\n\n<p>O secret\u00e1rio disse que a decis\u00e3o est\u00e1 baseada no quadro de proje\u00e7\u00e3o de quedas de casos nos pr\u00f3ximos dias, e do fato de h\u00e1 mais de seis meses o estado est\u00e1 em onda verde, ou seja, um cen\u00e1rio controlado. Ele disse ainda que a vacina\u00e7\u00e3o completa no estado com duas doses est\u00e1 acima de 80% e o refor\u00e7o acima de 40%. \u201cA recomenda\u00e7\u00e3o do estado \u00e9 que cada munic\u00edpio possa desobrigar o uso de m\u00e1scara em locais abertos a partir de s\u00e1bado\u201d.<\/p>\n\n\n\n<p>Baccheretti explicou que a orienta\u00e7\u00e3o da pasta \u00e9 que cada munic\u00edpio verifique se sua cidade j\u00e1 atingiu pelo menos 80% da popula\u00e7\u00e3o vacinada com duas doses para poder optar pela flexibiliza\u00e7\u00e3o.<\/p>\n\n\n\n<p>Atualmente, o estado de Minas Gerais tem mais de 86% da popula\u00e7\u00e3o totalmente imunizada com as duas doses, ou dose \u00fanica, e cerca 45% com a dose de refor\u00e7o. Desde o in\u00edcio da pandemia da covid-19, mais de 60 mil pessoas morreram em decorr\u00eancia da infec\u00e7\u00e3o no estado.<\/p>\n\n\n\n<p>Ao menos outras nove capitais j\u00e1 flexibilizaram parcial ou totalmente o uso de m\u00e1scaras. Rio de Janeiro e Bras\u00edlia, por exemplo, liberaram o uso inclusive em locais fechados.<\/p>\n\n\n\n<p>&#8212;&#8212;&#8212;&#8212;&#8212;&#8212;<br><br><strong>Sabia que o Aconteceu no Vale est\u00e1 tamb\u00e9m no Telegram? <a rel=\"noreferrer noopener\" href=\"https:\/\/t.me\/aconteceunovaleoficial\" target=\"_blank\">Inscreva-se no canal<\/a>.<\/strong><br><br><strong>J\u00e1 curtiu ou seguiu nossas p\u00e1ginas nas redes sociais?\u00a0Receba as not\u00edcias em primeira m\u00e3o:<\/strong><br>\u2022 <a rel=\"noreferrer noopener\" href=\"https:\/\/news.google.com\/publications\/CAAqBwgKMNjklQswi4etAw?hl=pt-BR&amp;gl=BR&amp;ceid=BR%3Apt-419\" target=\"_blank\">Google News<\/a><br>\u2022 <a rel=\"noreferrer noopener\" href=\"https:\/\/www.facebook.com\/aconteceunovale\/\" target=\"_blank\">Facebook<\/a><br>\u2022 <a rel=\"noreferrer noopener\" href=\"https:\/\/twitter.com\/noticiadosvales\" target=\"_blank\">Twitter<\/a><br>\u2022 <a rel=\"noreferrer noopener\" href=\"https:\/\/www.instagram.com\/aconteceunovale\" target=\"_blank\">Instagram<\/a><br>\u2022 <a rel=\"noreferrer noopener\" href=\"https:\/\/www.youtube.com\/AconteceunoValeOficial\" target=\"_blank\">Youtube<\/a><br>\u2022 <a rel=\"noreferrer noopener\" href=\"https:\/\/www.tiktok.com\/@aconteceunovale\" target=\"_blank\">TikTok<\/a><\/p>\n","protected":false},"excerpt":{"rendered":"<p>O governo de Minas Gerais retirou a obrigatoriedade do uso de m\u00e1scaras de prote\u00e7\u00e3o facial em locais abertos de todo o estado. A decis\u00e3o foi anunciada nesta quinta-feira (10\/3\/2022) pelo secret\u00e1rio estadual de Sa\u00fade, F\u00e1bio Baccheretti, e passa a valer a partir de s\u00e1bado (12\/3). De acordo com o secret\u00e1rio, os munic\u00edpios ter\u00e3o autonomia para [&hellip;]<\/p>\n","protected":false},"author":4,"featured_media":187804,"comment_status":"open","ping_status":"closed","sticky":false,"template":"","format":"standard","meta":{"amp_status":"","footnotes":""},"categories":[123,40242],"tags":[1018,239750,51191,131,259822,52113,259823,224284,259824],"class_list":["post-187803","post","type-post","status-publish","format-standard","has-post-thumbnail","hentry","category-gerais","category-saude-2","tag-destaque","tag-fabio-baccheretti","tag-governo-de-minas-gerais","tag-minas-gerais","tag-minas-gerais-flexibiliza-uso-de-mascaras-em-locais-abertos","tag-ses-mg","tag-uso-de-mascara-em-locais-abertos-em-minas-gerais","tag-uso-de-mascara-em-minas-gerais","tag-uso-de-protecao-facial-em-minas-gerais"],"_links":{"self":[{"href":"https:\/\/aconteceunovale.com.br\/portal\/index.php?rest_route=\/wp\/v2\/posts\/187803","targetHints":{"allow":["GET"]}}],"collection":[{"href":"https:\/\/aconteceunovale.com.br\/portal\/index.php?rest_route=\/wp\/v2\/posts"}],"about":[{"href":"https:\/\/aconteceunovale.com.br\/portal\/index.php?rest_route=\/wp\/v2\/types\/post"}],"author":[{"embeddable":true,"href":"https:\/\/aconteceunovale.com.br\/portal\/index.php?rest_route=\/wp\/v2\/users\/4"}],"replies":[{"embeddable":true,"href":"https:\/\/aconteceunovale.com.br\/portal\/index.php?rest_route=%2Fwp%2Fv2%2Fcomments&post=187803"}],"version-history":[{"count":1,"href":"https:\/\/aconteceunovale.com.br\/portal\/index.php?rest_route=\/wp\/v2\/posts\/187803\/revisions"}],"predecessor-version":[{"id":187805,"href":"https:\/\/aconteceunovale.com.br\/portal\/index.php?rest_route=\/wp\/v2\/posts\/187803\/revisions\/187805"}],"wp:featuredmedia":[{"embeddable":true,"href":"https:\/\/aconteceunovale.com.br\/portal\/index.php?rest_route=\/wp\/v2\/media\/187804"}],"wp:attachment":[{"href":"https:\/\/aconteceunovale.com.br\/portal\/index.php?rest_route=%2Fwp%2Fv2%2Fmedia&parent=187803"}],"wp:term":[{"taxonomy":"category","embeddable":true,"href":"https:\/\/aconteceunovale.com.br\/portal\/index.php?rest_route=%2Fwp%2Fv2%2Fcategories&post=187803"},{"taxonomy":"post_tag","embeddable":true,"href":"https:\/\/aconteceunovale.com.br\/portal\/index.php?rest_route=%2Fwp%2Fv2%2Ftags&post=187803"}],"curies":[{"name":"wp","href":"https:\/\/api.w.org\/{rel}","templated":true}]}}