{"id":187795,"date":"2022-03-10T14:34:19","date_gmt":"2022-03-10T17:34:19","guid":{"rendered":"https:\/\/aconteceunovale.com.br\/portal\/?p=187795"},"modified":"2022-03-10T14:35:40","modified_gmt":"2022-03-10T17:35:40","slug":"brasileiros-que-fugiram-da-guerra-na-ucrania-chegam-a-brasilia","status":"publish","type":"post","link":"https:\/\/aconteceunovale.com.br\/portal\/?p=187795","title":{"rendered":"Brasileiros que fugiram da guerra na Ucr\u00e2nia chegam a Bras\u00edlia"},"content":{"rendered":"\n<p>Ap\u00f3s semanas de incertezas, priva\u00e7\u00f5es e riscos, um\u00a0grupo de brasileiros chegou\u00a0a Bras\u00edlia, nesta quinta-feira (10\/3\/2022), em seguran\u00e7a. Eles fugiram da guerra na Ucr\u00e2nia e foram resgatados pela For\u00e7a A\u00e9rea Brasileira (FAB).<\/p>\n\n\n\n<figure class=\"wp-block-gallery has-nested-images columns-default is-cropped wp-block-gallery-1 is-layout-flex wp-block-gallery-is-layout-flex\">\n<figure class=\"wp-block-image size-large\"><img loading=\"lazy\" decoding=\"async\" width=\"678\" height=\"429\" data-id=\"187796\" src=\"https:\/\/aconteceunovale.com.br\/portal\/wp-content\/uploads\/2022\/03\/aviao_fab_bra.jpg\" alt=\"\" class=\"wp-image-187796\" srcset=\"https:\/\/aconteceunovale.com.br\/portal\/wp-content\/uploads\/2022\/03\/aviao_fab_bra.jpg 678w, https:\/\/aconteceunovale.com.br\/portal\/wp-content\/uploads\/2022\/03\/aviao_fab_bra-300x190.jpg 300w, https:\/\/aconteceunovale.com.br\/portal\/wp-content\/uploads\/2022\/03\/aviao_fab_bra-664x420.jpg 664w\" sizes=\"auto, (max-width: 678px) 100vw, 678px\" \/><figcaption><em><sub>Foto: Sgt Bianca \/ For\u00e7a A\u00e9rea Brasileira<\/sub><\/em><\/figcaption><\/figure>\n<\/figure>\n\n\n\n<p>Al\u00e9m de 43 brasileiros repatriados, o grupo \u00e9 formado por 19 ucranianos, cinco argentinos e um colombiano. Entre eles, h\u00e1 14 crian\u00e7as, oito cachorros e dois gatos de estima\u00e7\u00e3o. Ap\u00f3s conseguirem cruzar a fronteira da Ucr\u00e2nia com a Pol\u00f4nia, as pessoas se concentraram em Vars\u00f3via, de onde foram resgatadas por duas aeronaves da FAB: um KC-390 Millennium e um jato Embraer Legacy.&nbsp;<\/p>\n\n\n\n<p>A maior parte das pessoas viajou a bordo do KC-390, que pousou na Base A\u00e9rea de Bras\u00edlia perto de 12h30. No Legacy, viajaram&nbsp;uma gr\u00e1vida e duas fam\u00edlias com crian\u00e7as de colo, al\u00e9m do ministro das Rela\u00e7\u00f5es Exteriores, Carlos Fran\u00e7a, que estava na Pol\u00f4nia, coordenando as etapas finais da chamada Opera\u00e7\u00e3o Repatria\u00e7\u00e3o.&nbsp;<\/p>\n\n\n\n<p>Ao deixar os avi\u00f5es, o grupo foi recepcionado pelo presidente da Rep\u00fablica, Jair Bolsonaro e pela primeira-dama&nbsp;Michelle Bolsonaro. Ministros de Estado, parlamentares e oficiais militares tamb\u00e9m prestigiavam a cerim\u00f4nia de recep\u00e7\u00e3o.<\/p>\n\n\n\n<p>A capital federal foi o destino final de uma viagem de quase 12 horas que, a partir da capital polonesa, contou com r\u00e1pidas escalas em Lisboa (Portugal), na Ilha do Sal (Cabo Verde) e em Recife (PE), onde a aeronave pousou por volta das 6h30 de&nbsp;hoje, e&nbsp;permaneceu por cerca de tr\u00eas horas.&nbsp;<\/p>\n\n\n\n<p>De Bras\u00edlia, as pessoas poder\u00e3o seguir para seus destinos finais com passagens cedidas por companhias a\u00e9reas, mas, antes, passar\u00e3o por\u00a0procedimentos administrativos e sanit\u00e1rios necess\u00e1rios para\u00a0entrada no pa\u00eds.<\/p>\n\n\n\n<figure class=\"wp-block-gallery has-nested-images columns-default is-cropped wp-block-gallery-2 is-layout-flex wp-block-gallery-is-layout-flex\">\n<figure class=\"wp-block-image size-large\"><img loading=\"lazy\" decoding=\"async\" width=\"678\" height=\"406\" data-id=\"187797\" src=\"https:\/\/aconteceunovale.com.br\/portal\/wp-content\/uploads\/2022\/03\/chegada_brasileiros.jpg\" alt=\"\" class=\"wp-image-187797\" srcset=\"https:\/\/aconteceunovale.com.br\/portal\/wp-content\/uploads\/2022\/03\/chegada_brasileiros.jpg 678w, https:\/\/aconteceunovale.com.br\/portal\/wp-content\/uploads\/2022\/03\/chegada_brasileiros-300x180.jpg 300w\" sizes=\"auto, (max-width: 678px) 100vw, 678px\" \/><figcaption><em><sub>Foto: Marcelo Camargo\/Ag\u00eancia Brasil<\/sub><\/em><\/figcaption><\/figure>\n<\/figure>\n\n\n\n<p>&#8212;&#8212;&#8212;&#8212;&#8212;&#8212;<br><br><strong>Sabia que o Aconteceu no Vale est\u00e1 tamb\u00e9m no Telegram? <a rel=\"noreferrer noopener\" href=\"https:\/\/t.me\/aconteceunovaleoficial\" target=\"_blank\">Inscreva-se no canal<\/a>.<\/strong><br><br><strong>J\u00e1 curtiu ou seguiu nossas p\u00e1ginas nas redes sociais?\u00a0Receba as not\u00edcias em primeira m\u00e3o:<\/strong><br>\u2022 <a rel=\"noreferrer noopener\" href=\"https:\/\/news.google.com\/publications\/CAAqBwgKMNjklQswi4etAw?hl=pt-BR&amp;gl=BR&amp;ceid=BR%3Apt-419\" target=\"_blank\">Google News<\/a><br>\u2022 <a rel=\"noreferrer noopener\" href=\"https:\/\/www.facebook.com\/aconteceunovale\/\" target=\"_blank\">Facebook<\/a><br>\u2022 <a rel=\"noreferrer noopener\" href=\"https:\/\/twitter.com\/noticiadosvales\" target=\"_blank\">Twitter<\/a><br>\u2022 <a rel=\"noreferrer noopener\" href=\"https:\/\/www.instagram.com\/aconteceunovale\" target=\"_blank\">Instagram<\/a><br>\u2022 <a rel=\"noreferrer noopener\" href=\"https:\/\/www.youtube.com\/AconteceunoValeOficial\" target=\"_blank\">Youtube<\/a><br>\u2022 <a rel=\"noreferrer noopener\" href=\"https:\/\/www.tiktok.com\/@aconteceunovale\" target=\"_blank\">TikTok<\/a><\/p>\n","protected":false},"excerpt":{"rendered":"<p>Ap\u00f3s semanas de incertezas, priva\u00e7\u00f5es e riscos, um\u00a0grupo de brasileiros chegou\u00a0a Bras\u00edlia, nesta quinta-feira (10\/3\/2022), em seguran\u00e7a. Eles fugiram da guerra na Ucr\u00e2nia e foram resgatados pela For\u00e7a A\u00e9rea Brasileira (FAB). Al\u00e9m de 43 brasileiros repatriados, o grupo \u00e9 formado por 19 ucranianos, cinco argentinos e um colombiano. Entre eles, h\u00e1 14 crian\u00e7as, oito cachorros [&hellip;]<\/p>\n","protected":false},"author":4,"featured_media":187796,"comment_status":"open","ping_status":"closed","sticky":false,"template":"","format":"standard","meta":{"amp_status":"","footnotes":""},"categories":[6],"tags":[34428,258135,259469,259470,259752,259804,4785,259331,259817,259468,259466,259420,258130,258129,258134,258133,259340,259447,258132,258131,259479,259337,259336,259338,259341,259335,259390,259333,213971,254264,259332,259334,258136,259339,259463,258137,150582,150581,259424,258138,21341,259425,259394,259426,259467,259464,259465,259462,259471,63039,99805,79905,232285,37630,75389,259423,259395,259396],"class_list":["post-187795","post","type-post","status-publish","format-standard","has-post-thumbnail","hentry","category-br","tag-alta-do-dolar","tag-antonio-barbosa","tag-ataque-a-predio-em-kiev","tag-ataque-a-predio-residencial-em-kiev","tag-aviao-da-fab-que-resgatara-brasileiros-parte-para-a-polonia","tag-aviao-que-resgatou-brasileiros-deixa-a-polonia","tag-brasil","tag-brasileiros-na-ucrania","tag-brasileiros-que-fugiram-da-guerra-na-ucrania-chegam-a-brasilia","tag-camera-de-seguranca-flagra-ataque-a-predio-residencial-em-kiev","tag-carro-atropelado-por-tanque-de-guerra","tag-cerca-de-800-soldados-russos-foram-mortos-em-confronto-afirma-autoridade-ucraniana","tag-compreenda-o-conflito-entre-russia-e-ucrania","tag-conflito-entre-russia-e-ucrania","tag-conflito-no-leste-europeu","tag-crimeia","tag-embaixada-da-ucrania-no-brasil-afirma-que-invasao-poe-em-risco-a-ordem-mundial","tag-embaixada-ucraniana-espera-posicao-forte-do-brasil-sobre-guerra","tag-entenda-como-o-conflito-entre-russia-e-ucrania-afeta-o-brasil","tag-entenda-o-conflito-entre-russia-e-ucrania","tag-fab-coloca-avioes-de-prontidao-para-retirada-de-brasileiros-da-ucrania","tag-guerra-entre-russia-e-ucrania","tag-guerra-na-ucrania","tag-invasao-da-ucrania","tag-invasao-da-ucrania-preocupa-jogadores-brasileiros-que-atuam-em-kharkiv","tag-jens-stoltenberg","tag-joe-biden-anuncia-maior-sancao-economica-da-historia","tag-jogadores-brasileiros-na-ucrania","tag-kiev","tag-leste-europeu","tag-lista-de-brasileiros-na-ucrania","tag-lista-de-jogadores-brasileiros-na-ucrania","tag-mauricio-santoro","tag-ministerio-das-relacoes-exteriores-do-brasil-apela-para-a-suspensao-imediata-do-conflito-na-ucrania","tag-obolon","tag-olaf-scholz","tag-organizacao-do-tratado-do-atlantico-norte","tag-otan","tag-putin-acusa-governo-da-ucrania-de-planejar-genocidio","tag-reflexos-do-conflito-entre-russia-e-ucrania-no-brasil","tag-russia","tag-russia-pretende-derrubar-o-governo-da-ucrania","tag-saida-diplomatica-ainda-e-aposta-de-analistas-para-russia-e-ucrania","tag-secretario-geral-da-otan","tag-tanque-de-guerra-atropela-carro","tag-tanque-de-guerra-passa-por-cima-do-veiculo-de-idoso-em-kiev","tag-tanque-de-guerra-passa-por-cima-do-veiculo-de-idoso-em-obolon","tag-tanque-de-guerra-passa-por-cima-do-veiculo-de-idoso-na-ucrania","tag-tanques-de-guerra-sao-recebidos-com-coqueteis-molotov-na-periferia-de-kiev","tag-ucrania","tag-uerj","tag-unb","tag-ursula-von-der-leyen","tag-valorizacao-do-dolar","tag-vladimir-putin","tag-vladimir-putin-pede-aos-militares-ucranianos-para-tomarem-o-poder","tag-volodymyr-zelenskiy","tag-volodymyr-zelensky"],"_links":{"self":[{"href":"https:\/\/aconteceunovale.com.br\/portal\/index.php?rest_route=\/wp\/v2\/posts\/187795","targetHints":{"allow":["GET"]}}],"collection":[{"href":"https:\/\/aconteceunovale.com.br\/portal\/index.php?rest_route=\/wp\/v2\/posts"}],"about":[{"href":"https:\/\/aconteceunovale.com.br\/portal\/index.php?rest_route=\/wp\/v2\/types\/post"}],"author":[{"embeddable":true,"href":"https:\/\/aconteceunovale.com.br\/portal\/index.php?rest_route=\/wp\/v2\/users\/4"}],"replies":[{"embeddable":true,"href":"https:\/\/aconteceunovale.com.br\/portal\/index.php?rest_route=%2Fwp%2Fv2%2Fcomments&post=187795"}],"version-history":[{"count":2,"href":"https:\/\/aconteceunovale.com.br\/portal\/index.php?rest_route=\/wp\/v2\/posts\/187795\/revisions"}],"predecessor-version":[{"id":187799,"href":"https:\/\/aconteceunovale.com.br\/portal\/index.php?rest_route=\/wp\/v2\/posts\/187795\/revisions\/187799"}],"wp:featuredmedia":[{"embeddable":true,"href":"https:\/\/aconteceunovale.com.br\/portal\/index.php?rest_route=\/wp\/v2\/media\/187796"}],"wp:attachment":[{"href":"https:\/\/aconteceunovale.com.br\/portal\/index.php?rest_route=%2Fwp%2Fv2%2Fmedia&parent=187795"}],"wp:term":[{"taxonomy":"category","embeddable":true,"href":"https:\/\/aconteceunovale.com.br\/portal\/index.php?rest_route=%2Fwp%2Fv2%2Fcategories&post=187795"},{"taxonomy":"post_tag","embeddable":true,"href":"https:\/\/aconteceunovale.com.br\/portal\/index.php?rest_route=%2Fwp%2Fv2%2Ftags&post=187795"}],"curies":[{"name":"wp","href":"https:\/\/api.w.org\/{rel}","templated":true}]}}