{"id":187788,"date":"2022-03-10T09:49:02","date_gmt":"2022-03-10T12:49:02","guid":{"rendered":"https:\/\/aconteceunovale.com.br\/portal\/?p=187788"},"modified":"2022-03-10T09:52:06","modified_gmt":"2022-03-10T12:52:06","slug":"prefixo-0303-para-telemarketing-passa-a-ser-obrigatorio","status":"publish","type":"post","link":"https:\/\/aconteceunovale.com.br\/portal\/?p=187788","title":{"rendered":"Prefixo 0303 para telemarketing passa a ser obrigat\u00f3rio"},"content":{"rendered":"\n<p>Come\u00e7a a valer, a partir desta\u00a0quinta-feira (10\/3\/2022), o uso obrigat\u00f3rio do prefixo 0303 na liga\u00e7\u00f5es realizadas para clientes pelas\u00a0empresas de telemarketing. A mudan\u00e7a, anunciada no final do ano passado pela Ag\u00eancia Nacional de Telecomunica\u00e7\u00f5es (Anatel), tem o objetivo de ajudar os usu\u00e1rios a identificarem facilmente\u00a0esse tipo de\u00a0liga\u00e7\u00e3o e decidir se v\u00e3o aceitar a chamada.<\/p>\n\n\n\n<p>O&nbsp;c\u00f3digo aparecer\u00e1 no in\u00edcio do n\u00famero de qualquer liga\u00e7\u00e3o que vise a ofertar produtos ou servi\u00e7os. As mudan\u00e7as valem&nbsp;apenas&nbsp;para as prestadoras de telefonia m\u00f3vel. Daqui a 90 dias, dever\u00e3o ser implementadas tamb\u00e9m pelas operadoras de telefonia fixa.<\/p>\n\n\n\n<p>Segundo a Anatel , o uso do c\u00f3digo 0303 ser\u00e1 exclusivo e obrigat\u00f3rio para atividades de telemarketing ativo, pr\u00e1tica de oferta de produtos ou servi\u00e7os por meio de liga\u00e7\u00f5es ou mensagens telef\u00f4nicas, previamente gravadas ou n\u00e3o. A medida determina que as redes de telecomunica\u00e7\u00f5es permitam a identifica\u00e7\u00e3o clara do c\u00f3digo no visor do aparelho.&nbsp;<\/p>\n\n\n\n<p>Al\u00e9m disso, as operadoras dever\u00e3o fazer o bloqueio preventivo de chamadas originadas de telemarketing ativo a pedido do consumidor.\u00a0Tamb\u00e9m caber\u00e1 \u00e0s teles empregar os meios tecnol\u00f3gicos necess\u00e1rio para coibir o uso fora das regras estabelecidas pela Anatel.<\/p>\n\n\n\n<p>&#8212;&#8212;&#8212;&#8212;&#8212;&#8212;<br><br><strong>Sabia que o Aconteceu no Vale est\u00e1 tamb\u00e9m no Telegram? <a rel=\"noreferrer noopener\" href=\"https:\/\/t.me\/aconteceunovaleoficial\" target=\"_blank\">Inscreva-se no canal<\/a>.<\/strong><br><br><strong>J\u00e1 curtiu ou seguiu nossas p\u00e1ginas nas redes sociais?\u00a0Receba as not\u00edcias em primeira m\u00e3o:<\/strong><br>\u2022 <a rel=\"noreferrer noopener\" href=\"https:\/\/news.google.com\/publications\/CAAqBwgKMNjklQswi4etAw?hl=pt-BR&amp;gl=BR&amp;ceid=BR%3Apt-419\" target=\"_blank\">Google News<\/a><br>\u2022 <a rel=\"noreferrer noopener\" href=\"https:\/\/www.facebook.com\/aconteceunovale\/\" target=\"_blank\">Facebook<\/a><br>\u2022 <a rel=\"noreferrer noopener\" href=\"https:\/\/twitter.com\/noticiadosvales\" target=\"_blank\">Twitter<\/a><br>\u2022 <a rel=\"noreferrer noopener\" href=\"https:\/\/www.instagram.com\/aconteceunovale\" target=\"_blank\">Instagram<\/a><br>\u2022 <a rel=\"noreferrer noopener\" href=\"https:\/\/www.youtube.com\/AconteceunoValeOficial\" target=\"_blank\">Youtube<\/a><br>\u2022 <a rel=\"noreferrer noopener\" href=\"https:\/\/www.tiktok.com\/@aconteceunovale\" target=\"_blank\">TikTok<\/a><\/p>\n","protected":false},"excerpt":{"rendered":"<p>Come\u00e7a a valer, a partir desta\u00a0quinta-feira (10\/3\/2022), o uso obrigat\u00f3rio do prefixo 0303 na liga\u00e7\u00f5es realizadas para clientes pelas\u00a0empresas de telemarketing. A mudan\u00e7a, anunciada no final do ano passado pela Ag\u00eancia Nacional de Telecomunica\u00e7\u00f5es (Anatel), tem o objetivo de ajudar os usu\u00e1rios a identificarem facilmente\u00a0esse tipo de\u00a0liga\u00e7\u00e3o e decidir se v\u00e3o aceitar a chamada. O&nbsp;c\u00f3digo [&hellip;]<\/p>\n","protected":false},"author":4,"featured_media":180988,"comment_status":"open","ping_status":"closed","sticky":false,"template":"","format":"standard","meta":{"amp_status":"","footnotes":""},"categories":[6],"tags":[36954,19797,8373,255663,249757,249758,249761,249762,1018,255664,249760,249759,255667,255665,259814,255666,8374],"class_list":["post-187788","post","type-post","status-publish","format-standard","has-post-thumbnail","hentry","category-br","tag-agencia-nacional-de-telecomunicacoes","tag-anatel","tag-bloqueio-de-telemarketing","tag-chamadas-de-telemarketing","tag-codigo-0303","tag-codigo-para-identificar-ligacoes-de-telemarketing","tag-consulta-publica-anatel-ligacoes-de-telemarketing","tag-controle-telemarketing","tag-destaque","tag-identificacao-de-chamadas-de-telemarketing","tag-identificacao-de-ligacoes-de-telemarketing","tag-ligacoes-de-telemarketing","tag-novas-regras-para-telemarketing","tag-numero-para-telemarketing","tag-prefixo-0303-para-telemarketing-passa-a-ser-obrigatorio","tag-regulacao-do-telemarketing","tag-telemarketing"],"_links":{"self":[{"href":"https:\/\/aconteceunovale.com.br\/portal\/index.php?rest_route=\/wp\/v2\/posts\/187788","targetHints":{"allow":["GET"]}}],"collection":[{"href":"https:\/\/aconteceunovale.com.br\/portal\/index.php?rest_route=\/wp\/v2\/posts"}],"about":[{"href":"https:\/\/aconteceunovale.com.br\/portal\/index.php?rest_route=\/wp\/v2\/types\/post"}],"author":[{"embeddable":true,"href":"https:\/\/aconteceunovale.com.br\/portal\/index.php?rest_route=\/wp\/v2\/users\/4"}],"replies":[{"embeddable":true,"href":"https:\/\/aconteceunovale.com.br\/portal\/index.php?rest_route=%2Fwp%2Fv2%2Fcomments&post=187788"}],"version-history":[{"count":1,"href":"https:\/\/aconteceunovale.com.br\/portal\/index.php?rest_route=\/wp\/v2\/posts\/187788\/revisions"}],"predecessor-version":[{"id":187789,"href":"https:\/\/aconteceunovale.com.br\/portal\/index.php?rest_route=\/wp\/v2\/posts\/187788\/revisions\/187789"}],"wp:featuredmedia":[{"embeddable":true,"href":"https:\/\/aconteceunovale.com.br\/portal\/index.php?rest_route=\/wp\/v2\/media\/180988"}],"wp:attachment":[{"href":"https:\/\/aconteceunovale.com.br\/portal\/index.php?rest_route=%2Fwp%2Fv2%2Fmedia&parent=187788"}],"wp:term":[{"taxonomy":"category","embeddable":true,"href":"https:\/\/aconteceunovale.com.br\/portal\/index.php?rest_route=%2Fwp%2Fv2%2Fcategories&post=187788"},{"taxonomy":"post_tag","embeddable":true,"href":"https:\/\/aconteceunovale.com.br\/portal\/index.php?rest_route=%2Fwp%2Fv2%2Ftags&post=187788"}],"curies":[{"name":"wp","href":"https:\/\/api.w.org\/{rel}","templated":true}]}}