{"id":187786,"date":"2022-03-10T00:49:59","date_gmt":"2022-03-10T03:49:59","guid":{"rendered":"https:\/\/aconteceunovale.com.br\/portal\/?p=187786"},"modified":"2022-03-10T00:51:24","modified_gmt":"2022-03-10T03:51:24","slug":"nova-variante-do-coronavirus-e-monitorada-pela-oms","status":"publish","type":"post","link":"https:\/\/aconteceunovale.com.br\/portal\/?p=187786","title":{"rendered":"Nova variante do coronav\u00edrus \u00e9 monitorada pela OMS"},"content":{"rendered":"\n<p>A Organiza\u00e7\u00e3o Mundial da Sa\u00fade (OMS) informou nesta quarta-feira (9) que est\u00e1 monitorando o surgimento de uma nova variante do coronav\u00edrus que combina caracter\u00edsticas gen\u00e9ticas duas outras vers\u00f5es do v\u00edrus: a \u00d4micron e a Delta. A mistura das duas variantes tem sido chamada informalmente de Deltacron.<\/p>\n\n\n\n<p>A primeira evid\u00eancia mais s\u00f3lida de um v\u00edrus recombinante Delta e \u00d4micron foi compartilhada pelo Instituto Pasteur, da Fran\u00e7a. Eles fizeram o sequenciamento gen\u00e9tico completo do v\u00edrus para o GISAID, um banco de dados internacional que centraliza as sequ\u00eancias gen\u00e9ticas de todas as variantes do coronav\u00edrus.<\/p>\n\n\n\n<p>A diretora t\u00e9cnica da Organiza\u00e7\u00e3o Mundial da Sa\u00fade (OMS), Maria Van Kerkhove, disse que a entidade est\u00e1 ciente dessa nova variante, j\u00e1 identificada em tr\u00eas pa\u00edses europeus.<\/p>\n\n\n\n<p>&#8220;Estamos cientes disso, \u00e9 uma combina\u00e7\u00e3o das variantes Delta e \u00d4micron. Foi detectada na Fran\u00e7a, na Holanda e na Dinamarca. Isso era algo esperado dado que h\u00e1 uma intensa circula\u00e7\u00e3o dessas variantes&#8221;, disse durante coletiva de imprensa da OMS.<\/p>\n\n\n\n<p>Segundo ela, em pa\u00edses da Europa a variante Delta continuava circulando de forma expressiva quando surgiu a variante \u00d4micron, o que pode explicar essa recombina\u00e7\u00e3o.<\/p>\n\n\n\n<p>A epidemiologista ponderou que, at\u00e9 o momento, n\u00e3o foi identificada nenhuma severidade maior da infec\u00e7\u00e3o pela nova variante, mas que pesquisas e estudos ainda est\u00e3o em andamento.<\/p>\n\n\n\n<h2 class=\"wp-block-heading\">Pandemia<\/h2>\n\n\n\n<p>Sobre a persist\u00eancia da pandemia, o diretor-geral da OMS, Tedros Adhanom, voltou a dizer que ela est\u00e1 longe do fim. &#8220;A pandemia est\u00e1 longe de acabar. E ela n\u00e3o vai acabar em nenhum lugar at\u00e9 que ela acabe em todos os lugares&#8221;, alertou.<\/p>\n\n\n\n<p>Em janeiro deste ano, ap\u00f3s o aumento exponencial de contamina\u00e7\u00f5es impulsionado pela variante \u00d4micron, o dirigente da OMS j\u00e1 havia dito a mesma coisa. Ele tamb\u00e9m lembrou que, na pr\u00f3xima sexta-feira (11) completar\u00e1 exatamente dois anos em que a epidemia de covid-19 foi descrita como uma pandemia global.<\/p>\n\n\n\n<p>&#8212;&#8212;&#8212;&#8212;&#8212;&#8212;<br><br><strong>Sabia que o Aconteceu no Vale est\u00e1 tamb\u00e9m no Telegram? <a rel=\"noreferrer noopener\" href=\"https:\/\/t.me\/aconteceunovaleoficial\" target=\"_blank\">Inscreva-se no canal<\/a>.<\/strong><br><br><strong>J\u00e1 curtiu ou seguiu nossas p\u00e1ginas nas redes sociais?\u00a0Receba as not\u00edcias em primeira m\u00e3o:<\/strong><br>\u2022 <a rel=\"noreferrer noopener\" href=\"https:\/\/news.google.com\/publications\/CAAqBwgKMNjklQswi4etAw?hl=pt-BR&amp;gl=BR&amp;ceid=BR%3Apt-419\" target=\"_blank\">Google News<\/a><br>\u2022 <a rel=\"noreferrer noopener\" href=\"https:\/\/www.facebook.com\/aconteceunovale\/\" target=\"_blank\">Facebook<\/a><br>\u2022 <a rel=\"noreferrer noopener\" href=\"https:\/\/twitter.com\/noticiadosvales\" target=\"_blank\">Twitter<\/a><br>\u2022 <a rel=\"noreferrer noopener\" href=\"https:\/\/www.instagram.com\/aconteceunovale\" target=\"_blank\">Instagram<\/a><br>\u2022 <a rel=\"noreferrer noopener\" href=\"https:\/\/www.youtube.com\/AconteceunoValeOficial\" target=\"_blank\">Youtube<\/a><br>\u2022 <a rel=\"noreferrer noopener\" href=\"https:\/\/www.tiktok.com\/@aconteceunovale\" target=\"_blank\">TikTok<\/a><\/p>\n","protected":false},"excerpt":{"rendered":"<p>A Organiza\u00e7\u00e3o Mundial da Sa\u00fade (OMS) informou nesta quarta-feira (9) que est\u00e1 monitorando o surgimento de uma nova variante do coronav\u00edrus que combina caracter\u00edsticas gen\u00e9ticas duas outras vers\u00f5es do v\u00edrus: a \u00d4micron e a Delta. A mistura das duas variantes tem sido chamada informalmente de Deltacron. A primeira evid\u00eancia mais s\u00f3lida de um v\u00edrus recombinante [&hellip;]<\/p>\n","protected":false},"author":4,"featured_media":184170,"comment_status":"open","ping_status":"closed","sticky":false,"template":"","format":"standard","meta":{"amp_status":"","footnotes":""},"categories":[28848,40242],"tags":[259813,1617,259812,1018,98788,33950,10951,223171,232975,259811,254969,23476,23479,140166,217697],"class_list":["post-187786","post","type-post","status-publish","format-standard","has-post-thumbnail","hentry","category-mundo","category-saude-2","tag-combinacao-das-variantes-delta-e-omicron","tag-delta","tag-deltracron","tag-destaque","tag-dinamarca","tag-franca","tag-holanda","tag-maria-van-kerkhove","tag-nova-variante-do-coronavirus","tag-nova-variante-do-coronavirus-e-monitorada-pela-oms","tag-omicron","tag-oms","tag-organizacao-mundial-da-saude","tag-pandemia","tag-tedros-adhanom"],"_links":{"self":[{"href":"https:\/\/aconteceunovale.com.br\/portal\/index.php?rest_route=\/wp\/v2\/posts\/187786","targetHints":{"allow":["GET"]}}],"collection":[{"href":"https:\/\/aconteceunovale.com.br\/portal\/index.php?rest_route=\/wp\/v2\/posts"}],"about":[{"href":"https:\/\/aconteceunovale.com.br\/portal\/index.php?rest_route=\/wp\/v2\/types\/post"}],"author":[{"embeddable":true,"href":"https:\/\/aconteceunovale.com.br\/portal\/index.php?rest_route=\/wp\/v2\/users\/4"}],"replies":[{"embeddable":true,"href":"https:\/\/aconteceunovale.com.br\/portal\/index.php?rest_route=%2Fwp%2Fv2%2Fcomments&post=187786"}],"version-history":[{"count":1,"href":"https:\/\/aconteceunovale.com.br\/portal\/index.php?rest_route=\/wp\/v2\/posts\/187786\/revisions"}],"predecessor-version":[{"id":187787,"href":"https:\/\/aconteceunovale.com.br\/portal\/index.php?rest_route=\/wp\/v2\/posts\/187786\/revisions\/187787"}],"wp:featuredmedia":[{"embeddable":true,"href":"https:\/\/aconteceunovale.com.br\/portal\/index.php?rest_route=\/wp\/v2\/media\/184170"}],"wp:attachment":[{"href":"https:\/\/aconteceunovale.com.br\/portal\/index.php?rest_route=%2Fwp%2Fv2%2Fmedia&parent=187786"}],"wp:term":[{"taxonomy":"category","embeddable":true,"href":"https:\/\/aconteceunovale.com.br\/portal\/index.php?rest_route=%2Fwp%2Fv2%2Fcategories&post=187786"},{"taxonomy":"post_tag","embeddable":true,"href":"https:\/\/aconteceunovale.com.br\/portal\/index.php?rest_route=%2Fwp%2Fv2%2Ftags&post=187786"}],"curies":[{"name":"wp","href":"https:\/\/api.w.org\/{rel}","templated":true}]}}