{"id":187784,"date":"2022-03-10T00:43:29","date_gmt":"2022-03-10T03:43:29","guid":{"rendered":"https:\/\/aconteceunovale.com.br\/portal\/?p=187784"},"modified":"2022-03-10T00:52:20","modified_gmt":"2022-03-10T03:52:20","slug":"auxilio-recebido-indevidamente-podera-ser-devolvido-em-ate-60-parcelas","status":"publish","type":"post","link":"https:\/\/aconteceunovale.com.br\/portal\/?p=187784","title":{"rendered":"Aux\u00edlio recebido indevidamente poder\u00e1 ser devolvido em at\u00e9 60 parcelas"},"content":{"rendered":"\n<p>Decreto assinado pelo presidente Jair Bolsonaro nesta quarta-feira (9\/3\/2022) regulamenta o procedimento para devolu\u00e7\u00e3o de recursos dos benef\u00edcios do aux\u00edlio emergencial recebidos de forma indevida. A medida vale quando for constatada irregularidade ou erro material na concess\u00e3o, manuten\u00e7\u00e3o ou revis\u00e3o do benef\u00edcio.<\/p>\n\n\n\n<p>Pelas regras do novo decreto, o benefici\u00e1rio que tiver recebido indevidamente o aux\u00edlio emergencial poder\u00e1 ser notificado por meio eletr\u00f4nico, por mensagem encaminhada por telefone celular, pelos canais digitais dos bancos, correio, pessoalmente ou por edital para devolu\u00e7\u00e3o dos valores. &nbsp;<\/p>\n\n\n\n<p>A partir da notifica\u00e7\u00e3o, o benefici\u00e1rio poder\u00e1 optar pelo pagamento \u00e0 vista ou em at\u00e9 60 parcelas mensais. O valor das parcelas n\u00e3o ser\u00e1 inferior ao valor m\u00ednimo estabelecido para a emiss\u00e3o da Guia de Recolhimento da Uni\u00e3o &#8211; GRU Cobran\u00e7a. O benefici\u00e1rio ficar\u00e1 dispensado do ressarcimento \u00e0 Uni\u00e3o se o valor total devido for igual ou inferior ao valor m\u00ednimo estabelecido para emitir a GRU Cobran\u00e7a.<\/p>\n\n\n\n<p>O decreto estabelece que o parcelamento do d\u00e9bito pelo benefici\u00e1rio implicar\u00e1 confiss\u00e3o do valor a ser ressarcido, ren\u00fancia expressa da interposi\u00e7\u00e3o de recursos e desist\u00eancia daqueles que eventualmente tenham sido interpostos. O benefici\u00e1rio que n\u00e3o efetuar o pagamento de tr\u00eas parcelas, consecutivas ou alternadas, ter\u00e1 o parcelamento cancelado e ser\u00e1 considerado inadimplente.<\/p>\n\n\n\n<h2 class=\"wp-block-heading\">Cobran\u00e7a extrajudicial<\/h2>\n\n\n\n<p>Se o benefici\u00e1rio n\u00e3o restituir voluntariamente os valores devidos, ser\u00e1 efetuada a cobran\u00e7a extrajudicial. Somente ser\u00e3o cobrados os valores devidos se o benefici\u00e1rio tiver renda familiar mensal per capita superior a meio sal\u00e1rio m\u00ednimo ou renda mensal familiar superior a tr\u00eas sal\u00e1rios m\u00ednimos.<\/p>\n\n\n\n<p>Se discordar da cobran\u00e7a, o benefici\u00e1rio poder\u00e1 apresentar defesa no prazo de 30 dias da notifica\u00e7\u00e3o. Da decis\u00e3o administrativa que julgar improcedente a defesa apresentada pelo benefici\u00e1rio, caber\u00e1 recurso no prazo de mais 30 dias.<\/p>\n\n\n\n<p>O benefici\u00e1rio ser\u00e1 considerado inadimplente caso, ap\u00f3s 60 dias da ci\u00eancia da notifica\u00e7\u00e3o, n\u00e3o efetue o pagamento, n\u00e3o solicite o parcelamento do d\u00e9bito ou n\u00e3o apresente defesa. Ainda segundo o decreto, o benefici\u00e1rio inadimplente ser\u00e1 inscrito na d\u00edvida ativa da Uni\u00e3o.<\/p>\n\n\n\n<h2 class=\"wp-block-heading\">Custo<\/h2>\n\n\n\n<p>O Minist\u00e9rio da Cidadania estimou que a cobran\u00e7a dos valores dever\u00e1 custar R$ 21,8 milh\u00f5es ao longo de 2022, 2023 e 2024. Os valores ser\u00e3o usados na contrata\u00e7\u00e3o de servi\u00e7os de tecnologia da informa\u00e7\u00e3o para levantamento de dados de renda familiar e per capita, na realiza\u00e7\u00e3o de notifica\u00e7\u00e3o eletr\u00f4nica, correspond\u00eancias e carta registrada com aviso de recebimento (AR); e em parceria com os Correios para garantir os direitos de ampla defesa e de recurso a pessoas vulner\u00e1veis, sem acesso aos meios digitais, que ser\u00e3o atendidas pelo Balc\u00e3o do Cidad\u00e3o.<\/p>\n\n\n\n<p>O Aux\u00edlio Emergencial foi criado em 2020 para apoiar os trabalhadores informais que ficaram sem renda em meio a pandemia. O programa se estendeu at\u00e9 o final do ano passado, quando foi encerrado.<\/p>\n\n\n\n<p>&#8212;&#8212;&#8212;&#8212;&#8212;&#8212;<br><br><strong>Sabia que o Aconteceu no Vale est\u00e1 tamb\u00e9m no Telegram? <a rel=\"noreferrer noopener\" href=\"https:\/\/t.me\/aconteceunovaleoficial\" target=\"_blank\">Inscreva-se no canal<\/a>.<\/strong><br><br><strong>J\u00e1 curtiu ou seguiu nossas p\u00e1ginas nas redes sociais?\u00a0Receba as not\u00edcias em primeira m\u00e3o:<\/strong><br>\u2022 <a rel=\"noreferrer noopener\" href=\"https:\/\/news.google.com\/publications\/CAAqBwgKMNjklQswi4etAw?hl=pt-BR&amp;gl=BR&amp;ceid=BR%3Apt-419\" target=\"_blank\">Google News<\/a><br>\u2022 <a rel=\"noreferrer noopener\" href=\"https:\/\/www.facebook.com\/aconteceunovale\/\" target=\"_blank\">Facebook<\/a><br>\u2022 <a rel=\"noreferrer noopener\" href=\"https:\/\/twitter.com\/noticiadosvales\" target=\"_blank\">Twitter<\/a><br>\u2022 <a rel=\"noreferrer noopener\" href=\"https:\/\/www.instagram.com\/aconteceunovale\" target=\"_blank\">Instagram<\/a><br>\u2022 <a rel=\"noreferrer noopener\" href=\"https:\/\/www.youtube.com\/AconteceunoValeOficial\" target=\"_blank\">Youtube<\/a><br>\u2022 <a rel=\"noreferrer noopener\" href=\"https:\/\/www.tiktok.com\/@aconteceunovale\" target=\"_blank\">TikTok<\/a><\/p>\n","protected":false},"excerpt":{"rendered":"<p>Decreto assinado pelo presidente Jair Bolsonaro nesta quarta-feira (9\/3\/2022) regulamenta o procedimento para devolu\u00e7\u00e3o de recursos dos benef\u00edcios do aux\u00edlio emergencial recebidos de forma indevida. A medida vale quando for constatada irregularidade ou erro material na concess\u00e3o, manuten\u00e7\u00e3o ou revis\u00e3o do benef\u00edcio. Pelas regras do novo decreto, o benefici\u00e1rio que tiver recebido indevidamente o aux\u00edlio [&hellip;]<\/p>\n","protected":false},"author":4,"featured_media":181033,"comment_status":"open","ping_status":"closed","sticky":false,"template":"","format":"standard","meta":{"amp_status":"","footnotes":""},"categories":[6],"tags":[219405,219383,219292,259809,221651,1018,223994,255403,259810,221649,221652,221650,98546,221648,221647],"class_list":["post-187784","post","type-post","status-publish","format-standard","has-post-thumbnail","hentry","category-br","tag-auxilio-de-r-600","tag-auxilio-emergencial","tag-auxilio-emergencial-de-r-600","tag-auxilio-recebido-indevidamente-podera-ser-devolvido-em-ate-60-parcelas","tag-bruno-dantas","tag-destaque","tag-devolucao-auxilio-emergencial","tag-devolucao-do-auxilio","tag-devolucao-do-auxilio-do-governo-federal","tag-fraude-no-auxilio-emergencial","tag-militares-receberam-auxilio-emergencial-irregularmente","tag-ministro-bruno-dantas","tag-tcu","tag-tribunal-de-contas-de-uniao","tag-tribunal-de-contas-de-uniao-determina-devolucao-de-auxilio-emergencial-recebido-irregularmente"],"_links":{"self":[{"href":"https:\/\/aconteceunovale.com.br\/portal\/index.php?rest_route=\/wp\/v2\/posts\/187784","targetHints":{"allow":["GET"]}}],"collection":[{"href":"https:\/\/aconteceunovale.com.br\/portal\/index.php?rest_route=\/wp\/v2\/posts"}],"about":[{"href":"https:\/\/aconteceunovale.com.br\/portal\/index.php?rest_route=\/wp\/v2\/types\/post"}],"author":[{"embeddable":true,"href":"https:\/\/aconteceunovale.com.br\/portal\/index.php?rest_route=\/wp\/v2\/users\/4"}],"replies":[{"embeddable":true,"href":"https:\/\/aconteceunovale.com.br\/portal\/index.php?rest_route=%2Fwp%2Fv2%2Fcomments&post=187784"}],"version-history":[{"count":1,"href":"https:\/\/aconteceunovale.com.br\/portal\/index.php?rest_route=\/wp\/v2\/posts\/187784\/revisions"}],"predecessor-version":[{"id":187785,"href":"https:\/\/aconteceunovale.com.br\/portal\/index.php?rest_route=\/wp\/v2\/posts\/187784\/revisions\/187785"}],"wp:featuredmedia":[{"embeddable":true,"href":"https:\/\/aconteceunovale.com.br\/portal\/index.php?rest_route=\/wp\/v2\/media\/181033"}],"wp:attachment":[{"href":"https:\/\/aconteceunovale.com.br\/portal\/index.php?rest_route=%2Fwp%2Fv2%2Fmedia&parent=187784"}],"wp:term":[{"taxonomy":"category","embeddable":true,"href":"https:\/\/aconteceunovale.com.br\/portal\/index.php?rest_route=%2Fwp%2Fv2%2Fcategories&post=187784"},{"taxonomy":"post_tag","embeddable":true,"href":"https:\/\/aconteceunovale.com.br\/portal\/index.php?rest_route=%2Fwp%2Fv2%2Ftags&post=187784"}],"curies":[{"name":"wp","href":"https:\/\/api.w.org\/{rel}","templated":true}]}}