{"id":187777,"date":"2022-03-09T17:34:45","date_gmt":"2022-03-09T20:34:45","guid":{"rendered":"https:\/\/aconteceunovale.com.br\/portal\/?p=187777"},"modified":"2022-03-09T17:35:13","modified_gmt":"2022-03-09T20:35:13","slug":"aviao-que-resgatou-brasileiros-deixa-a-polonia","status":"publish","type":"post","link":"https:\/\/aconteceunovale.com.br\/portal\/?p=187777","title":{"rendered":"Avi\u00e3o que resgatou brasileiros deixa a Pol\u00f4nia"},"content":{"rendered":"\n<p>O avi\u00e3o KC-390 Millennium da For\u00e7a A\u00e9rea Brasileira (FAB) decolou no final da tarde desta quarta-feira (9\/3\/2022), de Vars\u00f3via, na Pol\u00f4nia, com mais de 60 pessoas que fugiram da Ucr\u00e2nia. A aeronave deve chegar ao Brasil amanh\u00e3 (10).<\/p>\n\n\n\n<figure class=\"wp-block-gallery has-nested-images columns-default is-cropped wp-block-gallery-1 is-layout-flex wp-block-gallery-is-layout-flex\">\n<figure class=\"wp-block-image size-large\"><img loading=\"lazy\" decoding=\"async\" width=\"678\" height=\"448\" data-id=\"187778\" src=\"https:\/\/aconteceunovale.com.br\/portal\/wp-content\/uploads\/2022\/03\/aviao_fab_polonia.jpg\" alt=\"\" class=\"wp-image-187778\" srcset=\"https:\/\/aconteceunovale.com.br\/portal\/wp-content\/uploads\/2022\/03\/aviao_fab_polonia.jpg 678w, https:\/\/aconteceunovale.com.br\/portal\/wp-content\/uploads\/2022\/03\/aviao_fab_polonia-300x198.jpg 300w, https:\/\/aconteceunovale.com.br\/portal\/wp-content\/uploads\/2022\/03\/aviao_fab_polonia-636x420.jpg 636w\" sizes=\"auto, (max-width: 678px) 100vw, 678px\" \/><figcaption><em><sub>Foto: Sgt M\u00fcller Marin \/ For\u00e7a A\u00e9rea Brasileira<\/sub><\/em><\/figcaption><\/figure>\n<\/figure>\n\n\n\n<p>Foram resgatados 42 brasileiros, 20 ucranianos, cinco argentinos e um colombiano. Oito cachorros e dois gatos tamb\u00e9m est\u00e3o no voo.<\/p>\n\n\n\n<h2 class=\"wp-block-heading\">Visto<\/h2>\n\n\n\n<p>Uma portaria dos minist\u00e9rios das Rela\u00e7\u00f5es Exteriores e da Justi\u00e7a e Seguran\u00e7a P\u00fablica, publicada no \u00faltimo dia 3, disp\u00f5e sobre a concess\u00e3o do visto tempor\u00e1rio (6 meses) e da autoriza\u00e7\u00e3o de resid\u00eancia para fins de acolhida humanit\u00e1ria (2 anos) para os nacionais ucranianos e aos ap\u00e1tridas que tenham sido afetados ou deslocados pela situa\u00e7\u00e3o de conflito armado na Ucr\u00e2nia.<\/p>\n\n\n\n<h2 class=\"wp-block-heading\">Doa\u00e7\u00f5es<\/h2>\n\n\n\n<p>O KC-390 saiu de Bras\u00edlia na \u00faltima segunda-feira (7). No voo de ida foram transportadas 11,6 toneladas de doa\u00e7\u00e3o para a Ucr\u00e2nia, que incluem cerca de 9 toneladas de alimentos desidratados de alto teor nutritivo, o equivalente a 360 mil refei\u00e7\u00f5es; 50 purificadores de \u00e1gua, com capacidade para purificar por volta de 300 mil litros de \u00e1gua por dia; e meia tonelada de insumos essenciais e itens m\u00e9dicos.<\/p>\n\n\n\n<p>Segundo o Minist\u00e9rio da Sa\u00fade, entre os materiais enviados, est\u00e3o medicamentos para assist\u00eancia farmac\u00eautica b\u00e1sica para pessoas com doen\u00e7as como hipertens\u00e3o e diabetes, antibi\u00f3ticos, antit\u00e9rmicos, antial\u00e9rgicos, sais de reidrata\u00e7\u00e3o e insumos para situa\u00e7\u00f5es de emerg\u00eancia, m\u00e1scaras de prote\u00e7\u00e3o e testes para detec\u00e7\u00e3o da covid-19. No total, s\u00e3o cerca de 20 mil itens m\u00e9dicos para assist\u00eancia \u00e0s v\u00edtimas.<\/p>\n\n\n\n<h2 class=\"wp-block-heading\">A\u00e7\u00e3o interministerial<\/h2>\n\n\n\n<p>O KC-390 \u00e9 o maior avi\u00e3o militar desenvolvido e fabricado no Hemisf\u00e9rio Sul e um dos projetos estrat\u00e9gicos da Defesa. A aeronave j\u00e1 foi empregada em outras miss\u00f5es especiais de ajuda humanit\u00e1ria, como no L\u00edbano (2020) e no Haiti (2021).<\/p>\n\n\n\n<p>A Opera\u00e7\u00e3o Repatria\u00e7\u00e3o \u00e9 uma a\u00e7\u00e3o interministerial, entre as pastas da Justi\u00e7a e Seguran\u00e7a P\u00fablica (MJSP), da Defesa (MD), das Rela\u00e7\u00f5es Exteriores (MRE) e da Sa\u00fade (MS).<\/p>\n\n\n\n<p>&#8212;&#8212;&#8212;&#8212;&#8212;&#8212;<br><br><strong>Sabia que o Aconteceu no Vale est\u00e1 tamb\u00e9m no Telegram? <a rel=\"noreferrer noopener\" href=\"https:\/\/t.me\/aconteceunovaleoficial\" target=\"_blank\">Inscreva-se no canal<\/a>.<\/strong><br><br><strong>J\u00e1 curtiu ou seguiu nossas p\u00e1ginas nas redes sociais?\u00a0Receba as not\u00edcias em primeira m\u00e3o:<\/strong><br>\u2022 <a rel=\"noreferrer noopener\" href=\"https:\/\/news.google.com\/publications\/CAAqBwgKMNjklQswi4etAw?hl=pt-BR&amp;gl=BR&amp;ceid=BR%3Apt-419\" target=\"_blank\">Google News<\/a><br>\u2022 <a rel=\"noreferrer noopener\" href=\"https:\/\/www.facebook.com\/aconteceunovale\/\" target=\"_blank\">Facebook<\/a><br>\u2022 <a rel=\"noreferrer noopener\" href=\"https:\/\/twitter.com\/noticiadosvales\" target=\"_blank\">Twitter<\/a><br>\u2022 <a rel=\"noreferrer noopener\" href=\"https:\/\/www.instagram.com\/aconteceunovale\" target=\"_blank\">Instagram<\/a><br>\u2022 <a rel=\"noreferrer noopener\" href=\"https:\/\/www.youtube.com\/AconteceunoValeOficial\" target=\"_blank\">Youtube<\/a><br>\u2022 <a rel=\"noreferrer noopener\" href=\"https:\/\/www.tiktok.com\/@aconteceunovale\" target=\"_blank\">TikTok<\/a><\/p>\n","protected":false},"excerpt":{"rendered":"<p>O avi\u00e3o KC-390 Millennium da For\u00e7a A\u00e9rea Brasileira (FAB) decolou no final da tarde desta quarta-feira (9\/3\/2022), de Vars\u00f3via, na Pol\u00f4nia, com mais de 60 pessoas que fugiram da Ucr\u00e2nia. A aeronave deve chegar ao Brasil amanh\u00e3 (10). Foram resgatados 42 brasileiros, 20 ucranianos, cinco argentinos e um colombiano. Oito cachorros e dois gatos tamb\u00e9m [&hellip;]<\/p>\n","protected":false},"author":4,"featured_media":187778,"comment_status":"open","ping_status":"closed","sticky":false,"template":"","format":"standard","meta":{"amp_status":"","footnotes":""},"categories":[6,28848],"tags":[34428,258135,259469,259470,259752,259804,4785,259331,259468,259466,259420,258130,258129,258134,258133,259340,259447,258132,258131,259479,259337,259336,259338,259341,259335,259390,259333,213971,254264,259332,259334,258136,259339,259463,258137,150582,150581,259424,258138,21341,259425,259394,259426,259467,259464,259465,259462,259471,63039,99805,79905,232285,37630,75389,259423,259395,259396],"class_list":["post-187777","post","type-post","status-publish","format-standard","has-post-thumbnail","hentry","category-br","category-mundo","tag-alta-do-dolar","tag-antonio-barbosa","tag-ataque-a-predio-em-kiev","tag-ataque-a-predio-residencial-em-kiev","tag-aviao-da-fab-que-resgatara-brasileiros-parte-para-a-polonia","tag-aviao-que-resgatou-brasileiros-deixa-a-polonia","tag-brasil","tag-brasileiros-na-ucrania","tag-camera-de-seguranca-flagra-ataque-a-predio-residencial-em-kiev","tag-carro-atropelado-por-tanque-de-guerra","tag-cerca-de-800-soldados-russos-foram-mortos-em-confronto-afirma-autoridade-ucraniana","tag-compreenda-o-conflito-entre-russia-e-ucrania","tag-conflito-entre-russia-e-ucrania","tag-conflito-no-leste-europeu","tag-crimeia","tag-embaixada-da-ucrania-no-brasil-afirma-que-invasao-poe-em-risco-a-ordem-mundial","tag-embaixada-ucraniana-espera-posicao-forte-do-brasil-sobre-guerra","tag-entenda-como-o-conflito-entre-russia-e-ucrania-afeta-o-brasil","tag-entenda-o-conflito-entre-russia-e-ucrania","tag-fab-coloca-avioes-de-prontidao-para-retirada-de-brasileiros-da-ucrania","tag-guerra-entre-russia-e-ucrania","tag-guerra-na-ucrania","tag-invasao-da-ucrania","tag-invasao-da-ucrania-preocupa-jogadores-brasileiros-que-atuam-em-kharkiv","tag-jens-stoltenberg","tag-joe-biden-anuncia-maior-sancao-economica-da-historia","tag-jogadores-brasileiros-na-ucrania","tag-kiev","tag-leste-europeu","tag-lista-de-brasileiros-na-ucrania","tag-lista-de-jogadores-brasileiros-na-ucrania","tag-mauricio-santoro","tag-ministerio-das-relacoes-exteriores-do-brasil-apela-para-a-suspensao-imediata-do-conflito-na-ucrania","tag-obolon","tag-olaf-scholz","tag-organizacao-do-tratado-do-atlantico-norte","tag-otan","tag-putin-acusa-governo-da-ucrania-de-planejar-genocidio","tag-reflexos-do-conflito-entre-russia-e-ucrania-no-brasil","tag-russia","tag-russia-pretende-derrubar-o-governo-da-ucrania","tag-saida-diplomatica-ainda-e-aposta-de-analistas-para-russia-e-ucrania","tag-secretario-geral-da-otan","tag-tanque-de-guerra-atropela-carro","tag-tanque-de-guerra-passa-por-cima-do-veiculo-de-idoso-em-kiev","tag-tanque-de-guerra-passa-por-cima-do-veiculo-de-idoso-em-obolon","tag-tanque-de-guerra-passa-por-cima-do-veiculo-de-idoso-na-ucrania","tag-tanques-de-guerra-sao-recebidos-com-coqueteis-molotov-na-periferia-de-kiev","tag-ucrania","tag-uerj","tag-unb","tag-ursula-von-der-leyen","tag-valorizacao-do-dolar","tag-vladimir-putin","tag-vladimir-putin-pede-aos-militares-ucranianos-para-tomarem-o-poder","tag-volodymyr-zelenskiy","tag-volodymyr-zelensky"],"_links":{"self":[{"href":"https:\/\/aconteceunovale.com.br\/portal\/index.php?rest_route=\/wp\/v2\/posts\/187777","targetHints":{"allow":["GET"]}}],"collection":[{"href":"https:\/\/aconteceunovale.com.br\/portal\/index.php?rest_route=\/wp\/v2\/posts"}],"about":[{"href":"https:\/\/aconteceunovale.com.br\/portal\/index.php?rest_route=\/wp\/v2\/types\/post"}],"author":[{"embeddable":true,"href":"https:\/\/aconteceunovale.com.br\/portal\/index.php?rest_route=\/wp\/v2\/users\/4"}],"replies":[{"embeddable":true,"href":"https:\/\/aconteceunovale.com.br\/portal\/index.php?rest_route=%2Fwp%2Fv2%2Fcomments&post=187777"}],"version-history":[{"count":1,"href":"https:\/\/aconteceunovale.com.br\/portal\/index.php?rest_route=\/wp\/v2\/posts\/187777\/revisions"}],"predecessor-version":[{"id":187779,"href":"https:\/\/aconteceunovale.com.br\/portal\/index.php?rest_route=\/wp\/v2\/posts\/187777\/revisions\/187779"}],"wp:featuredmedia":[{"embeddable":true,"href":"https:\/\/aconteceunovale.com.br\/portal\/index.php?rest_route=\/wp\/v2\/media\/187778"}],"wp:attachment":[{"href":"https:\/\/aconteceunovale.com.br\/portal\/index.php?rest_route=%2Fwp%2Fv2%2Fmedia&parent=187777"}],"wp:term":[{"taxonomy":"category","embeddable":true,"href":"https:\/\/aconteceunovale.com.br\/portal\/index.php?rest_route=%2Fwp%2Fv2%2Fcategories&post=187777"},{"taxonomy":"post_tag","embeddable":true,"href":"https:\/\/aconteceunovale.com.br\/portal\/index.php?rest_route=%2Fwp%2Fv2%2Ftags&post=187777"}],"curies":[{"name":"wp","href":"https:\/\/api.w.org\/{rel}","templated":true}]}}