{"id":187764,"date":"2022-03-07T23:03:07","date_gmt":"2022-03-08T02:03:07","guid":{"rendered":"https:\/\/aconteceunovale.com.br\/portal\/?p=187764"},"modified":"2022-03-08T00:05:51","modified_gmt":"2022-03-08T03:05:51","slug":"colisao-entre-van-e-onibus-deixa-dois-mortos-na-br-251-no-norte-de-minas","status":"publish","type":"post","link":"https:\/\/aconteceunovale.com.br\/portal\/?p=187764","title":{"rendered":"Colis\u00e3o entre van e \u00f4nibus deixa dois mortos na BR-251, no Norte de Minas"},"content":{"rendered":"\n<p>Duas pessoas morreram e outras dez ficaram feridas ap\u00f3s um acidente entre uma van e um \u00f4nibus na BR-251, no munic\u00edpio de Francisco S\u00e1 (MG), nesse domingo (6\/3\/2022). Segundo informa\u00e7\u00f5es do Corpo de Bombeiros, as v\u00edtimas fatais s\u00e3o uma crian\u00e7a, de 10 anos, e um homem, de 28. Eles estavam no ve\u00edculo menor, que saiu do Rio Grande do Norte com destino ao Estado de S\u00e3o Paulo.\u00a0<\/p>\n\n\n\n<figure class=\"wp-block-gallery has-nested-images columns-default is-cropped wp-block-gallery-1 is-layout-flex wp-block-gallery-is-layout-flex\">\n<figure class=\"wp-block-image size-large\"><img loading=\"lazy\" decoding=\"async\" width=\"667\" height=\"450\" data-id=\"187765\" src=\"https:\/\/aconteceunovale.com.br\/portal\/wp-content\/uploads\/2022\/03\/acidente_van_onibus_nm_1.jpeg\" alt=\"\" class=\"wp-image-187765\" srcset=\"https:\/\/aconteceunovale.com.br\/portal\/wp-content\/uploads\/2022\/03\/acidente_van_onibus_nm_1.jpeg 667w, https:\/\/aconteceunovale.com.br\/portal\/wp-content\/uploads\/2022\/03\/acidente_van_onibus_nm_1-300x202.jpeg 300w, https:\/\/aconteceunovale.com.br\/portal\/wp-content\/uploads\/2022\/03\/acidente_van_onibus_nm_1-623x420.jpeg 623w\" sizes=\"auto, (max-width: 667px) 100vw, 667px\" \/><figcaption><em><sub>Foto: Divulga\u00e7\u00e3o \/ Corpo de Bombeiros<\/sub><\/em><\/figcaption><\/figure>\n<\/figure>\n\n\n\n<p>Ainda de acordo com os bombeiros, os condutores dos dois ve\u00edculos envolvidos no acidente e oito passageiros da van foram socorridos ao hospital de Francisco S\u00e1. Os quarenta e quatro passageiros do \u00f4nibus, que seguia de Porto Ferreira (SP) para Macei\u00f3 (AL), n\u00e3o ficaram feridos.&nbsp;<\/p>\n\n\n\n<p>Os corpos das duas v\u00edtimas foram encaminhados para o Instituto M\u00e9dico Legal (IML) de Montes Claros e liberados ap\u00f3s exames. As causas do acidente ser\u00e3o investigadas.\u00a0<\/p>\n\n\n\n<figure class=\"wp-block-gallery has-nested-images columns-default is-cropped wp-block-gallery-2 is-layout-flex wp-block-gallery-is-layout-flex\">\n<figure class=\"wp-block-image size-large\"><img loading=\"lazy\" decoding=\"async\" width=\"678\" height=\"450\" data-id=\"187766\" src=\"https:\/\/aconteceunovale.com.br\/portal\/wp-content\/uploads\/2022\/03\/acidente_van_onibus_nm_2.jpeg\" alt=\"\" class=\"wp-image-187766\" srcset=\"https:\/\/aconteceunovale.com.br\/portal\/wp-content\/uploads\/2022\/03\/acidente_van_onibus_nm_2.jpeg 678w, https:\/\/aconteceunovale.com.br\/portal\/wp-content\/uploads\/2022\/03\/acidente_van_onibus_nm_2-300x199.jpeg 300w, https:\/\/aconteceunovale.com.br\/portal\/wp-content\/uploads\/2022\/03\/acidente_van_onibus_nm_2-633x420.jpeg 633w\" sizes=\"auto, (max-width: 678px) 100vw, 678px\" \/><figcaption><em><sub>Foto: Divulga\u00e7\u00e3o \/ Corpo de Bombeiros<\/sub><\/em><\/figcaption><\/figure>\n<\/figure>\n\n\n\n<p>&#8212;&#8212;&#8212;&#8212;&#8212;&#8212;<br><br><strong>Sabia que o Aconteceu no Vale est\u00e1 tamb\u00e9m no Telegram? <a rel=\"noreferrer noopener\" href=\"https:\/\/t.me\/aconteceunovaleoficial\" target=\"_blank\">Inscreva-se no canal<\/a>.<\/strong><br><br><strong>J\u00e1 curtiu ou seguiu nossas p\u00e1ginas nas redes sociais?\u00a0Receba as not\u00edcias em primeira m\u00e3o:<\/strong><br>\u2022 <a rel=\"noreferrer noopener\" href=\"https:\/\/news.google.com\/publications\/CAAqBwgKMNjklQswi4etAw?hl=pt-BR&amp;gl=BR&amp;ceid=BR%3Apt-419\" target=\"_blank\">Google News<\/a><br>\u2022 <a rel=\"noreferrer noopener\" href=\"https:\/\/www.facebook.com\/aconteceunovale\/\" target=\"_blank\">Facebook<\/a><br>\u2022 <a rel=\"noreferrer noopener\" href=\"https:\/\/twitter.com\/noticiadosvales\" target=\"_blank\">Twitter<\/a><br>\u2022 <a rel=\"noreferrer noopener\" href=\"https:\/\/www.instagram.com\/aconteceunovale\" target=\"_blank\">Instagram<\/a><br>\u2022 <a rel=\"noreferrer noopener\" href=\"https:\/\/www.youtube.com\/AconteceunoValeOficial\" target=\"_blank\">Youtube<\/a><br>\u2022 <a rel=\"noreferrer noopener\" href=\"https:\/\/www.tiktok.com\/@aconteceunovale\" target=\"_blank\">TikTok<\/a><\/p>\n","protected":false},"excerpt":{"rendered":"<p>Duas pessoas morreram e outras dez ficaram feridas ap\u00f3s um acidente entre uma van e um \u00f4nibus na BR-251, no munic\u00edpio de Francisco S\u00e1 (MG), nesse domingo (6\/3\/2022). Segundo informa\u00e7\u00f5es do Corpo de Bombeiros, as v\u00edtimas fatais s\u00e3o uma crian\u00e7a, de 10 anos, e um homem, de 28. Eles estavam no ve\u00edculo menor, que saiu [&hellip;]<\/p>\n","protected":false},"author":4,"featured_media":187766,"comment_status":"open","ping_status":"closed","sticky":false,"template":"","format":"standard","meta":{"amp_status":"","footnotes":""},"categories":[1236],"tags":[259783,259782,259780,259779,206350,92756,23192,14724,4607,259777,259778,1018,1395,14725,210,145,72703,15953,259781,2382],"class_list":["post-187764","post","type-post","status-publish","format-standard","has-post-thumbnail","hentry","category-norte_de_minas","tag-acidente-com-onibus-que-seguia-de-porto-ferreira-para-maceio","tag-acidente-com-van-que-seguia-do-rio-grande-do-norte-para-sao-paulo","tag-acidente-entre-onibus-e-van-na-br-251","tag-acidente-entre-van-e-onibus-no-norte-de-minas","tag-acidente-na-br-251-2","tag-acidente-na-br-251-no-norte-de-minas","tag-acidente-no-norte-de-minas","tag-alagoas","tag-campinas","tag-colisao-entre-van-e-onibus-deixa-dois-mortos-na-br-251","tag-colisao-entre-van-e-onibus-deixa-dois-mortos-na-br-251-no-norte-de-minas","tag-destaque","tag-francisco-sa","tag-maceio","tag-montes-claros","tag-norte-de-minas","tag-porto-ferreira","tag-rio-grande-do-norte","tag-sao-miguel","tag-sao-paulo"],"_links":{"self":[{"href":"https:\/\/aconteceunovale.com.br\/portal\/index.php?rest_route=\/wp\/v2\/posts\/187764","targetHints":{"allow":["GET"]}}],"collection":[{"href":"https:\/\/aconteceunovale.com.br\/portal\/index.php?rest_route=\/wp\/v2\/posts"}],"about":[{"href":"https:\/\/aconteceunovale.com.br\/portal\/index.php?rest_route=\/wp\/v2\/types\/post"}],"author":[{"embeddable":true,"href":"https:\/\/aconteceunovale.com.br\/portal\/index.php?rest_route=\/wp\/v2\/users\/4"}],"replies":[{"embeddable":true,"href":"https:\/\/aconteceunovale.com.br\/portal\/index.php?rest_route=%2Fwp%2Fv2%2Fcomments&post=187764"}],"version-history":[{"count":2,"href":"https:\/\/aconteceunovale.com.br\/portal\/index.php?rest_route=\/wp\/v2\/posts\/187764\/revisions"}],"predecessor-version":[{"id":187768,"href":"https:\/\/aconteceunovale.com.br\/portal\/index.php?rest_route=\/wp\/v2\/posts\/187764\/revisions\/187768"}],"wp:featuredmedia":[{"embeddable":true,"href":"https:\/\/aconteceunovale.com.br\/portal\/index.php?rest_route=\/wp\/v2\/media\/187766"}],"wp:attachment":[{"href":"https:\/\/aconteceunovale.com.br\/portal\/index.php?rest_route=%2Fwp%2Fv2%2Fmedia&parent=187764"}],"wp:term":[{"taxonomy":"category","embeddable":true,"href":"https:\/\/aconteceunovale.com.br\/portal\/index.php?rest_route=%2Fwp%2Fv2%2Fcategories&post=187764"},{"taxonomy":"post_tag","embeddable":true,"href":"https:\/\/aconteceunovale.com.br\/portal\/index.php?rest_route=%2Fwp%2Fv2%2Ftags&post=187764"}],"curies":[{"name":"wp","href":"https:\/\/api.w.org\/{rel}","templated":true}]}}