{"id":187761,"date":"2022-03-07T21:23:01","date_gmt":"2022-03-08T00:23:01","guid":{"rendered":"https:\/\/aconteceunovale.com.br\/portal\/?p=187761"},"modified":"2022-03-07T21:24:04","modified_gmt":"2022-03-08T00:24:04","slug":"brasil-ratifica-acordo-de-mobilidade-entre-paises-de-lingua-portuguesa","status":"publish","type":"post","link":"https:\/\/aconteceunovale.com.br\/portal\/?p=187761","title":{"rendered":"Brasil ratifica acordo de mobilidade entre pa\u00edses de l\u00edngua portuguesa"},"content":{"rendered":"\n<p>O governo brasileiro ratificou o acordo de mobilidade que promete facilitar a concess\u00e3o de visto e autoriza\u00e7\u00f5es de resid\u00eancia e tamb\u00e9m a circula\u00e7\u00e3o de pessoas nos territ\u00f3rios que fazem parte da Comunidade dos Pa\u00edses de L\u00edngua Portuguesa (CPLP).<\/p>\n\n\n\n<figure class=\"wp-block-gallery has-nested-images columns-default is-cropped wp-block-gallery-1 is-layout-flex wp-block-gallery-is-layout-flex\">\n<figure class=\"wp-block-image size-large\"><img loading=\"lazy\" decoding=\"async\" width=\"678\" height=\"381\" data-id=\"187762\" src=\"https:\/\/aconteceunovale.com.br\/portal\/wp-content\/uploads\/2022\/03\/acordo_ligua_portuguesa.jpg\" alt=\"\" class=\"wp-image-187762\" srcset=\"https:\/\/aconteceunovale.com.br\/portal\/wp-content\/uploads\/2022\/03\/acordo_ligua_portuguesa.jpg 678w, https:\/\/aconteceunovale.com.br\/portal\/wp-content\/uploads\/2022\/03\/acordo_ligua_portuguesa-300x169.jpg 300w\" sizes=\"auto, (max-width: 678px) 100vw, 678px\" \/><figcaption><em><sub>Foto: Itamaraty\/Divulga\u00e7\u00e3o<\/sub><\/em><\/figcaption><\/figure>\n<\/figure>\n\n\n\n<p>O acordo foi firmado em julho do ano passado, durante a\u00a013\u00aa Confer\u00eancia de Chefes de Estado e de Governo da CPLP, realizada em Luanda, capital de Angola. Na ocasi\u00e3o, o Brasil foi representado pelo vice-presidente Hamilton Mour\u00e3o. Depois da assinatura, o acordo foi aprovado pelo Congresso Nacional.<\/p>\n\n\n\n<p>O ministro Carlos Fran\u00e7a foi recebido na tarde desta segunda-feira (7), em Lisboa, pelo secret\u00e1rio executivo CPLP, Zacarias Albano da Costa, na cerim\u00f4nia de dep\u00f3sito da carta de ratifica\u00e7\u00e3o do acordo.<\/p>\n\n\n\n<p>&#8220;O Acordo aproximar\u00e1 ainda mais os cidad\u00e3os lus\u00f3fonos e \u00e9 mais um passo para consolidar a CPLP como uma verdadeira comunidade de pessoas&#8221;, diz publica\u00e7\u00e3o do Pal\u00e1cio do Itamaraty nas redes sociais.<\/p>\n\n\n\n<p>A CPLP \u00e9 formada por nove pa\u00edses: Angola, Brasil, Cabo Verde, Guin\u00e9-Bissau, Guin\u00e9 Equatorial, Mo\u00e7ambique, Portugal, S\u00e3o Tom\u00e9 e Pr\u00edncipe e Timor-Leste.<\/p>\n\n\n\n<p>&#8212;&#8212;&#8212;&#8212;&#8212;&#8212;<br><br><strong>Sabia que o Aconteceu no Vale est\u00e1 tamb\u00e9m no Telegram? <a rel=\"noreferrer noopener\" href=\"https:\/\/t.me\/aconteceunovaleoficial\" target=\"_blank\">Inscreva-se no canal<\/a>.<\/strong><br><br><strong>J\u00e1 curtiu ou seguiu nossas p\u00e1ginas nas redes sociais?\u00a0Receba as not\u00edcias em primeira m\u00e3o:<\/strong><br>\u2022 <a rel=\"noreferrer noopener\" href=\"https:\/\/news.google.com\/publications\/CAAqBwgKMNjklQswi4etAw?hl=pt-BR&amp;gl=BR&amp;ceid=BR%3Apt-419\" target=\"_blank\">Google News<\/a><br>\u2022 <a rel=\"noreferrer noopener\" href=\"https:\/\/www.facebook.com\/aconteceunovale\/\" target=\"_blank\">Facebook<\/a><br>\u2022 <a rel=\"noreferrer noopener\" href=\"https:\/\/twitter.com\/noticiadosvales\" target=\"_blank\">Twitter<\/a><br>\u2022 <a rel=\"noreferrer noopener\" href=\"https:\/\/www.instagram.com\/aconteceunovale\" target=\"_blank\">Instagram<\/a><br>\u2022 <a rel=\"noreferrer noopener\" href=\"https:\/\/www.youtube.com\/AconteceunoValeOficial\" target=\"_blank\">Youtube<\/a><br>\u2022 <a rel=\"noreferrer noopener\" href=\"https:\/\/www.tiktok.com\/@aconteceunovale\" target=\"_blank\">TikTok<\/a><\/p>\n","protected":false},"excerpt":{"rendered":"<p>O governo brasileiro ratificou o acordo de mobilidade que promete facilitar a concess\u00e3o de visto e autoriza\u00e7\u00f5es de resid\u00eancia e tamb\u00e9m a circula\u00e7\u00e3o de pessoas nos territ\u00f3rios que fazem parte da Comunidade dos Pa\u00edses de L\u00edngua Portuguesa (CPLP). O acordo foi firmado em julho do ano passado, durante a\u00a013\u00aa Confer\u00eancia de Chefes de Estado e [&hellip;]<\/p>\n","protected":false},"author":4,"featured_media":187762,"comment_status":"open","ping_status":"closed","sticky":false,"template":"","format":"standard","meta":{"amp_status":"","footnotes":""},"categories":[6,28848],"tags":[37931,4785,259776,21036,207801,74005,1018,74006,30661,37932,74000,18919,37933,74007],"class_list":["post-187761","post","type-post","status-publish","format-standard","has-post-thumbnail","hentry","category-br","category-mundo","tag-angola","tag-brasil","tag-brasil-ratifica-acordo-de-mobilidade-entre-paises-de-lingua-portuguesa","tag-cabo-verde","tag-comunidade-dos-paises-de-lingua-portuguesa","tag-cplp","tag-destaque","tag-guine-equatorial","tag-guine-bissau","tag-mocambique","tag-paises-de-lingua-portuguesa","tag-portugal","tag-sao-tome-e-principe","tag-timor-leste"],"_links":{"self":[{"href":"https:\/\/aconteceunovale.com.br\/portal\/index.php?rest_route=\/wp\/v2\/posts\/187761","targetHints":{"allow":["GET"]}}],"collection":[{"href":"https:\/\/aconteceunovale.com.br\/portal\/index.php?rest_route=\/wp\/v2\/posts"}],"about":[{"href":"https:\/\/aconteceunovale.com.br\/portal\/index.php?rest_route=\/wp\/v2\/types\/post"}],"author":[{"embeddable":true,"href":"https:\/\/aconteceunovale.com.br\/portal\/index.php?rest_route=\/wp\/v2\/users\/4"}],"replies":[{"embeddable":true,"href":"https:\/\/aconteceunovale.com.br\/portal\/index.php?rest_route=%2Fwp%2Fv2%2Fcomments&post=187761"}],"version-history":[{"count":1,"href":"https:\/\/aconteceunovale.com.br\/portal\/index.php?rest_route=\/wp\/v2\/posts\/187761\/revisions"}],"predecessor-version":[{"id":187763,"href":"https:\/\/aconteceunovale.com.br\/portal\/index.php?rest_route=\/wp\/v2\/posts\/187761\/revisions\/187763"}],"wp:featuredmedia":[{"embeddable":true,"href":"https:\/\/aconteceunovale.com.br\/portal\/index.php?rest_route=\/wp\/v2\/media\/187762"}],"wp:attachment":[{"href":"https:\/\/aconteceunovale.com.br\/portal\/index.php?rest_route=%2Fwp%2Fv2%2Fmedia&parent=187761"}],"wp:term":[{"taxonomy":"category","embeddable":true,"href":"https:\/\/aconteceunovale.com.br\/portal\/index.php?rest_route=%2Fwp%2Fv2%2Fcategories&post=187761"},{"taxonomy":"post_tag","embeddable":true,"href":"https:\/\/aconteceunovale.com.br\/portal\/index.php?rest_route=%2Fwp%2Fv2%2Ftags&post=187761"}],"curies":[{"name":"wp","href":"https:\/\/api.w.org\/{rel}","templated":true}]}}