{"id":187758,"date":"2022-03-07T19:17:30","date_gmt":"2022-03-07T22:17:30","guid":{"rendered":"https:\/\/aconteceunovale.com.br\/portal\/?p=187758"},"modified":"2022-03-07T19:18:23","modified_gmt":"2022-03-07T22:18:23","slug":"cobra-exotica-comercializada-ilegalmente-e-resgatada-pela-pcmg","status":"publish","type":"post","link":"https:\/\/aconteceunovale.com.br\/portal\/?p=187758","title":{"rendered":"Cobra ex\u00f3tica comercializada ilegalmente \u00e9 resgatada pela PCMG"},"content":{"rendered":"\n<p>A Pol\u00edcia Civil de Minas Gerais apreendeu, na \u00faltima semana, uma cobra ex\u00f3tica mexicana que estava sendo transportada ilegalmente em condi\u00e7\u00f5es inadequadas e sem as devidas documenta\u00e7\u00f5es.<\/p>\n\n\n\n<figure class=\"wp-block-gallery has-nested-images columns-default is-cropped wp-block-gallery-1 is-layout-flex wp-block-gallery-is-layout-flex\">\n<figure class=\"wp-block-image size-large\"><img loading=\"lazy\" decoding=\"async\" width=\"669\" height=\"450\" data-id=\"187759\" src=\"https:\/\/aconteceunovale.com.br\/portal\/wp-content\/uploads\/2022\/03\/cobra_pcmg.jpg\" alt=\"\" class=\"wp-image-187759\" srcset=\"https:\/\/aconteceunovale.com.br\/portal\/wp-content\/uploads\/2022\/03\/cobra_pcmg.jpg 669w, https:\/\/aconteceunovale.com.br\/portal\/wp-content\/uploads\/2022\/03\/cobra_pcmg-300x202.jpg 300w, https:\/\/aconteceunovale.com.br\/portal\/wp-content\/uploads\/2022\/03\/cobra_pcmg-624x420.jpg 624w\" sizes=\"auto, (max-width: 669px) 100vw, 669px\" \/><figcaption><em><sub>Foto: Divulga\u00e7\u00e3o\/PCMG<\/sub><\/em><\/figcaption><\/figure>\n<\/figure>\n\n\n\n<p>Ap\u00f3s levantamentos, a equipe policial apurou que o animal, que quando \u00e9 vendido legalmente chega a valer cerca de sete mil reais, estaria sendo transportado ilegalmente para ser entregue a um homem, de 43 anos, na cidade de S\u00e3o Jo\u00e3o del-Rei. Iniciado o monitoramento da resid\u00eancia do suspeito, os policiais civis conseguiram abordar o indiv\u00edduo no momento da entrega da cobra, popularmente conhecida como <em>\u201cNigritus\u201d<\/em>.\u00a0<\/p>\n\n\n\n<p>Durante a abordagem foi localizado no interior de uma pequena embalagem, envolvido em uma meia de algod\u00e3o, um filhote da esp\u00e9cie \u201c<em>Lampropeltis getula nigrita<\/em>\u201d, de aproximadamente seis meses, que teria sido adquirido no mercado clandestino.&nbsp;<\/p>\n\n\n\n<p>O envolvido foi preso em flagrante e encaminhado \u00e0 autoridade policial para as provid\u00eancias legais cab\u00edveis. O animal foi encaminhado para um setor espec\u00edfico, onde permanecer\u00e1 sob cuidados especiais.\u00a0<\/p>\n\n\n\n<p>&#8212;&#8212;&#8212;&#8212;&#8212;&#8212;<br><br><strong>Sabia que o Aconteceu no Vale est\u00e1 tamb\u00e9m no Telegram? <a rel=\"noreferrer noopener\" href=\"https:\/\/t.me\/aconteceunovaleoficial\" target=\"_blank\">Inscreva-se no canal<\/a>.<\/strong><br><br><strong>J\u00e1 curtiu ou seguiu nossas p\u00e1ginas nas redes sociais?\u00a0Receba as not\u00edcias em primeira m\u00e3o:<\/strong><br>\u2022 <a rel=\"noreferrer noopener\" href=\"https:\/\/news.google.com\/publications\/CAAqBwgKMNjklQswi4etAw?hl=pt-BR&amp;gl=BR&amp;ceid=BR%3Apt-419\" target=\"_blank\">Google News<\/a><br>\u2022 <a rel=\"noreferrer noopener\" href=\"https:\/\/www.facebook.com\/aconteceunovale\/\" target=\"_blank\">Facebook<\/a><br>\u2022 <a rel=\"noreferrer noopener\" href=\"https:\/\/twitter.com\/noticiadosvales\" target=\"_blank\">Twitter<\/a><br>\u2022 <a rel=\"noreferrer noopener\" href=\"https:\/\/www.instagram.com\/aconteceunovale\" target=\"_blank\">Instagram<\/a><br>\u2022 <a rel=\"noreferrer noopener\" href=\"https:\/\/www.youtube.com\/AconteceunoValeOficial\" target=\"_blank\">Youtube<\/a><br>\u2022 <a rel=\"noreferrer noopener\" href=\"https:\/\/www.tiktok.com\/@aconteceunovale\" target=\"_blank\">TikTok<\/a><\/p>\n","protected":false},"excerpt":{"rendered":"<p>A Pol\u00edcia Civil de Minas Gerais apreendeu, na \u00faltima semana, uma cobra ex\u00f3tica mexicana que estava sendo transportada ilegalmente em condi\u00e7\u00f5es inadequadas e sem as devidas documenta\u00e7\u00f5es. Ap\u00f3s levantamentos, a equipe policial apurou que o animal, que quando \u00e9 vendido legalmente chega a valer cerca de sete mil reais, estaria sendo transportado ilegalmente para ser [&hellip;]<\/p>\n","protected":false},"author":4,"featured_media":187759,"comment_status":"open","ping_status":"closed","sticky":false,"template":"","format":"standard","meta":{"amp_status":"","footnotes":""},"categories":[123],"tags":[259769,259772,259773,259774,259770,259771,259775,604,44644,208085],"class_list":["post-187758","post","type-post","status-publish","format-standard","has-post-thumbnail","hentry","category-gerais","tag-cobra-exotica-comercializada-ilegalmente-e-resgatada-pela-pcmg","tag-lampropeltis-getula-nigrita","tag-lampropeltis-getula-nigrita-apreendida-em-minas-gerais","tag-lampropeltis-getula-nigrita-pcmg","tag-nigritus","tag-nigritus-apreendida-em-minas-gerais","tag-nigritus-pcmg","tag-pcmg","tag-policia-civil-de-minas-gerais","tag-sao-joao-del-rei-2"],"_links":{"self":[{"href":"https:\/\/aconteceunovale.com.br\/portal\/index.php?rest_route=\/wp\/v2\/posts\/187758","targetHints":{"allow":["GET"]}}],"collection":[{"href":"https:\/\/aconteceunovale.com.br\/portal\/index.php?rest_route=\/wp\/v2\/posts"}],"about":[{"href":"https:\/\/aconteceunovale.com.br\/portal\/index.php?rest_route=\/wp\/v2\/types\/post"}],"author":[{"embeddable":true,"href":"https:\/\/aconteceunovale.com.br\/portal\/index.php?rest_route=\/wp\/v2\/users\/4"}],"replies":[{"embeddable":true,"href":"https:\/\/aconteceunovale.com.br\/portal\/index.php?rest_route=%2Fwp%2Fv2%2Fcomments&post=187758"}],"version-history":[{"count":1,"href":"https:\/\/aconteceunovale.com.br\/portal\/index.php?rest_route=\/wp\/v2\/posts\/187758\/revisions"}],"predecessor-version":[{"id":187760,"href":"https:\/\/aconteceunovale.com.br\/portal\/index.php?rest_route=\/wp\/v2\/posts\/187758\/revisions\/187760"}],"wp:featuredmedia":[{"embeddable":true,"href":"https:\/\/aconteceunovale.com.br\/portal\/index.php?rest_route=\/wp\/v2\/media\/187759"}],"wp:attachment":[{"href":"https:\/\/aconteceunovale.com.br\/portal\/index.php?rest_route=%2Fwp%2Fv2%2Fmedia&parent=187758"}],"wp:term":[{"taxonomy":"category","embeddable":true,"href":"https:\/\/aconteceunovale.com.br\/portal\/index.php?rest_route=%2Fwp%2Fv2%2Fcategories&post=187758"},{"taxonomy":"post_tag","embeddable":true,"href":"https:\/\/aconteceunovale.com.br\/portal\/index.php?rest_route=%2Fwp%2Fv2%2Ftags&post=187758"}],"curies":[{"name":"wp","href":"https:\/\/api.w.org\/{rel}","templated":true}]}}