{"id":187676,"date":"2022-03-04T10:49:30","date_gmt":"2022-03-04T13:49:30","guid":{"rendered":"https:\/\/aconteceunovale.com.br\/portal\/?p=187676"},"modified":"2022-03-04T10:50:26","modified_gmt":"2022-03-04T13:50:26","slug":"dormir-pouco-pode-gerar-ganho-de-peso-diz-especialista","status":"publish","type":"post","link":"https:\/\/aconteceunovale.com.br\/portal\/?p=187676","title":{"rendered":"Dormir pouco pode gerar ganho de peso, diz especialista"},"content":{"rendered":"\n<p class=\"wp-block-paragraph\">A falta de noites bem dormidas pode gerar ganho de peso, aumento da vontade de comer e diminui\u00e7\u00e3o da sensa\u00e7\u00e3o de saciedade. Segundo alerta do Instituto do Sono, por ocasi\u00e3o do Dia Mundial\u00a0da Obesidade, celebrado\u00a0hoje\u00a0(4\/3), os impactos negativos no organismo decorrentes da falta de sono ocorrem em pessoas de todas as idades, principalmente pela desregulamenta\u00e7\u00e3o metab\u00f3lica.<\/p>\n\n\n\n<p class=\"wp-block-paragraph\">\u201cTem se comprovado nos \u00faltimos anos, cada vez mais, tanto em crian\u00e7as ou adolescentes quanto em adultos, que dormir pouco tem suas consequ\u00eancias. E uma delas \u00e9 o ganho de peso\u201d, destaca a especialista em Medicina do Sono e pesquisadora do Instituto do Sono, \u00c9rika Treptow.<\/p>\n\n\n\n<p class=\"wp-block-paragraph\">\u201cUm dos motivos [para o ganho de peso] \u00e9 que a gente desregula o organismo. Algumas subst\u00e2ncias come\u00e7am a ser produzidas de maneira que n\u00e3o \u00e9&nbsp;o normal. Por exemplo, h\u00e1&nbsp;uma subst\u00e2ncia chamada grelina, que est\u00e1 associada \u00e0&nbsp;vontade de comer, e ela aumenta bastante [com a falta de sono]. Apenas uma noite que a gente dorme pouco j\u00e1 \u00e9 o suficiente para aumentar essa subst\u00e2ncia\u201d, afirma.<\/p>\n\n\n\n<p class=\"wp-block-paragraph\">Al\u00e9m da eleva\u00e7\u00e3o da grelina, a falta de sono pode reduzir a produ\u00e7\u00e3o da leptina, que \u00e9 o horm\u00f4nio associado \u00e0&nbsp;saciedade, ressalta a pesquisadora. Estudo publicado em 2022 na revista cient\u00edfica&nbsp;<em>JAMA Internal Medicine<\/em>, mostrou&nbsp;que o aumento de 90 minutos de sono por noite foi capaz de reduzir em 270 Kcal a ingest\u00e3o cal\u00f3rica di\u00e1ria, o que, a longo prazo, pode resultar em perda de peso significativa.<\/p>\n\n\n\n<p class=\"wp-block-paragraph\">Segundo a pesquisadora, o sono insuficiente tamb\u00e9m encurta o jejum que ocorre quando o corpo est\u00e1 adormecido. \u201cQuem acaba dormindo menos tem tempo maior, oportunidade maior, n\u00famero maior de horas em que&nbsp;pode se alimentar. O dormir menos tamb\u00e9m d\u00e1 muito cansa\u00e7o, ent\u00e3o a pessoa tem dificuldade maior de realizar exerc\u00edcios, por exemplo\u201d.<\/p>\n\n\n\n<p class=\"wp-block-paragraph\">Mas n\u00e3o \u00e9 somente a falta de sono que acaba por gerar ganho de peso. O contr\u00e1rio tamb\u00e9m pode ocorrer. De acordo com Treptow, o excesso de gordura pode atrapalhar o sono. \u201cQuando a gente ganha muito peso, principalmente dependendo do local onde esse peso se acumula, h\u00e1 tend\u00eancia ao ronco, \u00e0 apneia do sono&nbsp;e a um sono de pior qualidade\u201d.<\/p>\n\n\n\n<p class=\"wp-block-paragraph\">Para melhorar o sono, a especialista recomenda, principalmente, a regularidade dos hor\u00e1rios de dormir. \u201cNosso organismo funciona conforme um ritmo e esse ritmo \u00e9 ditado, principalmente, pelo nosso hor\u00e1rio de dormir, de levantar, pelo hor\u00e1rio das nossas refei\u00e7\u00f5es&nbsp;e pela luminosidade que a gente recebe durante o dia\u201d.<\/p>\n\n\n\n<p class=\"wp-block-paragraph\">\u201cTodas as c\u00e9lulas do organismo&nbsp;funcionam conforme esse ritmo. A partir do momento em que eu durmo a cada dia num hor\u00e1rio diferente, essa sa\u00edda do ritmo provoca maior chance de doen\u00e7as\u201d, ressalta.<\/p>\n\n\n\n<p class=\"wp-block-paragraph\">\u00c9rika Treptow orienta as pessoas a n\u00e3o se alimentarem, ingerirem bebidas alco\u00f3licas ou estimulantes em hor\u00e1rio pr\u00f3ximo ao de dormir. O indicado \u00e9 realizar uma refei\u00e7\u00e3o leve no per\u00edodo noturno. \u201cAs pessoas n\u00e3o devem tamb\u00e9m levar os problemas para a cama. Uma dica que a gente d\u00e1 \u00e9 ter&nbsp;um di\u00e1rio de preocupa\u00e7\u00f5es, onde a pessoa anota tudo aquilo com que est\u00e1 preocupada, \u00e9 como se esvaziasse a cabe\u00e7a e conseguisse ir pra cama dormir\u201d.<\/p>\n\n\n\n<p class=\"wp-block-paragraph\">De acordo com a pesquisadora, outra dica importante \u00e9 sair&nbsp;da cama, caso a pessoa acorde no meio da noite e n\u00e3o consiga mais dormir. \u201cTome um copo d&#8217;\u00e1gua, v\u00e1 ao banheiro e depois voc\u00ea volta a dormir. Porque ficar fritando na cama, como algumas&nbsp;pessoas dizem, tamb\u00e9m reduz a chance de trazer qualidade boa do sono\u201d.<\/p>\n\n\n\n<p class=\"wp-block-paragraph\">Um ambiente adequado tamb\u00e9m \u00e9 recomendado. O quarto deve\u00a0ter\u00a0pouca luminosidade, pouco barulho, uma temperatura boa. \u201cIsso, agora no ver\u00e3o, a gente v\u00ea como prejudica para adormecer\u201d.<\/p>\n\n\n\n<p class=\"wp-block-paragraph\">&#8212;&#8212;&#8212;&#8212;&#8212;&#8212;<br><br><strong>Sabia que o Aconteceu no Vale est\u00e1 tamb\u00e9m no Telegram? <a rel=\"noreferrer noopener\" href=\"https:\/\/t.me\/aconteceunovaleoficial\" target=\"_blank\">Inscreva-se no canal<\/a>.<\/strong><br><br><strong>J\u00e1 curtiu ou seguiu nossas p\u00e1ginas nas redes sociais?\u00a0Receba as not\u00edcias em primeira m\u00e3o:<\/strong><br>\u2022 <a rel=\"noreferrer noopener\" href=\"https:\/\/news.google.com\/publications\/CAAqBwgKMNjklQswi4etAw?hl=pt-BR&amp;gl=BR&amp;ceid=BR%3Apt-419\" target=\"_blank\">Google News<\/a><br>\u2022 <a rel=\"noreferrer noopener\" href=\"https:\/\/www.facebook.com\/aconteceunovale\/\" target=\"_blank\">Facebook<\/a><br>\u2022 <a rel=\"noreferrer noopener\" href=\"https:\/\/twitter.com\/noticiadosvales\" target=\"_blank\">Twitter<\/a><br>\u2022 <a rel=\"noreferrer noopener\" href=\"https:\/\/www.instagram.com\/aconteceunovale\" target=\"_blank\">Instagram<\/a><br>\u2022 <a rel=\"noreferrer noopener\" href=\"https:\/\/www.youtube.com\/AconteceunoValeOficial\" target=\"_blank\">Youtube<\/a><br>\u2022 <a rel=\"noreferrer noopener\" href=\"https:\/\/www.tiktok.com\/@aconteceunovale\" target=\"_blank\">TikTok<\/a><\/p>\n","protected":false},"excerpt":{"rendered":"<p>A falta de noites bem dormidas pode gerar ganho de peso, aumento da vontade de comer e diminui\u00e7\u00e3o da sensa\u00e7\u00e3o de saciedade. Segundo alerta do Instituto do Sono, por ocasi\u00e3o do Dia Mundial\u00a0da Obesidade, celebrado\u00a0hoje\u00a0(4\/3), os impactos negativos no organismo decorrentes da falta de sono ocorrem em pessoas de todas as idades, principalmente pela desregulamenta\u00e7\u00e3o [&hellip;]<\/p>\n","protected":false},"author":4,"featured_media":187677,"comment_status":"open","ping_status":"closed","sticky":false,"template":"","format":"standard","meta":{"amp_status":"","footnotes":""},"categories":[40242],"tags":[259688,259691,259687,259686,259693,259689,259692,259690],"class_list":["post-187676","post","type-post","status-publish","format-standard","has-post-thumbnail","hentry","category-saude-2","tag-consequencias-de-dormir-pouco","tag-dia-mundial-da-obesidade","tag-dormir-pouco","tag-dormir-pouco-pode-gerar-ganho-de-peso","tag-erika-treptow","tag-ganho-de-peso","tag-instituto-do-sono","tag-noites-mal-dormidas"],"yoast_head":"<!-- This site is optimized with the Yoast SEO plugin v28.3 - https:\/\/yoast.com\/product\/yoast-seo-wordpress\/ -->\n<title>Dormir pouco pode gerar ganho de peso, diz especialista - Aconteceu no Vale<\/title>\n<meta name=\"robots\" content=\"index, follow, max-snippet:-1, max-image-preview:large, max-video-preview:-1\" \/>\n<link rel=\"canonical\" href=\"https:\/\/aconteceunovale.com.br\/portal\/?p=187676\" \/>\n<meta property=\"og:locale\" content=\"pt_BR\" \/>\n<meta property=\"og:type\" content=\"article\" \/>\n<meta property=\"og:title\" content=\"Dormir pouco pode gerar ganho de peso, diz especialista - Aconteceu no Vale\" \/>\n<meta property=\"og:description\" content=\"A falta de noites bem dormidas pode gerar ganho de peso, aumento da vontade de comer e diminui\u00e7\u00e3o da sensa\u00e7\u00e3o de saciedade. Segundo alerta do Instituto do Sono, por ocasi\u00e3o do Dia Mundial\u00a0da Obesidade, celebrado\u00a0hoje\u00a0(4\/3), os impactos negativos no organismo decorrentes da falta de sono ocorrem em pessoas de todas as idades, principalmente pela desregulamenta\u00e7\u00e3o [&hellip;]\" \/>\n<meta property=\"og:url\" content=\"https:\/\/aconteceunovale.com.br\/portal\/?p=187676\" \/>\n<meta property=\"og:site_name\" content=\"Aconteceu no Vale\" \/>\n<meta property=\"article:publisher\" content=\"https:\/\/www.facebook.com\/aconteceunovale\/\" \/>\n<meta property=\"article:published_time\" content=\"2022-03-04T13:49:30+00:00\" \/>\n<meta property=\"article:modified_time\" content=\"2022-03-04T13:50:26+00:00\" \/>\n<meta property=\"og:image\" content=\"https:\/\/aconteceunovale.com.br\/portal\/wp-content\/uploads\/2022\/03\/peso_balanca.jpeg\" \/>\n\t<meta property=\"og:image:width\" content=\"675\" \/>\n\t<meta property=\"og:image:height\" content=\"450\" \/>\n\t<meta property=\"og:image:type\" content=\"image\/jpeg\" \/>\n<meta name=\"author\" content=\"Reda\u00e7\u00e3o Aconteceu no Vale\" \/>\n<meta name=\"twitter:card\" content=\"summary_large_image\" \/>\n<meta name=\"twitter:creator\" content=\"@noticiadosvales\" \/>\n<meta name=\"twitter:site\" content=\"@noticiadosvales\" \/>\n<meta name=\"twitter:label1\" content=\"Escrito por\" \/>\n\t<meta name=\"twitter:data1\" content=\"Reda\u00e7\u00e3o Aconteceu no Vale\" \/>\n\t<meta name=\"twitter:label2\" content=\"Est. tempo de leitura\" \/>\n\t<meta name=\"twitter:data2\" content=\"3 minutos\" \/>\n<script type=\"application\/ld+json\" class=\"yoast-schema-graph\">{\"@context\":\"https:\\\/\\\/schema.org\",\"@graph\":[{\"@type\":\"Article\",\"@id\":\"https:\\\/\\\/aconteceunovale.com.br\\\/portal\\\/?p=187676#article\",\"isPartOf\":{\"@id\":\"https:\\\/\\\/aconteceunovale.com.br\\\/portal\\\/?p=187676\"},\"author\":{\"name\":\"Reda\u00e7\u00e3o Aconteceu no Vale\",\"@id\":\"https:\\\/\\\/aconteceunovale.com.br\\\/portal\\\/#\\\/schema\\\/person\\\/7d2f26d1483f8a63de73da1ee0754d35\"},\"headline\":\"Dormir pouco pode gerar ganho de peso, diz especialista\",\"datePublished\":\"2022-03-04T13:49:30+00:00\",\"dateModified\":\"2022-03-04T13:50:26+00:00\",\"mainEntityOfPage\":{\"@id\":\"https:\\\/\\\/aconteceunovale.com.br\\\/portal\\\/?p=187676\"},\"wordCount\":695,\"commentCount\":0,\"image\":{\"@id\":\"https:\\\/\\\/aconteceunovale.com.br\\\/portal\\\/?p=187676#primaryimage\"},\"thumbnailUrl\":\"https:\\\/\\\/aconteceunovale.com.br\\\/portal\\\/wp-content\\\/uploads\\\/2022\\\/03\\\/peso_balanca.jpeg\",\"keywords\":[\"Consequ\u00eancias de dormir pouco\",\"Dia Mundial da Obesidade\",\"Dormir pouco\",\"Dormir pouco pode gerar ganho de peso\",\"\u00c9rika Treptow\",\"Ganho de peso\",\"Instituto do Sono\",\"Noites mal dormidas\"],\"articleSection\":[\"Sa\u00fade\"],\"inLanguage\":\"pt-BR\",\"potentialAction\":[{\"@type\":\"CommentAction\",\"name\":\"Comment\",\"target\":[\"https:\\\/\\\/aconteceunovale.com.br\\\/portal\\\/?p=187676#respond\"]}]},{\"@type\":\"WebPage\",\"@id\":\"https:\\\/\\\/aconteceunovale.com.br\\\/portal\\\/?p=187676\",\"url\":\"https:\\\/\\\/aconteceunovale.com.br\\\/portal\\\/?p=187676\",\"name\":\"Dormir pouco pode gerar ganho de peso, diz especialista - Aconteceu no Vale\",\"isPartOf\":{\"@id\":\"https:\\\/\\\/aconteceunovale.com.br\\\/portal\\\/#website\"},\"primaryImageOfPage\":{\"@id\":\"https:\\\/\\\/aconteceunovale.com.br\\\/portal\\\/?p=187676#primaryimage\"},\"image\":{\"@id\":\"https:\\\/\\\/aconteceunovale.com.br\\\/portal\\\/?p=187676#primaryimage\"},\"thumbnailUrl\":\"https:\\\/\\\/aconteceunovale.com.br\\\/portal\\\/wp-content\\\/uploads\\\/2022\\\/03\\\/peso_balanca.jpeg\",\"datePublished\":\"2022-03-04T13:49:30+00:00\",\"dateModified\":\"2022-03-04T13:50:26+00:00\",\"author\":{\"@id\":\"https:\\\/\\\/aconteceunovale.com.br\\\/portal\\\/#\\\/schema\\\/person\\\/7d2f26d1483f8a63de73da1ee0754d35\"},\"breadcrumb\":{\"@id\":\"https:\\\/\\\/aconteceunovale.com.br\\\/portal\\\/?p=187676#breadcrumb\"},\"inLanguage\":\"pt-BR\",\"potentialAction\":[{\"@type\":\"ReadAction\",\"target\":[\"https:\\\/\\\/aconteceunovale.com.br\\\/portal\\\/?p=187676\"]}]},{\"@type\":\"ImageObject\",\"inLanguage\":\"pt-BR\",\"@id\":\"https:\\\/\\\/aconteceunovale.com.br\\\/portal\\\/?p=187676#primaryimage\",\"url\":\"https:\\\/\\\/aconteceunovale.com.br\\\/portal\\\/wp-content\\\/uploads\\\/2022\\\/03\\\/peso_balanca.jpeg\",\"contentUrl\":\"https:\\\/\\\/aconteceunovale.com.br\\\/portal\\\/wp-content\\\/uploads\\\/2022\\\/03\\\/peso_balanca.jpeg\",\"width\":675,\"height\":450},{\"@type\":\"BreadcrumbList\",\"@id\":\"https:\\\/\\\/aconteceunovale.com.br\\\/portal\\\/?p=187676#breadcrumb\",\"itemListElement\":[{\"@type\":\"ListItem\",\"position\":1,\"name\":\"In\u00edcio\",\"item\":\"https:\\\/\\\/aconteceunovale.com.br\\\/portal\\\/\"},{\"@type\":\"ListItem\",\"position\":2,\"name\":\"Dormir pouco pode gerar ganho de peso, diz especialista\"}]},{\"@type\":\"WebSite\",\"@id\":\"https:\\\/\\\/aconteceunovale.com.br\\\/portal\\\/#website\",\"url\":\"https:\\\/\\\/aconteceunovale.com.br\\\/portal\\\/\",\"name\":\"Aconteceu no Vale\",\"description\":\"Portal de Not\u00edcias\",\"potentialAction\":[{\"@type\":\"SearchAction\",\"target\":{\"@type\":\"EntryPoint\",\"urlTemplate\":\"https:\\\/\\\/aconteceunovale.com.br\\\/portal\\\/?s={search_term_string}\"},\"query-input\":{\"@type\":\"PropertyValueSpecification\",\"valueRequired\":true,\"valueName\":\"search_term_string\"}}],\"inLanguage\":\"pt-BR\"},{\"@type\":\"Person\",\"@id\":\"https:\\\/\\\/aconteceunovale.com.br\\\/portal\\\/#\\\/schema\\\/person\\\/7d2f26d1483f8a63de73da1ee0754d35\",\"name\":\"Reda\u00e7\u00e3o Aconteceu no Vale\",\"description\":\"Equipe de reportagem do Aconteceu no Vale, portal de not\u00edcias do Vale do Jequitinhonha, em Minas Gerais. Cobrimos as 51 cidades do Vale desde 2013. Sugest\u00f5es de pauta e pedidos de corre\u00e7\u00e3o: contato@aconteceunovale.com.br\",\"url\":\"https:\\\/\\\/aconteceunovale.com.br\\\/portal\\\/?author=4\"}]}<\/script>\n<!-- \/ Yoast SEO plugin. -->","yoast_head_json":{"title":"Dormir pouco pode gerar ganho de peso, diz especialista - Aconteceu no Vale","robots":{"index":"index","follow":"follow","max-snippet":"max-snippet:-1","max-image-preview":"max-image-preview:large","max-video-preview":"max-video-preview:-1"},"canonical":"https:\/\/aconteceunovale.com.br\/portal\/?p=187676","og_locale":"pt_BR","og_type":"article","og_title":"Dormir pouco pode gerar ganho de peso, diz especialista - Aconteceu no Vale","og_description":"A falta de noites bem dormidas pode gerar ganho de peso, aumento da vontade de comer e diminui\u00e7\u00e3o da sensa\u00e7\u00e3o de saciedade. Segundo alerta do Instituto do Sono, por ocasi\u00e3o do Dia Mundial\u00a0da Obesidade, celebrado\u00a0hoje\u00a0(4\/3), os impactos negativos no organismo decorrentes da falta de sono ocorrem em pessoas de todas as idades, principalmente pela desregulamenta\u00e7\u00e3o [&hellip;]","og_url":"https:\/\/aconteceunovale.com.br\/portal\/?p=187676","og_site_name":"Aconteceu no Vale","article_publisher":"https:\/\/www.facebook.com\/aconteceunovale\/","article_published_time":"2022-03-04T13:49:30+00:00","article_modified_time":"2022-03-04T13:50:26+00:00","og_image":[{"width":675,"height":450,"url":"https:\/\/aconteceunovale.com.br\/portal\/wp-content\/uploads\/2022\/03\/peso_balanca.jpeg","type":"image\/jpeg"}],"author":"Reda\u00e7\u00e3o Aconteceu no Vale","twitter_card":"summary_large_image","twitter_creator":"@noticiadosvales","twitter_site":"@noticiadosvales","twitter_misc":{"Escrito por":"Reda\u00e7\u00e3o Aconteceu no Vale","Est. tempo de leitura":"3 minutos"},"schema":{"@context":"https:\/\/schema.org","@graph":[{"@type":"Article","@id":"https:\/\/aconteceunovale.com.br\/portal\/?p=187676#article","isPartOf":{"@id":"https:\/\/aconteceunovale.com.br\/portal\/?p=187676"},"author":{"name":"Reda\u00e7\u00e3o Aconteceu no Vale","@id":"https:\/\/aconteceunovale.com.br\/portal\/#\/schema\/person\/7d2f26d1483f8a63de73da1ee0754d35"},"headline":"Dormir pouco pode gerar ganho de peso, diz especialista","datePublished":"2022-03-04T13:49:30+00:00","dateModified":"2022-03-04T13:50:26+00:00","mainEntityOfPage":{"@id":"https:\/\/aconteceunovale.com.br\/portal\/?p=187676"},"wordCount":695,"commentCount":0,"image":{"@id":"https:\/\/aconteceunovale.com.br\/portal\/?p=187676#primaryimage"},"thumbnailUrl":"https:\/\/aconteceunovale.com.br\/portal\/wp-content\/uploads\/2022\/03\/peso_balanca.jpeg","keywords":["Consequ\u00eancias de dormir pouco","Dia Mundial da Obesidade","Dormir pouco","Dormir pouco pode gerar ganho de peso","\u00c9rika Treptow","Ganho de peso","Instituto do Sono","Noites mal dormidas"],"articleSection":["Sa\u00fade"],"inLanguage":"pt-BR","potentialAction":[{"@type":"CommentAction","name":"Comment","target":["https:\/\/aconteceunovale.com.br\/portal\/?p=187676#respond"]}]},{"@type":"WebPage","@id":"https:\/\/aconteceunovale.com.br\/portal\/?p=187676","url":"https:\/\/aconteceunovale.com.br\/portal\/?p=187676","name":"Dormir pouco pode gerar ganho de peso, diz especialista - Aconteceu no Vale","isPartOf":{"@id":"https:\/\/aconteceunovale.com.br\/portal\/#website"},"primaryImageOfPage":{"@id":"https:\/\/aconteceunovale.com.br\/portal\/?p=187676#primaryimage"},"image":{"@id":"https:\/\/aconteceunovale.com.br\/portal\/?p=187676#primaryimage"},"thumbnailUrl":"https:\/\/aconteceunovale.com.br\/portal\/wp-content\/uploads\/2022\/03\/peso_balanca.jpeg","datePublished":"2022-03-04T13:49:30+00:00","dateModified":"2022-03-04T13:50:26+00:00","author":{"@id":"https:\/\/aconteceunovale.com.br\/portal\/#\/schema\/person\/7d2f26d1483f8a63de73da1ee0754d35"},"breadcrumb":{"@id":"https:\/\/aconteceunovale.com.br\/portal\/?p=187676#breadcrumb"},"inLanguage":"pt-BR","potentialAction":[{"@type":"ReadAction","target":["https:\/\/aconteceunovale.com.br\/portal\/?p=187676"]}]},{"@type":"ImageObject","inLanguage":"pt-BR","@id":"https:\/\/aconteceunovale.com.br\/portal\/?p=187676#primaryimage","url":"https:\/\/aconteceunovale.com.br\/portal\/wp-content\/uploads\/2022\/03\/peso_balanca.jpeg","contentUrl":"https:\/\/aconteceunovale.com.br\/portal\/wp-content\/uploads\/2022\/03\/peso_balanca.jpeg","width":675,"height":450},{"@type":"BreadcrumbList","@id":"https:\/\/aconteceunovale.com.br\/portal\/?p=187676#breadcrumb","itemListElement":[{"@type":"ListItem","position":1,"name":"In\u00edcio","item":"https:\/\/aconteceunovale.com.br\/portal\/"},{"@type":"ListItem","position":2,"name":"Dormir pouco pode gerar ganho de peso, diz especialista"}]},{"@type":"WebSite","@id":"https:\/\/aconteceunovale.com.br\/portal\/#website","url":"https:\/\/aconteceunovale.com.br\/portal\/","name":"Aconteceu no Vale","description":"Portal de Not\u00edcias","potentialAction":[{"@type":"SearchAction","target":{"@type":"EntryPoint","urlTemplate":"https:\/\/aconteceunovale.com.br\/portal\/?s={search_term_string}"},"query-input":{"@type":"PropertyValueSpecification","valueRequired":true,"valueName":"search_term_string"}}],"inLanguage":"pt-BR"},{"@type":"Person","@id":"https:\/\/aconteceunovale.com.br\/portal\/#\/schema\/person\/7d2f26d1483f8a63de73da1ee0754d35","name":"Reda\u00e7\u00e3o Aconteceu no Vale","description":"Equipe de reportagem do Aconteceu no Vale, portal de not\u00edcias do Vale do Jequitinhonha, em Minas Gerais. Cobrimos as 51 cidades do Vale desde 2013. Sugest\u00f5es de pauta e pedidos de corre\u00e7\u00e3o: contato@aconteceunovale.com.br","url":"https:\/\/aconteceunovale.com.br\/portal\/?author=4"}]}},"_links":{"self":[{"href":"https:\/\/aconteceunovale.com.br\/portal\/index.php?rest_route=\/wp\/v2\/posts\/187676","targetHints":{"allow":["GET"]}}],"collection":[{"href":"https:\/\/aconteceunovale.com.br\/portal\/index.php?rest_route=\/wp\/v2\/posts"}],"about":[{"href":"https:\/\/aconteceunovale.com.br\/portal\/index.php?rest_route=\/wp\/v2\/types\/post"}],"author":[{"embeddable":true,"href":"https:\/\/aconteceunovale.com.br\/portal\/index.php?rest_route=\/wp\/v2\/users\/4"}],"replies":[{"embeddable":true,"href":"https:\/\/aconteceunovale.com.br\/portal\/index.php?rest_route=%2Fwp%2Fv2%2Fcomments&post=187676"}],"version-history":[{"count":1,"href":"https:\/\/aconteceunovale.com.br\/portal\/index.php?rest_route=\/wp\/v2\/posts\/187676\/revisions"}],"predecessor-version":[{"id":187678,"href":"https:\/\/aconteceunovale.com.br\/portal\/index.php?rest_route=\/wp\/v2\/posts\/187676\/revisions\/187678"}],"wp:featuredmedia":[{"embeddable":true,"href":"https:\/\/aconteceunovale.com.br\/portal\/index.php?rest_route=\/wp\/v2\/media\/187677"}],"wp:attachment":[{"href":"https:\/\/aconteceunovale.com.br\/portal\/index.php?rest_route=%2Fwp%2Fv2%2Fmedia&parent=187676"}],"wp:term":[{"taxonomy":"category","embeddable":true,"href":"https:\/\/aconteceunovale.com.br\/portal\/index.php?rest_route=%2Fwp%2Fv2%2Fcategories&post=187676"},{"taxonomy":"post_tag","embeddable":true,"href":"https:\/\/aconteceunovale.com.br\/portal\/index.php?rest_route=%2Fwp%2Fv2%2Ftags&post=187676"}],"curies":[{"name":"wp","href":"https:\/\/api.w.org\/{rel}","templated":true}]}}