{"id":187672,"date":"2022-03-03T23:41:16","date_gmt":"2022-03-04T02:41:16","guid":{"rendered":"https:\/\/aconteceunovale.com.br\/portal\/?p=187672"},"modified":"2022-03-03T23:42:20","modified_gmt":"2022-03-04T02:42:20","slug":"maior-usina-nuclear-da-europa-e-atacada-pelo-exercito-da-russia","status":"publish","type":"post","link":"https:\/\/aconteceunovale.com.br\/portal\/?p=187672","title":{"rendered":"Maior usina nuclear da Europa \u00e9 atacada pelo ex\u00e9rcito da R\u00fassia"},"content":{"rendered":"\n<p class=\"wp-block-paragraph\">A Usina Nuclear de Zaporizhzhia, na Ucr\u00e2nia, est\u00e1 em chamas ap\u00f3s ser atacada por for\u00e7as russas, durante confronto com os ucranianos, segundo informa\u00e7\u00f5es divulgadas pelo prefeito de Energodar, Dmytro Orlov, na noite desta quinta-feira (3\/3\/2022).<img decoding=\"async\" src=\"blob:https:\/\/aconteceunovale.com.br\/f07c6505-10b2-4fe6-a109-a3313d6e3fb0\"><\/p>\n\n\n\n<figure class=\"wp-block-gallery has-nested-images columns-default is-cropped wp-block-gallery-1 is-layout-flex wp-block-gallery-is-layout-flex\">\n<figure class=\"wp-block-image size-large\"><img loading=\"lazy\" decoding=\"async\" width=\"678\" height=\"358\" data-id=\"187673\" src=\"https:\/\/aconteceunovale.com.br\/portal\/wp-content\/uploads\/2022\/03\/usina_ucrania_fogo.jpg\" alt=\"\" class=\"wp-image-187673\" srcset=\"https:\/\/aconteceunovale.com.br\/portal\/wp-content\/uploads\/2022\/03\/usina_ucrania_fogo.jpg 678w, https:\/\/aconteceunovale.com.br\/portal\/wp-content\/uploads\/2022\/03\/usina_ucrania_fogo-300x158.jpg 300w\" sizes=\"auto, (max-width: 678px) 100vw, 678px\" \/><figcaption><em><sub>Imagem: Reprodu\u00e7\u00e3o \/ Youtube<\/sub><\/em><\/figcaption><\/figure>\n<\/figure>\n\n\n\n<p class=\"wp-block-paragraph\">Orlov tamb\u00e9m informou que h\u00e1 v\u00edtimas, mas n\u00e3o disse o n\u00famero de mortos ou feridos. O prefeito de Emergodar tamb\u00e9m publicou em uma rede social que <em>&#8220;tiros podem ser ouvidos na cidade&#8221;.<\/em>\u00a0<\/p>\n\n\n\n<p class=\"wp-block-paragraph\">A Usina Nuclear de Zaporizhzhia &nbsp;\u00e9 a maior central nuclear da Europa.&nbsp;<\/p>\n\n\n\n<p class=\"wp-block-paragraph\">Mais cedo, o conselheiro do Minist\u00e9rio do Interior ucraniano, Anton Herashchenko, fez uma publica\u00e7\u00e3o online em que disse que os russos estavam intensificando os esfor\u00e7os para tomar o controle da usina nuclear de Zaporizhzhia e que entraram na cidade de Energodar, onde moram os trabalhadores da usina, com tanques.&nbsp;<\/p>\n\n\n\n<p class=\"wp-block-paragraph\">A R\u00fassia j\u00e1 capturou a extinta usina de Chernobyl, a cerca de 100 quil\u00f4metros ao norte da capital da Ucr\u00e2nia, Kiev.&nbsp;<\/p>\n\n\n\n<p class=\"wp-block-paragraph\">A informa\u00e7\u00e3o foi \u200epelo Ministro das Rela\u00e7\u00f5es Exteriores da Ucr\u00e2nia\u200e, Dmytro Kuleba. Segundo ele, <em>\u201co ex\u00e9rcito russo est\u00e1 disparando de todos os lados contra a central nuclear de Zaporizhzhia, a maior usina nuclear da Europa. O fogo j\u00e1 come\u00e7ou. Se explodir, ser\u00e1 10 vezes maior que Chornobyl!\u201d\u00a0<\/em><\/p>\n\n\n\n<p class=\"wp-block-paragraph\">&#8212;&#8212;&#8212;&#8212;&#8212;&#8212;<br><br><strong>Sabia que o Aconteceu no Vale est\u00e1 tamb\u00e9m no Telegram? <a rel=\"noreferrer noopener\" href=\"https:\/\/t.me\/aconteceunovaleoficial\" target=\"_blank\">Inscreva-se no canal<\/a>.<\/strong><br><br><strong>J\u00e1 curtiu ou seguiu nossas p\u00e1ginas nas redes sociais?\u00a0Receba as not\u00edcias em primeira m\u00e3o:<\/strong><br>\u2022 <a rel=\"noreferrer noopener\" href=\"https:\/\/news.google.com\/publications\/CAAqBwgKMNjklQswi4etAw?hl=pt-BR&amp;gl=BR&amp;ceid=BR%3Apt-419\" target=\"_blank\">Google News<\/a><br>\u2022 <a rel=\"noreferrer noopener\" href=\"https:\/\/www.facebook.com\/aconteceunovale\/\" target=\"_blank\">Facebook<\/a><br>\u2022 <a rel=\"noreferrer noopener\" href=\"https:\/\/twitter.com\/noticiadosvales\" target=\"_blank\">Twitter<\/a><br>\u2022 <a rel=\"noreferrer noopener\" href=\"https:\/\/www.instagram.com\/aconteceunovale\" target=\"_blank\">Instagram<\/a><br>\u2022 <a rel=\"noreferrer noopener\" href=\"https:\/\/www.youtube.com\/AconteceunoValeOficial\" target=\"_blank\">Youtube<\/a><br>\u2022 <a rel=\"noreferrer noopener\" href=\"https:\/\/www.tiktok.com\/@aconteceunovale\" target=\"_blank\">TikTok<\/a><\/p>\n","protected":false},"excerpt":{"rendered":"<p>A Usina Nuclear de Zaporizhzhia, na Ucr\u00e2nia, est\u00e1 em chamas ap\u00f3s ser atacada por for\u00e7as russas, durante confronto com os ucranianos, segundo informa\u00e7\u00f5es divulgadas pelo prefeito de Energodar, Dmytro Orlov, na noite desta quinta-feira (3\/3\/2022). Orlov tamb\u00e9m informou que h\u00e1 v\u00edtimas, mas n\u00e3o disse o n\u00famero de mortos ou feridos. O prefeito de Emergodar tamb\u00e9m [&hellip;]<\/p>\n","protected":false},"author":4,"featured_media":187673,"comment_status":"open","ping_status":"closed","sticky":false,"template":"","format":"standard","meta":{"amp_status":"","footnotes":""},"categories":[28848],"tags":[259506,34428,258135,259469,259470,259684,259505,259565,100375,4785,259487,259331,259468,259466,259420,258130,258129,258134,259562,259564,258133,1018,259605,259563,259604,259340,259447,259685,258132,258131,259623,259479,259683,259337,259507,259336,259338,259341,26436,259335,259390,259333,259510,259509,213971,254264,259332,259334,259680,259508,258136,259339,259463,258137,259606,150582,150581,259530,259531,259528,259529,184222,174222,259424,258138,21341,259425,259503,259394,259426,259467,259464,259465,259462,259471,63039,99805,259502,79905,232285,259682,37630,75389,259423,259395,259396,259504,259681],"class_list":["post-187672","post","type-post","status-publish","format-standard","has-post-thumbnail","hentry","category-mundo","tag-ajoelhado-na-frente-de-tanque","tag-alta-do-dolar","tag-antonio-barbosa","tag-ataque-a-predio-em-kiev","tag-ataque-a-predio-residencial-em-kiev","tag-ataque-em-zaporizhzhia","tag-bakhmachk","tag-bloqueio-de-reservas-internacionais-da-russia","tag-bolsonaro","tag-brasil","tag-brasil-defende-integridade-territorial-das-nacoes","tag-brasileiros-na-ucrania","tag-camera-de-seguranca-flagra-ataque-a-predio-residencial-em-kiev","tag-carro-atropelado-por-tanque-de-guerra","tag-cerca-de-800-soldados-russos-foram-mortos-em-confronto-afirma-autoridade-ucraniana","tag-compreenda-o-conflito-entre-russia-e-ucrania","tag-conflito-entre-russia-e-ucrania","tag-conflito-no-leste-europeu","tag-congelamento-de-reservas-internacionais-ameaca-economia-da-russia","tag-congelamento-de-reservas-internacionais-da-russia","tag-crimeia","tag-destaque","tag-dmytro-kuleba","tag-economia-da-russia","tag-economia-da-russia-foi-esmagada","tag-embaixada-da-ucrania-no-brasil-afirma-que-invasao-poe-em-risco-a-ordem-mundial","tag-embaixada-ucraniana-espera-posicao-forte-do-brasil-sobre-guerra","tag-energodar","tag-entenda-como-o-conflito-entre-russia-e-ucrania-afeta-o-brasil","tag-entenda-o-conflito-entre-russia-e-ucrania","tag-estados-unidos-ampliam-sancoes-contra-russia","tag-fab-coloca-avioes-de-prontidao-para-retirada-de-brasileiros-da-ucrania","tag-fogo-em-zaporizhzhia","tag-guerra-entre-russia-e-ucrania","tag-guerra-entre-russos-e-ucranianos-pode-impactar-economia-do-brasil","tag-guerra-na-ucrania","tag-invasao-da-ucrania","tag-invasao-da-ucrania-preocupa-jogadores-brasileiros-que-atuam-em-kharkiv","tag-jair-bolsonaro","tag-jens-stoltenberg","tag-joe-biden-anuncia-maior-sancao-economica-da-historia","tag-jogadores-brasileiros-na-ucrania","tag-jogadores-chegam-ao-brasil-apos-fuga-da-guerra-na-ucrania","tag-jogadores-de-clube-ucraniano-chegam-ao-brasil","tag-kiev","tag-leste-europeu","tag-lista-de-brasileiros-na-ucrania","tag-lista-de-jogadores-brasileiros-na-ucrania","tag-maior-usina-nuclear-da-europa-e-atacada-pelo-exercito-da-russia","tag-mais-de-350-mil-pessoas-ja-fugiram-da-ucrania","tag-mauricio-santoro","tag-ministerio-das-relacoes-exteriores-do-brasil-apela-para-a-suspensao-imediata-do-conflito-na-ucrania","tag-obolon","tag-olaf-scholz","tag-organizacao-das-nacoes-unidas-aprova-resolucao-que-condena-invasao-da-ucrania","tag-organizacao-do-tratado-do-atlantico-norte","tag-otan","tag-posicao-de-bolsonaro-sobre-guerra-na-ucrania","tag-posicao-de-jair-bolsonaro-sobre-guerra-na-ucrania","tag-posicao-do-brasil-sobre-conflito-na-ucrania-e-de-cautela","tag-posicao-do-brasil-sobre-guerra-na-ucrania","tag-presidente-bolsonaro","tag-presidente-jair-bolsonaro","tag-putin-acusa-governo-da-ucrania-de-planejar-genocidio","tag-reflexos-do-conflito-entre-russia-e-ucrania-no-brasil","tag-russia","tag-russia-pretende-derrubar-o-governo-da-ucrania","tag-russian","tag-saida-diplomatica-ainda-e-aposta-de-analistas-para-russia-e-ucrania","tag-secretario-geral-da-otan","tag-tanque-de-guerra-atropela-carro","tag-tanque-de-guerra-passa-por-cima-do-veiculo-de-idoso-em-kiev","tag-tanque-de-guerra-passa-por-cima-do-veiculo-de-idoso-em-obolon","tag-tanque-de-guerra-passa-por-cima-do-veiculo-de-idoso-na-ucrania","tag-tanques-de-guerra-sao-recebidos-com-coqueteis-molotov-na-periferia-de-kiev","tag-ucrania","tag-uerj","tag-ukraine","tag-unb","tag-ursula-von-der-leyen","tag-usina-nuclear-de-zaporizhzhia","tag-valorizacao-do-dolar","tag-vladimir-putin","tag-vladimir-putin-pede-aos-militares-ucranianos-para-tomarem-o-poder","tag-volodymyr-zelenskiy","tag-volodymyr-zelensky","tag-war-in-ukraine","tag-zaporizhzhia"],"yoast_head":"<!-- This site is optimized with the Yoast SEO plugin v28.3 - https:\/\/yoast.com\/product\/yoast-seo-wordpress\/ -->\n<title>Maior usina nuclear da Europa \u00e9 atacada pelo ex\u00e9rcito da R\u00fassia - Aconteceu no Vale<\/title>\n<meta name=\"robots\" content=\"index, follow, max-snippet:-1, max-image-preview:large, max-video-preview:-1\" \/>\n<link rel=\"canonical\" href=\"https:\/\/aconteceunovale.com.br\/portal\/?p=187672\" \/>\n<meta property=\"og:locale\" content=\"pt_BR\" \/>\n<meta property=\"og:type\" content=\"article\" \/>\n<meta property=\"og:title\" content=\"Maior usina nuclear da Europa \u00e9 atacada pelo ex\u00e9rcito da R\u00fassia - Aconteceu no Vale\" \/>\n<meta property=\"og:description\" content=\"A Usina Nuclear de Zaporizhzhia, na Ucr\u00e2nia, est\u00e1 em chamas ap\u00f3s ser atacada por for\u00e7as russas, durante confronto com os ucranianos, segundo informa\u00e7\u00f5es divulgadas pelo prefeito de Energodar, Dmytro Orlov, na noite desta quinta-feira (3\/3\/2022). Orlov tamb\u00e9m informou que h\u00e1 v\u00edtimas, mas n\u00e3o disse o n\u00famero de mortos ou feridos. O prefeito de Emergodar tamb\u00e9m [&hellip;]\" \/>\n<meta property=\"og:url\" content=\"https:\/\/aconteceunovale.com.br\/portal\/?p=187672\" \/>\n<meta property=\"og:site_name\" content=\"Aconteceu no Vale\" \/>\n<meta property=\"article:publisher\" content=\"https:\/\/www.facebook.com\/aconteceunovale\/\" \/>\n<meta property=\"article:published_time\" content=\"2022-03-04T02:41:16+00:00\" \/>\n<meta property=\"article:modified_time\" content=\"2022-03-04T02:42:20+00:00\" \/>\n<meta property=\"og:image\" content=\"https:\/\/aconteceunovale.com.br\/portal\/wp-content\/uploads\/2022\/03\/usina_ucrania_fogo.jpg\" \/>\n\t<meta property=\"og:image:width\" content=\"678\" \/>\n\t<meta property=\"og:image:height\" content=\"358\" \/>\n\t<meta property=\"og:image:type\" content=\"image\/jpeg\" \/>\n<meta name=\"author\" content=\"Reda\u00e7\u00e3o Aconteceu no Vale\" \/>\n<meta name=\"twitter:card\" content=\"summary_large_image\" \/>\n<meta name=\"twitter:creator\" content=\"@noticiadosvales\" \/>\n<meta name=\"twitter:site\" content=\"@noticiadosvales\" \/>\n<meta name=\"twitter:label1\" content=\"Escrito por\" \/>\n\t<meta name=\"twitter:data1\" content=\"Reda\u00e7\u00e3o Aconteceu no Vale\" \/>\n\t<meta name=\"twitter:label2\" content=\"Est. tempo de leitura\" \/>\n\t<meta name=\"twitter:data2\" content=\"1 minuto\" \/>\n<script type=\"application\/ld+json\" class=\"yoast-schema-graph\">{\"@context\":\"https:\\\/\\\/schema.org\",\"@graph\":[{\"@type\":\"Article\",\"@id\":\"https:\\\/\\\/aconteceunovale.com.br\\\/portal\\\/?p=187672#article\",\"isPartOf\":{\"@id\":\"https:\\\/\\\/aconteceunovale.com.br\\\/portal\\\/?p=187672\"},\"author\":{\"name\":\"Reda\u00e7\u00e3o Aconteceu no Vale\",\"@id\":\"https:\\\/\\\/aconteceunovale.com.br\\\/portal\\\/#\\\/schema\\\/person\\\/7d2f26d1483f8a63de73da1ee0754d35\"},\"headline\":\"Maior usina nuclear da Europa \u00e9 atacada pelo ex\u00e9rcito da R\u00fassia\",\"datePublished\":\"2022-03-04T02:41:16+00:00\",\"dateModified\":\"2022-03-04T02:42:20+00:00\",\"mainEntityOfPage\":{\"@id\":\"https:\\\/\\\/aconteceunovale.com.br\\\/portal\\\/?p=187672\"},\"wordCount\":272,\"commentCount\":0,\"image\":{\"@id\":\"https:\\\/\\\/aconteceunovale.com.br\\\/portal\\\/?p=187672#primaryimage\"},\"thumbnailUrl\":\"https:\\\/\\\/aconteceunovale.com.br\\\/portal\\\/wp-content\\\/uploads\\\/2022\\\/03\\\/usina_ucrania_fogo.jpg\",\"keywords\":[\"Ajoelhado na frente de tanque\",\"alta do d\u00f3lar\",\"Ant\u00f4nio Barbosa\",\"Ataque a pr\u00e9dio em Kiev\",\"Ataque a pr\u00e9dio residencial em Kiev\",\"Ataque em Zaporizhzhia\",\"Bakhmachk\",\"Bloqueio de reservas internacionais da R\u00fassia\",\"Bolsonaro\",\"brasil\",\"Brasil defende integridade territorial das na\u00e7\u00f5es\",\"Brasileiros na Ucr\u00e2nia\",\"C\u00e2mera de seguran\u00e7a flagra ataque a pr\u00e9dio residencial em Kiev\",\"Carro atropelado por tanque de guerra\",\"Cerca de 800 soldados russos foram mortos em confronto afirma autoridade ucraniana\",\"Compreenda o conflito entre R\u00fassia e Ucr\u00e2nia\",\"Conflito entre R\u00fassia e Ucr\u00e2nia\",\"Conflito no Leste Europeu\",\"Congelamento de reservas internacionais amea\u00e7a economia da R\u00fassia\",\"Congelamento de reservas internacionais da R\u00fassia\",\"Crimeia\",\"destaque\",\"Dmytro Kuleba\",\"Economia da R\u00fassia\",\"Economia da R\u00fassia foi esmagada\",\"Embaixada da Ucr\u00e2nia no Brasil afirma que invas\u00e3o p\u00f5e em risco a ordem mundial\",\"Embaixada ucraniana espera posi\u00e7\u00e3o forte do Brasil sobre guerra\",\"Energodar\",\"Entenda como o conflito entre R\u00fassia e Ucr\u00e2nia afeta o Brasil\",\"Entenda o conflito entre R\u00fassia e Ucr\u00e2nia\",\"Estados Unidos ampliam san\u00e7\u00f5es contra R\u00fassia\",\"FAB coloca avi\u00f5es de prontid\u00e3o para retirada de brasileiros da Ucr\u00e2nia\",\"Fogo em Zaporizhzhia\",\"Guerra entre R\u00fassia e Ucr\u00e2nia\",\"Guerra entre russos e ucranianos pode impactar economia do Brasil\",\"Guerra na Ucr\u00e2nia\",\"Invas\u00e3o da Ucr\u00e2nia\",\"Invas\u00e3o da Ucr\u00e2nia preocupa jogadores brasileiros que atuam em Kharkiv\",\"Jair Bolsonaro\",\"Jens Stoltenberg\",\"Joe Biden anuncia maior san\u00e7\u00e3o econ\u00f4mica da hist\u00f3ria\",\"Jogadores brasileiros na Ucr\u00e2nia\",\"Jogadores chegam ao Brasil ap\u00f3s fuga da guerra na Ucr\u00e2nia\",\"Jogadores de clube ucraniano chegam ao Brasil\",\"Kiev\",\"Leste Europeu\",\"Lista de brasileiros na Ucr\u00e2nia\",\"Lista de jogadores brasileiros na Ucr\u00e2nia\",\"Maior usina nuclear da Europa \u00e9 atacada pelo ex\u00e9rcito da R\u00fassia\",\"Mais de 350 mil pessoas j\u00e1 fugiram da Ucr\u00e2nia\",\"Maur\u00edcio Santoro\",\"Minist\u00e9rio das Rela\u00e7\u00f5es Exteriores do Brasil apela para a suspens\u00e3o imediata do conflito na Ucr\u00e2nia\",\"Obolon\",\"Olaf Scholz\",\"Organiza\u00e7\u00e3o das Na\u00e7\u00f5es Unidas aprova resolu\u00e7\u00e3o que condena invas\u00e3o da Ucr\u00e2nia\",\"Organiza\u00e7\u00e3o do Tratado do Atl\u00e2ntico Norte\",\"Otan\",\"Posi\u00e7\u00e3o de Bolsonaro sobre guerra na Ucr\u00e2nia\",\"Posi\u00e7\u00e3o de Jair Bolsonaro sobre guerra na Ucr\u00e2nia\",\"Posi\u00e7\u00e3o do Brasil sobre conflito na Ucr\u00e2nia \u00e9 de cautela\",\"Posi\u00e7\u00e3o do Brasil sobre guerra na Ucr\u00e2nia\",\"Presidente Bolsonaro\",\"Presidente Jair Bolsonaro\",\"Putin acusa governo da Ucr\u00e2nia de planejar genoc\u00eddio\",\"Reflexos do conflito entre R\u00fassia e Ucr\u00e2nia no Brasil\",\"R\u00fassia\",\"R\u00fassia pretende derrubar o governo da Ucr\u00e2nia\",\"Russian\",\"Sa\u00edda diplom\u00e1tica ainda \u00e9 aposta de analistas para R\u00fassia e Ucr\u00e2nia\",\"Secret\u00e1rio-geral da Otan\",\"Tanque de guerra atropela carro\",\"Tanque de guerra passa por cima do ve\u00edculo de idoso em Kiev\",\"Tanque de guerra passa por cima do ve\u00edculo de idoso em Obolon\",\"Tanque de guerra passa por cima do ve\u00edculo de idoso na Ucr\u00e2nia\",\"Tanques de guerra s\u00e3o recebidos com\u00a0coquet\u00e9is molotov\u00a0na periferia de Kiev\",\"Ucr\u00e2nia\",\"Uerj\",\"Ukraine\",\"UnB\",\"Ursula von der Leyen\",\"Usina Nuclear de Zaporizhzhia\",\"valoriza\u00e7\u00e3o do d\u00f3lar\",\"Vladimir Putin\",\"Vladimir Putin pede aos militares ucranianos para tomarem o poder\",\"Volodymyr Zelenskiy\",\"Volodymyr Zelensky\",\"War in Ukraine\",\"Zaporizhzhia\"],\"articleSection\":[\"Mundo\"],\"inLanguage\":\"pt-BR\",\"potentialAction\":[{\"@type\":\"CommentAction\",\"name\":\"Comment\",\"target\":[\"https:\\\/\\\/aconteceunovale.com.br\\\/portal\\\/?p=187672#respond\"]}]},{\"@type\":\"WebPage\",\"@id\":\"https:\\\/\\\/aconteceunovale.com.br\\\/portal\\\/?p=187672\",\"url\":\"https:\\\/\\\/aconteceunovale.com.br\\\/portal\\\/?p=187672\",\"name\":\"Maior usina nuclear da Europa \u00e9 atacada pelo ex\u00e9rcito da R\u00fassia - Aconteceu no Vale\",\"isPartOf\":{\"@id\":\"https:\\\/\\\/aconteceunovale.com.br\\\/portal\\\/#website\"},\"primaryImageOfPage\":{\"@id\":\"https:\\\/\\\/aconteceunovale.com.br\\\/portal\\\/?p=187672#primaryimage\"},\"image\":{\"@id\":\"https:\\\/\\\/aconteceunovale.com.br\\\/portal\\\/?p=187672#primaryimage\"},\"thumbnailUrl\":\"https:\\\/\\\/aconteceunovale.com.br\\\/portal\\\/wp-content\\\/uploads\\\/2022\\\/03\\\/usina_ucrania_fogo.jpg\",\"datePublished\":\"2022-03-04T02:41:16+00:00\",\"dateModified\":\"2022-03-04T02:42:20+00:00\",\"author\":{\"@id\":\"https:\\\/\\\/aconteceunovale.com.br\\\/portal\\\/#\\\/schema\\\/person\\\/7d2f26d1483f8a63de73da1ee0754d35\"},\"breadcrumb\":{\"@id\":\"https:\\\/\\\/aconteceunovale.com.br\\\/portal\\\/?p=187672#breadcrumb\"},\"inLanguage\":\"pt-BR\",\"potentialAction\":[{\"@type\":\"ReadAction\",\"target\":[\"https:\\\/\\\/aconteceunovale.com.br\\\/portal\\\/?p=187672\"]}]},{\"@type\":\"ImageObject\",\"inLanguage\":\"pt-BR\",\"@id\":\"https:\\\/\\\/aconteceunovale.com.br\\\/portal\\\/?p=187672#primaryimage\",\"url\":\"https:\\\/\\\/aconteceunovale.com.br\\\/portal\\\/wp-content\\\/uploads\\\/2022\\\/03\\\/usina_ucrania_fogo.jpg\",\"contentUrl\":\"https:\\\/\\\/aconteceunovale.com.br\\\/portal\\\/wp-content\\\/uploads\\\/2022\\\/03\\\/usina_ucrania_fogo.jpg\",\"width\":678,\"height\":358},{\"@type\":\"BreadcrumbList\",\"@id\":\"https:\\\/\\\/aconteceunovale.com.br\\\/portal\\\/?p=187672#breadcrumb\",\"itemListElement\":[{\"@type\":\"ListItem\",\"position\":1,\"name\":\"In\u00edcio\",\"item\":\"https:\\\/\\\/aconteceunovale.com.br\\\/portal\\\/\"},{\"@type\":\"ListItem\",\"position\":2,\"name\":\"Maior usina nuclear da Europa \u00e9 atacada pelo ex\u00e9rcito da R\u00fassia\"}]},{\"@type\":\"WebSite\",\"@id\":\"https:\\\/\\\/aconteceunovale.com.br\\\/portal\\\/#website\",\"url\":\"https:\\\/\\\/aconteceunovale.com.br\\\/portal\\\/\",\"name\":\"Aconteceu no Vale\",\"description\":\"Portal de Not\u00edcias\",\"potentialAction\":[{\"@type\":\"SearchAction\",\"target\":{\"@type\":\"EntryPoint\",\"urlTemplate\":\"https:\\\/\\\/aconteceunovale.com.br\\\/portal\\\/?s={search_term_string}\"},\"query-input\":{\"@type\":\"PropertyValueSpecification\",\"valueRequired\":true,\"valueName\":\"search_term_string\"}}],\"inLanguage\":\"pt-BR\"},{\"@type\":\"Person\",\"@id\":\"https:\\\/\\\/aconteceunovale.com.br\\\/portal\\\/#\\\/schema\\\/person\\\/7d2f26d1483f8a63de73da1ee0754d35\",\"name\":\"Reda\u00e7\u00e3o Aconteceu no Vale\",\"description\":\"Equipe de reportagem do Aconteceu no Vale, portal de not\u00edcias do Vale do Jequitinhonha, em Minas Gerais. Cobrimos as 51 cidades do Vale desde 2013. Sugest\u00f5es de pauta e pedidos de corre\u00e7\u00e3o: contato@aconteceunovale.com.br\",\"url\":\"https:\\\/\\\/aconteceunovale.com.br\\\/portal\\\/?author=4\"}]}<\/script>\n<!-- \/ Yoast SEO plugin. -->","yoast_head_json":{"title":"Maior usina nuclear da Europa \u00e9 atacada pelo ex\u00e9rcito da R\u00fassia - Aconteceu no Vale","robots":{"index":"index","follow":"follow","max-snippet":"max-snippet:-1","max-image-preview":"max-image-preview:large","max-video-preview":"max-video-preview:-1"},"canonical":"https:\/\/aconteceunovale.com.br\/portal\/?p=187672","og_locale":"pt_BR","og_type":"article","og_title":"Maior usina nuclear da Europa \u00e9 atacada pelo ex\u00e9rcito da R\u00fassia - Aconteceu no Vale","og_description":"A Usina Nuclear de Zaporizhzhia, na Ucr\u00e2nia, est\u00e1 em chamas ap\u00f3s ser atacada por for\u00e7as russas, durante confronto com os ucranianos, segundo informa\u00e7\u00f5es divulgadas pelo prefeito de Energodar, Dmytro Orlov, na noite desta quinta-feira (3\/3\/2022). Orlov tamb\u00e9m informou que h\u00e1 v\u00edtimas, mas n\u00e3o disse o n\u00famero de mortos ou feridos. O prefeito de Emergodar tamb\u00e9m [&hellip;]","og_url":"https:\/\/aconteceunovale.com.br\/portal\/?p=187672","og_site_name":"Aconteceu no Vale","article_publisher":"https:\/\/www.facebook.com\/aconteceunovale\/","article_published_time":"2022-03-04T02:41:16+00:00","article_modified_time":"2022-03-04T02:42:20+00:00","og_image":[{"width":678,"height":358,"url":"https:\/\/aconteceunovale.com.br\/portal\/wp-content\/uploads\/2022\/03\/usina_ucrania_fogo.jpg","type":"image\/jpeg"}],"author":"Reda\u00e7\u00e3o Aconteceu no Vale","twitter_card":"summary_large_image","twitter_creator":"@noticiadosvales","twitter_site":"@noticiadosvales","twitter_misc":{"Escrito por":"Reda\u00e7\u00e3o Aconteceu no Vale","Est. tempo de leitura":"1 minuto"},"schema":{"@context":"https:\/\/schema.org","@graph":[{"@type":"Article","@id":"https:\/\/aconteceunovale.com.br\/portal\/?p=187672#article","isPartOf":{"@id":"https:\/\/aconteceunovale.com.br\/portal\/?p=187672"},"author":{"name":"Reda\u00e7\u00e3o Aconteceu no Vale","@id":"https:\/\/aconteceunovale.com.br\/portal\/#\/schema\/person\/7d2f26d1483f8a63de73da1ee0754d35"},"headline":"Maior usina nuclear da Europa \u00e9 atacada pelo ex\u00e9rcito da R\u00fassia","datePublished":"2022-03-04T02:41:16+00:00","dateModified":"2022-03-04T02:42:20+00:00","mainEntityOfPage":{"@id":"https:\/\/aconteceunovale.com.br\/portal\/?p=187672"},"wordCount":272,"commentCount":0,"image":{"@id":"https:\/\/aconteceunovale.com.br\/portal\/?p=187672#primaryimage"},"thumbnailUrl":"https:\/\/aconteceunovale.com.br\/portal\/wp-content\/uploads\/2022\/03\/usina_ucrania_fogo.jpg","keywords":["Ajoelhado na frente de tanque","alta do d\u00f3lar","Ant\u00f4nio Barbosa","Ataque a pr\u00e9dio em Kiev","Ataque a pr\u00e9dio residencial em Kiev","Ataque em Zaporizhzhia","Bakhmachk","Bloqueio de reservas internacionais da R\u00fassia","Bolsonaro","brasil","Brasil defende integridade territorial das na\u00e7\u00f5es","Brasileiros na Ucr\u00e2nia","C\u00e2mera de seguran\u00e7a flagra ataque a pr\u00e9dio residencial em Kiev","Carro atropelado por tanque de guerra","Cerca de 800 soldados russos foram mortos em confronto afirma autoridade ucraniana","Compreenda o conflito entre R\u00fassia e Ucr\u00e2nia","Conflito entre R\u00fassia e Ucr\u00e2nia","Conflito no Leste Europeu","Congelamento de reservas internacionais amea\u00e7a economia da R\u00fassia","Congelamento de reservas internacionais da R\u00fassia","Crimeia","destaque","Dmytro Kuleba","Economia da R\u00fassia","Economia da R\u00fassia foi esmagada","Embaixada da Ucr\u00e2nia no Brasil afirma que invas\u00e3o p\u00f5e em risco a ordem mundial","Embaixada ucraniana espera posi\u00e7\u00e3o forte do Brasil sobre guerra","Energodar","Entenda como o conflito entre R\u00fassia e Ucr\u00e2nia afeta o Brasil","Entenda o conflito entre R\u00fassia e Ucr\u00e2nia","Estados Unidos ampliam san\u00e7\u00f5es contra R\u00fassia","FAB coloca avi\u00f5es de prontid\u00e3o para retirada de brasileiros da Ucr\u00e2nia","Fogo em Zaporizhzhia","Guerra entre R\u00fassia e Ucr\u00e2nia","Guerra entre russos e ucranianos pode impactar economia do Brasil","Guerra na Ucr\u00e2nia","Invas\u00e3o da Ucr\u00e2nia","Invas\u00e3o da Ucr\u00e2nia preocupa jogadores brasileiros que atuam em Kharkiv","Jair Bolsonaro","Jens Stoltenberg","Joe Biden anuncia maior san\u00e7\u00e3o econ\u00f4mica da hist\u00f3ria","Jogadores brasileiros na Ucr\u00e2nia","Jogadores chegam ao Brasil ap\u00f3s fuga da guerra na Ucr\u00e2nia","Jogadores de clube ucraniano chegam ao Brasil","Kiev","Leste Europeu","Lista de brasileiros na Ucr\u00e2nia","Lista de jogadores brasileiros na Ucr\u00e2nia","Maior usina nuclear da Europa \u00e9 atacada pelo ex\u00e9rcito da R\u00fassia","Mais de 350 mil pessoas j\u00e1 fugiram da Ucr\u00e2nia","Maur\u00edcio Santoro","Minist\u00e9rio das Rela\u00e7\u00f5es Exteriores do Brasil apela para a suspens\u00e3o imediata do conflito na Ucr\u00e2nia","Obolon","Olaf Scholz","Organiza\u00e7\u00e3o das Na\u00e7\u00f5es Unidas aprova resolu\u00e7\u00e3o que condena invas\u00e3o da Ucr\u00e2nia","Organiza\u00e7\u00e3o do Tratado do Atl\u00e2ntico Norte","Otan","Posi\u00e7\u00e3o de Bolsonaro sobre guerra na Ucr\u00e2nia","Posi\u00e7\u00e3o de Jair Bolsonaro sobre guerra na Ucr\u00e2nia","Posi\u00e7\u00e3o do Brasil sobre conflito na Ucr\u00e2nia \u00e9 de cautela","Posi\u00e7\u00e3o do Brasil sobre guerra na Ucr\u00e2nia","Presidente Bolsonaro","Presidente Jair Bolsonaro","Putin acusa governo da Ucr\u00e2nia de planejar genoc\u00eddio","Reflexos do conflito entre R\u00fassia e Ucr\u00e2nia no Brasil","R\u00fassia","R\u00fassia pretende derrubar o governo da Ucr\u00e2nia","Russian","Sa\u00edda diplom\u00e1tica ainda \u00e9 aposta de analistas para R\u00fassia e Ucr\u00e2nia","Secret\u00e1rio-geral da Otan","Tanque de guerra atropela carro","Tanque de guerra passa por cima do ve\u00edculo de idoso em Kiev","Tanque de guerra passa por cima do ve\u00edculo de idoso em Obolon","Tanque de guerra passa por cima do ve\u00edculo de idoso na Ucr\u00e2nia","Tanques de guerra s\u00e3o recebidos com\u00a0coquet\u00e9is molotov\u00a0na periferia de Kiev","Ucr\u00e2nia","Uerj","Ukraine","UnB","Ursula von der Leyen","Usina Nuclear de Zaporizhzhia","valoriza\u00e7\u00e3o do d\u00f3lar","Vladimir Putin","Vladimir Putin pede aos militares ucranianos para tomarem o poder","Volodymyr Zelenskiy","Volodymyr Zelensky","War in Ukraine","Zaporizhzhia"],"articleSection":["Mundo"],"inLanguage":"pt-BR","potentialAction":[{"@type":"CommentAction","name":"Comment","target":["https:\/\/aconteceunovale.com.br\/portal\/?p=187672#respond"]}]},{"@type":"WebPage","@id":"https:\/\/aconteceunovale.com.br\/portal\/?p=187672","url":"https:\/\/aconteceunovale.com.br\/portal\/?p=187672","name":"Maior usina nuclear da Europa \u00e9 atacada pelo ex\u00e9rcito da R\u00fassia - Aconteceu no Vale","isPartOf":{"@id":"https:\/\/aconteceunovale.com.br\/portal\/#website"},"primaryImageOfPage":{"@id":"https:\/\/aconteceunovale.com.br\/portal\/?p=187672#primaryimage"},"image":{"@id":"https:\/\/aconteceunovale.com.br\/portal\/?p=187672#primaryimage"},"thumbnailUrl":"https:\/\/aconteceunovale.com.br\/portal\/wp-content\/uploads\/2022\/03\/usina_ucrania_fogo.jpg","datePublished":"2022-03-04T02:41:16+00:00","dateModified":"2022-03-04T02:42:20+00:00","author":{"@id":"https:\/\/aconteceunovale.com.br\/portal\/#\/schema\/person\/7d2f26d1483f8a63de73da1ee0754d35"},"breadcrumb":{"@id":"https:\/\/aconteceunovale.com.br\/portal\/?p=187672#breadcrumb"},"inLanguage":"pt-BR","potentialAction":[{"@type":"ReadAction","target":["https:\/\/aconteceunovale.com.br\/portal\/?p=187672"]}]},{"@type":"ImageObject","inLanguage":"pt-BR","@id":"https:\/\/aconteceunovale.com.br\/portal\/?p=187672#primaryimage","url":"https:\/\/aconteceunovale.com.br\/portal\/wp-content\/uploads\/2022\/03\/usina_ucrania_fogo.jpg","contentUrl":"https:\/\/aconteceunovale.com.br\/portal\/wp-content\/uploads\/2022\/03\/usina_ucrania_fogo.jpg","width":678,"height":358},{"@type":"BreadcrumbList","@id":"https:\/\/aconteceunovale.com.br\/portal\/?p=187672#breadcrumb","itemListElement":[{"@type":"ListItem","position":1,"name":"In\u00edcio","item":"https:\/\/aconteceunovale.com.br\/portal\/"},{"@type":"ListItem","position":2,"name":"Maior usina nuclear da Europa \u00e9 atacada pelo ex\u00e9rcito da R\u00fassia"}]},{"@type":"WebSite","@id":"https:\/\/aconteceunovale.com.br\/portal\/#website","url":"https:\/\/aconteceunovale.com.br\/portal\/","name":"Aconteceu no Vale","description":"Portal de Not\u00edcias","potentialAction":[{"@type":"SearchAction","target":{"@type":"EntryPoint","urlTemplate":"https:\/\/aconteceunovale.com.br\/portal\/?s={search_term_string}"},"query-input":{"@type":"PropertyValueSpecification","valueRequired":true,"valueName":"search_term_string"}}],"inLanguage":"pt-BR"},{"@type":"Person","@id":"https:\/\/aconteceunovale.com.br\/portal\/#\/schema\/person\/7d2f26d1483f8a63de73da1ee0754d35","name":"Reda\u00e7\u00e3o Aconteceu no Vale","description":"Equipe de reportagem do Aconteceu no Vale, portal de not\u00edcias do Vale do Jequitinhonha, em Minas Gerais. Cobrimos as 51 cidades do Vale desde 2013. Sugest\u00f5es de pauta e pedidos de corre\u00e7\u00e3o: contato@aconteceunovale.com.br","url":"https:\/\/aconteceunovale.com.br\/portal\/?author=4"}]}},"_links":{"self":[{"href":"https:\/\/aconteceunovale.com.br\/portal\/index.php?rest_route=\/wp\/v2\/posts\/187672","targetHints":{"allow":["GET"]}}],"collection":[{"href":"https:\/\/aconteceunovale.com.br\/portal\/index.php?rest_route=\/wp\/v2\/posts"}],"about":[{"href":"https:\/\/aconteceunovale.com.br\/portal\/index.php?rest_route=\/wp\/v2\/types\/post"}],"author":[{"embeddable":true,"href":"https:\/\/aconteceunovale.com.br\/portal\/index.php?rest_route=\/wp\/v2\/users\/4"}],"replies":[{"embeddable":true,"href":"https:\/\/aconteceunovale.com.br\/portal\/index.php?rest_route=%2Fwp%2Fv2%2Fcomments&post=187672"}],"version-history":[{"count":2,"href":"https:\/\/aconteceunovale.com.br\/portal\/index.php?rest_route=\/wp\/v2\/posts\/187672\/revisions"}],"predecessor-version":[{"id":187675,"href":"https:\/\/aconteceunovale.com.br\/portal\/index.php?rest_route=\/wp\/v2\/posts\/187672\/revisions\/187675"}],"wp:featuredmedia":[{"embeddable":true,"href":"https:\/\/aconteceunovale.com.br\/portal\/index.php?rest_route=\/wp\/v2\/media\/187673"}],"wp:attachment":[{"href":"https:\/\/aconteceunovale.com.br\/portal\/index.php?rest_route=%2Fwp%2Fv2%2Fmedia&parent=187672"}],"wp:term":[{"taxonomy":"category","embeddable":true,"href":"https:\/\/aconteceunovale.com.br\/portal\/index.php?rest_route=%2Fwp%2Fv2%2Fcategories&post=187672"},{"taxonomy":"post_tag","embeddable":true,"href":"https:\/\/aconteceunovale.com.br\/portal\/index.php?rest_route=%2Fwp%2Fv2%2Ftags&post=187672"}],"curies":[{"name":"wp","href":"https:\/\/api.w.org\/{rel}","templated":true}]}}