{"id":187665,"date":"2022-03-03T19:18:29","date_gmt":"2022-03-03T22:18:29","guid":{"rendered":"https:\/\/aconteceunovale.com.br\/portal\/?p=187665"},"modified":"2022-03-03T19:18:54","modified_gmt":"2022-03-03T22:18:54","slug":"supremo-tribunal-federal-mantem-fundo-eleitoral-de-r-49-bilhoes","status":"publish","type":"post","link":"https:\/\/aconteceunovale.com.br\/portal\/?p=187665","title":{"rendered":"Supremo Tribunal Federal mant\u00e9m Fundo Eleitoral de R$ 4,9 bilh\u00f5es"},"content":{"rendered":"\n<p class=\"wp-block-paragraph\">O Supremo Tribunal Federal (STF) decidiu\u00a0hoje\u00a0(3\/3) manter o valor de R$ 4,9 bilh\u00f5es para o Fundo Especial de Financiamento de Campanha (FEFC) em 2022. O fundo \u00e9 destinado ao financiamento p\u00fablico de campanhas pol\u00edticas e est\u00e1 previsto no or\u00e7amento federal deste ano.<\/p>\n\n\n\n<p class=\"wp-block-paragraph\">O julgamento come\u00e7ou no dia 23 de fevereiro e foi finalizado na tarde de&nbsp;hoje. Por 9 votos a 2, a maioria seguiu voto proferido pelo ministro Nunes Marques.&nbsp;<\/p>\n\n\n\n<p class=\"wp-block-paragraph\">Na primeira sess\u00e3o destinada para julgar o caso, o\u00a0ministro manteve o valor do fundo\u00a0ao entender que n\u00e3o houve irregularidades na tramita\u00e7\u00e3o da mat\u00e9ria e que o Judici\u00e1rio n\u00e3o pode interferir em quest\u00f5es or\u00e7ament\u00e1rias do Congresso.\u00a0<\/p>\n\n\n\n<p class=\"wp-block-paragraph\">Relator do caso, o\u00a0ministro Andr\u00e9 Mendon\u00e7a votou contra o aumento, por entender que o Congresso n\u00e3o demonstrou a necessidade de retirar dinheiro de outros projetos para aumentar o fundo. Para promover o aumento, foram retirados 20% dos recursos das emendas de bancadas estaduais e distrital, que s\u00e3o de execu\u00e7\u00e3o impositiva.<\/p>\n\n\n\n<p class=\"wp-block-paragraph\">O Fundo Eleitoral \u00e9 repassado aos partidos em anos&nbsp;de elei\u00e7\u00f5es. O repasse foi criado pelo Congresso em 2017 ap\u00f3s a decis\u00e3o do Supremo, que, em 2015, proibiu o financiamento das campanhas por empresas privadas. Al\u00e9m do Fundo Eleitoral, os partidos tamb\u00e9m contam com o Fundo Partid\u00e1rio, que \u00e9 distribu\u00eddo anualmente para manuten\u00e7\u00e3o das atividades administrativas.&nbsp;<\/p>\n\n\n\n<h2 class=\"wp-block-heading\">Entenda<\/h2>\n\n\n\n<p class=\"wp-block-paragraph\">Na a\u00e7\u00e3o protocolada na Corte, o Novo questionou a emenda legislativa que resultou no aumento do fundo. Em 2020, o valor distribu\u00eddo aos partidos foi de R$ 2,1 bilh\u00f5es. Para a legenda, a altera\u00e7\u00e3o deveria ser de iniciativa exclusiva do Executivo.&nbsp;Al\u00e9m disso, a legenda sustentou que o aumento teve contornos de \u201cimoralidade\u201d, atendendo a \u201cinteresses pessoalistas\u201d dos legisladores.<\/p>\n\n\n\n<p class=\"wp-block-paragraph\">Para barrar o aumento, a sigla pediu uma liminar para suspender o artigo da Lei de Diretrizes Or\u00e7ament\u00e1rias (LDO) que autorizou a expans\u00e3o&nbsp;do Fundo Eleitoral para at\u00e9 R$ 5,7 bilh\u00f5es.<\/p>\n\n\n\n<p class=\"wp-block-paragraph\">Ao sancionar a LDO, o presidente\u00a0Jair Bolsonaro vetou o acr\u00e9scimo\u00a0no c\u00e1lculo do Fundo Eleitoral, mas o\u00a0veto foi derrubado pelo Congresso.\u00a0<\/p>\n\n\n\n<p class=\"wp-block-paragraph\">Posteriormente, ao aprovar o Or\u00e7amento, o Legislativo estabeleceu o valor de R$ 4,9 bilh\u00f5es, que foi sancionado pelo presidente da Rep\u00fablica.<\/p>\n\n\n\n<p class=\"wp-block-paragraph\">&#8212;&#8212;&#8212;&#8212;&#8212;&#8212;<br><br><strong>Sabia que o Aconteceu no Vale est\u00e1 tamb\u00e9m no Telegram? <a rel=\"noreferrer noopener\" href=\"https:\/\/t.me\/aconteceunovaleoficial\" target=\"_blank\">Inscreva-se no canal<\/a>.<\/strong><br><br><strong>J\u00e1 curtiu ou seguiu nossas p\u00e1ginas nas redes sociais?\u00a0Receba as not\u00edcias em primeira m\u00e3o:<\/strong><br>\u2022 <a rel=\"noreferrer noopener\" href=\"https:\/\/news.google.com\/publications\/CAAqBwgKMNjklQswi4etAw?hl=pt-BR&amp;gl=BR&amp;ceid=BR%3Apt-419\" target=\"_blank\">Google News<\/a><br>\u2022 <a rel=\"noreferrer noopener\" href=\"https:\/\/www.facebook.com\/aconteceunovale\/\" target=\"_blank\">Facebook<\/a><br>\u2022 <a rel=\"noreferrer noopener\" href=\"https:\/\/twitter.com\/noticiadosvales\" target=\"_blank\">Twitter<\/a><br>\u2022 <a rel=\"noreferrer noopener\" href=\"https:\/\/www.instagram.com\/aconteceunovale\" target=\"_blank\">Instagram<\/a><br>\u2022 <a rel=\"noreferrer noopener\" href=\"https:\/\/www.youtube.com\/AconteceunoValeOficial\" target=\"_blank\">Youtube<\/a><br>\u2022 <a rel=\"noreferrer noopener\" href=\"https:\/\/www.tiktok.com\/@aconteceunovale\" target=\"_blank\">TikTok<\/a><\/p>\n","protected":false},"excerpt":{"rendered":"<p>O Supremo Tribunal Federal (STF) decidiu\u00a0hoje\u00a0(3\/3) manter o valor de R$ 4,9 bilh\u00f5es para o Fundo Especial de Financiamento de Campanha (FEFC) em 2022. O fundo \u00e9 destinado ao financiamento p\u00fablico de campanhas pol\u00edticas e est\u00e1 previsto no or\u00e7amento federal deste ano. O julgamento come\u00e7ou no dia 23 de fevereiro e foi finalizado na tarde [&hellip;]<\/p>\n","protected":false},"author":4,"featured_media":153854,"comment_status":"open","ping_status":"closed","sticky":false,"template":"","format":"standard","meta":{"amp_status":"","footnotes":""},"categories":[6,249933,40240],"tags":[248025,248023,248022,248026,100375,48796,1018,71053,248148,4610,243248,53607,26436,243252,248021,248024,243254,184661,243253,243251,243255,243249,259673,243250,248147],"class_list":["post-187665","post","type-post","status-publish","format-standard","has-post-thumbnail","hentry","category-br","category-eleicoes-2022","category-politica","tag-aumento-do-fundo-eleitoral","tag-aumento-do-fundo-eleitoral-em-2022","tag-aumento-do-fundo-eleitoral-para-quase-r-6-bilhoes","tag-aumento-do-valor-do-fundo-eleitoral","tag-bolsonaro","tag-congresso-nacional","tag-destaque","tag-fundao","tag-fundao-eleitoral","tag-governo-federal","tag-governo-federal-propoe-salario-minimo-de-r-1-147-em-2022","tag-inpc","tag-jair-bolsonaro","tag-ldo-2022","tag-ldo-de-2022","tag-lei-de-diretrizes-orcamentarias-2022","tag-minimo-de-2022","tag-ministerio-da-economia","tag-pldo-2022","tag-proposta-de-salario-minimo-para-2022","tag-salario-minimo-de-r-1-147-em-2022","tag-salario-minimo-em-2022","tag-supremo-tribunal-federal-mantem-fundo-eleitoral-de-r-4-9-bilhoes","tag-valor-do-salario-minimo-em-2022","tag-veto-ao-fundo-eleitoral"],"yoast_head":"<!-- This site is optimized with the Yoast SEO plugin v28.3 - https:\/\/yoast.com\/product\/yoast-seo-wordpress\/ -->\n<title>Supremo Tribunal Federal mant\u00e9m Fundo Eleitoral de R$ 4,9 bilh\u00f5es - Aconteceu no Vale<\/title>\n<meta name=\"robots\" content=\"index, follow, max-snippet:-1, max-image-preview:large, max-video-preview:-1\" \/>\n<link rel=\"canonical\" href=\"https:\/\/aconteceunovale.com.br\/portal\/?p=187665\" \/>\n<meta property=\"og:locale\" content=\"pt_BR\" \/>\n<meta property=\"og:type\" content=\"article\" \/>\n<meta property=\"og:title\" content=\"Supremo Tribunal Federal mant\u00e9m Fundo Eleitoral de R$ 4,9 bilh\u00f5es - Aconteceu no Vale\" \/>\n<meta property=\"og:description\" content=\"O Supremo Tribunal Federal (STF) decidiu\u00a0hoje\u00a0(3\/3) manter o valor de R$ 4,9 bilh\u00f5es para o Fundo Especial de Financiamento de Campanha (FEFC) em 2022. O fundo \u00e9 destinado ao financiamento p\u00fablico de campanhas pol\u00edticas e est\u00e1 previsto no or\u00e7amento federal deste ano. O julgamento come\u00e7ou no dia 23 de fevereiro e foi finalizado na tarde [&hellip;]\" \/>\n<meta property=\"og:url\" content=\"https:\/\/aconteceunovale.com.br\/portal\/?p=187665\" \/>\n<meta property=\"og:site_name\" content=\"Aconteceu no Vale\" \/>\n<meta property=\"article:publisher\" content=\"https:\/\/www.facebook.com\/aconteceunovale\/\" \/>\n<meta property=\"article:published_time\" content=\"2022-03-03T22:18:29+00:00\" \/>\n<meta property=\"article:modified_time\" content=\"2022-03-03T22:18:54+00:00\" \/>\n<meta property=\"og:image\" content=\"https:\/\/aconteceunovale.com.br\/portal\/wp-content\/uploads\/2019\/10\/dinheiro.png\" \/>\n\t<meta property=\"og:image:width\" content=\"678\" \/>\n\t<meta property=\"og:image:height\" content=\"427\" \/>\n\t<meta property=\"og:image:type\" content=\"image\/png\" \/>\n<meta name=\"author\" content=\"Reda\u00e7\u00e3o Aconteceu no Vale\" \/>\n<meta name=\"twitter:card\" content=\"summary_large_image\" \/>\n<meta name=\"twitter:creator\" content=\"@noticiadosvales\" \/>\n<meta name=\"twitter:site\" content=\"@noticiadosvales\" \/>\n<meta name=\"twitter:label1\" content=\"Escrito por\" \/>\n\t<meta name=\"twitter:data1\" content=\"Reda\u00e7\u00e3o Aconteceu no Vale\" \/>\n\t<meta name=\"twitter:label2\" content=\"Est. tempo de leitura\" \/>\n\t<meta name=\"twitter:data2\" content=\"2 minutos\" \/>\n<script type=\"application\/ld+json\" class=\"yoast-schema-graph\">{\"@context\":\"https:\\\/\\\/schema.org\",\"@graph\":[{\"@type\":\"Article\",\"@id\":\"https:\\\/\\\/aconteceunovale.com.br\\\/portal\\\/?p=187665#article\",\"isPartOf\":{\"@id\":\"https:\\\/\\\/aconteceunovale.com.br\\\/portal\\\/?p=187665\"},\"author\":{\"name\":\"Reda\u00e7\u00e3o Aconteceu no Vale\",\"@id\":\"https:\\\/\\\/aconteceunovale.com.br\\\/portal\\\/#\\\/schema\\\/person\\\/7d2f26d1483f8a63de73da1ee0754d35\"},\"headline\":\"Supremo Tribunal Federal mant\u00e9m Fundo Eleitoral de R$ 4,9 bilh\u00f5es\",\"datePublished\":\"2022-03-03T22:18:29+00:00\",\"dateModified\":\"2022-03-03T22:18:54+00:00\",\"mainEntityOfPage\":{\"@id\":\"https:\\\/\\\/aconteceunovale.com.br\\\/portal\\\/?p=187665\"},\"wordCount\":433,\"commentCount\":0,\"image\":{\"@id\":\"https:\\\/\\\/aconteceunovale.com.br\\\/portal\\\/?p=187665#primaryimage\"},\"thumbnailUrl\":\"https:\\\/\\\/aconteceunovale.com.br\\\/portal\\\/wp-content\\\/uploads\\\/2019\\\/10\\\/dinheiro.png\",\"keywords\":[\"Aumento do fundo eleitoral\",\"Aumento do fundo eleitoral em 2022\",\"Aumento do fundo eleitoral para quase R$ 6 bilh\u00f5es\",\"Aumento do valor do fundo eleitoral\",\"Bolsonaro\",\"Congresso Nacional\",\"destaque\",\"fund\u00e3o\",\"Fund\u00e3o eleitoral\",\"Governo Federal\",\"Governo federal prop\u00f5e sal\u00e1rio m\u00ednimo de R$ 1.147 em 2022\",\"INPC\",\"Jair Bolsonaro\",\"LDO 2022\",\"LDO de 2022\",\"Lei de Diretrizes Or\u00e7ament\u00e1rias 2022\",\"M\u00ednimo de 2022\",\"Minist\u00e9rio da Economia\",\"PLDO 2022\",\"Proposta de sal\u00e1rio m\u00ednimo para 2022\",\"Sal\u00e1rio m\u00ednimo de R$ 1.147 em 2022\",\"Sal\u00e1rio m\u00ednimo em 2022\",\"Supremo Tribunal Federal mant\u00e9m Fundo Eleitoral de R$ 4.9 bilh\u00f5es\",\"Valor do sal\u00e1rio m\u00ednimo em 2022\",\"Veto ao fundo eleitoral\"],\"articleSection\":[\"Brasil\",\"Elei\u00e7\u00f5es 2022\",\"Pol\u00edtica\"],\"inLanguage\":\"pt-BR\",\"potentialAction\":[{\"@type\":\"CommentAction\",\"name\":\"Comment\",\"target\":[\"https:\\\/\\\/aconteceunovale.com.br\\\/portal\\\/?p=187665#respond\"]}]},{\"@type\":\"WebPage\",\"@id\":\"https:\\\/\\\/aconteceunovale.com.br\\\/portal\\\/?p=187665\",\"url\":\"https:\\\/\\\/aconteceunovale.com.br\\\/portal\\\/?p=187665\",\"name\":\"Supremo Tribunal Federal mant\u00e9m Fundo Eleitoral de R$ 4,9 bilh\u00f5es - Aconteceu no Vale\",\"isPartOf\":{\"@id\":\"https:\\\/\\\/aconteceunovale.com.br\\\/portal\\\/#website\"},\"primaryImageOfPage\":{\"@id\":\"https:\\\/\\\/aconteceunovale.com.br\\\/portal\\\/?p=187665#primaryimage\"},\"image\":{\"@id\":\"https:\\\/\\\/aconteceunovale.com.br\\\/portal\\\/?p=187665#primaryimage\"},\"thumbnailUrl\":\"https:\\\/\\\/aconteceunovale.com.br\\\/portal\\\/wp-content\\\/uploads\\\/2019\\\/10\\\/dinheiro.png\",\"datePublished\":\"2022-03-03T22:18:29+00:00\",\"dateModified\":\"2022-03-03T22:18:54+00:00\",\"author\":{\"@id\":\"https:\\\/\\\/aconteceunovale.com.br\\\/portal\\\/#\\\/schema\\\/person\\\/7d2f26d1483f8a63de73da1ee0754d35\"},\"breadcrumb\":{\"@id\":\"https:\\\/\\\/aconteceunovale.com.br\\\/portal\\\/?p=187665#breadcrumb\"},\"inLanguage\":\"pt-BR\",\"potentialAction\":[{\"@type\":\"ReadAction\",\"target\":[\"https:\\\/\\\/aconteceunovale.com.br\\\/portal\\\/?p=187665\"]}]},{\"@type\":\"ImageObject\",\"inLanguage\":\"pt-BR\",\"@id\":\"https:\\\/\\\/aconteceunovale.com.br\\\/portal\\\/?p=187665#primaryimage\",\"url\":\"https:\\\/\\\/aconteceunovale.com.br\\\/portal\\\/wp-content\\\/uploads\\\/2019\\\/10\\\/dinheiro.png\",\"contentUrl\":\"https:\\\/\\\/aconteceunovale.com.br\\\/portal\\\/wp-content\\\/uploads\\\/2019\\\/10\\\/dinheiro.png\",\"width\":678,\"height\":427},{\"@type\":\"BreadcrumbList\",\"@id\":\"https:\\\/\\\/aconteceunovale.com.br\\\/portal\\\/?p=187665#breadcrumb\",\"itemListElement\":[{\"@type\":\"ListItem\",\"position\":1,\"name\":\"In\u00edcio\",\"item\":\"https:\\\/\\\/aconteceunovale.com.br\\\/portal\\\/\"},{\"@type\":\"ListItem\",\"position\":2,\"name\":\"Supremo Tribunal Federal mant\u00e9m Fundo Eleitoral de R$ 4,9 bilh\u00f5es\"}]},{\"@type\":\"WebSite\",\"@id\":\"https:\\\/\\\/aconteceunovale.com.br\\\/portal\\\/#website\",\"url\":\"https:\\\/\\\/aconteceunovale.com.br\\\/portal\\\/\",\"name\":\"Aconteceu no Vale\",\"description\":\"Portal de Not\u00edcias\",\"potentialAction\":[{\"@type\":\"SearchAction\",\"target\":{\"@type\":\"EntryPoint\",\"urlTemplate\":\"https:\\\/\\\/aconteceunovale.com.br\\\/portal\\\/?s={search_term_string}\"},\"query-input\":{\"@type\":\"PropertyValueSpecification\",\"valueRequired\":true,\"valueName\":\"search_term_string\"}}],\"inLanguage\":\"pt-BR\"},{\"@type\":\"Person\",\"@id\":\"https:\\\/\\\/aconteceunovale.com.br\\\/portal\\\/#\\\/schema\\\/person\\\/7d2f26d1483f8a63de73da1ee0754d35\",\"name\":\"Reda\u00e7\u00e3o Aconteceu no Vale\",\"description\":\"Equipe de reportagem do Aconteceu no Vale, portal de not\u00edcias do Vale do Jequitinhonha, em Minas Gerais. Cobrimos as 51 cidades do Vale desde 2013. Sugest\u00f5es de pauta e pedidos de corre\u00e7\u00e3o: contato@aconteceunovale.com.br\",\"url\":\"https:\\\/\\\/aconteceunovale.com.br\\\/portal\\\/?author=4\"}]}<\/script>\n<!-- \/ Yoast SEO plugin. -->","yoast_head_json":{"title":"Supremo Tribunal Federal mant\u00e9m Fundo Eleitoral de R$ 4,9 bilh\u00f5es - Aconteceu no Vale","robots":{"index":"index","follow":"follow","max-snippet":"max-snippet:-1","max-image-preview":"max-image-preview:large","max-video-preview":"max-video-preview:-1"},"canonical":"https:\/\/aconteceunovale.com.br\/portal\/?p=187665","og_locale":"pt_BR","og_type":"article","og_title":"Supremo Tribunal Federal mant\u00e9m Fundo Eleitoral de R$ 4,9 bilh\u00f5es - Aconteceu no Vale","og_description":"O Supremo Tribunal Federal (STF) decidiu\u00a0hoje\u00a0(3\/3) manter o valor de R$ 4,9 bilh\u00f5es para o Fundo Especial de Financiamento de Campanha (FEFC) em 2022. O fundo \u00e9 destinado ao financiamento p\u00fablico de campanhas pol\u00edticas e est\u00e1 previsto no or\u00e7amento federal deste ano. O julgamento come\u00e7ou no dia 23 de fevereiro e foi finalizado na tarde [&hellip;]","og_url":"https:\/\/aconteceunovale.com.br\/portal\/?p=187665","og_site_name":"Aconteceu no Vale","article_publisher":"https:\/\/www.facebook.com\/aconteceunovale\/","article_published_time":"2022-03-03T22:18:29+00:00","article_modified_time":"2022-03-03T22:18:54+00:00","og_image":[{"width":678,"height":427,"url":"https:\/\/aconteceunovale.com.br\/portal\/wp-content\/uploads\/2019\/10\/dinheiro.png","type":"image\/png"}],"author":"Reda\u00e7\u00e3o Aconteceu no Vale","twitter_card":"summary_large_image","twitter_creator":"@noticiadosvales","twitter_site":"@noticiadosvales","twitter_misc":{"Escrito por":"Reda\u00e7\u00e3o Aconteceu no Vale","Est. tempo de leitura":"2 minutos"},"schema":{"@context":"https:\/\/schema.org","@graph":[{"@type":"Article","@id":"https:\/\/aconteceunovale.com.br\/portal\/?p=187665#article","isPartOf":{"@id":"https:\/\/aconteceunovale.com.br\/portal\/?p=187665"},"author":{"name":"Reda\u00e7\u00e3o Aconteceu no Vale","@id":"https:\/\/aconteceunovale.com.br\/portal\/#\/schema\/person\/7d2f26d1483f8a63de73da1ee0754d35"},"headline":"Supremo Tribunal Federal mant\u00e9m Fundo Eleitoral de R$ 4,9 bilh\u00f5es","datePublished":"2022-03-03T22:18:29+00:00","dateModified":"2022-03-03T22:18:54+00:00","mainEntityOfPage":{"@id":"https:\/\/aconteceunovale.com.br\/portal\/?p=187665"},"wordCount":433,"commentCount":0,"image":{"@id":"https:\/\/aconteceunovale.com.br\/portal\/?p=187665#primaryimage"},"thumbnailUrl":"https:\/\/aconteceunovale.com.br\/portal\/wp-content\/uploads\/2019\/10\/dinheiro.png","keywords":["Aumento do fundo eleitoral","Aumento do fundo eleitoral em 2022","Aumento do fundo eleitoral para quase R$ 6 bilh\u00f5es","Aumento do valor do fundo eleitoral","Bolsonaro","Congresso Nacional","destaque","fund\u00e3o","Fund\u00e3o eleitoral","Governo Federal","Governo federal prop\u00f5e sal\u00e1rio m\u00ednimo de R$ 1.147 em 2022","INPC","Jair Bolsonaro","LDO 2022","LDO de 2022","Lei de Diretrizes Or\u00e7ament\u00e1rias 2022","M\u00ednimo de 2022","Minist\u00e9rio da Economia","PLDO 2022","Proposta de sal\u00e1rio m\u00ednimo para 2022","Sal\u00e1rio m\u00ednimo de R$ 1.147 em 2022","Sal\u00e1rio m\u00ednimo em 2022","Supremo Tribunal Federal mant\u00e9m Fundo Eleitoral de R$ 4.9 bilh\u00f5es","Valor do sal\u00e1rio m\u00ednimo em 2022","Veto ao fundo eleitoral"],"articleSection":["Brasil","Elei\u00e7\u00f5es 2022","Pol\u00edtica"],"inLanguage":"pt-BR","potentialAction":[{"@type":"CommentAction","name":"Comment","target":["https:\/\/aconteceunovale.com.br\/portal\/?p=187665#respond"]}]},{"@type":"WebPage","@id":"https:\/\/aconteceunovale.com.br\/portal\/?p=187665","url":"https:\/\/aconteceunovale.com.br\/portal\/?p=187665","name":"Supremo Tribunal Federal mant\u00e9m Fundo Eleitoral de R$ 4,9 bilh\u00f5es - Aconteceu no Vale","isPartOf":{"@id":"https:\/\/aconteceunovale.com.br\/portal\/#website"},"primaryImageOfPage":{"@id":"https:\/\/aconteceunovale.com.br\/portal\/?p=187665#primaryimage"},"image":{"@id":"https:\/\/aconteceunovale.com.br\/portal\/?p=187665#primaryimage"},"thumbnailUrl":"https:\/\/aconteceunovale.com.br\/portal\/wp-content\/uploads\/2019\/10\/dinheiro.png","datePublished":"2022-03-03T22:18:29+00:00","dateModified":"2022-03-03T22:18:54+00:00","author":{"@id":"https:\/\/aconteceunovale.com.br\/portal\/#\/schema\/person\/7d2f26d1483f8a63de73da1ee0754d35"},"breadcrumb":{"@id":"https:\/\/aconteceunovale.com.br\/portal\/?p=187665#breadcrumb"},"inLanguage":"pt-BR","potentialAction":[{"@type":"ReadAction","target":["https:\/\/aconteceunovale.com.br\/portal\/?p=187665"]}]},{"@type":"ImageObject","inLanguage":"pt-BR","@id":"https:\/\/aconteceunovale.com.br\/portal\/?p=187665#primaryimage","url":"https:\/\/aconteceunovale.com.br\/portal\/wp-content\/uploads\/2019\/10\/dinheiro.png","contentUrl":"https:\/\/aconteceunovale.com.br\/portal\/wp-content\/uploads\/2019\/10\/dinheiro.png","width":678,"height":427},{"@type":"BreadcrumbList","@id":"https:\/\/aconteceunovale.com.br\/portal\/?p=187665#breadcrumb","itemListElement":[{"@type":"ListItem","position":1,"name":"In\u00edcio","item":"https:\/\/aconteceunovale.com.br\/portal\/"},{"@type":"ListItem","position":2,"name":"Supremo Tribunal Federal mant\u00e9m Fundo Eleitoral de R$ 4,9 bilh\u00f5es"}]},{"@type":"WebSite","@id":"https:\/\/aconteceunovale.com.br\/portal\/#website","url":"https:\/\/aconteceunovale.com.br\/portal\/","name":"Aconteceu no Vale","description":"Portal de Not\u00edcias","potentialAction":[{"@type":"SearchAction","target":{"@type":"EntryPoint","urlTemplate":"https:\/\/aconteceunovale.com.br\/portal\/?s={search_term_string}"},"query-input":{"@type":"PropertyValueSpecification","valueRequired":true,"valueName":"search_term_string"}}],"inLanguage":"pt-BR"},{"@type":"Person","@id":"https:\/\/aconteceunovale.com.br\/portal\/#\/schema\/person\/7d2f26d1483f8a63de73da1ee0754d35","name":"Reda\u00e7\u00e3o Aconteceu no Vale","description":"Equipe de reportagem do Aconteceu no Vale, portal de not\u00edcias do Vale do Jequitinhonha, em Minas Gerais. Cobrimos as 51 cidades do Vale desde 2013. Sugest\u00f5es de pauta e pedidos de corre\u00e7\u00e3o: contato@aconteceunovale.com.br","url":"https:\/\/aconteceunovale.com.br\/portal\/?author=4"}]}},"_links":{"self":[{"href":"https:\/\/aconteceunovale.com.br\/portal\/index.php?rest_route=\/wp\/v2\/posts\/187665","targetHints":{"allow":["GET"]}}],"collection":[{"href":"https:\/\/aconteceunovale.com.br\/portal\/index.php?rest_route=\/wp\/v2\/posts"}],"about":[{"href":"https:\/\/aconteceunovale.com.br\/portal\/index.php?rest_route=\/wp\/v2\/types\/post"}],"author":[{"embeddable":true,"href":"https:\/\/aconteceunovale.com.br\/portal\/index.php?rest_route=\/wp\/v2\/users\/4"}],"replies":[{"embeddable":true,"href":"https:\/\/aconteceunovale.com.br\/portal\/index.php?rest_route=%2Fwp%2Fv2%2Fcomments&post=187665"}],"version-history":[{"count":1,"href":"https:\/\/aconteceunovale.com.br\/portal\/index.php?rest_route=\/wp\/v2\/posts\/187665\/revisions"}],"predecessor-version":[{"id":187667,"href":"https:\/\/aconteceunovale.com.br\/portal\/index.php?rest_route=\/wp\/v2\/posts\/187665\/revisions\/187667"}],"wp:featuredmedia":[{"embeddable":true,"href":"https:\/\/aconteceunovale.com.br\/portal\/index.php?rest_route=\/wp\/v2\/media\/153854"}],"wp:attachment":[{"href":"https:\/\/aconteceunovale.com.br\/portal\/index.php?rest_route=%2Fwp%2Fv2%2Fmedia&parent=187665"}],"wp:term":[{"taxonomy":"category","embeddable":true,"href":"https:\/\/aconteceunovale.com.br\/portal\/index.php?rest_route=%2Fwp%2Fv2%2Fcategories&post=187665"},{"taxonomy":"post_tag","embeddable":true,"href":"https:\/\/aconteceunovale.com.br\/portal\/index.php?rest_route=%2Fwp%2Fv2%2Ftags&post=187665"}],"curies":[{"name":"wp","href":"https:\/\/api.w.org\/{rel}","templated":true}]}}