{"id":187659,"date":"2022-03-03T19:00:04","date_gmt":"2022-03-03T22:00:04","guid":{"rendered":"https:\/\/aconteceunovale.com.br\/portal\/?p=187659"},"modified":"2022-03-03T19:01:31","modified_gmt":"2022-03-03T22:01:31","slug":"brasil-tem-fertilizantes-ate-outubro-garante-ministra-da-agricultura","status":"publish","type":"post","link":"https:\/\/aconteceunovale.com.br\/portal\/?p=187659","title":{"rendered":"Brasil tem fertilizantes at\u00e9 outubro, garante ministra da Agricultura"},"content":{"rendered":"\n<p class=\"wp-block-paragraph\">O estoque de fertilizantes para o agroneg\u00f3cio no Brasil est\u00e1 garantido at\u00e9 outubro. A avalia\u00e7\u00e3o \u00e9 da ministra da Agricultura, Pecu\u00e1ria e Abastecimento, Tereza Cristina.<\/p>\n\n\n\n<figure class=\"wp-block-gallery has-nested-images columns-default is-cropped wp-block-gallery-1 is-layout-flex wp-block-gallery-is-layout-flex\">\n<figure class=\"wp-block-image size-large\"><img loading=\"lazy\" decoding=\"async\" width=\"678\" height=\"406\" data-id=\"187660\" src=\"https:\/\/aconteceunovale.com.br\/portal\/wp-content\/uploads\/2022\/03\/tereza_cristina_agricultura.jpg\" alt=\"\" class=\"wp-image-187660\" srcset=\"https:\/\/aconteceunovale.com.br\/portal\/wp-content\/uploads\/2022\/03\/tereza_cristina_agricultura.jpg 678w, https:\/\/aconteceunovale.com.br\/portal\/wp-content\/uploads\/2022\/03\/tereza_cristina_agricultura-300x180.jpg 300w\" sizes=\"auto, (max-width: 678px) 100vw, 678px\" \/><figcaption><em><sub>Ministra Tereza Cristina &#8211; Foto: Wilson Dias\/Ag\u00eancia Brasil<\/sub><\/em><\/figcaption><\/figure>\n<\/figure>\n\n\n\n<p class=\"wp-block-paragraph\">Em entrevista coletiva nessa quarta-feira (2\/3\/2022), ela garantiu que n\u00e3o h\u00e1 problemas com a safra neste momento, no entanto, a safra de ver\u00e3o, no final de setembro e outubro, gera preocupa\u00e7\u00e3o.<\/p>\n\n\n\n<p class=\"wp-block-paragraph\">A ministra lembrou que a safrinha de milho j\u00e1 est\u00e1 em produ\u00e7\u00e3o. \u201cEnt\u00e3o, o que precisava de fertilizante j\u00e1 chegou, j\u00e1 est\u00e1 com o produtor rural. Neste momento n\u00e3o temos problema. A safra de ver\u00e3o \u00e9 uma preocupa\u00e7\u00e3o\u201d, disse. Ela acrescentou, entretanto, que o setor privado confirmou a exist\u00eancia de estoque de passagem de fertilizantes suficiente at\u00e9 outubro.<\/p>\n\n\n\n<p class=\"wp-block-paragraph\">O alerta sobre o mercado internacional de fertilizantes vem desde fevereiro quando come\u00e7aram as san\u00e7\u00f5es econ\u00f4micas em Belarus. As exporta\u00e7\u00f5es do produto est\u00e3o suspensas para o Brasil por causa do fechamento dos portos da Litu\u00e2nia para o escoamento de fertilizantes e agora com o apoio \u00e0 R\u00fassia na guerra contra a Ucr\u00e2nia, o pa\u00eds do leste europeu sofreu novas san\u00e7\u00f5es.<\/p>\n\n\n\n<p class=\"wp-block-paragraph\">O cen\u00e1rio se agravou ainda com o in\u00edcio da guerra. Isto porque, al\u00e9m da Belarus, a pr\u00f3pria R\u00fassia \u00e9 o principal fornecedor do produto para o mercado brasileiro.<\/p>\n\n\n\n<h2 class=\"wp-block-heading\">Negocia\u00e7\u00e3o com o Canad\u00e1<\/h2>\n\n\n\n<p class=\"wp-block-paragraph\">Em meio \u00e0 crise, a ministra da Agricultura disse que vai ao Canad\u00e1 tentar negociar a demanda de fertilizantes. Segundo ela, o impacto ao consumidor depende do tempo da guerra. Sem esses produtos, a tend\u00eancia \u00e9 que a oferta vai fazer disparar o pre\u00e7o dos alimentos.<\/p>\n\n\n\n<p class=\"wp-block-paragraph\">\u201cO pre\u00e7o do trigo subiu l\u00e1 nas alturas porque a Ucr\u00e2nia \u00e9 um grande produtor e isso influencia o mercado global. A gente acha que ter\u00e1 uma alta, sim. Quanto? A soja j\u00e1 subiu, j\u00e1 caiu um pouco. O milho j\u00e1 subiu, j\u00e1 caiu um pouco. A gente tem que acompanhar e diminuir os impactos\u201d, afirmou.<\/p>\n\n\n\n<p class=\"wp-block-paragraph\">Atualmente, o Brasil \u00e9 o quarto consumidor global de fertilizantes, 80% de todo o produto usado na produ\u00e7\u00e3o agr\u00edcola nacional v\u00eam de fora do pa\u00eds.<\/p>\n\n\n\n<p class=\"wp-block-paragraph\">As san\u00e7\u00f5es econ\u00f4micas dos Estados Unidos e da Uni\u00e3o Europeia na R\u00fassia e na Belarus atingem a produ\u00e7\u00e3o de pot\u00e1ssio, e a maioria dos fertilizantes \u00e9 feita a partir do pot\u00e1ssio. A R\u00fassia \u00e9 respons\u00e1vel por fornecer cerca de 25% dos fertilizantes para o Brasil.<\/p>\n\n\n\n<p class=\"wp-block-paragraph\">&#8212;&#8212;&#8212;&#8212;&#8212;&#8212;<br><br><strong>Sabia que o Aconteceu no Vale est\u00e1 tamb\u00e9m no Telegram? <a rel=\"noreferrer noopener\" href=\"https:\/\/t.me\/aconteceunovaleoficial\" target=\"_blank\">Inscreva-se no canal<\/a>.<\/strong><br><br><strong>J\u00e1 curtiu ou seguiu nossas p\u00e1ginas nas redes sociais?\u00a0Receba as not\u00edcias em primeira m\u00e3o:<\/strong><br>\u2022 <a rel=\"noreferrer noopener\" href=\"https:\/\/news.google.com\/publications\/CAAqBwgKMNjklQswi4etAw?hl=pt-BR&amp;gl=BR&amp;ceid=BR%3Apt-419\" target=\"_blank\">Google News<\/a><br>\u2022 <a rel=\"noreferrer noopener\" href=\"https:\/\/www.facebook.com\/aconteceunovale\/\" target=\"_blank\">Facebook<\/a><br>\u2022 <a rel=\"noreferrer noopener\" href=\"https:\/\/twitter.com\/noticiadosvales\" target=\"_blank\">Twitter<\/a><br>\u2022 <a rel=\"noreferrer noopener\" href=\"https:\/\/www.instagram.com\/aconteceunovale\" target=\"_blank\">Instagram<\/a><br>\u2022 <a rel=\"noreferrer noopener\" href=\"https:\/\/www.youtube.com\/AconteceunoValeOficial\" target=\"_blank\">Youtube<\/a><br>\u2022 <a rel=\"noreferrer noopener\" href=\"https:\/\/www.tiktok.com\/@aconteceunovale\" target=\"_blank\">TikTok<\/a><\/p>\n","protected":false},"excerpt":{"rendered":"<p>O estoque de fertilizantes para o agroneg\u00f3cio no Brasil est\u00e1 garantido at\u00e9 outubro. A avalia\u00e7\u00e3o \u00e9 da ministra da Agricultura, Pecu\u00e1ria e Abastecimento, Tereza Cristina. Em entrevista coletiva nessa quarta-feira (2\/3\/2022), ela garantiu que n\u00e3o h\u00e1 problemas com a safra neste momento, no entanto, a safra de ver\u00e3o, no final de setembro e outubro, gera [&hellip;]<\/p>\n","protected":false},"author":4,"featured_media":187660,"comment_status":"open","ping_status":"closed","sticky":false,"template":"","format":"standard","meta":{"amp_status":"","footnotes":""},"categories":[6],"tags":[56142,259049,259669,21604,259670,70509,217670,21341,176479,63039],"class_list":["post-187659","post","type-post","status-publish","format-standard","has-post-thumbnail","hentry","category-br","tag-agronegocio-do-brasil","tag-belarus","tag-brasil-tem-fertilizantes","tag-canada","tag-estoque-de-fertilizantes-do-brasil","tag-fertilizantes","tag-ministra-tereza-cristina","tag-russia","tag-tereza-cristina","tag-ucrania"],"yoast_head":"<!-- This site is optimized with the Yoast SEO plugin v28.3 - https:\/\/yoast.com\/product\/yoast-seo-wordpress\/ -->\n<title>Brasil tem fertilizantes at\u00e9 outubro, garante ministra da Agricultura - Aconteceu no Vale<\/title>\n<meta name=\"robots\" content=\"index, follow, max-snippet:-1, max-image-preview:large, max-video-preview:-1\" \/>\n<link rel=\"canonical\" href=\"https:\/\/aconteceunovale.com.br\/portal\/?p=187659\" \/>\n<meta property=\"og:locale\" content=\"pt_BR\" \/>\n<meta property=\"og:type\" content=\"article\" \/>\n<meta property=\"og:title\" content=\"Brasil tem fertilizantes at\u00e9 outubro, garante ministra da Agricultura - Aconteceu no Vale\" \/>\n<meta property=\"og:description\" content=\"O estoque de fertilizantes para o agroneg\u00f3cio no Brasil est\u00e1 garantido at\u00e9 outubro. A avalia\u00e7\u00e3o \u00e9 da ministra da Agricultura, Pecu\u00e1ria e Abastecimento, Tereza Cristina. Em entrevista coletiva nessa quarta-feira (2\/3\/2022), ela garantiu que n\u00e3o h\u00e1 problemas com a safra neste momento, no entanto, a safra de ver\u00e3o, no final de setembro e outubro, gera [&hellip;]\" \/>\n<meta property=\"og:url\" content=\"https:\/\/aconteceunovale.com.br\/portal\/?p=187659\" \/>\n<meta property=\"og:site_name\" content=\"Aconteceu no Vale\" \/>\n<meta property=\"article:publisher\" content=\"https:\/\/www.facebook.com\/aconteceunovale\/\" \/>\n<meta property=\"article:published_time\" content=\"2022-03-03T22:00:04+00:00\" \/>\n<meta property=\"article:modified_time\" content=\"2022-03-03T22:01:31+00:00\" \/>\n<meta property=\"og:image\" content=\"https:\/\/aconteceunovale.com.br\/portal\/wp-content\/uploads\/2022\/03\/tereza_cristina_agricultura.jpg\" \/>\n\t<meta property=\"og:image:width\" content=\"678\" \/>\n\t<meta property=\"og:image:height\" content=\"406\" \/>\n\t<meta property=\"og:image:type\" content=\"image\/jpeg\" \/>\n<meta name=\"author\" content=\"Reda\u00e7\u00e3o Aconteceu no Vale\" \/>\n<meta name=\"twitter:card\" content=\"summary_large_image\" \/>\n<meta name=\"twitter:creator\" content=\"@noticiadosvales\" \/>\n<meta name=\"twitter:site\" content=\"@noticiadosvales\" \/>\n<meta name=\"twitter:label1\" content=\"Escrito por\" \/>\n\t<meta name=\"twitter:data1\" content=\"Reda\u00e7\u00e3o Aconteceu no Vale\" \/>\n\t<meta name=\"twitter:label2\" content=\"Est. tempo de leitura\" \/>\n\t<meta name=\"twitter:data2\" content=\"2 minutos\" \/>\n<script type=\"application\/ld+json\" class=\"yoast-schema-graph\">{\"@context\":\"https:\\\/\\\/schema.org\",\"@graph\":[{\"@type\":\"Article\",\"@id\":\"https:\\\/\\\/aconteceunovale.com.br\\\/portal\\\/?p=187659#article\",\"isPartOf\":{\"@id\":\"https:\\\/\\\/aconteceunovale.com.br\\\/portal\\\/?p=187659\"},\"author\":{\"name\":\"Reda\u00e7\u00e3o Aconteceu no Vale\",\"@id\":\"https:\\\/\\\/aconteceunovale.com.br\\\/portal\\\/#\\\/schema\\\/person\\\/7d2f26d1483f8a63de73da1ee0754d35\"},\"headline\":\"Brasil tem fertilizantes at\u00e9 outubro, garante ministra da Agricultura\",\"datePublished\":\"2022-03-03T22:00:04+00:00\",\"dateModified\":\"2022-03-03T22:01:31+00:00\",\"mainEntityOfPage\":{\"@id\":\"https:\\\/\\\/aconteceunovale.com.br\\\/portal\\\/?p=187659\"},\"wordCount\":469,\"commentCount\":0,\"image\":{\"@id\":\"https:\\\/\\\/aconteceunovale.com.br\\\/portal\\\/?p=187659#primaryimage\"},\"thumbnailUrl\":\"https:\\\/\\\/aconteceunovale.com.br\\\/portal\\\/wp-content\\\/uploads\\\/2022\\\/03\\\/tereza_cristina_agricultura.jpg\",\"keywords\":[\"AGRONEG\u00d3CIO DO BRASIL\",\"Belarus\",\"Brasil tem fertilizantes\",\"Canad\u00e1\",\"Estoque de fertilizantes do Brasil\",\"FERTILIZANTES\",\"Ministra Tereza Cristina\",\"R\u00fassia\",\"Tereza Cristina\",\"Ucr\u00e2nia\"],\"articleSection\":[\"Brasil\"],\"inLanguage\":\"pt-BR\",\"potentialAction\":[{\"@type\":\"CommentAction\",\"name\":\"Comment\",\"target\":[\"https:\\\/\\\/aconteceunovale.com.br\\\/portal\\\/?p=187659#respond\"]}]},{\"@type\":\"WebPage\",\"@id\":\"https:\\\/\\\/aconteceunovale.com.br\\\/portal\\\/?p=187659\",\"url\":\"https:\\\/\\\/aconteceunovale.com.br\\\/portal\\\/?p=187659\",\"name\":\"Brasil tem fertilizantes at\u00e9 outubro, garante ministra da Agricultura - Aconteceu no Vale\",\"isPartOf\":{\"@id\":\"https:\\\/\\\/aconteceunovale.com.br\\\/portal\\\/#website\"},\"primaryImageOfPage\":{\"@id\":\"https:\\\/\\\/aconteceunovale.com.br\\\/portal\\\/?p=187659#primaryimage\"},\"image\":{\"@id\":\"https:\\\/\\\/aconteceunovale.com.br\\\/portal\\\/?p=187659#primaryimage\"},\"thumbnailUrl\":\"https:\\\/\\\/aconteceunovale.com.br\\\/portal\\\/wp-content\\\/uploads\\\/2022\\\/03\\\/tereza_cristina_agricultura.jpg\",\"datePublished\":\"2022-03-03T22:00:04+00:00\",\"dateModified\":\"2022-03-03T22:01:31+00:00\",\"author\":{\"@id\":\"https:\\\/\\\/aconteceunovale.com.br\\\/portal\\\/#\\\/schema\\\/person\\\/7d2f26d1483f8a63de73da1ee0754d35\"},\"breadcrumb\":{\"@id\":\"https:\\\/\\\/aconteceunovale.com.br\\\/portal\\\/?p=187659#breadcrumb\"},\"inLanguage\":\"pt-BR\",\"potentialAction\":[{\"@type\":\"ReadAction\",\"target\":[\"https:\\\/\\\/aconteceunovale.com.br\\\/portal\\\/?p=187659\"]}]},{\"@type\":\"ImageObject\",\"inLanguage\":\"pt-BR\",\"@id\":\"https:\\\/\\\/aconteceunovale.com.br\\\/portal\\\/?p=187659#primaryimage\",\"url\":\"https:\\\/\\\/aconteceunovale.com.br\\\/portal\\\/wp-content\\\/uploads\\\/2022\\\/03\\\/tereza_cristina_agricultura.jpg\",\"contentUrl\":\"https:\\\/\\\/aconteceunovale.com.br\\\/portal\\\/wp-content\\\/uploads\\\/2022\\\/03\\\/tereza_cristina_agricultura.jpg\",\"width\":678,\"height\":406,\"caption\":\"A ministra da Agricultura, Tereza Cristina, participa do lan\u00e7amento da 15\u00aa Campanha Nacional de Promo\u00e7\u00e3o dos Produtos Org\u00e2nicos, no minist\u00e9rio.\"},{\"@type\":\"BreadcrumbList\",\"@id\":\"https:\\\/\\\/aconteceunovale.com.br\\\/portal\\\/?p=187659#breadcrumb\",\"itemListElement\":[{\"@type\":\"ListItem\",\"position\":1,\"name\":\"In\u00edcio\",\"item\":\"https:\\\/\\\/aconteceunovale.com.br\\\/portal\\\/\"},{\"@type\":\"ListItem\",\"position\":2,\"name\":\"Brasil tem fertilizantes at\u00e9 outubro, garante ministra da Agricultura\"}]},{\"@type\":\"WebSite\",\"@id\":\"https:\\\/\\\/aconteceunovale.com.br\\\/portal\\\/#website\",\"url\":\"https:\\\/\\\/aconteceunovale.com.br\\\/portal\\\/\",\"name\":\"Aconteceu no Vale\",\"description\":\"Portal de Not\u00edcias\",\"potentialAction\":[{\"@type\":\"SearchAction\",\"target\":{\"@type\":\"EntryPoint\",\"urlTemplate\":\"https:\\\/\\\/aconteceunovale.com.br\\\/portal\\\/?s={search_term_string}\"},\"query-input\":{\"@type\":\"PropertyValueSpecification\",\"valueRequired\":true,\"valueName\":\"search_term_string\"}}],\"inLanguage\":\"pt-BR\"},{\"@type\":\"Person\",\"@id\":\"https:\\\/\\\/aconteceunovale.com.br\\\/portal\\\/#\\\/schema\\\/person\\\/7d2f26d1483f8a63de73da1ee0754d35\",\"name\":\"Reda\u00e7\u00e3o Aconteceu no Vale\",\"description\":\"Equipe de reportagem do Aconteceu no Vale, portal de not\u00edcias do Vale do Jequitinhonha, em Minas Gerais. Cobrimos as 51 cidades do Vale desde 2013. Sugest\u00f5es de pauta e pedidos de corre\u00e7\u00e3o: contato@aconteceunovale.com.br\",\"url\":\"https:\\\/\\\/aconteceunovale.com.br\\\/portal\\\/?author=4\"}]}<\/script>\n<!-- \/ Yoast SEO plugin. -->","yoast_head_json":{"title":"Brasil tem fertilizantes at\u00e9 outubro, garante ministra da Agricultura - Aconteceu no Vale","robots":{"index":"index","follow":"follow","max-snippet":"max-snippet:-1","max-image-preview":"max-image-preview:large","max-video-preview":"max-video-preview:-1"},"canonical":"https:\/\/aconteceunovale.com.br\/portal\/?p=187659","og_locale":"pt_BR","og_type":"article","og_title":"Brasil tem fertilizantes at\u00e9 outubro, garante ministra da Agricultura - Aconteceu no Vale","og_description":"O estoque de fertilizantes para o agroneg\u00f3cio no Brasil est\u00e1 garantido at\u00e9 outubro. A avalia\u00e7\u00e3o \u00e9 da ministra da Agricultura, Pecu\u00e1ria e Abastecimento, Tereza Cristina. Em entrevista coletiva nessa quarta-feira (2\/3\/2022), ela garantiu que n\u00e3o h\u00e1 problemas com a safra neste momento, no entanto, a safra de ver\u00e3o, no final de setembro e outubro, gera [&hellip;]","og_url":"https:\/\/aconteceunovale.com.br\/portal\/?p=187659","og_site_name":"Aconteceu no Vale","article_publisher":"https:\/\/www.facebook.com\/aconteceunovale\/","article_published_time":"2022-03-03T22:00:04+00:00","article_modified_time":"2022-03-03T22:01:31+00:00","og_image":[{"width":678,"height":406,"url":"https:\/\/aconteceunovale.com.br\/portal\/wp-content\/uploads\/2022\/03\/tereza_cristina_agricultura.jpg","type":"image\/jpeg"}],"author":"Reda\u00e7\u00e3o Aconteceu no Vale","twitter_card":"summary_large_image","twitter_creator":"@noticiadosvales","twitter_site":"@noticiadosvales","twitter_misc":{"Escrito por":"Reda\u00e7\u00e3o Aconteceu no Vale","Est. tempo de leitura":"2 minutos"},"schema":{"@context":"https:\/\/schema.org","@graph":[{"@type":"Article","@id":"https:\/\/aconteceunovale.com.br\/portal\/?p=187659#article","isPartOf":{"@id":"https:\/\/aconteceunovale.com.br\/portal\/?p=187659"},"author":{"name":"Reda\u00e7\u00e3o Aconteceu no Vale","@id":"https:\/\/aconteceunovale.com.br\/portal\/#\/schema\/person\/7d2f26d1483f8a63de73da1ee0754d35"},"headline":"Brasil tem fertilizantes at\u00e9 outubro, garante ministra da Agricultura","datePublished":"2022-03-03T22:00:04+00:00","dateModified":"2022-03-03T22:01:31+00:00","mainEntityOfPage":{"@id":"https:\/\/aconteceunovale.com.br\/portal\/?p=187659"},"wordCount":469,"commentCount":0,"image":{"@id":"https:\/\/aconteceunovale.com.br\/portal\/?p=187659#primaryimage"},"thumbnailUrl":"https:\/\/aconteceunovale.com.br\/portal\/wp-content\/uploads\/2022\/03\/tereza_cristina_agricultura.jpg","keywords":["AGRONEG\u00d3CIO DO BRASIL","Belarus","Brasil tem fertilizantes","Canad\u00e1","Estoque de fertilizantes do Brasil","FERTILIZANTES","Ministra Tereza Cristina","R\u00fassia","Tereza Cristina","Ucr\u00e2nia"],"articleSection":["Brasil"],"inLanguage":"pt-BR","potentialAction":[{"@type":"CommentAction","name":"Comment","target":["https:\/\/aconteceunovale.com.br\/portal\/?p=187659#respond"]}]},{"@type":"WebPage","@id":"https:\/\/aconteceunovale.com.br\/portal\/?p=187659","url":"https:\/\/aconteceunovale.com.br\/portal\/?p=187659","name":"Brasil tem fertilizantes at\u00e9 outubro, garante ministra da Agricultura - Aconteceu no Vale","isPartOf":{"@id":"https:\/\/aconteceunovale.com.br\/portal\/#website"},"primaryImageOfPage":{"@id":"https:\/\/aconteceunovale.com.br\/portal\/?p=187659#primaryimage"},"image":{"@id":"https:\/\/aconteceunovale.com.br\/portal\/?p=187659#primaryimage"},"thumbnailUrl":"https:\/\/aconteceunovale.com.br\/portal\/wp-content\/uploads\/2022\/03\/tereza_cristina_agricultura.jpg","datePublished":"2022-03-03T22:00:04+00:00","dateModified":"2022-03-03T22:01:31+00:00","author":{"@id":"https:\/\/aconteceunovale.com.br\/portal\/#\/schema\/person\/7d2f26d1483f8a63de73da1ee0754d35"},"breadcrumb":{"@id":"https:\/\/aconteceunovale.com.br\/portal\/?p=187659#breadcrumb"},"inLanguage":"pt-BR","potentialAction":[{"@type":"ReadAction","target":["https:\/\/aconteceunovale.com.br\/portal\/?p=187659"]}]},{"@type":"ImageObject","inLanguage":"pt-BR","@id":"https:\/\/aconteceunovale.com.br\/portal\/?p=187659#primaryimage","url":"https:\/\/aconteceunovale.com.br\/portal\/wp-content\/uploads\/2022\/03\/tereza_cristina_agricultura.jpg","contentUrl":"https:\/\/aconteceunovale.com.br\/portal\/wp-content\/uploads\/2022\/03\/tereza_cristina_agricultura.jpg","width":678,"height":406,"caption":"A ministra da Agricultura, Tereza Cristina, participa do lan\u00e7amento da 15\u00aa Campanha Nacional de Promo\u00e7\u00e3o dos Produtos Org\u00e2nicos, no minist\u00e9rio."},{"@type":"BreadcrumbList","@id":"https:\/\/aconteceunovale.com.br\/portal\/?p=187659#breadcrumb","itemListElement":[{"@type":"ListItem","position":1,"name":"In\u00edcio","item":"https:\/\/aconteceunovale.com.br\/portal\/"},{"@type":"ListItem","position":2,"name":"Brasil tem fertilizantes at\u00e9 outubro, garante ministra da Agricultura"}]},{"@type":"WebSite","@id":"https:\/\/aconteceunovale.com.br\/portal\/#website","url":"https:\/\/aconteceunovale.com.br\/portal\/","name":"Aconteceu no Vale","description":"Portal de Not\u00edcias","potentialAction":[{"@type":"SearchAction","target":{"@type":"EntryPoint","urlTemplate":"https:\/\/aconteceunovale.com.br\/portal\/?s={search_term_string}"},"query-input":{"@type":"PropertyValueSpecification","valueRequired":true,"valueName":"search_term_string"}}],"inLanguage":"pt-BR"},{"@type":"Person","@id":"https:\/\/aconteceunovale.com.br\/portal\/#\/schema\/person\/7d2f26d1483f8a63de73da1ee0754d35","name":"Reda\u00e7\u00e3o Aconteceu no Vale","description":"Equipe de reportagem do Aconteceu no Vale, portal de not\u00edcias do Vale do Jequitinhonha, em Minas Gerais. Cobrimos as 51 cidades do Vale desde 2013. Sugest\u00f5es de pauta e pedidos de corre\u00e7\u00e3o: contato@aconteceunovale.com.br","url":"https:\/\/aconteceunovale.com.br\/portal\/?author=4"}]}},"_links":{"self":[{"href":"https:\/\/aconteceunovale.com.br\/portal\/index.php?rest_route=\/wp\/v2\/posts\/187659","targetHints":{"allow":["GET"]}}],"collection":[{"href":"https:\/\/aconteceunovale.com.br\/portal\/index.php?rest_route=\/wp\/v2\/posts"}],"about":[{"href":"https:\/\/aconteceunovale.com.br\/portal\/index.php?rest_route=\/wp\/v2\/types\/post"}],"author":[{"embeddable":true,"href":"https:\/\/aconteceunovale.com.br\/portal\/index.php?rest_route=\/wp\/v2\/users\/4"}],"replies":[{"embeddable":true,"href":"https:\/\/aconteceunovale.com.br\/portal\/index.php?rest_route=%2Fwp%2Fv2%2Fcomments&post=187659"}],"version-history":[{"count":1,"href":"https:\/\/aconteceunovale.com.br\/portal\/index.php?rest_route=\/wp\/v2\/posts\/187659\/revisions"}],"predecessor-version":[{"id":187661,"href":"https:\/\/aconteceunovale.com.br\/portal\/index.php?rest_route=\/wp\/v2\/posts\/187659\/revisions\/187661"}],"wp:featuredmedia":[{"embeddable":true,"href":"https:\/\/aconteceunovale.com.br\/portal\/index.php?rest_route=\/wp\/v2\/media\/187660"}],"wp:attachment":[{"href":"https:\/\/aconteceunovale.com.br\/portal\/index.php?rest_route=%2Fwp%2Fv2%2Fmedia&parent=187659"}],"wp:term":[{"taxonomy":"category","embeddable":true,"href":"https:\/\/aconteceunovale.com.br\/portal\/index.php?rest_route=%2Fwp%2Fv2%2Fcategories&post=187659"},{"taxonomy":"post_tag","embeddable":true,"href":"https:\/\/aconteceunovale.com.br\/portal\/index.php?rest_route=%2Fwp%2Fv2%2Ftags&post=187659"}],"curies":[{"name":"wp","href":"https:\/\/api.w.org\/{rel}","templated":true}]}}