{"id":187654,"date":"2022-03-03T18:51:27","date_gmt":"2022-03-03T21:51:27","guid":{"rendered":"https:\/\/aconteceunovale.com.br\/portal\/?p=187654"},"modified":"2022-03-03T18:52:11","modified_gmt":"2022-03-03T21:52:11","slug":"janela-partidaria-ficara-aberta-ate-1o-de-abril","status":"publish","type":"post","link":"https:\/\/aconteceunovale.com.br\/portal\/?p=187654","title":{"rendered":"Janela partid\u00e1ria ficar\u00e1 aberta at\u00e9 1\u00ba de abril"},"content":{"rendered":"\n<p class=\"wp-block-paragraph\">Est\u00e1 aberta a partir de\u00a0hoje\u00a0(3\/3\/2022) a temporada de troca-troca de partidos entre os deputados federais. \u00c9 a chamada &#8220;janela partid\u00e1ria&#8221;, que se abre por 30 dias em cada ciclo eleitoral e permite a mudan\u00e7a de legenda sem que isso implique infidelidade partid\u00e1ria e consequente perda de mandato.<\/p>\n\n\n\n<p class=\"wp-block-paragraph\">O prazo de um m\u00eas est\u00e1 previsto na Lei das Elei\u00e7\u00f5es (<a href=\"http:\/\/www.planalto.gov.br\/ccivil_03\/leis\/l9504.htm#:~:text=1%C2%BA%20As%20elei%C3%A7%C3%B5es%20para%20Presidente,de%20outubro%20do%20ano%20respectivo.\" target=\"_blank\" rel=\"noreferrer noopener\">Lei 9.504\/1997, Artigo 93-A<\/a>). Segundo a legisla\u00e7\u00e3o, a janela se abre todo ano eleitoral, sempre seis meses antes do pleito. Neste ano, o per\u00edodo de troca partid\u00e1ria fica aberto de&nbsp;3 de mar\u00e7o a 1\u00ba de abril.<\/p>\n\n\n\n<p class=\"wp-block-paragraph\">A janela foi regulamentada e inserida no calend\u00e1rio eleitoral na reforma de 2015. Sua cria\u00e7\u00e3o permite a reacomoda\u00e7\u00e3o das for\u00e7as partid\u00e1rias antes do teste nas urnas, de acordo com as conveni\u00eancias pol\u00edticas do momento. As movimenta\u00e7\u00f5es servem como term\u00f4metro das candidaturas, orientando qual a leitura que cada parlamentar faz do panorama eleitoral e das pesquisas de inten\u00e7\u00e3o de voto.<\/p>\n\n\n\n<p class=\"wp-block-paragraph\">Neste ano, por exemplo, h\u00e1 a expectativa de que n\u00famero relevante de deputados deixem a Uni\u00e3o Brasil, atual maior bancada da C\u00e2mara, fruto da fus\u00e3o entre DEM e PSL. Parte deve seguir o presidente Jair Bolsonaro, filiando-se ao PL. Desde que a janela partid\u00e1ria foi criada, foram registradas 275 troca de legendas entre deputados com mandato vigente, de acordo com dados divulgados pelo Tribunal Superior Eleitoral (TSE).<\/p>\n\n\n\n<p class=\"wp-block-paragraph\">O per\u00edodo autorizado para a troca de partidos abre&nbsp;exce\u00e7\u00e3o no entendimento &nbsp;de que, nas elei\u00e7\u00f5es proporcionais (deputados e vereadores), o mandato pertence ao partido e n\u00e3o ao parlamentar, conforme interpreta\u00e7\u00e3o do TSE.<\/p>\n\n\n\n<p class=\"wp-block-paragraph\">Neste ano, podem trocar de sigla somente os deputados. Isso porque em 2018 o TSE assentou que somente tem direito a usufruir da janela partid\u00e1ria o legislador que estiver em fim de mandato. Dessa forma, os atuais vereadores somente poder\u00e3o mudar de legenda antes das pr\u00f3ximas elei\u00e7\u00f5es municipais, em 2024.<\/p>\n\n\n\n<p class=\"wp-block-paragraph\">A janela partid\u00e1ria \u00e9 uma das \u00fanicas hip\u00f3teses para que deputados troquem de agremia\u00e7\u00e3o ainda durante o mandato. As outras s\u00e3o: a cria\u00e7\u00e3o de uma sigla; fim ou fus\u00e3o do partido; desvio do programa partid\u00e1rio ou grave discrimina\u00e7\u00e3o pessoal. Qualquer mudan\u00e7a de legenda que n\u00e3o se enquadre nesses motivos pode levar \u00e0 perda do mandato.<\/p>\n\n\n\n<p class=\"wp-block-paragraph\">&#8212;&#8212;&#8212;&#8212;&#8212;&#8212;<br><br><strong>Sabia que o Aconteceu no Vale est\u00e1 tamb\u00e9m no Telegram? <a rel=\"noreferrer noopener\" href=\"https:\/\/t.me\/aconteceunovaleoficial\" target=\"_blank\">Inscreva-se no canal<\/a>.<\/strong><br><br><strong>J\u00e1 curtiu ou seguiu nossas p\u00e1ginas nas redes sociais?\u00a0Receba as not\u00edcias em primeira m\u00e3o:<\/strong><br>\u2022 <a rel=\"noreferrer noopener\" href=\"https:\/\/news.google.com\/publications\/CAAqBwgKMNjklQswi4etAw?hl=pt-BR&amp;gl=BR&amp;ceid=BR%3Apt-419\" target=\"_blank\">Google News<\/a><br>\u2022 <a rel=\"noreferrer noopener\" href=\"https:\/\/www.facebook.com\/aconteceunovale\/\" target=\"_blank\">Facebook<\/a><br>\u2022 <a rel=\"noreferrer noopener\" href=\"https:\/\/twitter.com\/noticiadosvales\" target=\"_blank\">Twitter<\/a><br>\u2022 <a rel=\"noreferrer noopener\" href=\"https:\/\/www.instagram.com\/aconteceunovale\" target=\"_blank\">Instagram<\/a><br>\u2022 <a rel=\"noreferrer noopener\" href=\"https:\/\/www.youtube.com\/AconteceunoValeOficial\" target=\"_blank\">Youtube<\/a><br>\u2022 <a rel=\"noreferrer noopener\" href=\"https:\/\/www.tiktok.com\/@aconteceunovale\" target=\"_blank\">TikTok<\/a><\/p>\n","protected":false},"excerpt":{"rendered":"<p>Est\u00e1 aberta a partir de\u00a0hoje\u00a0(3\/3\/2022) a temporada de troca-troca de partidos entre os deputados federais. \u00c9 a chamada &#8220;janela partid\u00e1ria&#8221;, que se abre por 30 dias em cada ciclo eleitoral e permite a mudan\u00e7a de legenda sem que isso implique infidelidade partid\u00e1ria e consequente perda de mandato. O prazo de um m\u00eas est\u00e1 previsto na [&hellip;]<\/p>\n","protected":false},"author":4,"featured_media":73253,"comment_status":"open","ping_status":"closed","sticky":false,"template":"","format":"standard","meta":{"amp_status":"","footnotes":""},"categories":[6,249933,40240],"tags":[259663,259666,83617,72413,259664,259667,94060,259665,267],"class_list":["post-187654","post","type-post","status-publish","format-standard","has-post-thumbnail","hentry","category-br","category-eleicoes-2022","category-politica","tag-abertura-da-janela-partidaria","tag-janela-para-troca-de-partidos","tag-janela-partidaria","tag-lei-das-eleicoes","tag-prazo-janela-partidaria","tag-prazo-para-troca-de-partidos","tag-tribunal-superior-eleitoral","tag-troca-de-partidos","tag-tse"],"yoast_head":"<!-- This site is optimized with the Yoast SEO plugin v28.3 - https:\/\/yoast.com\/product\/yoast-seo-wordpress\/ -->\n<title>Janela partid\u00e1ria ficar\u00e1 aberta at\u00e9 1\u00ba de abril - Aconteceu no Vale<\/title>\n<meta name=\"robots\" content=\"index, follow, max-snippet:-1, max-image-preview:large, max-video-preview:-1\" \/>\n<link rel=\"canonical\" href=\"https:\/\/aconteceunovale.com.br\/portal\/?p=187654\" \/>\n<meta property=\"og:locale\" content=\"pt_BR\" \/>\n<meta property=\"og:type\" content=\"article\" \/>\n<meta property=\"og:title\" content=\"Janela partid\u00e1ria ficar\u00e1 aberta at\u00e9 1\u00ba de abril - Aconteceu no Vale\" \/>\n<meta property=\"og:description\" content=\"Est\u00e1 aberta a partir de\u00a0hoje\u00a0(3\/3\/2022) a temporada de troca-troca de partidos entre os deputados federais. \u00c9 a chamada &#8220;janela partid\u00e1ria&#8221;, que se abre por 30 dias em cada ciclo eleitoral e permite a mudan\u00e7a de legenda sem que isso implique infidelidade partid\u00e1ria e consequente perda de mandato. O prazo de um m\u00eas est\u00e1 previsto na [&hellip;]\" \/>\n<meta property=\"og:url\" content=\"https:\/\/aconteceunovale.com.br\/portal\/?p=187654\" \/>\n<meta property=\"og:site_name\" content=\"Aconteceu no Vale\" \/>\n<meta property=\"article:publisher\" content=\"https:\/\/www.facebook.com\/aconteceunovale\/\" \/>\n<meta property=\"article:published_time\" content=\"2022-03-03T21:51:27+00:00\" \/>\n<meta property=\"article:modified_time\" content=\"2022-03-03T21:52:11+00:00\" \/>\n<meta property=\"og:image\" content=\"https:\/\/aconteceunovale.com.br\/portal\/wp-content\/uploads\/2015\/11\/congresso.jpg\" \/>\n\t<meta property=\"og:image:width\" content=\"640\" \/>\n\t<meta property=\"og:image:height\" content=\"423\" \/>\n\t<meta property=\"og:image:type\" content=\"image\/jpeg\" \/>\n<meta name=\"author\" content=\"Reda\u00e7\u00e3o Aconteceu no Vale\" \/>\n<meta name=\"twitter:card\" content=\"summary_large_image\" \/>\n<meta name=\"twitter:creator\" content=\"@noticiadosvales\" \/>\n<meta name=\"twitter:site\" content=\"@noticiadosvales\" \/>\n<meta name=\"twitter:label1\" content=\"Escrito por\" \/>\n\t<meta name=\"twitter:data1\" content=\"Reda\u00e7\u00e3o Aconteceu no Vale\" \/>\n\t<meta name=\"twitter:label2\" content=\"Est. tempo de leitura\" \/>\n\t<meta name=\"twitter:data2\" content=\"2 minutos\" \/>\n<script type=\"application\/ld+json\" class=\"yoast-schema-graph\">{\"@context\":\"https:\\\/\\\/schema.org\",\"@graph\":[{\"@type\":\"Article\",\"@id\":\"https:\\\/\\\/aconteceunovale.com.br\\\/portal\\\/?p=187654#article\",\"isPartOf\":{\"@id\":\"https:\\\/\\\/aconteceunovale.com.br\\\/portal\\\/?p=187654\"},\"author\":{\"name\":\"Reda\u00e7\u00e3o Aconteceu no Vale\",\"@id\":\"https:\\\/\\\/aconteceunovale.com.br\\\/portal\\\/#\\\/schema\\\/person\\\/7d2f26d1483f8a63de73da1ee0754d35\"},\"headline\":\"Janela partid\u00e1ria ficar\u00e1 aberta at\u00e9 1\u00ba de abril\",\"datePublished\":\"2022-03-03T21:51:27+00:00\",\"dateModified\":\"2022-03-03T21:52:11+00:00\",\"mainEntityOfPage\":{\"@id\":\"https:\\\/\\\/aconteceunovale.com.br\\\/portal\\\/?p=187654\"},\"wordCount\":443,\"commentCount\":0,\"image\":{\"@id\":\"https:\\\/\\\/aconteceunovale.com.br\\\/portal\\\/?p=187654#primaryimage\"},\"thumbnailUrl\":\"https:\\\/\\\/aconteceunovale.com.br\\\/portal\\\/wp-content\\\/uploads\\\/2015\\\/11\\\/congresso.jpg\",\"keywords\":[\"Abertura da Janela partid\u00e1ria\",\"Janela para troca de partidos\",\"janela partid\u00e1ria\",\"Lei das Elei\u00e7\u00f5es\",\"Prazo Janela partid\u00e1ria\",\"Prazo para troca de partidos\",\"Tribunal Superior Eleitoral\",\"Troca de partidos\",\"TSE\"],\"articleSection\":[\"Brasil\",\"Elei\u00e7\u00f5es 2022\",\"Pol\u00edtica\"],\"inLanguage\":\"pt-BR\",\"potentialAction\":[{\"@type\":\"CommentAction\",\"name\":\"Comment\",\"target\":[\"https:\\\/\\\/aconteceunovale.com.br\\\/portal\\\/?p=187654#respond\"]}]},{\"@type\":\"WebPage\",\"@id\":\"https:\\\/\\\/aconteceunovale.com.br\\\/portal\\\/?p=187654\",\"url\":\"https:\\\/\\\/aconteceunovale.com.br\\\/portal\\\/?p=187654\",\"name\":\"Janela partid\u00e1ria ficar\u00e1 aberta at\u00e9 1\u00ba de abril - Aconteceu no Vale\",\"isPartOf\":{\"@id\":\"https:\\\/\\\/aconteceunovale.com.br\\\/portal\\\/#website\"},\"primaryImageOfPage\":{\"@id\":\"https:\\\/\\\/aconteceunovale.com.br\\\/portal\\\/?p=187654#primaryimage\"},\"image\":{\"@id\":\"https:\\\/\\\/aconteceunovale.com.br\\\/portal\\\/?p=187654#primaryimage\"},\"thumbnailUrl\":\"https:\\\/\\\/aconteceunovale.com.br\\\/portal\\\/wp-content\\\/uploads\\\/2015\\\/11\\\/congresso.jpg\",\"datePublished\":\"2022-03-03T21:51:27+00:00\",\"dateModified\":\"2022-03-03T21:52:11+00:00\",\"author\":{\"@id\":\"https:\\\/\\\/aconteceunovale.com.br\\\/portal\\\/#\\\/schema\\\/person\\\/7d2f26d1483f8a63de73da1ee0754d35\"},\"breadcrumb\":{\"@id\":\"https:\\\/\\\/aconteceunovale.com.br\\\/portal\\\/?p=187654#breadcrumb\"},\"inLanguage\":\"pt-BR\",\"potentialAction\":[{\"@type\":\"ReadAction\",\"target\":[\"https:\\\/\\\/aconteceunovale.com.br\\\/portal\\\/?p=187654\"]}]},{\"@type\":\"ImageObject\",\"inLanguage\":\"pt-BR\",\"@id\":\"https:\\\/\\\/aconteceunovale.com.br\\\/portal\\\/?p=187654#primaryimage\",\"url\":\"https:\\\/\\\/aconteceunovale.com.br\\\/portal\\\/wp-content\\\/uploads\\\/2015\\\/11\\\/congresso.jpg\",\"contentUrl\":\"https:\\\/\\\/aconteceunovale.com.br\\\/portal\\\/wp-content\\\/uploads\\\/2015\\\/11\\\/congresso.jpg\",\"width\":640,\"height\":423},{\"@type\":\"BreadcrumbList\",\"@id\":\"https:\\\/\\\/aconteceunovale.com.br\\\/portal\\\/?p=187654#breadcrumb\",\"itemListElement\":[{\"@type\":\"ListItem\",\"position\":1,\"name\":\"In\u00edcio\",\"item\":\"https:\\\/\\\/aconteceunovale.com.br\\\/portal\\\/\"},{\"@type\":\"ListItem\",\"position\":2,\"name\":\"Janela partid\u00e1ria ficar\u00e1 aberta at\u00e9 1\u00ba de abril\"}]},{\"@type\":\"WebSite\",\"@id\":\"https:\\\/\\\/aconteceunovale.com.br\\\/portal\\\/#website\",\"url\":\"https:\\\/\\\/aconteceunovale.com.br\\\/portal\\\/\",\"name\":\"Aconteceu no Vale\",\"description\":\"Portal de Not\u00edcias\",\"potentialAction\":[{\"@type\":\"SearchAction\",\"target\":{\"@type\":\"EntryPoint\",\"urlTemplate\":\"https:\\\/\\\/aconteceunovale.com.br\\\/portal\\\/?s={search_term_string}\"},\"query-input\":{\"@type\":\"PropertyValueSpecification\",\"valueRequired\":true,\"valueName\":\"search_term_string\"}}],\"inLanguage\":\"pt-BR\"},{\"@type\":\"Person\",\"@id\":\"https:\\\/\\\/aconteceunovale.com.br\\\/portal\\\/#\\\/schema\\\/person\\\/7d2f26d1483f8a63de73da1ee0754d35\",\"name\":\"Reda\u00e7\u00e3o Aconteceu no Vale\",\"description\":\"Equipe de reportagem do Aconteceu no Vale, portal de not\u00edcias do Vale do Jequitinhonha, em Minas Gerais. Cobrimos as 51 cidades do Vale desde 2013. Sugest\u00f5es de pauta e pedidos de corre\u00e7\u00e3o: contato@aconteceunovale.com.br\",\"url\":\"https:\\\/\\\/aconteceunovale.com.br\\\/portal\\\/?author=4\"}]}<\/script>\n<!-- \/ Yoast SEO plugin. -->","yoast_head_json":{"title":"Janela partid\u00e1ria ficar\u00e1 aberta at\u00e9 1\u00ba de abril - Aconteceu no Vale","robots":{"index":"index","follow":"follow","max-snippet":"max-snippet:-1","max-image-preview":"max-image-preview:large","max-video-preview":"max-video-preview:-1"},"canonical":"https:\/\/aconteceunovale.com.br\/portal\/?p=187654","og_locale":"pt_BR","og_type":"article","og_title":"Janela partid\u00e1ria ficar\u00e1 aberta at\u00e9 1\u00ba de abril - Aconteceu no Vale","og_description":"Est\u00e1 aberta a partir de\u00a0hoje\u00a0(3\/3\/2022) a temporada de troca-troca de partidos entre os deputados federais. \u00c9 a chamada &#8220;janela partid\u00e1ria&#8221;, que se abre por 30 dias em cada ciclo eleitoral e permite a mudan\u00e7a de legenda sem que isso implique infidelidade partid\u00e1ria e consequente perda de mandato. O prazo de um m\u00eas est\u00e1 previsto na [&hellip;]","og_url":"https:\/\/aconteceunovale.com.br\/portal\/?p=187654","og_site_name":"Aconteceu no Vale","article_publisher":"https:\/\/www.facebook.com\/aconteceunovale\/","article_published_time":"2022-03-03T21:51:27+00:00","article_modified_time":"2022-03-03T21:52:11+00:00","og_image":[{"width":640,"height":423,"url":"https:\/\/aconteceunovale.com.br\/portal\/wp-content\/uploads\/2015\/11\/congresso.jpg","type":"image\/jpeg"}],"author":"Reda\u00e7\u00e3o Aconteceu no Vale","twitter_card":"summary_large_image","twitter_creator":"@noticiadosvales","twitter_site":"@noticiadosvales","twitter_misc":{"Escrito por":"Reda\u00e7\u00e3o Aconteceu no Vale","Est. tempo de leitura":"2 minutos"},"schema":{"@context":"https:\/\/schema.org","@graph":[{"@type":"Article","@id":"https:\/\/aconteceunovale.com.br\/portal\/?p=187654#article","isPartOf":{"@id":"https:\/\/aconteceunovale.com.br\/portal\/?p=187654"},"author":{"name":"Reda\u00e7\u00e3o Aconteceu no Vale","@id":"https:\/\/aconteceunovale.com.br\/portal\/#\/schema\/person\/7d2f26d1483f8a63de73da1ee0754d35"},"headline":"Janela partid\u00e1ria ficar\u00e1 aberta at\u00e9 1\u00ba de abril","datePublished":"2022-03-03T21:51:27+00:00","dateModified":"2022-03-03T21:52:11+00:00","mainEntityOfPage":{"@id":"https:\/\/aconteceunovale.com.br\/portal\/?p=187654"},"wordCount":443,"commentCount":0,"image":{"@id":"https:\/\/aconteceunovale.com.br\/portal\/?p=187654#primaryimage"},"thumbnailUrl":"https:\/\/aconteceunovale.com.br\/portal\/wp-content\/uploads\/2015\/11\/congresso.jpg","keywords":["Abertura da Janela partid\u00e1ria","Janela para troca de partidos","janela partid\u00e1ria","Lei das Elei\u00e7\u00f5es","Prazo Janela partid\u00e1ria","Prazo para troca de partidos","Tribunal Superior Eleitoral","Troca de partidos","TSE"],"articleSection":["Brasil","Elei\u00e7\u00f5es 2022","Pol\u00edtica"],"inLanguage":"pt-BR","potentialAction":[{"@type":"CommentAction","name":"Comment","target":["https:\/\/aconteceunovale.com.br\/portal\/?p=187654#respond"]}]},{"@type":"WebPage","@id":"https:\/\/aconteceunovale.com.br\/portal\/?p=187654","url":"https:\/\/aconteceunovale.com.br\/portal\/?p=187654","name":"Janela partid\u00e1ria ficar\u00e1 aberta at\u00e9 1\u00ba de abril - Aconteceu no Vale","isPartOf":{"@id":"https:\/\/aconteceunovale.com.br\/portal\/#website"},"primaryImageOfPage":{"@id":"https:\/\/aconteceunovale.com.br\/portal\/?p=187654#primaryimage"},"image":{"@id":"https:\/\/aconteceunovale.com.br\/portal\/?p=187654#primaryimage"},"thumbnailUrl":"https:\/\/aconteceunovale.com.br\/portal\/wp-content\/uploads\/2015\/11\/congresso.jpg","datePublished":"2022-03-03T21:51:27+00:00","dateModified":"2022-03-03T21:52:11+00:00","author":{"@id":"https:\/\/aconteceunovale.com.br\/portal\/#\/schema\/person\/7d2f26d1483f8a63de73da1ee0754d35"},"breadcrumb":{"@id":"https:\/\/aconteceunovale.com.br\/portal\/?p=187654#breadcrumb"},"inLanguage":"pt-BR","potentialAction":[{"@type":"ReadAction","target":["https:\/\/aconteceunovale.com.br\/portal\/?p=187654"]}]},{"@type":"ImageObject","inLanguage":"pt-BR","@id":"https:\/\/aconteceunovale.com.br\/portal\/?p=187654#primaryimage","url":"https:\/\/aconteceunovale.com.br\/portal\/wp-content\/uploads\/2015\/11\/congresso.jpg","contentUrl":"https:\/\/aconteceunovale.com.br\/portal\/wp-content\/uploads\/2015\/11\/congresso.jpg","width":640,"height":423},{"@type":"BreadcrumbList","@id":"https:\/\/aconteceunovale.com.br\/portal\/?p=187654#breadcrumb","itemListElement":[{"@type":"ListItem","position":1,"name":"In\u00edcio","item":"https:\/\/aconteceunovale.com.br\/portal\/"},{"@type":"ListItem","position":2,"name":"Janela partid\u00e1ria ficar\u00e1 aberta at\u00e9 1\u00ba de abril"}]},{"@type":"WebSite","@id":"https:\/\/aconteceunovale.com.br\/portal\/#website","url":"https:\/\/aconteceunovale.com.br\/portal\/","name":"Aconteceu no Vale","description":"Portal de Not\u00edcias","potentialAction":[{"@type":"SearchAction","target":{"@type":"EntryPoint","urlTemplate":"https:\/\/aconteceunovale.com.br\/portal\/?s={search_term_string}"},"query-input":{"@type":"PropertyValueSpecification","valueRequired":true,"valueName":"search_term_string"}}],"inLanguage":"pt-BR"},{"@type":"Person","@id":"https:\/\/aconteceunovale.com.br\/portal\/#\/schema\/person\/7d2f26d1483f8a63de73da1ee0754d35","name":"Reda\u00e7\u00e3o Aconteceu no Vale","description":"Equipe de reportagem do Aconteceu no Vale, portal de not\u00edcias do Vale do Jequitinhonha, em Minas Gerais. Cobrimos as 51 cidades do Vale desde 2013. Sugest\u00f5es de pauta e pedidos de corre\u00e7\u00e3o: contato@aconteceunovale.com.br","url":"https:\/\/aconteceunovale.com.br\/portal\/?author=4"}]}},"_links":{"self":[{"href":"https:\/\/aconteceunovale.com.br\/portal\/index.php?rest_route=\/wp\/v2\/posts\/187654","targetHints":{"allow":["GET"]}}],"collection":[{"href":"https:\/\/aconteceunovale.com.br\/portal\/index.php?rest_route=\/wp\/v2\/posts"}],"about":[{"href":"https:\/\/aconteceunovale.com.br\/portal\/index.php?rest_route=\/wp\/v2\/types\/post"}],"author":[{"embeddable":true,"href":"https:\/\/aconteceunovale.com.br\/portal\/index.php?rest_route=\/wp\/v2\/users\/4"}],"replies":[{"embeddable":true,"href":"https:\/\/aconteceunovale.com.br\/portal\/index.php?rest_route=%2Fwp%2Fv2%2Fcomments&post=187654"}],"version-history":[{"count":1,"href":"https:\/\/aconteceunovale.com.br\/portal\/index.php?rest_route=\/wp\/v2\/posts\/187654\/revisions"}],"predecessor-version":[{"id":187655,"href":"https:\/\/aconteceunovale.com.br\/portal\/index.php?rest_route=\/wp\/v2\/posts\/187654\/revisions\/187655"}],"wp:featuredmedia":[{"embeddable":true,"href":"https:\/\/aconteceunovale.com.br\/portal\/index.php?rest_route=\/wp\/v2\/media\/73253"}],"wp:attachment":[{"href":"https:\/\/aconteceunovale.com.br\/portal\/index.php?rest_route=%2Fwp%2Fv2%2Fmedia&parent=187654"}],"wp:term":[{"taxonomy":"category","embeddable":true,"href":"https:\/\/aconteceunovale.com.br\/portal\/index.php?rest_route=%2Fwp%2Fv2%2Fcategories&post=187654"},{"taxonomy":"post_tag","embeddable":true,"href":"https:\/\/aconteceunovale.com.br\/portal\/index.php?rest_route=%2Fwp%2Fv2%2Ftags&post=187654"}],"curies":[{"name":"wp","href":"https:\/\/api.w.org\/{rel}","templated":true}]}}