{"id":187651,"date":"2022-03-03T00:03:00","date_gmt":"2022-03-03T03:03:00","guid":{"rendered":"https:\/\/aconteceunovale.com.br\/portal\/?p=187651"},"modified":"2022-03-03T18:49:12","modified_gmt":"2022-03-03T21:49:12","slug":"palmeiras-conquista-trofeu-da-recopa-sul-americana","status":"publish","type":"post","link":"https:\/\/aconteceunovale.com.br\/portal\/?p=187651","title":{"rendered":"Palmeiras conquista trof\u00e9u\u00a0da Recopa Sul-Americana"},"content":{"rendered":"\n<p class=\"wp-block-paragraph\">O Palmeiras conquistou nesta quarta-feira (2\/3\/2022) o t\u00edtulo in\u00e9dito da Recopa Sul-Americana. No Allianz Parque, em S\u00e3o Paulo, diante de 30 mil torcedores, o Verd\u00e3o bateu o Athletico-PR por 2 a 0. Na partida de ida, na Arena da Baixada, em Curitiba, as equipes empataram por 2 a 2.<\/p>\n\n\n\n<figure class=\"wp-block-gallery has-nested-images columns-default is-cropped wp-block-gallery-1 is-layout-flex wp-block-gallery-is-layout-flex\">\n<figure class=\"wp-block-image size-large\"><img loading=\"lazy\" decoding=\"async\" width=\"678\" height=\"406\" data-id=\"187652\" src=\"https:\/\/aconteceunovale.com.br\/portal\/wp-content\/uploads\/2022\/03\/palmeiras_campeao_furacao.jpg\" alt=\"\" class=\"wp-image-187652\" srcset=\"https:\/\/aconteceunovale.com.br\/portal\/wp-content\/uploads\/2022\/03\/palmeiras_campeao_furacao.jpg 678w, https:\/\/aconteceunovale.com.br\/portal\/wp-content\/uploads\/2022\/03\/palmeiras_campeao_furacao-300x180.jpg 300w\" sizes=\"auto, (max-width: 678px) 100vw, 678px\" \/><figcaption><em><sub>Foto: Cesar Greco\/Palmeiras<\/sub><\/em><\/figcaption><\/figure>\n<\/figure>\n\n\n\n<p class=\"wp-block-paragraph\">Foi a segunda vez que o Alviverde disputou o torneio. No ano passado, os paulistas ficaram com o vice-campeonato. Ap\u00f3s vencerem o Defensa y Justicia no primeiro jogo, por 2 a 1, no est\u00e1dio Norberto Tomaghello, em Florencio Varela (Argentina), os brasileiros foram derrotados pelo mesmo placar no Man\u00e9 Garrincha, em Bras\u00edlia. Nos p\u00eanaltis, os argentinos ganharam por 4 a 3.<\/p>\n\n\n\n<p class=\"wp-block-paragraph\">No Palmeiras desde novembro de 2020, Abel Ferreira ergueu o quarto trof\u00e9u (em oito finais disputadas) e se tornou o quarto t\u00e9cnico mais vezes campe\u00e3o no clube. Ele tamb\u00e9m levou o Verd\u00e3o aos t\u00edtulos das duas \u00faltimas Libertadores (2020 e 2021) e da Copa do Brasil (2020). O portugu\u00eas est\u00e1 empatado com os uruguaios Humberto Cabelli e Ventura Camb\u00f3n e fica atr\u00e1s somente de Vanderlei Luxemburgo (oito conquistas), Oswaldo Brand\u00e3o (sete) e Luiz Felipe Scolari (seis).<\/p>\n\n\n\n<p class=\"wp-block-paragraph\">O Verd\u00e3o ainda se igualou aos rivais Santos e Corinthians, que j\u00e1 haviam conquistado a Recopa uma vez (2012 e 2013, respectivamente). O S\u00e3o Paulo foi campe\u00e3o duas vezes (1993 e 1994) e \u00e9 o clube brasileiro com mais t\u00edtulos no torneio, ao lado de Internacional (2007 e 2011) e Gr\u00eamio (1996 e 2018). Cruzeiro (1998), Atl\u00e9tico-MG (2014) e Flamengo (2020) tamb\u00e9m venceram a competi\u00e7\u00e3o anteriormente.<\/p>\n\n\n\n<p class=\"wp-block-paragraph\">O primeiro tempo teve um maior volume de jogo do Palmeiras, que finalizou quase quatro vezes a mais (11 a 3), mas nenhuma delas na dire\u00e7\u00e3o do gol, assim como o Athletico. O Verd\u00e3o apostou bastante em cruzamentos da esquerda, mas a defesa rubro-negra levou a melhor na maioria das disputas pelo alto. O Furac\u00e3o conseguiu chegar \u00e0 meta alviverde somente nos 15 minutos finais, mas sem grande perigo ao goleiro Weverton.<\/p>\n\n\n\n<p class=\"wp-block-paragraph\">O Alviverde manteve a postura ofensiva na etapa final, desta vez balan\u00e7ando as redes. Aos cinco minutos, o meia Z\u00e9 Rafael cobrou falta da entrada da \u00e1rea e mandou nas redes. O goleiro Santos ainda tocou na bola, sem sucesso, mas evitou o segundo na sequ\u00eancia, tr\u00eas minutos depois, salvando uma bicicleta do atacante Rony, dentro da \u00e1rea.<\/p>\n\n\n\n<p class=\"wp-block-paragraph\">O Athletico tentou se lan\u00e7ar ao ataque, ainda que com dificuldades para entrar na \u00e1rea palmeirense. Aos 33, o meia Marlos cobrou escanteio pela direita, o volante Erick cabeceou no meio do gol, Weverton agarrou, mas deixou escapar e o lateral Marcos Rocha afastou na hora H. O Furac\u00e3o deu espa\u00e7os e o Palmeiras aproveitou. Aos 42, o meia Eduard Atuesta roubou a bola na intermedi\u00e1ria e cruzou rasteiro para o volante Danilo finalizar no canto e definir o placar. Ap\u00f3s o gol, Abel Ferreira foi expulso ap\u00f3s uma discuss\u00e3o entre membros das comiss\u00f5es t\u00e9cnicas.<\/p>\n\n\n\n<p class=\"wp-block-paragraph\">Os dois times voltam a campo no domingo (6), \u00e0s 16h (hor\u00e1rio de Bras\u00edlia), pelos respectivos campeonatos estaduais. O Palmeiras recebe o Guarani, novamente no Allianz, pela d\u00e9cima rodada do Paulista. O Athletico vai ao est\u00e1dio Ol\u00edmpico Regional, em Cascavel (PR), enfrentar o time da casa, pela \u00faltima rodada da primeira fase do Paranaense.<\/p>\n\n\n\n<p class=\"wp-block-paragraph\">&#8212;&#8212;&#8212;&#8212;&#8212;&#8212;<br><br><strong>Sabia que o Aconteceu no Vale est\u00e1 tamb\u00e9m no Telegram? <a rel=\"noreferrer noopener\" href=\"https:\/\/t.me\/aconteceunovaleoficial\" target=\"_blank\">Inscreva-se no canal<\/a>.<\/strong><br><br><strong>J\u00e1 curtiu ou seguiu nossas p\u00e1ginas nas redes sociais?\u00a0Receba as not\u00edcias em primeira m\u00e3o:<\/strong><br>\u2022 <a rel=\"noreferrer noopener\" href=\"https:\/\/news.google.com\/publications\/CAAqBwgKMNjklQswi4etAw?hl=pt-BR&amp;gl=BR&amp;ceid=BR%3Apt-419\" target=\"_blank\">Google News<\/a><br>\u2022 <a rel=\"noreferrer noopener\" href=\"https:\/\/www.facebook.com\/aconteceunovale\/\" target=\"_blank\">Facebook<\/a><br>\u2022 <a rel=\"noreferrer noopener\" href=\"https:\/\/twitter.com\/noticiadosvales\" target=\"_blank\">Twitter<\/a><br>\u2022 <a rel=\"noreferrer noopener\" href=\"https:\/\/www.instagram.com\/aconteceunovale\" target=\"_blank\">Instagram<\/a><br>\u2022 <a rel=\"noreferrer noopener\" href=\"https:\/\/www.youtube.com\/AconteceunoValeOficial\" target=\"_blank\">Youtube<\/a><br>\u2022 <a rel=\"noreferrer noopener\" href=\"https:\/\/www.tiktok.com\/@aconteceunovale\" target=\"_blank\">TikTok<\/a><\/p>\n","protected":false},"excerpt":{"rendered":"<p>O Palmeiras conquistou nesta quarta-feira (2\/3\/2022) o t\u00edtulo in\u00e9dito da Recopa Sul-Americana. No Allianz Parque, em S\u00e3o Paulo, diante de 30 mil torcedores, o Verd\u00e3o bateu o Athletico-PR por 2 a 0. Na partida de ida, na Arena da Baixada, em Curitiba, as equipes empataram por 2 a 2. Foi a segunda vez que o [&hellip;]<\/p>\n","protected":false},"author":4,"featured_media":187652,"comment_status":"open","ping_status":"closed","sticky":false,"template":"","format":"standard","meta":{"amp_status":"","footnotes":""},"categories":[6,59,28848],"tags":[227153,4785,1018,259659,259658,259662,1093,259656,18373,259657,2382,259661,259660],"class_list":["post-187651","post","type-post","status-publish","format-standard","has-post-thumbnail","hentry","category-br","category-esportes","category-mundo","tag-athletico-pr","tag-brasil","tag-destaque","tag-disputa-da-recopa-sul-americana","tag-final-da-recopa-sul-americana","tag-ganhador-da-recopa-sul-americana","tag-palmeiras","tag-palmeiras-conquista-trofeu-da-recopa-sul-americana","tag-parana","tag-recopa-sul-americana-2022","tag-sao-paulo","tag-titulo-da-recopa-sul-americana","tag-trofeu-da-recopa-sul-americana"],"yoast_head":"<!-- This site is optimized with the Yoast SEO plugin v28.3 - https:\/\/yoast.com\/product\/yoast-seo-wordpress\/ -->\n<title>Palmeiras conquista trof\u00e9u\u00a0da Recopa Sul-Americana - Aconteceu no Vale<\/title>\n<meta name=\"robots\" content=\"index, follow, max-snippet:-1, max-image-preview:large, max-video-preview:-1\" \/>\n<link rel=\"canonical\" href=\"https:\/\/aconteceunovale.com.br\/portal\/?p=187651\" \/>\n<meta property=\"og:locale\" content=\"pt_BR\" \/>\n<meta property=\"og:type\" content=\"article\" \/>\n<meta property=\"og:title\" content=\"Palmeiras conquista trof\u00e9u\u00a0da Recopa Sul-Americana - Aconteceu no Vale\" \/>\n<meta property=\"og:description\" content=\"O Palmeiras conquistou nesta quarta-feira (2\/3\/2022) o t\u00edtulo in\u00e9dito da Recopa Sul-Americana. No Allianz Parque, em S\u00e3o Paulo, diante de 30 mil torcedores, o Verd\u00e3o bateu o Athletico-PR por 2 a 0. Na partida de ida, na Arena da Baixada, em Curitiba, as equipes empataram por 2 a 2. Foi a segunda vez que o [&hellip;]\" \/>\n<meta property=\"og:url\" content=\"https:\/\/aconteceunovale.com.br\/portal\/?p=187651\" \/>\n<meta property=\"og:site_name\" content=\"Aconteceu no Vale\" \/>\n<meta property=\"article:publisher\" content=\"https:\/\/www.facebook.com\/aconteceunovale\/\" \/>\n<meta property=\"article:published_time\" content=\"2022-03-03T03:03:00+00:00\" \/>\n<meta property=\"article:modified_time\" content=\"2022-03-03T21:49:12+00:00\" \/>\n<meta property=\"og:image\" content=\"https:\/\/aconteceunovale.com.br\/portal\/wp-content\/uploads\/2022\/03\/palmeiras_campeao_furacao.jpg\" \/>\n\t<meta property=\"og:image:width\" content=\"678\" \/>\n\t<meta property=\"og:image:height\" content=\"406\" \/>\n\t<meta property=\"og:image:type\" content=\"image\/jpeg\" \/>\n<meta name=\"author\" content=\"Reda\u00e7\u00e3o Aconteceu no Vale\" \/>\n<meta name=\"twitter:card\" content=\"summary_large_image\" \/>\n<meta name=\"twitter:creator\" content=\"@noticiadosvales\" \/>\n<meta name=\"twitter:site\" content=\"@noticiadosvales\" \/>\n<meta name=\"twitter:label1\" content=\"Escrito por\" \/>\n\t<meta name=\"twitter:data1\" content=\"Reda\u00e7\u00e3o Aconteceu no Vale\" \/>\n\t<meta name=\"twitter:label2\" content=\"Est. tempo de leitura\" \/>\n\t<meta name=\"twitter:data2\" content=\"3 minutos\" \/>\n<script type=\"application\/ld+json\" class=\"yoast-schema-graph\">{\"@context\":\"https:\\\/\\\/schema.org\",\"@graph\":[{\"@type\":\"Article\",\"@id\":\"https:\\\/\\\/aconteceunovale.com.br\\\/portal\\\/?p=187651#article\",\"isPartOf\":{\"@id\":\"https:\\\/\\\/aconteceunovale.com.br\\\/portal\\\/?p=187651\"},\"author\":{\"name\":\"Reda\u00e7\u00e3o Aconteceu no Vale\",\"@id\":\"https:\\\/\\\/aconteceunovale.com.br\\\/portal\\\/#\\\/schema\\\/person\\\/7d2f26d1483f8a63de73da1ee0754d35\"},\"headline\":\"Palmeiras conquista trof\u00e9u\u00a0da Recopa Sul-Americana\",\"datePublished\":\"2022-03-03T03:03:00+00:00\",\"dateModified\":\"2022-03-03T21:49:12+00:00\",\"mainEntityOfPage\":{\"@id\":\"https:\\\/\\\/aconteceunovale.com.br\\\/portal\\\/?p=187651\"},\"wordCount\":595,\"commentCount\":0,\"image\":{\"@id\":\"https:\\\/\\\/aconteceunovale.com.br\\\/portal\\\/?p=187651#primaryimage\"},\"thumbnailUrl\":\"https:\\\/\\\/aconteceunovale.com.br\\\/portal\\\/wp-content\\\/uploads\\\/2022\\\/03\\\/palmeiras_campeao_furacao.jpg\",\"keywords\":[\"Athletico-PR\",\"brasil\",\"destaque\",\"Disputa da Recopa Sul-Americana\",\"Final da Recopa Sul-Americana\",\"Ganhador da Recopa Sul-Americana\",\"palmeiras\",\"Palmeiras conquista trof\u00e9u\u00a0da Recopa Sul-Americana\",\"Paran\u00e1\",\"Recopa Sul-Americana 2022\",\"S\u00e3o Paulo\",\"T\u00edtulo da Recopa Sul-Americana\",\"Trof\u00e9u da Recopa Sul-Americana\"],\"articleSection\":[\"Brasil\",\"Esportes\",\"Mundo\"],\"inLanguage\":\"pt-BR\",\"potentialAction\":[{\"@type\":\"CommentAction\",\"name\":\"Comment\",\"target\":[\"https:\\\/\\\/aconteceunovale.com.br\\\/portal\\\/?p=187651#respond\"]}]},{\"@type\":\"WebPage\",\"@id\":\"https:\\\/\\\/aconteceunovale.com.br\\\/portal\\\/?p=187651\",\"url\":\"https:\\\/\\\/aconteceunovale.com.br\\\/portal\\\/?p=187651\",\"name\":\"Palmeiras conquista trof\u00e9u\u00a0da Recopa Sul-Americana - Aconteceu no Vale\",\"isPartOf\":{\"@id\":\"https:\\\/\\\/aconteceunovale.com.br\\\/portal\\\/#website\"},\"primaryImageOfPage\":{\"@id\":\"https:\\\/\\\/aconteceunovale.com.br\\\/portal\\\/?p=187651#primaryimage\"},\"image\":{\"@id\":\"https:\\\/\\\/aconteceunovale.com.br\\\/portal\\\/?p=187651#primaryimage\"},\"thumbnailUrl\":\"https:\\\/\\\/aconteceunovale.com.br\\\/portal\\\/wp-content\\\/uploads\\\/2022\\\/03\\\/palmeiras_campeao_furacao.jpg\",\"datePublished\":\"2022-03-03T03:03:00+00:00\",\"dateModified\":\"2022-03-03T21:49:12+00:00\",\"author\":{\"@id\":\"https:\\\/\\\/aconteceunovale.com.br\\\/portal\\\/#\\\/schema\\\/person\\\/7d2f26d1483f8a63de73da1ee0754d35\"},\"breadcrumb\":{\"@id\":\"https:\\\/\\\/aconteceunovale.com.br\\\/portal\\\/?p=187651#breadcrumb\"},\"inLanguage\":\"pt-BR\",\"potentialAction\":[{\"@type\":\"ReadAction\",\"target\":[\"https:\\\/\\\/aconteceunovale.com.br\\\/portal\\\/?p=187651\"]}]},{\"@type\":\"ImageObject\",\"inLanguage\":\"pt-BR\",\"@id\":\"https:\\\/\\\/aconteceunovale.com.br\\\/portal\\\/?p=187651#primaryimage\",\"url\":\"https:\\\/\\\/aconteceunovale.com.br\\\/portal\\\/wp-content\\\/uploads\\\/2022\\\/03\\\/palmeiras_campeao_furacao.jpg\",\"contentUrl\":\"https:\\\/\\\/aconteceunovale.com.br\\\/portal\\\/wp-content\\\/uploads\\\/2022\\\/03\\\/palmeiras_campeao_furacao.jpg\",\"width\":678,\"height\":406,\"caption\":\"O jogador Z\u00e9 Rafael, da SE Palmeiras, comemora seu gol contra a equipe do C Athletico Paranaense, durante partida v\u00e1lida pelas finais, volta, da Recopa Sul-Americana, na arena Allianz Parque. (Foto: Cesar Greco)\"},{\"@type\":\"BreadcrumbList\",\"@id\":\"https:\\\/\\\/aconteceunovale.com.br\\\/portal\\\/?p=187651#breadcrumb\",\"itemListElement\":[{\"@type\":\"ListItem\",\"position\":1,\"name\":\"In\u00edcio\",\"item\":\"https:\\\/\\\/aconteceunovale.com.br\\\/portal\\\/\"},{\"@type\":\"ListItem\",\"position\":2,\"name\":\"Palmeiras conquista trof\u00e9u\u00a0da Recopa Sul-Americana\"}]},{\"@type\":\"WebSite\",\"@id\":\"https:\\\/\\\/aconteceunovale.com.br\\\/portal\\\/#website\",\"url\":\"https:\\\/\\\/aconteceunovale.com.br\\\/portal\\\/\",\"name\":\"Aconteceu no Vale\",\"description\":\"Portal de Not\u00edcias\",\"potentialAction\":[{\"@type\":\"SearchAction\",\"target\":{\"@type\":\"EntryPoint\",\"urlTemplate\":\"https:\\\/\\\/aconteceunovale.com.br\\\/portal\\\/?s={search_term_string}\"},\"query-input\":{\"@type\":\"PropertyValueSpecification\",\"valueRequired\":true,\"valueName\":\"search_term_string\"}}],\"inLanguage\":\"pt-BR\"},{\"@type\":\"Person\",\"@id\":\"https:\\\/\\\/aconteceunovale.com.br\\\/portal\\\/#\\\/schema\\\/person\\\/7d2f26d1483f8a63de73da1ee0754d35\",\"name\":\"Reda\u00e7\u00e3o Aconteceu no Vale\",\"description\":\"Equipe de reportagem do Aconteceu no Vale, portal de not\u00edcias do Vale do Jequitinhonha, em Minas Gerais. Cobrimos as 51 cidades do Vale desde 2013. Sugest\u00f5es de pauta e pedidos de corre\u00e7\u00e3o: contato@aconteceunovale.com.br\",\"url\":\"https:\\\/\\\/aconteceunovale.com.br\\\/portal\\\/?author=4\"}]}<\/script>\n<!-- \/ Yoast SEO plugin. -->","yoast_head_json":{"title":"Palmeiras conquista trof\u00e9u\u00a0da Recopa Sul-Americana - Aconteceu no Vale","robots":{"index":"index","follow":"follow","max-snippet":"max-snippet:-1","max-image-preview":"max-image-preview:large","max-video-preview":"max-video-preview:-1"},"canonical":"https:\/\/aconteceunovale.com.br\/portal\/?p=187651","og_locale":"pt_BR","og_type":"article","og_title":"Palmeiras conquista trof\u00e9u\u00a0da Recopa Sul-Americana - Aconteceu no Vale","og_description":"O Palmeiras conquistou nesta quarta-feira (2\/3\/2022) o t\u00edtulo in\u00e9dito da Recopa Sul-Americana. No Allianz Parque, em S\u00e3o Paulo, diante de 30 mil torcedores, o Verd\u00e3o bateu o Athletico-PR por 2 a 0. Na partida de ida, na Arena da Baixada, em Curitiba, as equipes empataram por 2 a 2. Foi a segunda vez que o [&hellip;]","og_url":"https:\/\/aconteceunovale.com.br\/portal\/?p=187651","og_site_name":"Aconteceu no Vale","article_publisher":"https:\/\/www.facebook.com\/aconteceunovale\/","article_published_time":"2022-03-03T03:03:00+00:00","article_modified_time":"2022-03-03T21:49:12+00:00","og_image":[{"width":678,"height":406,"url":"https:\/\/aconteceunovale.com.br\/portal\/wp-content\/uploads\/2022\/03\/palmeiras_campeao_furacao.jpg","type":"image\/jpeg"}],"author":"Reda\u00e7\u00e3o Aconteceu no Vale","twitter_card":"summary_large_image","twitter_creator":"@noticiadosvales","twitter_site":"@noticiadosvales","twitter_misc":{"Escrito por":"Reda\u00e7\u00e3o Aconteceu no Vale","Est. tempo de leitura":"3 minutos"},"schema":{"@context":"https:\/\/schema.org","@graph":[{"@type":"Article","@id":"https:\/\/aconteceunovale.com.br\/portal\/?p=187651#article","isPartOf":{"@id":"https:\/\/aconteceunovale.com.br\/portal\/?p=187651"},"author":{"name":"Reda\u00e7\u00e3o Aconteceu no Vale","@id":"https:\/\/aconteceunovale.com.br\/portal\/#\/schema\/person\/7d2f26d1483f8a63de73da1ee0754d35"},"headline":"Palmeiras conquista trof\u00e9u\u00a0da Recopa Sul-Americana","datePublished":"2022-03-03T03:03:00+00:00","dateModified":"2022-03-03T21:49:12+00:00","mainEntityOfPage":{"@id":"https:\/\/aconteceunovale.com.br\/portal\/?p=187651"},"wordCount":595,"commentCount":0,"image":{"@id":"https:\/\/aconteceunovale.com.br\/portal\/?p=187651#primaryimage"},"thumbnailUrl":"https:\/\/aconteceunovale.com.br\/portal\/wp-content\/uploads\/2022\/03\/palmeiras_campeao_furacao.jpg","keywords":["Athletico-PR","brasil","destaque","Disputa da Recopa Sul-Americana","Final da Recopa Sul-Americana","Ganhador da Recopa Sul-Americana","palmeiras","Palmeiras conquista trof\u00e9u\u00a0da Recopa Sul-Americana","Paran\u00e1","Recopa Sul-Americana 2022","S\u00e3o Paulo","T\u00edtulo da Recopa Sul-Americana","Trof\u00e9u da Recopa Sul-Americana"],"articleSection":["Brasil","Esportes","Mundo"],"inLanguage":"pt-BR","potentialAction":[{"@type":"CommentAction","name":"Comment","target":["https:\/\/aconteceunovale.com.br\/portal\/?p=187651#respond"]}]},{"@type":"WebPage","@id":"https:\/\/aconteceunovale.com.br\/portal\/?p=187651","url":"https:\/\/aconteceunovale.com.br\/portal\/?p=187651","name":"Palmeiras conquista trof\u00e9u\u00a0da Recopa Sul-Americana - Aconteceu no Vale","isPartOf":{"@id":"https:\/\/aconteceunovale.com.br\/portal\/#website"},"primaryImageOfPage":{"@id":"https:\/\/aconteceunovale.com.br\/portal\/?p=187651#primaryimage"},"image":{"@id":"https:\/\/aconteceunovale.com.br\/portal\/?p=187651#primaryimage"},"thumbnailUrl":"https:\/\/aconteceunovale.com.br\/portal\/wp-content\/uploads\/2022\/03\/palmeiras_campeao_furacao.jpg","datePublished":"2022-03-03T03:03:00+00:00","dateModified":"2022-03-03T21:49:12+00:00","author":{"@id":"https:\/\/aconteceunovale.com.br\/portal\/#\/schema\/person\/7d2f26d1483f8a63de73da1ee0754d35"},"breadcrumb":{"@id":"https:\/\/aconteceunovale.com.br\/portal\/?p=187651#breadcrumb"},"inLanguage":"pt-BR","potentialAction":[{"@type":"ReadAction","target":["https:\/\/aconteceunovale.com.br\/portal\/?p=187651"]}]},{"@type":"ImageObject","inLanguage":"pt-BR","@id":"https:\/\/aconteceunovale.com.br\/portal\/?p=187651#primaryimage","url":"https:\/\/aconteceunovale.com.br\/portal\/wp-content\/uploads\/2022\/03\/palmeiras_campeao_furacao.jpg","contentUrl":"https:\/\/aconteceunovale.com.br\/portal\/wp-content\/uploads\/2022\/03\/palmeiras_campeao_furacao.jpg","width":678,"height":406,"caption":"O jogador Z\u00e9 Rafael, da SE Palmeiras, comemora seu gol contra a equipe do C Athletico Paranaense, durante partida v\u00e1lida pelas finais, volta, da Recopa Sul-Americana, na arena Allianz Parque. (Foto: Cesar Greco)"},{"@type":"BreadcrumbList","@id":"https:\/\/aconteceunovale.com.br\/portal\/?p=187651#breadcrumb","itemListElement":[{"@type":"ListItem","position":1,"name":"In\u00edcio","item":"https:\/\/aconteceunovale.com.br\/portal\/"},{"@type":"ListItem","position":2,"name":"Palmeiras conquista trof\u00e9u\u00a0da Recopa Sul-Americana"}]},{"@type":"WebSite","@id":"https:\/\/aconteceunovale.com.br\/portal\/#website","url":"https:\/\/aconteceunovale.com.br\/portal\/","name":"Aconteceu no Vale","description":"Portal de Not\u00edcias","potentialAction":[{"@type":"SearchAction","target":{"@type":"EntryPoint","urlTemplate":"https:\/\/aconteceunovale.com.br\/portal\/?s={search_term_string}"},"query-input":{"@type":"PropertyValueSpecification","valueRequired":true,"valueName":"search_term_string"}}],"inLanguage":"pt-BR"},{"@type":"Person","@id":"https:\/\/aconteceunovale.com.br\/portal\/#\/schema\/person\/7d2f26d1483f8a63de73da1ee0754d35","name":"Reda\u00e7\u00e3o Aconteceu no Vale","description":"Equipe de reportagem do Aconteceu no Vale, portal de not\u00edcias do Vale do Jequitinhonha, em Minas Gerais. Cobrimos as 51 cidades do Vale desde 2013. Sugest\u00f5es de pauta e pedidos de corre\u00e7\u00e3o: contato@aconteceunovale.com.br","url":"https:\/\/aconteceunovale.com.br\/portal\/?author=4"}]}},"_links":{"self":[{"href":"https:\/\/aconteceunovale.com.br\/portal\/index.php?rest_route=\/wp\/v2\/posts\/187651","targetHints":{"allow":["GET"]}}],"collection":[{"href":"https:\/\/aconteceunovale.com.br\/portal\/index.php?rest_route=\/wp\/v2\/posts"}],"about":[{"href":"https:\/\/aconteceunovale.com.br\/portal\/index.php?rest_route=\/wp\/v2\/types\/post"}],"author":[{"embeddable":true,"href":"https:\/\/aconteceunovale.com.br\/portal\/index.php?rest_route=\/wp\/v2\/users\/4"}],"replies":[{"embeddable":true,"href":"https:\/\/aconteceunovale.com.br\/portal\/index.php?rest_route=%2Fwp%2Fv2%2Fcomments&post=187651"}],"version-history":[{"count":1,"href":"https:\/\/aconteceunovale.com.br\/portal\/index.php?rest_route=\/wp\/v2\/posts\/187651\/revisions"}],"predecessor-version":[{"id":187653,"href":"https:\/\/aconteceunovale.com.br\/portal\/index.php?rest_route=\/wp\/v2\/posts\/187651\/revisions\/187653"}],"wp:featuredmedia":[{"embeddable":true,"href":"https:\/\/aconteceunovale.com.br\/portal\/index.php?rest_route=\/wp\/v2\/media\/187652"}],"wp:attachment":[{"href":"https:\/\/aconteceunovale.com.br\/portal\/index.php?rest_route=%2Fwp%2Fv2%2Fmedia&parent=187651"}],"wp:term":[{"taxonomy":"category","embeddable":true,"href":"https:\/\/aconteceunovale.com.br\/portal\/index.php?rest_route=%2Fwp%2Fv2%2Fcategories&post=187651"},{"taxonomy":"post_tag","embeddable":true,"href":"https:\/\/aconteceunovale.com.br\/portal\/index.php?rest_route=%2Fwp%2Fv2%2Ftags&post=187651"}],"curies":[{"name":"wp","href":"https:\/\/api.w.org\/{rel}","templated":true}]}}