{"id":187643,"date":"2022-03-03T10:30:06","date_gmt":"2022-03-03T13:30:06","guid":{"rendered":"https:\/\/aconteceunovale.com.br\/portal\/?p=187643"},"modified":"2022-03-03T10:32:18","modified_gmt":"2022-03-03T13:32:18","slug":"cafe-da-chapada-de-minas-e-exportado-pela-primeira-vez-para-a-australia","status":"publish","type":"post","link":"https:\/\/aconteceunovale.com.br\/portal\/?p=187643","title":{"rendered":"Caf\u00e9 da Chapada de Minas \u00e9 exportado pela primeira vez para a Austr\u00e1lia"},"content":{"rendered":"\n<p class=\"wp-block-paragraph\">Um cont\u00eainer com 640 sacas de 30kg de caf\u00e9 especial produzido na Regi\u00e3o da Chapada de Minas desembarcou, no dia 24 de fevereiro, no porto da Austr\u00e1lia. A carga, avaliada em R$ 400 mil, foi produzida nas cidades de Capelinha, Jos\u00e9 Gon\u00e7alves de Minas e \u00c1gua Boa. O resultado \u00e9 fruto do trabalho realizado em parceria com o Sebrae Minas para melhorar o posicionamento do setor no mercado interno e externo. Em 2020 foi lan\u00e7ada a estrat\u00e9gia &#8220;Caf\u00e9 da Regi\u00e3o da Chapada de Minas&#8221;, que contribuiu para agregar valor ao refor\u00e7ar a identidade e a origem da regi\u00e3o.<\/p>\n\n\n\n<figure class=\"wp-block-gallery has-nested-images columns-default is-cropped wp-block-gallery-1 is-layout-flex wp-block-gallery-is-layout-flex\">\n<figure class=\"wp-block-image size-large\"><img loading=\"lazy\" decoding=\"async\" width=\"678\" height=\"422\" data-id=\"187644\" src=\"https:\/\/aconteceunovale.com.br\/portal\/wp-content\/uploads\/2022\/03\/cafe_capelinha_australia.jpg\" alt=\"\" class=\"wp-image-187644\" srcset=\"https:\/\/aconteceunovale.com.br\/portal\/wp-content\/uploads\/2022\/03\/cafe_capelinha_australia.jpg 678w, https:\/\/aconteceunovale.com.br\/portal\/wp-content\/uploads\/2022\/03\/cafe_capelinha_australia-300x187.jpg 300w, https:\/\/aconteceunovale.com.br\/portal\/wp-content\/uploads\/2022\/03\/cafe_capelinha_australia-675x420.jpg 675w\" sizes=\"auto, (max-width: 678px) 100vw, 678px\" \/><figcaption><em><sub>Fotos: Divulga\u00e7\u00e3o \/ Sebrae Minas<\/sub><\/em><\/figcaption><\/figure>\n<\/figure>\n\n\n\n<p class=\"wp-block-paragraph\"><em>&#8220;Antes, os produtores n\u00e3o conseguiam saber qual o destino ou o pre\u00e7o pago pelo caf\u00e9. Agora, com essa negocia\u00e7\u00e3o direta, eles t\u00eam mais controle e autonomia, al\u00e9m disso, compradores passam a ter acesso \u00e0s informa\u00e7\u00f5es sobre a origem do produto, como foi produzido e quem produziu&#8221;,<\/em> afirma o presidente do Conselho Deliberativo do Sebrae Minas, Roberto Sim\u00f5es.\u00a0<\/p>\n\n\n\n<p class=\"wp-block-paragraph\">Para garantir a origem do caf\u00e9 da Chapada de Minas foi necess\u00e1rio demarcar \u00e1reas reconhecidas pela qualidade dos produtos ali cultivados, al\u00e9m de adotar medidas para garantir a rastreabilidade dos gr\u00e3os. <em>&#8220;Informa\u00e7\u00f5es sobre a proced\u00eancia do produto e em quais condi\u00e7\u00f5es ele foi produzido \u00e9 uma exig\u00eancia do pr\u00f3prio consumidor. Para se ter uma ideia, ap\u00f3s a cria\u00e7\u00e3o da marca coletiva, o produto foi reconhecido no mercado e teve uma valoriza\u00e7\u00e3o de quase 15% do pre\u00e7o do caf\u00e9&#8221;, <\/em>explica Sim\u00f5es.\u00a0<\/p>\n\n\n\n<h2 class=\"wp-block-heading\"><strong>Origem controlada<\/strong><\/h2>\n\n\n\n<p class=\"wp-block-paragraph\">O pr\u00f3ximo passo dos produtores para a expans\u00e3o dos neg\u00f3cios \u00e9 a busca pela origem controlada, que garante ao mercado que o caf\u00e9 foi produzido na regi\u00e3o com caracter\u00edstica espec\u00edfica e por isso n\u00e3o pode ser encontrado em nenhum outro lugar, tornando o produto \u00fanico. <em>&#8220;\u00c9 um novo olhar sobre a cafeicultura, que vai al\u00e9m do pre\u00e7o do caf\u00e9 especial e do impacto individual, envolve produtores, gest\u00e3o, processos, transpar\u00eancia e cria\u00e7\u00e3o de valor sustent\u00e1vel, fatores capazes de atrair mais investimentos, gerar desenvolvimento coletivo e tornar o territ\u00f3rio demarcado em uma marca conhecida e respeitada&#8221;, <\/em>diz o presidente do Conselho Deliberativo do Sebrae Minas.\u00a0<\/p>\n\n\n\n<p class=\"wp-block-paragraph\">Alguns princ\u00edpios devem ser observados para que uma regi\u00e3o seja uma origem controlada, entre eles: demarca\u00e7\u00e3o da \u00e1rea, governan\u00e7a atuante, prote\u00e7\u00e3o, produ\u00e7\u00e3o controlada, alta qualidade, rastreabilidade e impacto coletivo.&nbsp;<\/p>\n\n\n\n<p class=\"wp-block-paragraph\">Atualmente, Minas Gerais \u00e9 o maior estado produtor de caf\u00e9 do pa\u00eds. H\u00e1 tr\u00eas regi\u00f5es com origens controladas: Cerrado Mineiro, Matas de Minas e Mantiqueira de Minas. Chapada de Minas e a Regi\u00e3o Vulc\u00e2nica (Sul de Minas) est\u00e3o em processo de estrutura\u00e7\u00e3o.&nbsp;<\/p>\n\n\n\n<h2 class=\"wp-block-heading\"><strong>Est\u00edmulo \u00e0 cafeicultura<\/strong><\/h2>\n\n\n\n<p class=\"wp-block-paragraph\">H\u00e1 10 anos, o Sebrae Minas tem estimulado a organiza\u00e7\u00e3o e articula\u00e7\u00e3o conjunta dos pequenos e m\u00e9dios produtores da regi\u00e3o, respons\u00e1veis pela produ\u00e7\u00e3o anual de 400 mil sacas de caf\u00e9 e a gera\u00e7\u00e3o de mais de 20 mil empregos diretos e indiretos.&nbsp;&nbsp;<\/p>\n\n\n\n<p class=\"wp-block-paragraph\">Em 2018, apoiou a cria\u00e7\u00e3o do Instituto do Caf\u00e9 da Chapada de Minas (ICCM). <em>&#8220;Antes notamos uma redu\u00e7\u00e3o de 60% na produ\u00e7\u00e3o do caf\u00e9, pois havia uma migra\u00e7\u00e3o para o cultivo do eucalipto, por ser uma cultura que n\u00e3o exige cuidado cont\u00ednuo, como ocorre com o caf\u00e9. A chegada do ICCM propiciou a cria\u00e7\u00e3o de uma governan\u00e7a local estruturada, a maior uni\u00e3o dos produtores e o desenvolvimento de a\u00e7\u00f5es que melhoraram o volume e a qualidade do produto&#8221;, <\/em>destaca Roberto Sim\u00f5es.\u00a0<\/p>\n\n\n\n<p class=\"wp-block-paragraph\">Por meio dessa parceria com o ICCM, o Sebrae Minas tem promovido uma s\u00e9rie de a\u00e7\u00f5es: consultorias especializadas, cursos de classifica\u00e7\u00e3o e degusta\u00e7\u00e3o de caf\u00e9, visitas a grandes fazendas da regi\u00e3o e workshop destinado \u00e0 constru\u00e7\u00e3o da marca coletiva.&nbsp;<\/p>\n\n\n\n<p class=\"wp-block-paragraph\">Hoje, a regi\u00e3o da Chapada de Minas \u00e9 formada por 22 munic\u00edpios dos Vales Alto Jequitinhonha, Mucuri e Rio Doce. Possui uma \u00e1rea de produ\u00e7\u00e3o de aproximadamente 28 mil hectares, caracterizada por seus chapad\u00f5es.\u00a0<\/p>\n\n\n\n<p class=\"wp-block-paragraph\">&#8212;&#8212;&#8212;&#8212;&#8212;&#8212;<br><br><strong>Sabia que o Aconteceu no Vale est\u00e1 tamb\u00e9m no Telegram? <a rel=\"noreferrer noopener\" href=\"https:\/\/t.me\/aconteceunovaleoficial\" target=\"_blank\">Inscreva-se no canal<\/a>.<\/strong><br><br><strong>J\u00e1 curtiu ou seguiu nossas p\u00e1ginas nas redes sociais?\u00a0Receba as not\u00edcias em primeira m\u00e3o:<\/strong><br>\u2022 <a rel=\"noreferrer noopener\" href=\"https:\/\/news.google.com\/publications\/CAAqBwgKMNjklQswi4etAw?hl=pt-BR&amp;gl=BR&amp;ceid=BR%3Apt-419\" target=\"_blank\">Google News<\/a><br>\u2022 <a rel=\"noreferrer noopener\" href=\"https:\/\/www.facebook.com\/aconteceunovale\/\" target=\"_blank\">Facebook<\/a><br>\u2022 <a rel=\"noreferrer noopener\" href=\"https:\/\/twitter.com\/noticiadosvales\" target=\"_blank\">Twitter<\/a><br>\u2022 <a rel=\"noreferrer noopener\" href=\"https:\/\/www.instagram.com\/aconteceunovale\" target=\"_blank\">Instagram<\/a><br>\u2022 <a rel=\"noreferrer noopener\" href=\"https:\/\/www.youtube.com\/AconteceunoValeOficial\" target=\"_blank\">Youtube<\/a><br>\u2022 <a rel=\"noreferrer noopener\" href=\"https:\/\/www.tiktok.com\/@aconteceunovale\" target=\"_blank\">TikTok<\/a><\/p>\n","protected":false},"excerpt":{"rendered":"<p>Um cont\u00eainer com 640 sacas de 30kg de caf\u00e9 especial produzido na Regi\u00e3o da Chapada de Minas desembarcou, no dia 24 de fevereiro, no porto da Austr\u00e1lia. A carga, avaliada em R$ 400 mil, foi produzida nas cidades de Capelinha, Jos\u00e9 Gon\u00e7alves de Minas e \u00c1gua Boa. O resultado \u00e9 fruto do trabalho realizado em [&hellip;]<\/p>\n","protected":false},"author":4,"featured_media":187645,"comment_status":"open","ping_status":"closed","sticky":false,"template":"","format":"standard","meta":{"amp_status":"","footnotes":""},"categories":[6,123,28848,120],"tags":[130,19911,383,259645,210654,259649,259647,259648,132,133562,164394,1018,259646,198118,198117,917,237104,164396,91840,44759,133],"class_list":["post-187643","post","type-post","status-publish","format-standard","has-post-thumbnail","hentry","category-br","category-gerais","category-mundo","category-jequi","tag-agua-boa","tag-australia","tag-cafe-da-chapada-de-minas","tag-cafe-da-chapada-de-minas-e-exportado-pela-primeira-vez-para-a-australia","tag-cafe-da-regiao-da-chapada-de-minas","tag-cafe-do-vale-do-jequitinhonha-e-exportado-pela-primeira-vez-para-a-australia","tag-cafe-produzido-na-chapada-de-minas","tag-cafe-produzido-na-regiao-da-chapada-de-minas","tag-capelinha","tag-cerrado-mineiro","tag-chapada-de-minas","tag-destaque","tag-exportacao-do-cafe-da-chapada-de-minas-para-a-australia","tag-iccm","tag-instituto-do-cafe-da-chapada-de-minas","tag-jose-goncalves-de-minas","tag-mantiqueira-de-minas","tag-matas-de-minas","tag-roberto-simoes","tag-sebrae-minas","tag-vale-do-jequitinhonha"],"yoast_head":"<!-- This site is optimized with the Yoast SEO plugin v28.3 - https:\/\/yoast.com\/product\/yoast-seo-wordpress\/ -->\n<title>Caf\u00e9 da Chapada de Minas \u00e9 exportado pela primeira vez para a Austr\u00e1lia - Aconteceu no Vale<\/title>\n<meta name=\"robots\" content=\"index, follow, max-snippet:-1, max-image-preview:large, max-video-preview:-1\" \/>\n<link rel=\"canonical\" href=\"https:\/\/aconteceunovale.com.br\/portal\/?p=187643\" \/>\n<meta property=\"og:locale\" content=\"pt_BR\" \/>\n<meta property=\"og:type\" content=\"article\" \/>\n<meta property=\"og:title\" content=\"Caf\u00e9 da Chapada de Minas \u00e9 exportado pela primeira vez para a Austr\u00e1lia - Aconteceu no Vale\" \/>\n<meta property=\"og:description\" content=\"Um cont\u00eainer com 640 sacas de 30kg de caf\u00e9 especial produzido na Regi\u00e3o da Chapada de Minas desembarcou, no dia 24 de fevereiro, no porto da Austr\u00e1lia. A carga, avaliada em R$ 400 mil, foi produzida nas cidades de Capelinha, Jos\u00e9 Gon\u00e7alves de Minas e \u00c1gua Boa. O resultado \u00e9 fruto do trabalho realizado em [&hellip;]\" \/>\n<meta property=\"og:url\" content=\"https:\/\/aconteceunovale.com.br\/portal\/?p=187643\" \/>\n<meta property=\"og:site_name\" content=\"Aconteceu no Vale\" \/>\n<meta property=\"article:publisher\" content=\"https:\/\/www.facebook.com\/aconteceunovale\/\" \/>\n<meta property=\"article:published_time\" content=\"2022-03-03T13:30:06+00:00\" \/>\n<meta property=\"article:modified_time\" content=\"2022-03-03T13:32:18+00:00\" \/>\n<meta property=\"og:image\" content=\"https:\/\/aconteceunovale.com.br\/portal\/wp-content\/uploads\/2022\/03\/cafe_capelinha_australia2.jpg\" \/>\n\t<meta property=\"og:image:width\" content=\"678\" \/>\n\t<meta property=\"og:image:height\" content=\"418\" \/>\n\t<meta property=\"og:image:type\" content=\"image\/jpeg\" \/>\n<meta name=\"author\" content=\"Reda\u00e7\u00e3o Aconteceu no Vale\" \/>\n<meta name=\"twitter:card\" content=\"summary_large_image\" \/>\n<meta name=\"twitter:creator\" content=\"@noticiadosvales\" \/>\n<meta name=\"twitter:site\" content=\"@noticiadosvales\" \/>\n<meta name=\"twitter:label1\" content=\"Escrito por\" \/>\n\t<meta name=\"twitter:data1\" content=\"Reda\u00e7\u00e3o Aconteceu no Vale\" \/>\n\t<meta name=\"twitter:label2\" content=\"Est. tempo de leitura\" \/>\n\t<meta name=\"twitter:data2\" content=\"4 minutos\" \/>\n<script type=\"application\/ld+json\" class=\"yoast-schema-graph\">{\"@context\":\"https:\\\/\\\/schema.org\",\"@graph\":[{\"@type\":\"Article\",\"@id\":\"https:\\\/\\\/aconteceunovale.com.br\\\/portal\\\/?p=187643#article\",\"isPartOf\":{\"@id\":\"https:\\\/\\\/aconteceunovale.com.br\\\/portal\\\/?p=187643\"},\"author\":{\"name\":\"Reda\u00e7\u00e3o Aconteceu no Vale\",\"@id\":\"https:\\\/\\\/aconteceunovale.com.br\\\/portal\\\/#\\\/schema\\\/person\\\/7d2f26d1483f8a63de73da1ee0754d35\"},\"headline\":\"Caf\u00e9 da Chapada de Minas \u00e9 exportado pela primeira vez para a Austr\u00e1lia\",\"datePublished\":\"2022-03-03T13:30:06+00:00\",\"dateModified\":\"2022-03-03T13:32:18+00:00\",\"mainEntityOfPage\":{\"@id\":\"https:\\\/\\\/aconteceunovale.com.br\\\/portal\\\/?p=187643\"},\"wordCount\":738,\"commentCount\":0,\"image\":{\"@id\":\"https:\\\/\\\/aconteceunovale.com.br\\\/portal\\\/?p=187643#primaryimage\"},\"thumbnailUrl\":\"https:\\\/\\\/aconteceunovale.com.br\\\/portal\\\/wp-content\\\/uploads\\\/2022\\\/03\\\/cafe_capelinha_australia2.jpg\",\"keywords\":[\"\u00c1gua Boa\",\"Austr\u00e1lia\",\"Caf\u00e9 da Chapada de Minas\",\"Caf\u00e9 da Chapada de Minas \u00e9 exportado pela primeira vez para a Austr\u00e1lia\",\"Caf\u00e9 da Regi\u00e3o da Chapada de Minas\",\"Caf\u00e9 do Vale do Jequitinhonha \u00e9 exportado pela primeira vez para a Austr\u00e1lia\",\"Caf\u00e9 produzido na Chapada de Minas\",\"Caf\u00e9 produzido na regi\u00e3o da Chapada de Minas\",\"Capelinha\",\"Cerrado Mineiro\",\"Chapada de Minas\",\"destaque\",\"Exporta\u00e7\u00e3o do Caf\u00e9 da Chapada de Minas para a Austr\u00e1lia\",\"ICCM\",\"Instituto do Caf\u00e9 da Chapada de Minas\",\"jos\u00e9 gon\u00e7alves de minas\",\"Mantiqueira de Minas\",\"Matas de Minas\",\"Roberto Sim\u00f5es\",\"Sebrae Minas\",\"Vale do Jequitinhonha\"],\"articleSection\":[\"Brasil\",\"Minas Gerais\",\"Mundo\",\"Vale do Jequitinhonha\"],\"inLanguage\":\"pt-BR\",\"potentialAction\":[{\"@type\":\"CommentAction\",\"name\":\"Comment\",\"target\":[\"https:\\\/\\\/aconteceunovale.com.br\\\/portal\\\/?p=187643#respond\"]}]},{\"@type\":\"WebPage\",\"@id\":\"https:\\\/\\\/aconteceunovale.com.br\\\/portal\\\/?p=187643\",\"url\":\"https:\\\/\\\/aconteceunovale.com.br\\\/portal\\\/?p=187643\",\"name\":\"Caf\u00e9 da Chapada de Minas \u00e9 exportado pela primeira vez para a Austr\u00e1lia - Aconteceu no Vale\",\"isPartOf\":{\"@id\":\"https:\\\/\\\/aconteceunovale.com.br\\\/portal\\\/#website\"},\"primaryImageOfPage\":{\"@id\":\"https:\\\/\\\/aconteceunovale.com.br\\\/portal\\\/?p=187643#primaryimage\"},\"image\":{\"@id\":\"https:\\\/\\\/aconteceunovale.com.br\\\/portal\\\/?p=187643#primaryimage\"},\"thumbnailUrl\":\"https:\\\/\\\/aconteceunovale.com.br\\\/portal\\\/wp-content\\\/uploads\\\/2022\\\/03\\\/cafe_capelinha_australia2.jpg\",\"datePublished\":\"2022-03-03T13:30:06+00:00\",\"dateModified\":\"2022-03-03T13:32:18+00:00\",\"author\":{\"@id\":\"https:\\\/\\\/aconteceunovale.com.br\\\/portal\\\/#\\\/schema\\\/person\\\/7d2f26d1483f8a63de73da1ee0754d35\"},\"breadcrumb\":{\"@id\":\"https:\\\/\\\/aconteceunovale.com.br\\\/portal\\\/?p=187643#breadcrumb\"},\"inLanguage\":\"pt-BR\",\"potentialAction\":[{\"@type\":\"ReadAction\",\"target\":[\"https:\\\/\\\/aconteceunovale.com.br\\\/portal\\\/?p=187643\"]}]},{\"@type\":\"ImageObject\",\"inLanguage\":\"pt-BR\",\"@id\":\"https:\\\/\\\/aconteceunovale.com.br\\\/portal\\\/?p=187643#primaryimage\",\"url\":\"https:\\\/\\\/aconteceunovale.com.br\\\/portal\\\/wp-content\\\/uploads\\\/2022\\\/03\\\/cafe_capelinha_australia2.jpg\",\"contentUrl\":\"https:\\\/\\\/aconteceunovale.com.br\\\/portal\\\/wp-content\\\/uploads\\\/2022\\\/03\\\/cafe_capelinha_australia2.jpg\",\"width\":678,\"height\":418},{\"@type\":\"BreadcrumbList\",\"@id\":\"https:\\\/\\\/aconteceunovale.com.br\\\/portal\\\/?p=187643#breadcrumb\",\"itemListElement\":[{\"@type\":\"ListItem\",\"position\":1,\"name\":\"In\u00edcio\",\"item\":\"https:\\\/\\\/aconteceunovale.com.br\\\/portal\\\/\"},{\"@type\":\"ListItem\",\"position\":2,\"name\":\"Caf\u00e9 da Chapada de Minas \u00e9 exportado pela primeira vez para a Austr\u00e1lia\"}]},{\"@type\":\"WebSite\",\"@id\":\"https:\\\/\\\/aconteceunovale.com.br\\\/portal\\\/#website\",\"url\":\"https:\\\/\\\/aconteceunovale.com.br\\\/portal\\\/\",\"name\":\"Aconteceu no Vale\",\"description\":\"Portal de Not\u00edcias\",\"potentialAction\":[{\"@type\":\"SearchAction\",\"target\":{\"@type\":\"EntryPoint\",\"urlTemplate\":\"https:\\\/\\\/aconteceunovale.com.br\\\/portal\\\/?s={search_term_string}\"},\"query-input\":{\"@type\":\"PropertyValueSpecification\",\"valueRequired\":true,\"valueName\":\"search_term_string\"}}],\"inLanguage\":\"pt-BR\"},{\"@type\":\"Person\",\"@id\":\"https:\\\/\\\/aconteceunovale.com.br\\\/portal\\\/#\\\/schema\\\/person\\\/7d2f26d1483f8a63de73da1ee0754d35\",\"name\":\"Reda\u00e7\u00e3o Aconteceu no Vale\",\"description\":\"Equipe de reportagem do Aconteceu no Vale, portal de not\u00edcias do Vale do Jequitinhonha, em Minas Gerais. Cobrimos as 51 cidades do Vale desde 2013. Sugest\u00f5es de pauta e pedidos de corre\u00e7\u00e3o: contato@aconteceunovale.com.br\",\"url\":\"https:\\\/\\\/aconteceunovale.com.br\\\/portal\\\/?author=4\"}]}<\/script>\n<!-- \/ Yoast SEO plugin. -->","yoast_head_json":{"title":"Caf\u00e9 da Chapada de Minas \u00e9 exportado pela primeira vez para a Austr\u00e1lia - Aconteceu no Vale","robots":{"index":"index","follow":"follow","max-snippet":"max-snippet:-1","max-image-preview":"max-image-preview:large","max-video-preview":"max-video-preview:-1"},"canonical":"https:\/\/aconteceunovale.com.br\/portal\/?p=187643","og_locale":"pt_BR","og_type":"article","og_title":"Caf\u00e9 da Chapada de Minas \u00e9 exportado pela primeira vez para a Austr\u00e1lia - Aconteceu no Vale","og_description":"Um cont\u00eainer com 640 sacas de 30kg de caf\u00e9 especial produzido na Regi\u00e3o da Chapada de Minas desembarcou, no dia 24 de fevereiro, no porto da Austr\u00e1lia. A carga, avaliada em R$ 400 mil, foi produzida nas cidades de Capelinha, Jos\u00e9 Gon\u00e7alves de Minas e \u00c1gua Boa. O resultado \u00e9 fruto do trabalho realizado em [&hellip;]","og_url":"https:\/\/aconteceunovale.com.br\/portal\/?p=187643","og_site_name":"Aconteceu no Vale","article_publisher":"https:\/\/www.facebook.com\/aconteceunovale\/","article_published_time":"2022-03-03T13:30:06+00:00","article_modified_time":"2022-03-03T13:32:18+00:00","og_image":[{"width":678,"height":418,"url":"https:\/\/aconteceunovale.com.br\/portal\/wp-content\/uploads\/2022\/03\/cafe_capelinha_australia2.jpg","type":"image\/jpeg"}],"author":"Reda\u00e7\u00e3o Aconteceu no Vale","twitter_card":"summary_large_image","twitter_creator":"@noticiadosvales","twitter_site":"@noticiadosvales","twitter_misc":{"Escrito por":"Reda\u00e7\u00e3o Aconteceu no Vale","Est. tempo de leitura":"4 minutos"},"schema":{"@context":"https:\/\/schema.org","@graph":[{"@type":"Article","@id":"https:\/\/aconteceunovale.com.br\/portal\/?p=187643#article","isPartOf":{"@id":"https:\/\/aconteceunovale.com.br\/portal\/?p=187643"},"author":{"name":"Reda\u00e7\u00e3o Aconteceu no Vale","@id":"https:\/\/aconteceunovale.com.br\/portal\/#\/schema\/person\/7d2f26d1483f8a63de73da1ee0754d35"},"headline":"Caf\u00e9 da Chapada de Minas \u00e9 exportado pela primeira vez para a Austr\u00e1lia","datePublished":"2022-03-03T13:30:06+00:00","dateModified":"2022-03-03T13:32:18+00:00","mainEntityOfPage":{"@id":"https:\/\/aconteceunovale.com.br\/portal\/?p=187643"},"wordCount":738,"commentCount":0,"image":{"@id":"https:\/\/aconteceunovale.com.br\/portal\/?p=187643#primaryimage"},"thumbnailUrl":"https:\/\/aconteceunovale.com.br\/portal\/wp-content\/uploads\/2022\/03\/cafe_capelinha_australia2.jpg","keywords":["\u00c1gua Boa","Austr\u00e1lia","Caf\u00e9 da Chapada de Minas","Caf\u00e9 da Chapada de Minas \u00e9 exportado pela primeira vez para a Austr\u00e1lia","Caf\u00e9 da Regi\u00e3o da Chapada de Minas","Caf\u00e9 do Vale do Jequitinhonha \u00e9 exportado pela primeira vez para a Austr\u00e1lia","Caf\u00e9 produzido na Chapada de Minas","Caf\u00e9 produzido na regi\u00e3o da Chapada de Minas","Capelinha","Cerrado Mineiro","Chapada de Minas","destaque","Exporta\u00e7\u00e3o do Caf\u00e9 da Chapada de Minas para a Austr\u00e1lia","ICCM","Instituto do Caf\u00e9 da Chapada de Minas","jos\u00e9 gon\u00e7alves de minas","Mantiqueira de Minas","Matas de Minas","Roberto Sim\u00f5es","Sebrae Minas","Vale do Jequitinhonha"],"articleSection":["Brasil","Minas Gerais","Mundo","Vale do Jequitinhonha"],"inLanguage":"pt-BR","potentialAction":[{"@type":"CommentAction","name":"Comment","target":["https:\/\/aconteceunovale.com.br\/portal\/?p=187643#respond"]}]},{"@type":"WebPage","@id":"https:\/\/aconteceunovale.com.br\/portal\/?p=187643","url":"https:\/\/aconteceunovale.com.br\/portal\/?p=187643","name":"Caf\u00e9 da Chapada de Minas \u00e9 exportado pela primeira vez para a Austr\u00e1lia - Aconteceu no Vale","isPartOf":{"@id":"https:\/\/aconteceunovale.com.br\/portal\/#website"},"primaryImageOfPage":{"@id":"https:\/\/aconteceunovale.com.br\/portal\/?p=187643#primaryimage"},"image":{"@id":"https:\/\/aconteceunovale.com.br\/portal\/?p=187643#primaryimage"},"thumbnailUrl":"https:\/\/aconteceunovale.com.br\/portal\/wp-content\/uploads\/2022\/03\/cafe_capelinha_australia2.jpg","datePublished":"2022-03-03T13:30:06+00:00","dateModified":"2022-03-03T13:32:18+00:00","author":{"@id":"https:\/\/aconteceunovale.com.br\/portal\/#\/schema\/person\/7d2f26d1483f8a63de73da1ee0754d35"},"breadcrumb":{"@id":"https:\/\/aconteceunovale.com.br\/portal\/?p=187643#breadcrumb"},"inLanguage":"pt-BR","potentialAction":[{"@type":"ReadAction","target":["https:\/\/aconteceunovale.com.br\/portal\/?p=187643"]}]},{"@type":"ImageObject","inLanguage":"pt-BR","@id":"https:\/\/aconteceunovale.com.br\/portal\/?p=187643#primaryimage","url":"https:\/\/aconteceunovale.com.br\/portal\/wp-content\/uploads\/2022\/03\/cafe_capelinha_australia2.jpg","contentUrl":"https:\/\/aconteceunovale.com.br\/portal\/wp-content\/uploads\/2022\/03\/cafe_capelinha_australia2.jpg","width":678,"height":418},{"@type":"BreadcrumbList","@id":"https:\/\/aconteceunovale.com.br\/portal\/?p=187643#breadcrumb","itemListElement":[{"@type":"ListItem","position":1,"name":"In\u00edcio","item":"https:\/\/aconteceunovale.com.br\/portal\/"},{"@type":"ListItem","position":2,"name":"Caf\u00e9 da Chapada de Minas \u00e9 exportado pela primeira vez para a Austr\u00e1lia"}]},{"@type":"WebSite","@id":"https:\/\/aconteceunovale.com.br\/portal\/#website","url":"https:\/\/aconteceunovale.com.br\/portal\/","name":"Aconteceu no Vale","description":"Portal de Not\u00edcias","potentialAction":[{"@type":"SearchAction","target":{"@type":"EntryPoint","urlTemplate":"https:\/\/aconteceunovale.com.br\/portal\/?s={search_term_string}"},"query-input":{"@type":"PropertyValueSpecification","valueRequired":true,"valueName":"search_term_string"}}],"inLanguage":"pt-BR"},{"@type":"Person","@id":"https:\/\/aconteceunovale.com.br\/portal\/#\/schema\/person\/7d2f26d1483f8a63de73da1ee0754d35","name":"Reda\u00e7\u00e3o Aconteceu no Vale","description":"Equipe de reportagem do Aconteceu no Vale, portal de not\u00edcias do Vale do Jequitinhonha, em Minas Gerais. Cobrimos as 51 cidades do Vale desde 2013. Sugest\u00f5es de pauta e pedidos de corre\u00e7\u00e3o: contato@aconteceunovale.com.br","url":"https:\/\/aconteceunovale.com.br\/portal\/?author=4"}]}},"_links":{"self":[{"href":"https:\/\/aconteceunovale.com.br\/portal\/index.php?rest_route=\/wp\/v2\/posts\/187643","targetHints":{"allow":["GET"]}}],"collection":[{"href":"https:\/\/aconteceunovale.com.br\/portal\/index.php?rest_route=\/wp\/v2\/posts"}],"about":[{"href":"https:\/\/aconteceunovale.com.br\/portal\/index.php?rest_route=\/wp\/v2\/types\/post"}],"author":[{"embeddable":true,"href":"https:\/\/aconteceunovale.com.br\/portal\/index.php?rest_route=\/wp\/v2\/users\/4"}],"replies":[{"embeddable":true,"href":"https:\/\/aconteceunovale.com.br\/portal\/index.php?rest_route=%2Fwp%2Fv2%2Fcomments&post=187643"}],"version-history":[{"count":1,"href":"https:\/\/aconteceunovale.com.br\/portal\/index.php?rest_route=\/wp\/v2\/posts\/187643\/revisions"}],"predecessor-version":[{"id":187646,"href":"https:\/\/aconteceunovale.com.br\/portal\/index.php?rest_route=\/wp\/v2\/posts\/187643\/revisions\/187646"}],"wp:featuredmedia":[{"embeddable":true,"href":"https:\/\/aconteceunovale.com.br\/portal\/index.php?rest_route=\/wp\/v2\/media\/187645"}],"wp:attachment":[{"href":"https:\/\/aconteceunovale.com.br\/portal\/index.php?rest_route=%2Fwp%2Fv2%2Fmedia&parent=187643"}],"wp:term":[{"taxonomy":"category","embeddable":true,"href":"https:\/\/aconteceunovale.com.br\/portal\/index.php?rest_route=%2Fwp%2Fv2%2Fcategories&post=187643"},{"taxonomy":"post_tag","embeddable":true,"href":"https:\/\/aconteceunovale.com.br\/portal\/index.php?rest_route=%2Fwp%2Fv2%2Ftags&post=187643"}],"curies":[{"name":"wp","href":"https:\/\/api.w.org\/{rel}","templated":true}]}}