{"id":187557,"date":"2022-02-28T16:54:00","date_gmt":"2022-02-28T19:54:00","guid":{"rendered":"https:\/\/aconteceunovale.com.br\/portal\/?p=187557"},"modified":"2022-03-01T10:57:32","modified_gmt":"2022-03-01T13:57:32","slug":"mineira-morre-eletrocutada-em-praia-da-bahia","status":"publish","type":"post","link":"https:\/\/aconteceunovale.com.br\/portal\/?p=187557","title":{"rendered":"Mineira morre eletrocutada em praia da Bahia"},"content":{"rendered":"\n<p class=\"wp-block-paragraph\">Uma jovem de 27 anos morreu eletrocutada na Praia do Pau Fincado, no munic\u00edpio de Nova Vi\u00e7osa (BA), na noite de domingo (27\/2\/2022). O acidente aconteceu por volta das 21h, na Avenida Oce\u00e2nica, quando Camila Pinheiro da Costa caminhava com sua filha de quatro anos. \u00a0<\/p>\n\n\n\n<figure class=\"wp-block-gallery has-nested-images columns-default is-cropped wp-block-gallery-1 is-layout-flex wp-block-gallery-is-layout-flex\">\n<figure class=\"wp-block-image size-large\"><img loading=\"lazy\" decoding=\"async\" width=\"820\" height=\"492\" data-id=\"187558\" src=\"https:\/\/aconteceunovale.com.br\/portal\/wp-content\/uploads\/2022\/03\/camila_gv.jpg\" alt=\"\" class=\"wp-image-187558\" srcset=\"https:\/\/aconteceunovale.com.br\/portal\/wp-content\/uploads\/2022\/03\/camila_gv.jpg 820w, https:\/\/aconteceunovale.com.br\/portal\/wp-content\/uploads\/2022\/03\/camila_gv-300x180.jpg 300w, https:\/\/aconteceunovale.com.br\/portal\/wp-content\/uploads\/2022\/03\/camila_gv-768x461.jpg 768w, https:\/\/aconteceunovale.com.br\/portal\/wp-content\/uploads\/2022\/03\/camila_gv-696x418.jpg 696w, https:\/\/aconteceunovale.com.br\/portal\/wp-content\/uploads\/2022\/03\/camila_gv-700x420.jpg 700w\" sizes=\"auto, (max-width: 820px) 100vw, 820px\" \/><figcaption><em><sub>Camila Pinheiro da Costa tinha 27 anos &#8211; Foto: Reprodu\u00e7\u00e3o \/ WhatsApp<\/sub><\/em><\/figcaption><\/figure>\n<\/figure>\n\n\n\n<p class=\"wp-block-paragraph\">Testemunhas relataram que Camila pisou em um cabo de alta tens\u00e3o que havia se partido e estava no ch\u00e3o. A forte descarga el\u00e9trica matou a v\u00edtima no local. A crian\u00e7a foi encaminhada para um hospital e permaneceu sob cuidados m\u00e9dicos.&nbsp;<\/p>\n\n\n\n<p class=\"wp-block-paragraph\">Camila Pinheiro era de Governador Valadares, no Vale do Rio Doce, e participava de uma excurs\u00e3o. A Pol\u00edcia Civil de Nova Vi\u00e7osa investiga o acidente.\u00a0<\/p>\n\n\n\n<p class=\"wp-block-paragraph\">&#8212;&#8212;&#8212;&#8212;&#8212;&#8212;<br><br><strong>Sabia que o Aconteceu no Vale est\u00e1 tamb\u00e9m no Telegram? <a rel=\"noreferrer noopener\" href=\"https:\/\/t.me\/aconteceunovaleoficial\" target=\"_blank\">Inscreva-se no canal<\/a>.<\/strong><br><br><strong>J\u00e1 curtiu ou seguiu nossas p\u00e1ginas nas redes sociais?\u00a0Receba as not\u00edcias em primeira m\u00e3o:<\/strong><br>\u2022 <a rel=\"noreferrer noopener\" href=\"https:\/\/news.google.com\/publications\/CAAqBwgKMNjklQswi4etAw?hl=pt-BR&amp;gl=BR&amp;ceid=BR%3Apt-419\" target=\"_blank\">Google News<\/a><br>\u2022 <a rel=\"noreferrer noopener\" href=\"https:\/\/www.facebook.com\/aconteceunovale\/\" target=\"_blank\">Facebook<\/a><br>\u2022 <a rel=\"noreferrer noopener\" href=\"https:\/\/twitter.com\/noticiadosvales\" target=\"_blank\">Twitter<\/a><br>\u2022 <a rel=\"noreferrer noopener\" href=\"https:\/\/www.instagram.com\/aconteceunovale\" target=\"_blank\">Instagram<\/a><br>\u2022 <a rel=\"noreferrer noopener\" href=\"https:\/\/www.youtube.com\/AconteceunoValeOficial\" target=\"_blank\">Youtube<\/a><br>\u2022 <a rel=\"noreferrer noopener\" href=\"https:\/\/www.tiktok.com\/@aconteceunovale\" target=\"_blank\">TikTok<\/a><\/p>\n","protected":false},"excerpt":{"rendered":"<p>Uma jovem de 27 anos morreu eletrocutada na Praia do Pau Fincado, no munic\u00edpio de Nova Vi\u00e7osa (BA), na noite de domingo (27\/2\/2022). O acidente aconteceu por volta das 21h, na Avenida Oce\u00e2nica, quando Camila Pinheiro da Costa caminhava com sua filha de quatro anos. \u00a0 Testemunhas relataram que Camila pisou em um cabo de [&hellip;]<\/p>\n","protected":false},"author":4,"featured_media":187558,"comment_status":"open","ping_status":"closed","sticky":false,"template":"","format":"standard","meta":{"amp_status":"","footnotes":""},"categories":[6,121],"tags":[259561,1018,247,18800,259555,259554,259556,259558,259559,259557,40510,259560,18801],"class_list":["post-187557","post","type-post","status-publish","format-standard","has-post-thumbnail","hentry","category-br","category-leste","tag-camila-pinheiro-da-costa","tag-destaque","tag-governador-valadares","tag-gv","tag-mineira-morre-eletrocutada-em-nova-vicosa","tag-mineira-morre-eletrocutada-em-praia-da-bahia","tag-mineira-morre-eletrocutada-na-praia-de-pau-fincado","tag-mulher-eletrocutada-em-nova-vicosa","tag-mulher-eletrocutada-na-praia-de-pau-fincado","tag-mulher-eletrocutada-no-litoral-da-bahia","tag-nova-vicosa","tag-praia-de-pau-fincado","tag-valadares"],"yoast_head":"<!-- This site is optimized with the Yoast SEO plugin v28.3 - https:\/\/yoast.com\/product\/yoast-seo-wordpress\/ -->\n<title>Mineira morre eletrocutada em praia da Bahia - Aconteceu no Vale<\/title>\n<meta name=\"robots\" content=\"index, follow, max-snippet:-1, max-image-preview:large, max-video-preview:-1\" \/>\n<link rel=\"canonical\" href=\"https:\/\/aconteceunovale.com.br\/portal\/?p=187557\" \/>\n<meta property=\"og:locale\" content=\"pt_BR\" \/>\n<meta property=\"og:type\" content=\"article\" \/>\n<meta property=\"og:title\" content=\"Mineira morre eletrocutada em praia da Bahia - Aconteceu no Vale\" \/>\n<meta property=\"og:description\" content=\"Uma jovem de 27 anos morreu eletrocutada na Praia do Pau Fincado, no munic\u00edpio de Nova Vi\u00e7osa (BA), na noite de domingo (27\/2\/2022). O acidente aconteceu por volta das 21h, na Avenida Oce\u00e2nica, quando Camila Pinheiro da Costa caminhava com sua filha de quatro anos. \u00a0 Testemunhas relataram que Camila pisou em um cabo de [&hellip;]\" \/>\n<meta property=\"og:url\" content=\"https:\/\/aconteceunovale.com.br\/portal\/?p=187557\" \/>\n<meta property=\"og:site_name\" content=\"Aconteceu no Vale\" \/>\n<meta property=\"article:publisher\" content=\"https:\/\/www.facebook.com\/aconteceunovale\/\" \/>\n<meta property=\"article:published_time\" content=\"2022-02-28T19:54:00+00:00\" \/>\n<meta property=\"article:modified_time\" content=\"2022-03-01T13:57:32+00:00\" \/>\n<meta property=\"og:image\" content=\"https:\/\/aconteceunovale.com.br\/portal\/wp-content\/uploads\/2022\/03\/camila_gv.jpg\" \/>\n\t<meta property=\"og:image:width\" content=\"820\" \/>\n\t<meta property=\"og:image:height\" content=\"492\" \/>\n\t<meta property=\"og:image:type\" content=\"image\/jpeg\" \/>\n<meta name=\"author\" content=\"Reda\u00e7\u00e3o Aconteceu no Vale\" \/>\n<meta name=\"twitter:card\" content=\"summary_large_image\" \/>\n<meta name=\"twitter:creator\" content=\"@noticiadosvales\" \/>\n<meta name=\"twitter:site\" content=\"@noticiadosvales\" \/>\n<meta name=\"twitter:label1\" content=\"Escrito por\" \/>\n\t<meta name=\"twitter:data1\" content=\"Reda\u00e7\u00e3o Aconteceu no Vale\" \/>\n\t<meta name=\"twitter:label2\" content=\"Est. tempo de leitura\" \/>\n\t<meta name=\"twitter:data2\" content=\"1 minuto\" \/>\n<script type=\"application\/ld+json\" class=\"yoast-schema-graph\">{\"@context\":\"https:\\\/\\\/schema.org\",\"@graph\":[{\"@type\":\"Article\",\"@id\":\"https:\\\/\\\/aconteceunovale.com.br\\\/portal\\\/?p=187557#article\",\"isPartOf\":{\"@id\":\"https:\\\/\\\/aconteceunovale.com.br\\\/portal\\\/?p=187557\"},\"author\":{\"name\":\"Reda\u00e7\u00e3o Aconteceu no Vale\",\"@id\":\"https:\\\/\\\/aconteceunovale.com.br\\\/portal\\\/#\\\/schema\\\/person\\\/7d2f26d1483f8a63de73da1ee0754d35\"},\"headline\":\"Mineira morre eletrocutada em praia da Bahia\",\"datePublished\":\"2022-02-28T19:54:00+00:00\",\"dateModified\":\"2022-03-01T13:57:32+00:00\",\"mainEntityOfPage\":{\"@id\":\"https:\\\/\\\/aconteceunovale.com.br\\\/portal\\\/?p=187557\"},\"wordCount\":179,\"commentCount\":0,\"image\":{\"@id\":\"https:\\\/\\\/aconteceunovale.com.br\\\/portal\\\/?p=187557#primaryimage\"},\"thumbnailUrl\":\"https:\\\/\\\/aconteceunovale.com.br\\\/portal\\\/wp-content\\\/uploads\\\/2022\\\/03\\\/camila_gv.jpg\",\"keywords\":[\"Camila Pinheiro da Costa\",\"destaque\",\"Governador Valadares\",\"gv\",\"Mineira morre eletrocutada em Nova Vi\u00e7osa\",\"Mineira morre eletrocutada em praia da Bahia\",\"Mineira morre eletrocutada na Praia de Pau Fincado\",\"Mulher eletrocutada em Nova Vi\u00e7osa\",\"Mulher eletrocutada na Praia de Pau Fincado\",\"Mulher eletrocutada no litoral da Bahia\",\"Nova Vi\u00e7osa\",\"Praia de Pau Fincado\",\"valadares\"],\"articleSection\":[\"Brasil\",\"Leste de Minas\"],\"inLanguage\":\"pt-BR\",\"potentialAction\":[{\"@type\":\"CommentAction\",\"name\":\"Comment\",\"target\":[\"https:\\\/\\\/aconteceunovale.com.br\\\/portal\\\/?p=187557#respond\"]}]},{\"@type\":\"WebPage\",\"@id\":\"https:\\\/\\\/aconteceunovale.com.br\\\/portal\\\/?p=187557\",\"url\":\"https:\\\/\\\/aconteceunovale.com.br\\\/portal\\\/?p=187557\",\"name\":\"Mineira morre eletrocutada em praia da Bahia - Aconteceu no Vale\",\"isPartOf\":{\"@id\":\"https:\\\/\\\/aconteceunovale.com.br\\\/portal\\\/#website\"},\"primaryImageOfPage\":{\"@id\":\"https:\\\/\\\/aconteceunovale.com.br\\\/portal\\\/?p=187557#primaryimage\"},\"image\":{\"@id\":\"https:\\\/\\\/aconteceunovale.com.br\\\/portal\\\/?p=187557#primaryimage\"},\"thumbnailUrl\":\"https:\\\/\\\/aconteceunovale.com.br\\\/portal\\\/wp-content\\\/uploads\\\/2022\\\/03\\\/camila_gv.jpg\",\"datePublished\":\"2022-02-28T19:54:00+00:00\",\"dateModified\":\"2022-03-01T13:57:32+00:00\",\"author\":{\"@id\":\"https:\\\/\\\/aconteceunovale.com.br\\\/portal\\\/#\\\/schema\\\/person\\\/7d2f26d1483f8a63de73da1ee0754d35\"},\"breadcrumb\":{\"@id\":\"https:\\\/\\\/aconteceunovale.com.br\\\/portal\\\/?p=187557#breadcrumb\"},\"inLanguage\":\"pt-BR\",\"potentialAction\":[{\"@type\":\"ReadAction\",\"target\":[\"https:\\\/\\\/aconteceunovale.com.br\\\/portal\\\/?p=187557\"]}]},{\"@type\":\"ImageObject\",\"inLanguage\":\"pt-BR\",\"@id\":\"https:\\\/\\\/aconteceunovale.com.br\\\/portal\\\/?p=187557#primaryimage\",\"url\":\"https:\\\/\\\/aconteceunovale.com.br\\\/portal\\\/wp-content\\\/uploads\\\/2022\\\/03\\\/camila_gv.jpg\",\"contentUrl\":\"https:\\\/\\\/aconteceunovale.com.br\\\/portal\\\/wp-content\\\/uploads\\\/2022\\\/03\\\/camila_gv.jpg\",\"width\":820,\"height\":492},{\"@type\":\"BreadcrumbList\",\"@id\":\"https:\\\/\\\/aconteceunovale.com.br\\\/portal\\\/?p=187557#breadcrumb\",\"itemListElement\":[{\"@type\":\"ListItem\",\"position\":1,\"name\":\"In\u00edcio\",\"item\":\"https:\\\/\\\/aconteceunovale.com.br\\\/portal\\\/\"},{\"@type\":\"ListItem\",\"position\":2,\"name\":\"Mineira morre eletrocutada em praia da Bahia\"}]},{\"@type\":\"WebSite\",\"@id\":\"https:\\\/\\\/aconteceunovale.com.br\\\/portal\\\/#website\",\"url\":\"https:\\\/\\\/aconteceunovale.com.br\\\/portal\\\/\",\"name\":\"Aconteceu no Vale\",\"description\":\"Portal de Not\u00edcias\",\"potentialAction\":[{\"@type\":\"SearchAction\",\"target\":{\"@type\":\"EntryPoint\",\"urlTemplate\":\"https:\\\/\\\/aconteceunovale.com.br\\\/portal\\\/?s={search_term_string}\"},\"query-input\":{\"@type\":\"PropertyValueSpecification\",\"valueRequired\":true,\"valueName\":\"search_term_string\"}}],\"inLanguage\":\"pt-BR\"},{\"@type\":\"Person\",\"@id\":\"https:\\\/\\\/aconteceunovale.com.br\\\/portal\\\/#\\\/schema\\\/person\\\/7d2f26d1483f8a63de73da1ee0754d35\",\"name\":\"Reda\u00e7\u00e3o Aconteceu no Vale\",\"description\":\"Equipe de reportagem do Aconteceu no Vale, portal de not\u00edcias do Vale do Jequitinhonha, em Minas Gerais. Cobrimos as 51 cidades do Vale desde 2013. Sugest\u00f5es de pauta e pedidos de corre\u00e7\u00e3o: contato@aconteceunovale.com.br\",\"url\":\"https:\\\/\\\/aconteceunovale.com.br\\\/portal\\\/?author=4\"}]}<\/script>\n<!-- \/ Yoast SEO plugin. -->","yoast_head_json":{"title":"Mineira morre eletrocutada em praia da Bahia - Aconteceu no Vale","robots":{"index":"index","follow":"follow","max-snippet":"max-snippet:-1","max-image-preview":"max-image-preview:large","max-video-preview":"max-video-preview:-1"},"canonical":"https:\/\/aconteceunovale.com.br\/portal\/?p=187557","og_locale":"pt_BR","og_type":"article","og_title":"Mineira morre eletrocutada em praia da Bahia - Aconteceu no Vale","og_description":"Uma jovem de 27 anos morreu eletrocutada na Praia do Pau Fincado, no munic\u00edpio de Nova Vi\u00e7osa (BA), na noite de domingo (27\/2\/2022). O acidente aconteceu por volta das 21h, na Avenida Oce\u00e2nica, quando Camila Pinheiro da Costa caminhava com sua filha de quatro anos. \u00a0 Testemunhas relataram que Camila pisou em um cabo de [&hellip;]","og_url":"https:\/\/aconteceunovale.com.br\/portal\/?p=187557","og_site_name":"Aconteceu no Vale","article_publisher":"https:\/\/www.facebook.com\/aconteceunovale\/","article_published_time":"2022-02-28T19:54:00+00:00","article_modified_time":"2022-03-01T13:57:32+00:00","og_image":[{"width":820,"height":492,"url":"https:\/\/aconteceunovale.com.br\/portal\/wp-content\/uploads\/2022\/03\/camila_gv.jpg","type":"image\/jpeg"}],"author":"Reda\u00e7\u00e3o Aconteceu no Vale","twitter_card":"summary_large_image","twitter_creator":"@noticiadosvales","twitter_site":"@noticiadosvales","twitter_misc":{"Escrito por":"Reda\u00e7\u00e3o Aconteceu no Vale","Est. tempo de leitura":"1 minuto"},"schema":{"@context":"https:\/\/schema.org","@graph":[{"@type":"Article","@id":"https:\/\/aconteceunovale.com.br\/portal\/?p=187557#article","isPartOf":{"@id":"https:\/\/aconteceunovale.com.br\/portal\/?p=187557"},"author":{"name":"Reda\u00e7\u00e3o Aconteceu no Vale","@id":"https:\/\/aconteceunovale.com.br\/portal\/#\/schema\/person\/7d2f26d1483f8a63de73da1ee0754d35"},"headline":"Mineira morre eletrocutada em praia da Bahia","datePublished":"2022-02-28T19:54:00+00:00","dateModified":"2022-03-01T13:57:32+00:00","mainEntityOfPage":{"@id":"https:\/\/aconteceunovale.com.br\/portal\/?p=187557"},"wordCount":179,"commentCount":0,"image":{"@id":"https:\/\/aconteceunovale.com.br\/portal\/?p=187557#primaryimage"},"thumbnailUrl":"https:\/\/aconteceunovale.com.br\/portal\/wp-content\/uploads\/2022\/03\/camila_gv.jpg","keywords":["Camila Pinheiro da Costa","destaque","Governador Valadares","gv","Mineira morre eletrocutada em Nova Vi\u00e7osa","Mineira morre eletrocutada em praia da Bahia","Mineira morre eletrocutada na Praia de Pau Fincado","Mulher eletrocutada em Nova Vi\u00e7osa","Mulher eletrocutada na Praia de Pau Fincado","Mulher eletrocutada no litoral da Bahia","Nova Vi\u00e7osa","Praia de Pau Fincado","valadares"],"articleSection":["Brasil","Leste de Minas"],"inLanguage":"pt-BR","potentialAction":[{"@type":"CommentAction","name":"Comment","target":["https:\/\/aconteceunovale.com.br\/portal\/?p=187557#respond"]}]},{"@type":"WebPage","@id":"https:\/\/aconteceunovale.com.br\/portal\/?p=187557","url":"https:\/\/aconteceunovale.com.br\/portal\/?p=187557","name":"Mineira morre eletrocutada em praia da Bahia - Aconteceu no Vale","isPartOf":{"@id":"https:\/\/aconteceunovale.com.br\/portal\/#website"},"primaryImageOfPage":{"@id":"https:\/\/aconteceunovale.com.br\/portal\/?p=187557#primaryimage"},"image":{"@id":"https:\/\/aconteceunovale.com.br\/portal\/?p=187557#primaryimage"},"thumbnailUrl":"https:\/\/aconteceunovale.com.br\/portal\/wp-content\/uploads\/2022\/03\/camila_gv.jpg","datePublished":"2022-02-28T19:54:00+00:00","dateModified":"2022-03-01T13:57:32+00:00","author":{"@id":"https:\/\/aconteceunovale.com.br\/portal\/#\/schema\/person\/7d2f26d1483f8a63de73da1ee0754d35"},"breadcrumb":{"@id":"https:\/\/aconteceunovale.com.br\/portal\/?p=187557#breadcrumb"},"inLanguage":"pt-BR","potentialAction":[{"@type":"ReadAction","target":["https:\/\/aconteceunovale.com.br\/portal\/?p=187557"]}]},{"@type":"ImageObject","inLanguage":"pt-BR","@id":"https:\/\/aconteceunovale.com.br\/portal\/?p=187557#primaryimage","url":"https:\/\/aconteceunovale.com.br\/portal\/wp-content\/uploads\/2022\/03\/camila_gv.jpg","contentUrl":"https:\/\/aconteceunovale.com.br\/portal\/wp-content\/uploads\/2022\/03\/camila_gv.jpg","width":820,"height":492},{"@type":"BreadcrumbList","@id":"https:\/\/aconteceunovale.com.br\/portal\/?p=187557#breadcrumb","itemListElement":[{"@type":"ListItem","position":1,"name":"In\u00edcio","item":"https:\/\/aconteceunovale.com.br\/portal\/"},{"@type":"ListItem","position":2,"name":"Mineira morre eletrocutada em praia da Bahia"}]},{"@type":"WebSite","@id":"https:\/\/aconteceunovale.com.br\/portal\/#website","url":"https:\/\/aconteceunovale.com.br\/portal\/","name":"Aconteceu no Vale","description":"Portal de Not\u00edcias","potentialAction":[{"@type":"SearchAction","target":{"@type":"EntryPoint","urlTemplate":"https:\/\/aconteceunovale.com.br\/portal\/?s={search_term_string}"},"query-input":{"@type":"PropertyValueSpecification","valueRequired":true,"valueName":"search_term_string"}}],"inLanguage":"pt-BR"},{"@type":"Person","@id":"https:\/\/aconteceunovale.com.br\/portal\/#\/schema\/person\/7d2f26d1483f8a63de73da1ee0754d35","name":"Reda\u00e7\u00e3o Aconteceu no Vale","description":"Equipe de reportagem do Aconteceu no Vale, portal de not\u00edcias do Vale do Jequitinhonha, em Minas Gerais. Cobrimos as 51 cidades do Vale desde 2013. Sugest\u00f5es de pauta e pedidos de corre\u00e7\u00e3o: contato@aconteceunovale.com.br","url":"https:\/\/aconteceunovale.com.br\/portal\/?author=4"}]}},"_links":{"self":[{"href":"https:\/\/aconteceunovale.com.br\/portal\/index.php?rest_route=\/wp\/v2\/posts\/187557","targetHints":{"allow":["GET"]}}],"collection":[{"href":"https:\/\/aconteceunovale.com.br\/portal\/index.php?rest_route=\/wp\/v2\/posts"}],"about":[{"href":"https:\/\/aconteceunovale.com.br\/portal\/index.php?rest_route=\/wp\/v2\/types\/post"}],"author":[{"embeddable":true,"href":"https:\/\/aconteceunovale.com.br\/portal\/index.php?rest_route=\/wp\/v2\/users\/4"}],"replies":[{"embeddable":true,"href":"https:\/\/aconteceunovale.com.br\/portal\/index.php?rest_route=%2Fwp%2Fv2%2Fcomments&post=187557"}],"version-history":[{"count":2,"href":"https:\/\/aconteceunovale.com.br\/portal\/index.php?rest_route=\/wp\/v2\/posts\/187557\/revisions"}],"predecessor-version":[{"id":187560,"href":"https:\/\/aconteceunovale.com.br\/portal\/index.php?rest_route=\/wp\/v2\/posts\/187557\/revisions\/187560"}],"wp:featuredmedia":[{"embeddable":true,"href":"https:\/\/aconteceunovale.com.br\/portal\/index.php?rest_route=\/wp\/v2\/media\/187558"}],"wp:attachment":[{"href":"https:\/\/aconteceunovale.com.br\/portal\/index.php?rest_route=%2Fwp%2Fv2%2Fmedia&parent=187557"}],"wp:term":[{"taxonomy":"category","embeddable":true,"href":"https:\/\/aconteceunovale.com.br\/portal\/index.php?rest_route=%2Fwp%2Fv2%2Fcategories&post=187557"},{"taxonomy":"post_tag","embeddable":true,"href":"https:\/\/aconteceunovale.com.br\/portal\/index.php?rest_route=%2Fwp%2Fv2%2Ftags&post=187557"}],"curies":[{"name":"wp","href":"https:\/\/api.w.org\/{rel}","templated":true}]}}