{"id":18755,"date":"2014-01-17T21:24:53","date_gmt":"2014-01-17T23:24:53","guid":{"rendered":"http:\/\/aconteceunovale.com.br\/portal\/?p=18755"},"modified":"2014-01-17T21:24:53","modified_gmt":"2014-01-17T23:24:53","slug":"arvore-cai-no-centro-de-ipatinga-e-atinge-veiculo-estacionado","status":"publish","type":"post","link":"https:\/\/aconteceunovale.com.br\/portal\/?p=18755","title":{"rendered":"\u00c1rvore cai no centro de Ipatinga e atinge ve\u00edculo estacionado"},"content":{"rendered":"<p>Uma \u00e1rvore caiu na tarde desta sexta-feira (17\/01), no centro de Ipatinga, em um estacionamento pr\u00f3ximo a c\u00e2mara de vereadores. Alguns galhos ca\u00edram sob um carro que estava parado no local, mas ningu\u00e9m se feriu com a queda.<\/p>\n<p><img decoding=\"async\" src=\"http:\/\/aconteceunovale.com.br\/portal\/wp-content\/uploads\/2014\/01\/arvore_cai_em_carro_ipatinga_1.jpg\" alt=\"\" \/><br \/>\n<em><strong>Galhos atingiram os carros que estavam pr\u00f3ximos de onde a \u00e1rvore caiu. (Foto: Fernanda P\u00f4nzio)<\/strong><\/em><\/p>\n<p>A companhia de energia esteve no local, pois com a queda, alguns galhos encostaram na fia\u00e7\u00e3o de luz. Os t\u00e9cnicos da Cemig disseram que o fornecimento de energia na regi\u00e3o n\u00e3o ficar\u00e1 prejudicado.<\/p>\n<p>A prefeitura esteve no estacionamento, isolou a regi\u00e3o e providenciou a remo\u00e7\u00e3o da \u00e1rvore. A administra\u00e7\u00e3o municipal informou atrav\u00e9s de nota que ser\u00e1 feita uma avalia\u00e7\u00e3o para identificar as causas do acidente. Ainda segundo a assessoria de comunica\u00e7\u00e3o, a \u00e1rvore, aparentemente, estava em perfeitas condi\u00e7\u00f5es.<\/p>\n<p>A procuradoria geral informou tamb\u00e9m atrav\u00e9s de nota, que somente poder\u00e1 se posicionar caso o munic\u00edpio seja acionado.<\/p>\n<p><img decoding=\"async\" src=\"http:\/\/aconteceunovale.com.br\/portal\/wp-content\/uploads\/2014\/01\/arvore_cai_em_carro_ipatinga_2.jpg\" alt=\"\" \/><br \/>\n<em><strong>A \u00e1rvore caiu na pra\u00e7a 1\u00ba de maio no Centro de Ipatinga. (Foto: Fernanda P\u00f4nzio)<\/strong><\/em><\/p>\n<p><strong>(Fonte: Inter TV dos Vales)<\/strong><\/p>\n","protected":false},"excerpt":{"rendered":"<p>Uma \u00e1rvore caiu na tarde desta sexta-feira (17\/01), no centro de Ipatinga, em um estacionamento pr\u00f3ximo a c\u00e2mara de vereadores. Alguns galhos ca\u00edram sob um carro que estava parado no local, mas ningu\u00e9m se feriu com a queda. Galhos atingiram os carros que estavam pr\u00f3ximos de onde a \u00e1rvore caiu. (Foto: Fernanda P\u00f4nzio) A companhia [&hellip;]<\/p>\n","protected":false},"author":1,"featured_media":0,"comment_status":"open","ping_status":"closed","sticky":false,"template":"","format":"standard","meta":{"amp_status":"","footnotes":""},"categories":[121],"tags":[3114,201],"class_list":["post-18755","post","type-post","status-publish","format-standard","hentry","category-leste","tag-arvore-cai-no-centro-de-ipatinga-e-atinge-veiculo-estacionado","tag-ipatinga"],"_links":{"self":[{"href":"https:\/\/aconteceunovale.com.br\/portal\/index.php?rest_route=\/wp\/v2\/posts\/18755","targetHints":{"allow":["GET"]}}],"collection":[{"href":"https:\/\/aconteceunovale.com.br\/portal\/index.php?rest_route=\/wp\/v2\/posts"}],"about":[{"href":"https:\/\/aconteceunovale.com.br\/portal\/index.php?rest_route=\/wp\/v2\/types\/post"}],"author":[{"embeddable":true,"href":"https:\/\/aconteceunovale.com.br\/portal\/index.php?rest_route=\/wp\/v2\/users\/1"}],"replies":[{"embeddable":true,"href":"https:\/\/aconteceunovale.com.br\/portal\/index.php?rest_route=%2Fwp%2Fv2%2Fcomments&post=18755"}],"version-history":[{"count":0,"href":"https:\/\/aconteceunovale.com.br\/portal\/index.php?rest_route=\/wp\/v2\/posts\/18755\/revisions"}],"wp:attachment":[{"href":"https:\/\/aconteceunovale.com.br\/portal\/index.php?rest_route=%2Fwp%2Fv2%2Fmedia&parent=18755"}],"wp:term":[{"taxonomy":"category","embeddable":true,"href":"https:\/\/aconteceunovale.com.br\/portal\/index.php?rest_route=%2Fwp%2Fv2%2Fcategories&post=18755"},{"taxonomy":"post_tag","embeddable":true,"href":"https:\/\/aconteceunovale.com.br\/portal\/index.php?rest_route=%2Fwp%2Fv2%2Ftags&post=18755"}],"curies":[{"name":"wp","href":"https:\/\/api.w.org\/{rel}","templated":true}]}}