{"id":187543,"date":"2022-02-28T09:32:23","date_gmt":"2022-02-28T12:32:23","guid":{"rendered":"https:\/\/aconteceunovale.com.br\/portal\/?p=187543"},"modified":"2022-02-28T09:33:30","modified_gmt":"2022-02-28T12:33:30","slug":"saiba-como-regularizar-o-titulo-de-eleitor","status":"publish","type":"post","link":"https:\/\/aconteceunovale.com.br\/portal\/?p=187543","title":{"rendered":"Saiba como regularizar o t\u00edtulo de eleitor"},"content":{"rendered":"\n<p class=\"wp-block-paragraph\">Os eleitores que pretendem votar nas elei\u00e7\u00f5es gerais\u00a0de outubro\u00a0t\u00eam quatro meses para regularizar a situa\u00e7\u00e3o na Justi\u00e7a Eleitoral. A partir de\u00a04 de maio, o cadastro eleitoral ser\u00e1 fechado e nenhuma altera\u00e7\u00e3o poder\u00e1 ser feita.<\/p>\n\n\n\n<figure class=\"wp-block-gallery has-nested-images columns-default is-cropped wp-block-gallery-1 is-layout-flex wp-block-gallery-is-layout-flex\">\n<figure class=\"wp-block-image size-large\"><img loading=\"lazy\" decoding=\"async\" width=\"678\" height=\"406\" data-id=\"187544\" src=\"https:\/\/aconteceunovale.com.br\/portal\/wp-content\/uploads\/2022\/02\/titulo_de_eleitor.jpg\" alt=\"\" class=\"wp-image-187544\" srcset=\"https:\/\/aconteceunovale.com.br\/portal\/wp-content\/uploads\/2022\/02\/titulo_de_eleitor.jpg 678w, https:\/\/aconteceunovale.com.br\/portal\/wp-content\/uploads\/2022\/02\/titulo_de_eleitor-300x180.jpg 300w\" sizes=\"auto, (max-width: 678px) 100vw, 678px\" \/><figcaption><em><sub>Foto: Marcello Casal Jr\/Ag\u00eancia Brasil<\/sub><\/em><\/figcaption><\/figure>\n<\/figure>\n\n\n\n<p class=\"wp-block-paragraph\">A&nbsp;<a href=\"https:\/\/www.tse.jus.br\/eleitor\/titulo-de-eleitor\" target=\"_blank\" rel=\"noreferrer noopener\">regulariza\u00e7\u00e3o do t\u00edtulo<\/a>&nbsp;de eleitor pode ser feita no&nbsp;<em>site<\/em>&nbsp;do Tribunal Superior Eleitoral (TSE). O prazo tamb\u00e9m vale para quem vai pedir a primeira via do documento para votar pela primeira vez, fazer a transfer\u00eancia de local de vota\u00e7\u00e3o ou a atualiza\u00e7\u00e3o de dados pessoais.&nbsp;<\/p>\n\n\n\n<p class=\"wp-block-paragraph\">Para verificar sua situa\u00e7\u00e3o, o eleitor deve entrar no&nbsp;<a href=\"https:\/\/www.tse.jus.br\/\" target=\"_blank\" rel=\"noreferrer noopener\"><em>site<\/em>&nbsp;do TSE<\/a>&nbsp;e checar se h\u00e1 algum d\u00e9bito em seu nome pela&nbsp;aplica\u00e7\u00e3o de multa por n\u00e3o&nbsp;ter&nbsp;votado em elei\u00e7\u00f5es anteriores, caso mais comum de irregularidade.&nbsp;<\/p>\n\n\n\n<p class=\"wp-block-paragraph\">O voto no Brasil \u00e9\u00a0<a href=\"https:\/\/www.tse.jus.br\/eleitor\/titulo-e-local-de-votacao\/copy_of_consulta-por-nome\" target=\"_blank\" rel=\"noreferrer noopener\">obrigat\u00f3rio<\/a>\u00a0e quem n\u00e3o comparece no dia da elei\u00e7\u00e3o paga multa de aproximadamente R$ 3,50 por cada turno se n\u00e3o justificar a falta.\u00a0<\/p>\n\n\n\n<p class=\"wp-block-paragraph\">Ap\u00f3s fazer&nbsp;o pagamento, por meio da Guia de Recolhimento da Uni\u00e3o (GRU), \u00e9 preciso esperar a Justi\u00e7a Eleitoral identificar o&nbsp;<a href=\"https:\/\/www.tse.jus.br\/eleitor\/titulo-de-eleitor\/quitacao-de-multas\" target=\"_blank\" rel=\"noreferrer noopener\">pagamento da multa<\/a>&nbsp;e baix\u00e1-la no sistema, que acusar\u00e1 que o d\u00e9bito foi pago.&nbsp;<\/p>\n\n\n\n<p class=\"wp-block-paragraph\">O eleitor que estiver com o t\u00edtulo cancelado pela aus\u00eancia consecutiva em tr\u00eas elei\u00e7\u00f5es, al\u00e9m de pagar a multa, dever\u00e1 requerer a revis\u00e3o do cancelamento ou a transfer\u00eancia de domic\u00edlio para ficar em dia com a Justi\u00e7a Eleitoral.&nbsp;<\/p>\n\n\n\n<h2 class=\"wp-block-heading\">Regulariza\u00e7\u00e3o<\/h2>\n\n\n\n<p class=\"wp-block-paragraph\">Ap\u00f3s checar sua situa\u00e7\u00e3o e quitar as pend\u00eancias, o eleitor deve iniciar o processo de regulariza\u00e7\u00e3o por meio do\u00a0<em>site<\/em>\u00a0<a href=\"https:\/\/cad-app-titulonet.tse.jus.br\/titulonet\/novoRequerimento\" target=\"_blank\" rel=\"noreferrer noopener\">T\u00edtulonet<\/a>.\u00a0<\/p>\n\n\n\n<p class=\"wp-block-paragraph\">Al\u00e9m de preencher os dados pessoais, ser\u00e1 solicitada a digitaliza\u00e7\u00e3o dos seguintes documentos: identidade com foto,&nbsp;comprovante de resid\u00eancia,&nbsp;comprovante de pagamento de d\u00e9bitos eleitorais e comprovante de quita\u00e7\u00e3o de servi\u00e7o militar (somente para homens). As imagens devem ser leg\u00edveis.&nbsp;<\/p>\n\n\n\n<p class=\"wp-block-paragraph\">O eleitor tamb\u00e9m dever\u00e1 anexar uma selfie no requerimento. Na foto, dever\u00e1 segurar, ao lado de seu rosto, o documento oficial de identifica\u00e7\u00e3o, sem o uso de \u00f3culos, gorros, bon\u00e9s, entre outros objetos.&nbsp;<\/p>\n\n\n\n<p class=\"wp-block-paragraph\">Ap\u00f3s o preenchimento de todas as informa\u00e7\u00f5es, o procedimento de verifica\u00e7\u00e3o das informa\u00e7\u00f5es ser\u00e1 iniciado. No caso de falta de documentos, a Justi\u00e7a Eleitoral poder\u00e1 entrar em contato com o eleitor para pedir a complementa\u00e7\u00e3o das informa\u00e7\u00f5es.&nbsp;<\/p>\n\n\n\n<p class=\"wp-block-paragraph\">Ao final, o pedido de regulariza\u00e7\u00e3o ser\u00e1 aceito ou negado pelo juiz eleitoral. O andamento do processo eletr\u00f4nico tamb\u00e9m pode ser\u00a0<a href=\"https:\/\/cad-app-titulonet.tse.jus.br\/titulonet\/acompanharRequerimento\" target=\"_blank\" rel=\"noreferrer noopener\">acompanhado na plataforma<\/a>.\u00a0<\/p>\n\n\n\n<h2 class=\"wp-block-heading\">Transfer\u00eancia&nbsp;<\/h2>\n\n\n\n<p class=\"wp-block-paragraph\">O pedido de transfer\u00eancia do local de vota\u00e7\u00e3o tamb\u00e9m pode ser feito pelo&nbsp;<em>site<\/em>&nbsp;do TSE. A medida se aplica aos brasileiros que mudaram de cidade. Entre as regras, \u00e9 necess\u00e1rio que o eleitor esteja morando no munic\u00edpio h\u00e1 pelo menos tr\u00eas meses.&nbsp;<\/p>\n\n\n\n<p class=\"wp-block-paragraph\">Quem mora no exterior deve fazer o pedido de transfer\u00eancia na embaixada ou consulado do Brasil. Os brasileiros no exterior s\u00f3 votam para presidente da Rep\u00fablica.<\/p>\n\n\n\n<p class=\"wp-block-paragraph\">V\u00eddeo publicado pelo TSE na internet mostra o&nbsp;<a href=\"https:\/\/www.youtube.com\/watch?v=eYC23SnuF-Y\" target=\"_blank\" rel=\"noreferrer noopener\">passo a passo<\/a>&nbsp;para transferir o t\u00edtulo.&nbsp;<\/p>\n\n\n\n<p class=\"wp-block-paragraph\">O primeiro turno das elei\u00e7\u00f5es ser\u00e1 realizado no dia\u00a02 de outubro, quando os eleitores v\u00e3o \u00e0s urnas para eleger o presidente da Rep\u00fablica, governadores, senadores, deputados federais, estaduais e distritais. Eventual segundo turno ser\u00e1\u00a0em\u00a030 de outubro.<\/p>\n\n\n\n<p class=\"wp-block-paragraph\">&#8212;&#8212;&#8212;&#8212;&#8212;&#8212;<br><br><strong>Sabia que o Aconteceu no Vale est\u00e1 tamb\u00e9m no Telegram? <a rel=\"noreferrer noopener\" href=\"https:\/\/t.me\/aconteceunovaleoficial\" target=\"_blank\">Inscreva-se no canal<\/a>.<\/strong><br><br><strong>J\u00e1 curtiu ou seguiu nossas p\u00e1ginas nas redes sociais?\u00a0Receba as not\u00edcias em primeira m\u00e3o:<\/strong><br>\u2022 <a rel=\"noreferrer noopener\" href=\"https:\/\/news.google.com\/publications\/CAAqBwgKMNjklQswi4etAw?hl=pt-BR&amp;gl=BR&amp;ceid=BR%3Apt-419\" target=\"_blank\">Google News<\/a><br>\u2022 <a rel=\"noreferrer noopener\" href=\"https:\/\/www.facebook.com\/aconteceunovale\/\" target=\"_blank\">Facebook<\/a><br>\u2022 <a rel=\"noreferrer noopener\" href=\"https:\/\/twitter.com\/noticiadosvales\" target=\"_blank\">Twitter<\/a><br>\u2022 <a rel=\"noreferrer noopener\" href=\"https:\/\/www.instagram.com\/aconteceunovale\" target=\"_blank\">Instagram<\/a><br>\u2022 <a rel=\"noreferrer noopener\" href=\"https:\/\/www.youtube.com\/AconteceunoValeOficial\" target=\"_blank\">Youtube<\/a><br>\u2022 <a rel=\"noreferrer noopener\" href=\"https:\/\/www.tiktok.com\/@aconteceunovale\" target=\"_blank\">TikTok<\/a><\/p>\n","protected":false},"excerpt":{"rendered":"<p>Os eleitores que pretendem votar nas elei\u00e7\u00f5es gerais\u00a0de outubro\u00a0t\u00eam quatro meses para regularizar a situa\u00e7\u00e3o na Justi\u00e7a Eleitoral. A partir de\u00a04 de maio, o cadastro eleitoral ser\u00e1 fechado e nenhuma altera\u00e7\u00e3o poder\u00e1 ser feita. A&nbsp;regulariza\u00e7\u00e3o do t\u00edtulo&nbsp;de eleitor pode ser feita no&nbsp;site&nbsp;do Tribunal Superior Eleitoral (TSE). O prazo tamb\u00e9m vale para quem vai pedir a [&hellip;]<\/p>\n","protected":false},"author":4,"featured_media":187544,"comment_status":"open","ping_status":"closed","sticky":false,"template":"","format":"standard","meta":{"amp_status":"","footnotes":""},"categories":[6,249933,40240],"tags":[252238,259533,17165,259534,259532,219651,140697,94060,267],"class_list":["post-187543","post","type-post","status-publish","format-standard","has-post-thumbnail","hentry","category-br","category-eleicoes-2022","category-politica","tag-eleicoes-2022","tag-eleicoes-gerais-de-2022","tag-justica-eleitoral","tag-regularizacao-de-titulo","tag-regularizar-o-titulo-de-eleitor","tag-saiba-como-regularizar-o-titulo-de-eleitor","tag-titulo-de-eleitor","tag-tribunal-superior-eleitoral","tag-tse"],"yoast_head":"<!-- This site is optimized with the Yoast SEO plugin v28.3 - https:\/\/yoast.com\/product\/yoast-seo-wordpress\/ -->\n<title>Saiba como regularizar o t\u00edtulo de eleitor - Aconteceu no Vale<\/title>\n<meta name=\"robots\" content=\"index, follow, max-snippet:-1, max-image-preview:large, max-video-preview:-1\" \/>\n<link rel=\"canonical\" href=\"https:\/\/aconteceunovale.com.br\/portal\/?p=187543\" \/>\n<meta property=\"og:locale\" content=\"pt_BR\" \/>\n<meta property=\"og:type\" content=\"article\" \/>\n<meta property=\"og:title\" content=\"Saiba como regularizar o t\u00edtulo de eleitor - Aconteceu no Vale\" \/>\n<meta property=\"og:description\" content=\"Os eleitores que pretendem votar nas elei\u00e7\u00f5es gerais\u00a0de outubro\u00a0t\u00eam quatro meses para regularizar a situa\u00e7\u00e3o na Justi\u00e7a Eleitoral. A partir de\u00a04 de maio, o cadastro eleitoral ser\u00e1 fechado e nenhuma altera\u00e7\u00e3o poder\u00e1 ser feita. A&nbsp;regulariza\u00e7\u00e3o do t\u00edtulo&nbsp;de eleitor pode ser feita no&nbsp;site&nbsp;do Tribunal Superior Eleitoral (TSE). O prazo tamb\u00e9m vale para quem vai pedir a [&hellip;]\" \/>\n<meta property=\"og:url\" content=\"https:\/\/aconteceunovale.com.br\/portal\/?p=187543\" \/>\n<meta property=\"og:site_name\" content=\"Aconteceu no Vale\" \/>\n<meta property=\"article:publisher\" content=\"https:\/\/www.facebook.com\/aconteceunovale\/\" \/>\n<meta property=\"article:published_time\" content=\"2022-02-28T12:32:23+00:00\" \/>\n<meta property=\"article:modified_time\" content=\"2022-02-28T12:33:30+00:00\" \/>\n<meta property=\"og:image\" content=\"https:\/\/aconteceunovale.com.br\/portal\/wp-content\/uploads\/2022\/02\/titulo_de_eleitor.jpg\" \/>\n\t<meta property=\"og:image:width\" content=\"678\" \/>\n\t<meta property=\"og:image:height\" content=\"406\" \/>\n\t<meta property=\"og:image:type\" content=\"image\/jpeg\" \/>\n<meta name=\"author\" content=\"Reda\u00e7\u00e3o Aconteceu no Vale\" \/>\n<meta name=\"twitter:card\" content=\"summary_large_image\" \/>\n<meta name=\"twitter:creator\" content=\"@noticiadosvales\" \/>\n<meta name=\"twitter:site\" content=\"@noticiadosvales\" \/>\n<meta name=\"twitter:label1\" content=\"Escrito por\" \/>\n\t<meta name=\"twitter:data1\" content=\"Reda\u00e7\u00e3o Aconteceu no Vale\" \/>\n\t<meta name=\"twitter:label2\" content=\"Est. tempo de leitura\" \/>\n\t<meta name=\"twitter:data2\" content=\"3 minutos\" \/>\n<script type=\"application\/ld+json\" class=\"yoast-schema-graph\">{\"@context\":\"https:\\\/\\\/schema.org\",\"@graph\":[{\"@type\":\"Article\",\"@id\":\"https:\\\/\\\/aconteceunovale.com.br\\\/portal\\\/?p=187543#article\",\"isPartOf\":{\"@id\":\"https:\\\/\\\/aconteceunovale.com.br\\\/portal\\\/?p=187543\"},\"author\":{\"name\":\"Reda\u00e7\u00e3o Aconteceu no Vale\",\"@id\":\"https:\\\/\\\/aconteceunovale.com.br\\\/portal\\\/#\\\/schema\\\/person\\\/7d2f26d1483f8a63de73da1ee0754d35\"},\"headline\":\"Saiba como regularizar o t\u00edtulo de eleitor\",\"datePublished\":\"2022-02-28T12:32:23+00:00\",\"dateModified\":\"2022-02-28T12:33:30+00:00\",\"mainEntityOfPage\":{\"@id\":\"https:\\\/\\\/aconteceunovale.com.br\\\/portal\\\/?p=187543\"},\"wordCount\":653,\"commentCount\":0,\"image\":{\"@id\":\"https:\\\/\\\/aconteceunovale.com.br\\\/portal\\\/?p=187543#primaryimage\"},\"thumbnailUrl\":\"https:\\\/\\\/aconteceunovale.com.br\\\/portal\\\/wp-content\\\/uploads\\\/2022\\\/02\\\/titulo_de_eleitor.jpg\",\"keywords\":[\"Elei\u00e7\u00f5es 2022\",\"Elei\u00e7\u00f5es gerais de 2022\",\"Justi\u00e7a Eleitoral\",\"Regulariza\u00e7\u00e3o de t\u00edtulo\",\"Regularizar o t\u00edtulo de eleitor\",\"Saiba como regularizar o t\u00edtulo de eleitor\",\"t\u00edtulo de eleitor\",\"Tribunal Superior Eleitoral\",\"TSE\"],\"articleSection\":[\"Brasil\",\"Elei\u00e7\u00f5es 2022\",\"Pol\u00edtica\"],\"inLanguage\":\"pt-BR\",\"potentialAction\":[{\"@type\":\"CommentAction\",\"name\":\"Comment\",\"target\":[\"https:\\\/\\\/aconteceunovale.com.br\\\/portal\\\/?p=187543#respond\"]}]},{\"@type\":\"WebPage\",\"@id\":\"https:\\\/\\\/aconteceunovale.com.br\\\/portal\\\/?p=187543\",\"url\":\"https:\\\/\\\/aconteceunovale.com.br\\\/portal\\\/?p=187543\",\"name\":\"Saiba como regularizar o t\u00edtulo de eleitor - Aconteceu no Vale\",\"isPartOf\":{\"@id\":\"https:\\\/\\\/aconteceunovale.com.br\\\/portal\\\/#website\"},\"primaryImageOfPage\":{\"@id\":\"https:\\\/\\\/aconteceunovale.com.br\\\/portal\\\/?p=187543#primaryimage\"},\"image\":{\"@id\":\"https:\\\/\\\/aconteceunovale.com.br\\\/portal\\\/?p=187543#primaryimage\"},\"thumbnailUrl\":\"https:\\\/\\\/aconteceunovale.com.br\\\/portal\\\/wp-content\\\/uploads\\\/2022\\\/02\\\/titulo_de_eleitor.jpg\",\"datePublished\":\"2022-02-28T12:32:23+00:00\",\"dateModified\":\"2022-02-28T12:33:30+00:00\",\"author\":{\"@id\":\"https:\\\/\\\/aconteceunovale.com.br\\\/portal\\\/#\\\/schema\\\/person\\\/7d2f26d1483f8a63de73da1ee0754d35\"},\"breadcrumb\":{\"@id\":\"https:\\\/\\\/aconteceunovale.com.br\\\/portal\\\/?p=187543#breadcrumb\"},\"inLanguage\":\"pt-BR\",\"potentialAction\":[{\"@type\":\"ReadAction\",\"target\":[\"https:\\\/\\\/aconteceunovale.com.br\\\/portal\\\/?p=187543\"]}]},{\"@type\":\"ImageObject\",\"inLanguage\":\"pt-BR\",\"@id\":\"https:\\\/\\\/aconteceunovale.com.br\\\/portal\\\/?p=187543#primaryimage\",\"url\":\"https:\\\/\\\/aconteceunovale.com.br\\\/portal\\\/wp-content\\\/uploads\\\/2022\\\/02\\\/titulo_de_eleitor.jpg\",\"contentUrl\":\"https:\\\/\\\/aconteceunovale.com.br\\\/portal\\\/wp-content\\\/uploads\\\/2022\\\/02\\\/titulo_de_eleitor.jpg\",\"width\":678,\"height\":406,\"caption\":\"t\u00edtulo de eleitor digital,e-T\u00edtulo\"},{\"@type\":\"BreadcrumbList\",\"@id\":\"https:\\\/\\\/aconteceunovale.com.br\\\/portal\\\/?p=187543#breadcrumb\",\"itemListElement\":[{\"@type\":\"ListItem\",\"position\":1,\"name\":\"In\u00edcio\",\"item\":\"https:\\\/\\\/aconteceunovale.com.br\\\/portal\\\/\"},{\"@type\":\"ListItem\",\"position\":2,\"name\":\"Saiba como regularizar o t\u00edtulo de eleitor\"}]},{\"@type\":\"WebSite\",\"@id\":\"https:\\\/\\\/aconteceunovale.com.br\\\/portal\\\/#website\",\"url\":\"https:\\\/\\\/aconteceunovale.com.br\\\/portal\\\/\",\"name\":\"Aconteceu no Vale\",\"description\":\"Portal de Not\u00edcias\",\"potentialAction\":[{\"@type\":\"SearchAction\",\"target\":{\"@type\":\"EntryPoint\",\"urlTemplate\":\"https:\\\/\\\/aconteceunovale.com.br\\\/portal\\\/?s={search_term_string}\"},\"query-input\":{\"@type\":\"PropertyValueSpecification\",\"valueRequired\":true,\"valueName\":\"search_term_string\"}}],\"inLanguage\":\"pt-BR\"},{\"@type\":\"Person\",\"@id\":\"https:\\\/\\\/aconteceunovale.com.br\\\/portal\\\/#\\\/schema\\\/person\\\/7d2f26d1483f8a63de73da1ee0754d35\",\"name\":\"Reda\u00e7\u00e3o Aconteceu no Vale\",\"description\":\"Equipe de reportagem do Aconteceu no Vale, portal de not\u00edcias do Vale do Jequitinhonha, em Minas Gerais. Cobrimos as 51 cidades do Vale desde 2013. Sugest\u00f5es de pauta e pedidos de corre\u00e7\u00e3o: contato@aconteceunovale.com.br\",\"url\":\"https:\\\/\\\/aconteceunovale.com.br\\\/portal\\\/?author=4\"}]}<\/script>\n<!-- \/ Yoast SEO plugin. -->","yoast_head_json":{"title":"Saiba como regularizar o t\u00edtulo de eleitor - Aconteceu no Vale","robots":{"index":"index","follow":"follow","max-snippet":"max-snippet:-1","max-image-preview":"max-image-preview:large","max-video-preview":"max-video-preview:-1"},"canonical":"https:\/\/aconteceunovale.com.br\/portal\/?p=187543","og_locale":"pt_BR","og_type":"article","og_title":"Saiba como regularizar o t\u00edtulo de eleitor - Aconteceu no Vale","og_description":"Os eleitores que pretendem votar nas elei\u00e7\u00f5es gerais\u00a0de outubro\u00a0t\u00eam quatro meses para regularizar a situa\u00e7\u00e3o na Justi\u00e7a Eleitoral. A partir de\u00a04 de maio, o cadastro eleitoral ser\u00e1 fechado e nenhuma altera\u00e7\u00e3o poder\u00e1 ser feita. A&nbsp;regulariza\u00e7\u00e3o do t\u00edtulo&nbsp;de eleitor pode ser feita no&nbsp;site&nbsp;do Tribunal Superior Eleitoral (TSE). O prazo tamb\u00e9m vale para quem vai pedir a [&hellip;]","og_url":"https:\/\/aconteceunovale.com.br\/portal\/?p=187543","og_site_name":"Aconteceu no Vale","article_publisher":"https:\/\/www.facebook.com\/aconteceunovale\/","article_published_time":"2022-02-28T12:32:23+00:00","article_modified_time":"2022-02-28T12:33:30+00:00","og_image":[{"width":678,"height":406,"url":"https:\/\/aconteceunovale.com.br\/portal\/wp-content\/uploads\/2022\/02\/titulo_de_eleitor.jpg","type":"image\/jpeg"}],"author":"Reda\u00e7\u00e3o Aconteceu no Vale","twitter_card":"summary_large_image","twitter_creator":"@noticiadosvales","twitter_site":"@noticiadosvales","twitter_misc":{"Escrito por":"Reda\u00e7\u00e3o Aconteceu no Vale","Est. tempo de leitura":"3 minutos"},"schema":{"@context":"https:\/\/schema.org","@graph":[{"@type":"Article","@id":"https:\/\/aconteceunovale.com.br\/portal\/?p=187543#article","isPartOf":{"@id":"https:\/\/aconteceunovale.com.br\/portal\/?p=187543"},"author":{"name":"Reda\u00e7\u00e3o Aconteceu no Vale","@id":"https:\/\/aconteceunovale.com.br\/portal\/#\/schema\/person\/7d2f26d1483f8a63de73da1ee0754d35"},"headline":"Saiba como regularizar o t\u00edtulo de eleitor","datePublished":"2022-02-28T12:32:23+00:00","dateModified":"2022-02-28T12:33:30+00:00","mainEntityOfPage":{"@id":"https:\/\/aconteceunovale.com.br\/portal\/?p=187543"},"wordCount":653,"commentCount":0,"image":{"@id":"https:\/\/aconteceunovale.com.br\/portal\/?p=187543#primaryimage"},"thumbnailUrl":"https:\/\/aconteceunovale.com.br\/portal\/wp-content\/uploads\/2022\/02\/titulo_de_eleitor.jpg","keywords":["Elei\u00e7\u00f5es 2022","Elei\u00e7\u00f5es gerais de 2022","Justi\u00e7a Eleitoral","Regulariza\u00e7\u00e3o de t\u00edtulo","Regularizar o t\u00edtulo de eleitor","Saiba como regularizar o t\u00edtulo de eleitor","t\u00edtulo de eleitor","Tribunal Superior Eleitoral","TSE"],"articleSection":["Brasil","Elei\u00e7\u00f5es 2022","Pol\u00edtica"],"inLanguage":"pt-BR","potentialAction":[{"@type":"CommentAction","name":"Comment","target":["https:\/\/aconteceunovale.com.br\/portal\/?p=187543#respond"]}]},{"@type":"WebPage","@id":"https:\/\/aconteceunovale.com.br\/portal\/?p=187543","url":"https:\/\/aconteceunovale.com.br\/portal\/?p=187543","name":"Saiba como regularizar o t\u00edtulo de eleitor - Aconteceu no Vale","isPartOf":{"@id":"https:\/\/aconteceunovale.com.br\/portal\/#website"},"primaryImageOfPage":{"@id":"https:\/\/aconteceunovale.com.br\/portal\/?p=187543#primaryimage"},"image":{"@id":"https:\/\/aconteceunovale.com.br\/portal\/?p=187543#primaryimage"},"thumbnailUrl":"https:\/\/aconteceunovale.com.br\/portal\/wp-content\/uploads\/2022\/02\/titulo_de_eleitor.jpg","datePublished":"2022-02-28T12:32:23+00:00","dateModified":"2022-02-28T12:33:30+00:00","author":{"@id":"https:\/\/aconteceunovale.com.br\/portal\/#\/schema\/person\/7d2f26d1483f8a63de73da1ee0754d35"},"breadcrumb":{"@id":"https:\/\/aconteceunovale.com.br\/portal\/?p=187543#breadcrumb"},"inLanguage":"pt-BR","potentialAction":[{"@type":"ReadAction","target":["https:\/\/aconteceunovale.com.br\/portal\/?p=187543"]}]},{"@type":"ImageObject","inLanguage":"pt-BR","@id":"https:\/\/aconteceunovale.com.br\/portal\/?p=187543#primaryimage","url":"https:\/\/aconteceunovale.com.br\/portal\/wp-content\/uploads\/2022\/02\/titulo_de_eleitor.jpg","contentUrl":"https:\/\/aconteceunovale.com.br\/portal\/wp-content\/uploads\/2022\/02\/titulo_de_eleitor.jpg","width":678,"height":406,"caption":"t\u00edtulo de eleitor digital,e-T\u00edtulo"},{"@type":"BreadcrumbList","@id":"https:\/\/aconteceunovale.com.br\/portal\/?p=187543#breadcrumb","itemListElement":[{"@type":"ListItem","position":1,"name":"In\u00edcio","item":"https:\/\/aconteceunovale.com.br\/portal\/"},{"@type":"ListItem","position":2,"name":"Saiba como regularizar o t\u00edtulo de eleitor"}]},{"@type":"WebSite","@id":"https:\/\/aconteceunovale.com.br\/portal\/#website","url":"https:\/\/aconteceunovale.com.br\/portal\/","name":"Aconteceu no Vale","description":"Portal de Not\u00edcias","potentialAction":[{"@type":"SearchAction","target":{"@type":"EntryPoint","urlTemplate":"https:\/\/aconteceunovale.com.br\/portal\/?s={search_term_string}"},"query-input":{"@type":"PropertyValueSpecification","valueRequired":true,"valueName":"search_term_string"}}],"inLanguage":"pt-BR"},{"@type":"Person","@id":"https:\/\/aconteceunovale.com.br\/portal\/#\/schema\/person\/7d2f26d1483f8a63de73da1ee0754d35","name":"Reda\u00e7\u00e3o Aconteceu no Vale","description":"Equipe de reportagem do Aconteceu no Vale, portal de not\u00edcias do Vale do Jequitinhonha, em Minas Gerais. Cobrimos as 51 cidades do Vale desde 2013. Sugest\u00f5es de pauta e pedidos de corre\u00e7\u00e3o: contato@aconteceunovale.com.br","url":"https:\/\/aconteceunovale.com.br\/portal\/?author=4"}]}},"_links":{"self":[{"href":"https:\/\/aconteceunovale.com.br\/portal\/index.php?rest_route=\/wp\/v2\/posts\/187543","targetHints":{"allow":["GET"]}}],"collection":[{"href":"https:\/\/aconteceunovale.com.br\/portal\/index.php?rest_route=\/wp\/v2\/posts"}],"about":[{"href":"https:\/\/aconteceunovale.com.br\/portal\/index.php?rest_route=\/wp\/v2\/types\/post"}],"author":[{"embeddable":true,"href":"https:\/\/aconteceunovale.com.br\/portal\/index.php?rest_route=\/wp\/v2\/users\/4"}],"replies":[{"embeddable":true,"href":"https:\/\/aconteceunovale.com.br\/portal\/index.php?rest_route=%2Fwp%2Fv2%2Fcomments&post=187543"}],"version-history":[{"count":1,"href":"https:\/\/aconteceunovale.com.br\/portal\/index.php?rest_route=\/wp\/v2\/posts\/187543\/revisions"}],"predecessor-version":[{"id":187545,"href":"https:\/\/aconteceunovale.com.br\/portal\/index.php?rest_route=\/wp\/v2\/posts\/187543\/revisions\/187545"}],"wp:featuredmedia":[{"embeddable":true,"href":"https:\/\/aconteceunovale.com.br\/portal\/index.php?rest_route=\/wp\/v2\/media\/187544"}],"wp:attachment":[{"href":"https:\/\/aconteceunovale.com.br\/portal\/index.php?rest_route=%2Fwp%2Fv2%2Fmedia&parent=187543"}],"wp:term":[{"taxonomy":"category","embeddable":true,"href":"https:\/\/aconteceunovale.com.br\/portal\/index.php?rest_route=%2Fwp%2Fv2%2Fcategories&post=187543"},{"taxonomy":"post_tag","embeddable":true,"href":"https:\/\/aconteceunovale.com.br\/portal\/index.php?rest_route=%2Fwp%2Fv2%2Ftags&post=187543"}],"curies":[{"name":"wp","href":"https:\/\/api.w.org\/{rel}","templated":true}]}}