{"id":187538,"date":"2022-02-27T22:37:33","date_gmt":"2022-02-28T01:37:33","guid":{"rendered":"https:\/\/aconteceunovale.com.br\/portal\/?p=187538"},"modified":"2022-02-27T22:41:13","modified_gmt":"2022-02-28T01:41:13","slug":"posicao-do-brasil-sobre-conflito-na-ucrania-e-de-cautela-diz-bolsonaro","status":"publish","type":"post","link":"https:\/\/aconteceunovale.com.br\/portal\/?p=187538","title":{"rendered":"Posi\u00e7\u00e3o do Brasil sobre conflito na Ucr\u00e2nia \u00e9 de cautela, diz Bolsonaro"},"content":{"rendered":"\n<p class=\"wp-block-paragraph\">O presidente Jair Bolsonaro disse hoje (27\/2\/2022) que o voto do Brasil em resolu\u00e7\u00e3o da Organiza\u00e7\u00e3o das Na\u00e7\u00f5es Unidas (ONU) sobre o conflito entre R\u00fassia e Ucr\u00e2nia \u00e9 livre, com equil\u00edbrio.<\/p>\n\n\n\n<figure class=\"wp-block-gallery has-nested-images columns-default is-cropped wp-block-gallery-1 is-layout-flex wp-block-gallery-is-layout-flex\">\n<figure class=\"wp-block-image size-large\"><img loading=\"lazy\" decoding=\"async\" width=\"600\" height=\"450\" data-id=\"187539\" src=\"https:\/\/aconteceunovale.com.br\/portal\/wp-content\/uploads\/2022\/02\/bolsonaro_putin-1.jpg\" alt=\"\" class=\"wp-image-187539\" srcset=\"https:\/\/aconteceunovale.com.br\/portal\/wp-content\/uploads\/2022\/02\/bolsonaro_putin-1.jpg 600w, https:\/\/aconteceunovale.com.br\/portal\/wp-content\/uploads\/2022\/02\/bolsonaro_putin-1-300x225.jpg 300w, https:\/\/aconteceunovale.com.br\/portal\/wp-content\/uploads\/2022\/02\/bolsonaro_putin-1-80x60.jpg 80w, https:\/\/aconteceunovale.com.br\/portal\/wp-content\/uploads\/2022\/02\/bolsonaro_putin-1-265x198.jpg 265w, https:\/\/aconteceunovale.com.br\/portal\/wp-content\/uploads\/2022\/02\/bolsonaro_putin-1-560x420.jpg 560w\" sizes=\"auto, (max-width: 600px) 100vw, 600px\" \/><figcaption><em><sub>Os presidentes da Rep\u00fablica do Brasil, Jair Bolsonaro, e da Federa\u00e7\u00e3o Russa, Vladmir Putin, durante declara\u00e7\u00e3o \u00e0 Imprensa no dia 16\/2\/2022 &#8211; Foto: Alan Santos\/PR<\/sub><\/em><\/figcaption><\/figure>\n<\/figure>\n\n\n\n<p class=\"wp-block-paragraph\">Ele acrescentou que o Brasil n\u00e3o defende <em>\u201cnenhuma san\u00e7\u00e3o ou condena\u00e7\u00e3o ao presidente Putin\u201d.<\/em><\/p>\n\n\n\n<p class=\"wp-block-paragraph\"><em>\u201cNossa posi\u00e7\u00e3o tem que ser de bastante cautela, n\u00e3o podemos ao tentar solucionar um caso que \u00e9 grave, ningu\u00e9m \u00e9 a favor de guerra em lugar nenhum do mundo, trazemos problemas grav\u00edssimos para toda a humanidade e para o nosso pa\u00eds que tamb\u00e9m est\u00e1 nesse contexto\u201d,<\/em> afirmou em entrevista coletiva \u00e0 imprensa, no Forte dos Andradas, munic\u00edpio de Guaruj\u00e1, no litoral de S\u00e3o Paulo.<\/p>\n\n\n\n<h2 class=\"wp-block-heading\">Conversa com Putin<\/h2>\n\n\n\n<p class=\"wp-block-paragraph\">Bolsonaro lembrou ainda que conversou com presidente da R\u00fassia, Vladimir Putin, sobre o conflito e quest\u00f5es comerciais, como a importa\u00e7\u00e3o de fertilizantes pelo Brasil. <em>\u201cEstive conversando com o presidente Putin, mais de duas horas de conversa. Tratamos de muita coisa. A quest\u00e3o dos fertilizantes foi a mais importante. Tratamos do nosso com\u00e9rcio. E obviamente ele falou alguma coisa sobre a Ucr\u00e2nia, mas me reservo a n\u00e3o entrar em detalhes da forma como voc\u00eas gostariam\u201d, <\/em>disse Bolsonaro.<\/p>\n\n\n\n<p class=\"wp-block-paragraph\">Em nota, divulgada ap\u00f3s a entrevista do presidente, a Assessoria de Imprensa do Gabinete do Minist\u00e9rio das Rela\u00e7\u00f5es Exteriores disse que Bolsonaro se referia <em>&#8220;\u00e0s duas horas de conversa ao vivo, na&nbsp;visita a Moscou&nbsp;[no dia 16 deste m\u00eas]. N\u00e3o houve telefonema&#8221;,<\/em> neste domingo (27\/2), para Putin.<\/p>\n\n\n\n<p class=\"wp-block-paragraph\">Para o presidente, o conflito deve chegar, em breve, a uma solu\u00e7\u00e3o. <em>\u201cN\u00e3o acredito que v\u00e1 se prolongar. At\u00e9 pela diferen\u00e7a b\u00e9lica de um pa\u00eds para outro. A gente espera que pa\u00edses da Otan [Organiza\u00e7\u00e3o do Tratado do Atl\u00e2ntico Norte] n\u00e3o potencializem esse problema que est\u00e1 para ser resolvido, no meu entender\u201d, <\/em>declarou.<\/p>\n\n\n\n<p class=\"wp-block-paragraph\">&#8212;&#8212;&#8212;&#8212;&#8212;&#8212;<br><br><strong>Sabia que o Aconteceu no Vale est\u00e1 tamb\u00e9m no Telegram? <a rel=\"noreferrer noopener\" href=\"https:\/\/t.me\/aconteceunovaleoficial\" target=\"_blank\">Inscreva-se no canal<\/a>.<\/strong><br><br><strong>J\u00e1 curtiu ou seguiu nossas p\u00e1ginas nas redes sociais?&nbsp;Receba as not\u00edcias em primeira m\u00e3o:<\/strong><br>\u2022 <a rel=\"noreferrer noopener\" href=\"https:\/\/news.google.com\/publications\/CAAqBwgKMNjklQswi4etAw?hl=pt-BR&amp;gl=BR&amp;ceid=BR%3Apt-419\" target=\"_blank\">Google News<\/a><br>\u2022 <a rel=\"noreferrer noopener\" href=\"https:\/\/www.facebook.com\/aconteceunovale\/\" target=\"_blank\">Facebook<\/a><br>\u2022 <a rel=\"noreferrer noopener\" href=\"https:\/\/twitter.com\/noticiadosvales\" target=\"_blank\">Twitter<\/a><br>\u2022 <a rel=\"noreferrer noopener\" href=\"https:\/\/www.instagram.com\/aconteceunovale\" target=\"_blank\">Instagram<\/a><br>\u2022 <a rel=\"noreferrer noopener\" href=\"https:\/\/www.youtube.com\/AconteceunoValeOficial\" target=\"_blank\">Youtube<\/a><br>\u2022 <a rel=\"noreferrer noopener\" href=\"https:\/\/www.tiktok.com\/@aconteceunovale\" target=\"_blank\">TikTok<\/a><\/p>\n","protected":false},"excerpt":{"rendered":"<p>O presidente Jair Bolsonaro disse hoje (27\/2\/2022) que o voto do Brasil em resolu\u00e7\u00e3o da Organiza\u00e7\u00e3o das Na\u00e7\u00f5es Unidas (ONU) sobre o conflito entre R\u00fassia e Ucr\u00e2nia \u00e9 livre, com equil\u00edbrio. Ele acrescentou que o Brasil n\u00e3o defende \u201cnenhuma san\u00e7\u00e3o ou condena\u00e7\u00e3o ao presidente Putin\u201d. \u201cNossa posi\u00e7\u00e3o tem que ser de bastante cautela, n\u00e3o podemos [&hellip;]<\/p>\n","protected":false},"author":4,"featured_media":187541,"comment_status":"open","ping_status":"closed","sticky":false,"template":"","format":"standard","meta":{"amp_status":"","footnotes":""},"categories":[6,28848,40240],"tags":[259506,34428,258135,259469,259470,259505,100375,4785,259487,259331,259468,259466,259420,258130,258129,258134,258133,1018,259340,259447,258132,258131,259479,259337,259507,259336,259338,259341,26436,259335,259390,259333,259510,259509,213971,254264,259332,259334,259508,258136,259339,259463,258137,150582,150581,259530,259531,259528,259529,184222,174222,259424,258138,21341,259425,259503,259394,259426,259467,259464,259465,259462,259471,63039,99805,259502,79905,232285,37630,75389,259423,259395,259396,259504],"class_list":["post-187538","post","type-post","status-publish","format-standard","has-post-thumbnail","hentry","category-br","category-mundo","category-politica","tag-ajoelhado-na-frente-de-tanque","tag-alta-do-dolar","tag-antonio-barbosa","tag-ataque-a-predio-em-kiev","tag-ataque-a-predio-residencial-em-kiev","tag-bakhmachk","tag-bolsonaro","tag-brasil","tag-brasil-defende-integridade-territorial-das-nacoes","tag-brasileiros-na-ucrania","tag-camera-de-seguranca-flagra-ataque-a-predio-residencial-em-kiev","tag-carro-atropelado-por-tanque-de-guerra","tag-cerca-de-800-soldados-russos-foram-mortos-em-confronto-afirma-autoridade-ucraniana","tag-compreenda-o-conflito-entre-russia-e-ucrania","tag-conflito-entre-russia-e-ucrania","tag-conflito-no-leste-europeu","tag-crimeia","tag-destaque","tag-embaixada-da-ucrania-no-brasil-afirma-que-invasao-poe-em-risco-a-ordem-mundial","tag-embaixada-ucraniana-espera-posicao-forte-do-brasil-sobre-guerra","tag-entenda-como-o-conflito-entre-russia-e-ucrania-afeta-o-brasil","tag-entenda-o-conflito-entre-russia-e-ucrania","tag-fab-coloca-avioes-de-prontidao-para-retirada-de-brasileiros-da-ucrania","tag-guerra-entre-russia-e-ucrania","tag-guerra-entre-russos-e-ucranianos-pode-impactar-economia-do-brasil","tag-guerra-na-ucrania","tag-invasao-da-ucrania","tag-invasao-da-ucrania-preocupa-jogadores-brasileiros-que-atuam-em-kharkiv","tag-jair-bolsonaro","tag-jens-stoltenberg","tag-joe-biden-anuncia-maior-sancao-economica-da-historia","tag-jogadores-brasileiros-na-ucrania","tag-jogadores-chegam-ao-brasil-apos-fuga-da-guerra-na-ucrania","tag-jogadores-de-clube-ucraniano-chegam-ao-brasil","tag-kiev","tag-leste-europeu","tag-lista-de-brasileiros-na-ucrania","tag-lista-de-jogadores-brasileiros-na-ucrania","tag-mais-de-350-mil-pessoas-ja-fugiram-da-ucrania","tag-mauricio-santoro","tag-ministerio-das-relacoes-exteriores-do-brasil-apela-para-a-suspensao-imediata-do-conflito-na-ucrania","tag-obolon","tag-olaf-scholz","tag-organizacao-do-tratado-do-atlantico-norte","tag-otan","tag-posicao-de-bolsonaro-sobre-guerra-na-ucrania","tag-posicao-de-jair-bolsonaro-sobre-guerra-na-ucrania","tag-posicao-do-brasil-sobre-conflito-na-ucrania-e-de-cautela","tag-posicao-do-brasil-sobre-guerra-na-ucrania","tag-presidente-bolsonaro","tag-presidente-jair-bolsonaro","tag-putin-acusa-governo-da-ucrania-de-planejar-genocidio","tag-reflexos-do-conflito-entre-russia-e-ucrania-no-brasil","tag-russia","tag-russia-pretende-derrubar-o-governo-da-ucrania","tag-russian","tag-saida-diplomatica-ainda-e-aposta-de-analistas-para-russia-e-ucrania","tag-secretario-geral-da-otan","tag-tanque-de-guerra-atropela-carro","tag-tanque-de-guerra-passa-por-cima-do-veiculo-de-idoso-em-kiev","tag-tanque-de-guerra-passa-por-cima-do-veiculo-de-idoso-em-obolon","tag-tanque-de-guerra-passa-por-cima-do-veiculo-de-idoso-na-ucrania","tag-tanques-de-guerra-sao-recebidos-com-coqueteis-molotov-na-periferia-de-kiev","tag-ucrania","tag-uerj","tag-ukraine","tag-unb","tag-ursula-von-der-leyen","tag-valorizacao-do-dolar","tag-vladimir-putin","tag-vladimir-putin-pede-aos-militares-ucranianos-para-tomarem-o-poder","tag-volodymyr-zelenskiy","tag-volodymyr-zelensky","tag-war-in-ukraine"],"yoast_head":"<!-- This site is optimized with the Yoast SEO plugin v28.3 - https:\/\/yoast.com\/product\/yoast-seo-wordpress\/ -->\n<title>Posi\u00e7\u00e3o do Brasil sobre conflito na Ucr\u00e2nia \u00e9 de cautela, diz Bolsonaro - Aconteceu no Vale<\/title>\n<meta name=\"robots\" content=\"index, follow, max-snippet:-1, max-image-preview:large, max-video-preview:-1\" \/>\n<link rel=\"canonical\" href=\"https:\/\/aconteceunovale.com.br\/portal\/?p=187538\" \/>\n<meta property=\"og:locale\" content=\"pt_BR\" \/>\n<meta property=\"og:type\" content=\"article\" \/>\n<meta property=\"og:title\" content=\"Posi\u00e7\u00e3o do Brasil sobre conflito na Ucr\u00e2nia \u00e9 de cautela, diz Bolsonaro - Aconteceu no Vale\" \/>\n<meta property=\"og:description\" content=\"O presidente Jair Bolsonaro disse hoje (27\/2\/2022) que o voto do Brasil em resolu\u00e7\u00e3o da Organiza\u00e7\u00e3o das Na\u00e7\u00f5es Unidas (ONU) sobre o conflito entre R\u00fassia e Ucr\u00e2nia \u00e9 livre, com equil\u00edbrio. Ele acrescentou que o Brasil n\u00e3o defende \u201cnenhuma san\u00e7\u00e3o ou condena\u00e7\u00e3o ao presidente Putin\u201d. \u201cNossa posi\u00e7\u00e3o tem que ser de bastante cautela, n\u00e3o podemos [&hellip;]\" \/>\n<meta property=\"og:url\" content=\"https:\/\/aconteceunovale.com.br\/portal\/?p=187538\" \/>\n<meta property=\"og:site_name\" content=\"Aconteceu no Vale\" \/>\n<meta property=\"article:publisher\" content=\"https:\/\/www.facebook.com\/aconteceunovale\/\" \/>\n<meta property=\"article:published_time\" content=\"2022-02-28T01:37:33+00:00\" \/>\n<meta property=\"article:modified_time\" content=\"2022-02-28T01:41:13+00:00\" \/>\n<meta property=\"og:image\" content=\"https:\/\/aconteceunovale.com.br\/portal\/wp-content\/uploads\/2022\/02\/bolsonaro_putin2.png\" \/>\n\t<meta property=\"og:image:width\" content=\"678\" \/>\n\t<meta property=\"og:image:height\" content=\"395\" \/>\n\t<meta property=\"og:image:type\" content=\"image\/png\" \/>\n<meta name=\"author\" content=\"Reda\u00e7\u00e3o Aconteceu no Vale\" \/>\n<meta name=\"twitter:card\" content=\"summary_large_image\" \/>\n<meta name=\"twitter:creator\" content=\"@noticiadosvales\" \/>\n<meta name=\"twitter:site\" content=\"@noticiadosvales\" \/>\n<meta name=\"twitter:label1\" content=\"Escrito por\" \/>\n\t<meta name=\"twitter:data1\" content=\"Reda\u00e7\u00e3o Aconteceu no Vale\" \/>\n\t<meta name=\"twitter:label2\" content=\"Est. tempo de leitura\" \/>\n\t<meta name=\"twitter:data2\" content=\"2 minutos\" \/>\n<script type=\"application\/ld+json\" class=\"yoast-schema-graph\">{\"@context\":\"https:\\\/\\\/schema.org\",\"@graph\":[{\"@type\":\"Article\",\"@id\":\"https:\\\/\\\/aconteceunovale.com.br\\\/portal\\\/?p=187538#article\",\"isPartOf\":{\"@id\":\"https:\\\/\\\/aconteceunovale.com.br\\\/portal\\\/?p=187538\"},\"author\":{\"name\":\"Reda\u00e7\u00e3o Aconteceu no Vale\",\"@id\":\"https:\\\/\\\/aconteceunovale.com.br\\\/portal\\\/#\\\/schema\\\/person\\\/7d2f26d1483f8a63de73da1ee0754d35\"},\"headline\":\"Posi\u00e7\u00e3o do Brasil sobre conflito na Ucr\u00e2nia \u00e9 de cautela, diz Bolsonaro\",\"datePublished\":\"2022-02-28T01:37:33+00:00\",\"dateModified\":\"2022-02-28T01:41:13+00:00\",\"mainEntityOfPage\":{\"@id\":\"https:\\\/\\\/aconteceunovale.com.br\\\/portal\\\/?p=187538\"},\"wordCount\":404,\"commentCount\":0,\"image\":{\"@id\":\"https:\\\/\\\/aconteceunovale.com.br\\\/portal\\\/?p=187538#primaryimage\"},\"thumbnailUrl\":\"https:\\\/\\\/aconteceunovale.com.br\\\/portal\\\/wp-content\\\/uploads\\\/2022\\\/02\\\/bolsonaro_putin2.png\",\"keywords\":[\"Ajoelhado na frente de tanque\",\"alta do d\u00f3lar\",\"Ant\u00f4nio Barbosa\",\"Ataque a pr\u00e9dio em Kiev\",\"Ataque a pr\u00e9dio residencial em Kiev\",\"Bakhmachk\",\"Bolsonaro\",\"brasil\",\"Brasil defende integridade territorial das na\u00e7\u00f5es\",\"Brasileiros na Ucr\u00e2nia\",\"C\u00e2mera de seguran\u00e7a flagra ataque a pr\u00e9dio residencial em Kiev\",\"Carro atropelado por tanque de guerra\",\"Cerca de 800 soldados russos foram mortos em confronto afirma autoridade ucraniana\",\"Compreenda o conflito entre R\u00fassia e Ucr\u00e2nia\",\"Conflito entre R\u00fassia e Ucr\u00e2nia\",\"Conflito no Leste Europeu\",\"Crimeia\",\"destaque\",\"Embaixada da Ucr\u00e2nia no Brasil afirma que invas\u00e3o p\u00f5e em risco a ordem mundial\",\"Embaixada ucraniana espera posi\u00e7\u00e3o forte do Brasil sobre guerra\",\"Entenda como o conflito entre R\u00fassia e Ucr\u00e2nia afeta o Brasil\",\"Entenda o conflito entre R\u00fassia e Ucr\u00e2nia\",\"FAB coloca avi\u00f5es de prontid\u00e3o para retirada de brasileiros da Ucr\u00e2nia\",\"Guerra entre R\u00fassia e Ucr\u00e2nia\",\"Guerra entre russos e ucranianos pode impactar economia do Brasil\",\"Guerra na Ucr\u00e2nia\",\"Invas\u00e3o da Ucr\u00e2nia\",\"Invas\u00e3o da Ucr\u00e2nia preocupa jogadores brasileiros que atuam em Kharkiv\",\"Jair Bolsonaro\",\"Jens Stoltenberg\",\"Joe Biden anuncia maior san\u00e7\u00e3o econ\u00f4mica da hist\u00f3ria\",\"Jogadores brasileiros na Ucr\u00e2nia\",\"Jogadores chegam ao Brasil ap\u00f3s fuga da guerra na Ucr\u00e2nia\",\"Jogadores de clube ucraniano chegam ao Brasil\",\"Kiev\",\"Leste Europeu\",\"Lista de brasileiros na Ucr\u00e2nia\",\"Lista de jogadores brasileiros na Ucr\u00e2nia\",\"Mais de 350 mil pessoas j\u00e1 fugiram da Ucr\u00e2nia\",\"Maur\u00edcio Santoro\",\"Minist\u00e9rio das Rela\u00e7\u00f5es Exteriores do Brasil apela para a suspens\u00e3o imediata do conflito na Ucr\u00e2nia\",\"Obolon\",\"Olaf Scholz\",\"Organiza\u00e7\u00e3o do Tratado do Atl\u00e2ntico Norte\",\"Otan\",\"Posi\u00e7\u00e3o de Bolsonaro sobre guerra na Ucr\u00e2nia\",\"Posi\u00e7\u00e3o de Jair Bolsonaro sobre guerra na Ucr\u00e2nia\",\"Posi\u00e7\u00e3o do Brasil sobre conflito na Ucr\u00e2nia \u00e9 de cautela\",\"Posi\u00e7\u00e3o do Brasil sobre guerra na Ucr\u00e2nia\",\"Presidente Bolsonaro\",\"Presidente Jair Bolsonaro\",\"Putin acusa governo da Ucr\u00e2nia de planejar genoc\u00eddio\",\"Reflexos do conflito entre R\u00fassia e Ucr\u00e2nia no Brasil\",\"R\u00fassia\",\"R\u00fassia pretende derrubar o governo da Ucr\u00e2nia\",\"Russian\",\"Sa\u00edda diplom\u00e1tica ainda \u00e9 aposta de analistas para R\u00fassia e Ucr\u00e2nia\",\"Secret\u00e1rio-geral da Otan\",\"Tanque de guerra atropela carro\",\"Tanque de guerra passa por cima do ve\u00edculo de idoso em Kiev\",\"Tanque de guerra passa por cima do ve\u00edculo de idoso em Obolon\",\"Tanque de guerra passa por cima do ve\u00edculo de idoso na Ucr\u00e2nia\",\"Tanques de guerra s\u00e3o recebidos com\u00a0coquet\u00e9is molotov\u00a0na periferia de Kiev\",\"Ucr\u00e2nia\",\"Uerj\",\"Ukraine\",\"UnB\",\"Ursula von der Leyen\",\"valoriza\u00e7\u00e3o do d\u00f3lar\",\"Vladimir Putin\",\"Vladimir Putin pede aos militares ucranianos para tomarem o poder\",\"Volodymyr Zelenskiy\",\"Volodymyr Zelensky\",\"War in Ukraine\"],\"articleSection\":[\"Brasil\",\"Mundo\",\"Pol\u00edtica\"],\"inLanguage\":\"pt-BR\",\"potentialAction\":[{\"@type\":\"CommentAction\",\"name\":\"Comment\",\"target\":[\"https:\\\/\\\/aconteceunovale.com.br\\\/portal\\\/?p=187538#respond\"]}]},{\"@type\":\"WebPage\",\"@id\":\"https:\\\/\\\/aconteceunovale.com.br\\\/portal\\\/?p=187538\",\"url\":\"https:\\\/\\\/aconteceunovale.com.br\\\/portal\\\/?p=187538\",\"name\":\"Posi\u00e7\u00e3o do Brasil sobre conflito na Ucr\u00e2nia \u00e9 de cautela, diz Bolsonaro - Aconteceu no Vale\",\"isPartOf\":{\"@id\":\"https:\\\/\\\/aconteceunovale.com.br\\\/portal\\\/#website\"},\"primaryImageOfPage\":{\"@id\":\"https:\\\/\\\/aconteceunovale.com.br\\\/portal\\\/?p=187538#primaryimage\"},\"image\":{\"@id\":\"https:\\\/\\\/aconteceunovale.com.br\\\/portal\\\/?p=187538#primaryimage\"},\"thumbnailUrl\":\"https:\\\/\\\/aconteceunovale.com.br\\\/portal\\\/wp-content\\\/uploads\\\/2022\\\/02\\\/bolsonaro_putin2.png\",\"datePublished\":\"2022-02-28T01:37:33+00:00\",\"dateModified\":\"2022-02-28T01:41:13+00:00\",\"author\":{\"@id\":\"https:\\\/\\\/aconteceunovale.com.br\\\/portal\\\/#\\\/schema\\\/person\\\/7d2f26d1483f8a63de73da1ee0754d35\"},\"breadcrumb\":{\"@id\":\"https:\\\/\\\/aconteceunovale.com.br\\\/portal\\\/?p=187538#breadcrumb\"},\"inLanguage\":\"pt-BR\",\"potentialAction\":[{\"@type\":\"ReadAction\",\"target\":[\"https:\\\/\\\/aconteceunovale.com.br\\\/portal\\\/?p=187538\"]}]},{\"@type\":\"ImageObject\",\"inLanguage\":\"pt-BR\",\"@id\":\"https:\\\/\\\/aconteceunovale.com.br\\\/portal\\\/?p=187538#primaryimage\",\"url\":\"https:\\\/\\\/aconteceunovale.com.br\\\/portal\\\/wp-content\\\/uploads\\\/2022\\\/02\\\/bolsonaro_putin2.png\",\"contentUrl\":\"https:\\\/\\\/aconteceunovale.com.br\\\/portal\\\/wp-content\\\/uploads\\\/2022\\\/02\\\/bolsonaro_putin2.png\",\"width\":678,\"height\":395},{\"@type\":\"BreadcrumbList\",\"@id\":\"https:\\\/\\\/aconteceunovale.com.br\\\/portal\\\/?p=187538#breadcrumb\",\"itemListElement\":[{\"@type\":\"ListItem\",\"position\":1,\"name\":\"In\u00edcio\",\"item\":\"https:\\\/\\\/aconteceunovale.com.br\\\/portal\\\/\"},{\"@type\":\"ListItem\",\"position\":2,\"name\":\"Posi\u00e7\u00e3o do Brasil sobre conflito na Ucr\u00e2nia \u00e9 de cautela, diz Bolsonaro\"}]},{\"@type\":\"WebSite\",\"@id\":\"https:\\\/\\\/aconteceunovale.com.br\\\/portal\\\/#website\",\"url\":\"https:\\\/\\\/aconteceunovale.com.br\\\/portal\\\/\",\"name\":\"Aconteceu no Vale\",\"description\":\"Portal de Not\u00edcias\",\"potentialAction\":[{\"@type\":\"SearchAction\",\"target\":{\"@type\":\"EntryPoint\",\"urlTemplate\":\"https:\\\/\\\/aconteceunovale.com.br\\\/portal\\\/?s={search_term_string}\"},\"query-input\":{\"@type\":\"PropertyValueSpecification\",\"valueRequired\":true,\"valueName\":\"search_term_string\"}}],\"inLanguage\":\"pt-BR\"},{\"@type\":\"Person\",\"@id\":\"https:\\\/\\\/aconteceunovale.com.br\\\/portal\\\/#\\\/schema\\\/person\\\/7d2f26d1483f8a63de73da1ee0754d35\",\"name\":\"Reda\u00e7\u00e3o Aconteceu no Vale\",\"description\":\"Equipe de reportagem do Aconteceu no Vale, portal de not\u00edcias do Vale do Jequitinhonha, em Minas Gerais. Cobrimos as 51 cidades do Vale desde 2013. Sugest\u00f5es de pauta e pedidos de corre\u00e7\u00e3o: contato@aconteceunovale.com.br\",\"url\":\"https:\\\/\\\/aconteceunovale.com.br\\\/portal\\\/?author=4\"}]}<\/script>\n<!-- \/ Yoast SEO plugin. -->","yoast_head_json":{"title":"Posi\u00e7\u00e3o do Brasil sobre conflito na Ucr\u00e2nia \u00e9 de cautela, diz Bolsonaro - Aconteceu no Vale","robots":{"index":"index","follow":"follow","max-snippet":"max-snippet:-1","max-image-preview":"max-image-preview:large","max-video-preview":"max-video-preview:-1"},"canonical":"https:\/\/aconteceunovale.com.br\/portal\/?p=187538","og_locale":"pt_BR","og_type":"article","og_title":"Posi\u00e7\u00e3o do Brasil sobre conflito na Ucr\u00e2nia \u00e9 de cautela, diz Bolsonaro - Aconteceu no Vale","og_description":"O presidente Jair Bolsonaro disse hoje (27\/2\/2022) que o voto do Brasil em resolu\u00e7\u00e3o da Organiza\u00e7\u00e3o das Na\u00e7\u00f5es Unidas (ONU) sobre o conflito entre R\u00fassia e Ucr\u00e2nia \u00e9 livre, com equil\u00edbrio. Ele acrescentou que o Brasil n\u00e3o defende \u201cnenhuma san\u00e7\u00e3o ou condena\u00e7\u00e3o ao presidente Putin\u201d. \u201cNossa posi\u00e7\u00e3o tem que ser de bastante cautela, n\u00e3o podemos [&hellip;]","og_url":"https:\/\/aconteceunovale.com.br\/portal\/?p=187538","og_site_name":"Aconteceu no Vale","article_publisher":"https:\/\/www.facebook.com\/aconteceunovale\/","article_published_time":"2022-02-28T01:37:33+00:00","article_modified_time":"2022-02-28T01:41:13+00:00","og_image":[{"width":678,"height":395,"url":"https:\/\/aconteceunovale.com.br\/portal\/wp-content\/uploads\/2022\/02\/bolsonaro_putin2.png","type":"image\/png"}],"author":"Reda\u00e7\u00e3o Aconteceu no Vale","twitter_card":"summary_large_image","twitter_creator":"@noticiadosvales","twitter_site":"@noticiadosvales","twitter_misc":{"Escrito por":"Reda\u00e7\u00e3o Aconteceu no Vale","Est. tempo de leitura":"2 minutos"},"schema":{"@context":"https:\/\/schema.org","@graph":[{"@type":"Article","@id":"https:\/\/aconteceunovale.com.br\/portal\/?p=187538#article","isPartOf":{"@id":"https:\/\/aconteceunovale.com.br\/portal\/?p=187538"},"author":{"name":"Reda\u00e7\u00e3o Aconteceu no Vale","@id":"https:\/\/aconteceunovale.com.br\/portal\/#\/schema\/person\/7d2f26d1483f8a63de73da1ee0754d35"},"headline":"Posi\u00e7\u00e3o do Brasil sobre conflito na Ucr\u00e2nia \u00e9 de cautela, diz Bolsonaro","datePublished":"2022-02-28T01:37:33+00:00","dateModified":"2022-02-28T01:41:13+00:00","mainEntityOfPage":{"@id":"https:\/\/aconteceunovale.com.br\/portal\/?p=187538"},"wordCount":404,"commentCount":0,"image":{"@id":"https:\/\/aconteceunovale.com.br\/portal\/?p=187538#primaryimage"},"thumbnailUrl":"https:\/\/aconteceunovale.com.br\/portal\/wp-content\/uploads\/2022\/02\/bolsonaro_putin2.png","keywords":["Ajoelhado na frente de tanque","alta do d\u00f3lar","Ant\u00f4nio Barbosa","Ataque a pr\u00e9dio em Kiev","Ataque a pr\u00e9dio residencial em Kiev","Bakhmachk","Bolsonaro","brasil","Brasil defende integridade territorial das na\u00e7\u00f5es","Brasileiros na Ucr\u00e2nia","C\u00e2mera de seguran\u00e7a flagra ataque a pr\u00e9dio residencial em Kiev","Carro atropelado por tanque de guerra","Cerca de 800 soldados russos foram mortos em confronto afirma autoridade ucraniana","Compreenda o conflito entre R\u00fassia e Ucr\u00e2nia","Conflito entre R\u00fassia e Ucr\u00e2nia","Conflito no Leste Europeu","Crimeia","destaque","Embaixada da Ucr\u00e2nia no Brasil afirma que invas\u00e3o p\u00f5e em risco a ordem mundial","Embaixada ucraniana espera posi\u00e7\u00e3o forte do Brasil sobre guerra","Entenda como o conflito entre R\u00fassia e Ucr\u00e2nia afeta o Brasil","Entenda o conflito entre R\u00fassia e Ucr\u00e2nia","FAB coloca avi\u00f5es de prontid\u00e3o para retirada de brasileiros da Ucr\u00e2nia","Guerra entre R\u00fassia e Ucr\u00e2nia","Guerra entre russos e ucranianos pode impactar economia do Brasil","Guerra na Ucr\u00e2nia","Invas\u00e3o da Ucr\u00e2nia","Invas\u00e3o da Ucr\u00e2nia preocupa jogadores brasileiros que atuam em Kharkiv","Jair Bolsonaro","Jens Stoltenberg","Joe Biden anuncia maior san\u00e7\u00e3o econ\u00f4mica da hist\u00f3ria","Jogadores brasileiros na Ucr\u00e2nia","Jogadores chegam ao Brasil ap\u00f3s fuga da guerra na Ucr\u00e2nia","Jogadores de clube ucraniano chegam ao Brasil","Kiev","Leste Europeu","Lista de brasileiros na Ucr\u00e2nia","Lista de jogadores brasileiros na Ucr\u00e2nia","Mais de 350 mil pessoas j\u00e1 fugiram da Ucr\u00e2nia","Maur\u00edcio Santoro","Minist\u00e9rio das Rela\u00e7\u00f5es Exteriores do Brasil apela para a suspens\u00e3o imediata do conflito na Ucr\u00e2nia","Obolon","Olaf Scholz","Organiza\u00e7\u00e3o do Tratado do Atl\u00e2ntico Norte","Otan","Posi\u00e7\u00e3o de Bolsonaro sobre guerra na Ucr\u00e2nia","Posi\u00e7\u00e3o de Jair Bolsonaro sobre guerra na Ucr\u00e2nia","Posi\u00e7\u00e3o do Brasil sobre conflito na Ucr\u00e2nia \u00e9 de cautela","Posi\u00e7\u00e3o do Brasil sobre guerra na Ucr\u00e2nia","Presidente Bolsonaro","Presidente Jair Bolsonaro","Putin acusa governo da Ucr\u00e2nia de planejar genoc\u00eddio","Reflexos do conflito entre R\u00fassia e Ucr\u00e2nia no Brasil","R\u00fassia","R\u00fassia pretende derrubar o governo da Ucr\u00e2nia","Russian","Sa\u00edda diplom\u00e1tica ainda \u00e9 aposta de analistas para R\u00fassia e Ucr\u00e2nia","Secret\u00e1rio-geral da Otan","Tanque de guerra atropela carro","Tanque de guerra passa por cima do ve\u00edculo de idoso em Kiev","Tanque de guerra passa por cima do ve\u00edculo de idoso em Obolon","Tanque de guerra passa por cima do ve\u00edculo de idoso na Ucr\u00e2nia","Tanques de guerra s\u00e3o recebidos com\u00a0coquet\u00e9is molotov\u00a0na periferia de Kiev","Ucr\u00e2nia","Uerj","Ukraine","UnB","Ursula von der Leyen","valoriza\u00e7\u00e3o do d\u00f3lar","Vladimir Putin","Vladimir Putin pede aos militares ucranianos para tomarem o poder","Volodymyr Zelenskiy","Volodymyr Zelensky","War in Ukraine"],"articleSection":["Brasil","Mundo","Pol\u00edtica"],"inLanguage":"pt-BR","potentialAction":[{"@type":"CommentAction","name":"Comment","target":["https:\/\/aconteceunovale.com.br\/portal\/?p=187538#respond"]}]},{"@type":"WebPage","@id":"https:\/\/aconteceunovale.com.br\/portal\/?p=187538","url":"https:\/\/aconteceunovale.com.br\/portal\/?p=187538","name":"Posi\u00e7\u00e3o do Brasil sobre conflito na Ucr\u00e2nia \u00e9 de cautela, diz Bolsonaro - Aconteceu no Vale","isPartOf":{"@id":"https:\/\/aconteceunovale.com.br\/portal\/#website"},"primaryImageOfPage":{"@id":"https:\/\/aconteceunovale.com.br\/portal\/?p=187538#primaryimage"},"image":{"@id":"https:\/\/aconteceunovale.com.br\/portal\/?p=187538#primaryimage"},"thumbnailUrl":"https:\/\/aconteceunovale.com.br\/portal\/wp-content\/uploads\/2022\/02\/bolsonaro_putin2.png","datePublished":"2022-02-28T01:37:33+00:00","dateModified":"2022-02-28T01:41:13+00:00","author":{"@id":"https:\/\/aconteceunovale.com.br\/portal\/#\/schema\/person\/7d2f26d1483f8a63de73da1ee0754d35"},"breadcrumb":{"@id":"https:\/\/aconteceunovale.com.br\/portal\/?p=187538#breadcrumb"},"inLanguage":"pt-BR","potentialAction":[{"@type":"ReadAction","target":["https:\/\/aconteceunovale.com.br\/portal\/?p=187538"]}]},{"@type":"ImageObject","inLanguage":"pt-BR","@id":"https:\/\/aconteceunovale.com.br\/portal\/?p=187538#primaryimage","url":"https:\/\/aconteceunovale.com.br\/portal\/wp-content\/uploads\/2022\/02\/bolsonaro_putin2.png","contentUrl":"https:\/\/aconteceunovale.com.br\/portal\/wp-content\/uploads\/2022\/02\/bolsonaro_putin2.png","width":678,"height":395},{"@type":"BreadcrumbList","@id":"https:\/\/aconteceunovale.com.br\/portal\/?p=187538#breadcrumb","itemListElement":[{"@type":"ListItem","position":1,"name":"In\u00edcio","item":"https:\/\/aconteceunovale.com.br\/portal\/"},{"@type":"ListItem","position":2,"name":"Posi\u00e7\u00e3o do Brasil sobre conflito na Ucr\u00e2nia \u00e9 de cautela, diz Bolsonaro"}]},{"@type":"WebSite","@id":"https:\/\/aconteceunovale.com.br\/portal\/#website","url":"https:\/\/aconteceunovale.com.br\/portal\/","name":"Aconteceu no Vale","description":"Portal de Not\u00edcias","potentialAction":[{"@type":"SearchAction","target":{"@type":"EntryPoint","urlTemplate":"https:\/\/aconteceunovale.com.br\/portal\/?s={search_term_string}"},"query-input":{"@type":"PropertyValueSpecification","valueRequired":true,"valueName":"search_term_string"}}],"inLanguage":"pt-BR"},{"@type":"Person","@id":"https:\/\/aconteceunovale.com.br\/portal\/#\/schema\/person\/7d2f26d1483f8a63de73da1ee0754d35","name":"Reda\u00e7\u00e3o Aconteceu no Vale","description":"Equipe de reportagem do Aconteceu no Vale, portal de not\u00edcias do Vale do Jequitinhonha, em Minas Gerais. Cobrimos as 51 cidades do Vale desde 2013. Sugest\u00f5es de pauta e pedidos de corre\u00e7\u00e3o: contato@aconteceunovale.com.br","url":"https:\/\/aconteceunovale.com.br\/portal\/?author=4"}]}},"_links":{"self":[{"href":"https:\/\/aconteceunovale.com.br\/portal\/index.php?rest_route=\/wp\/v2\/posts\/187538","targetHints":{"allow":["GET"]}}],"collection":[{"href":"https:\/\/aconteceunovale.com.br\/portal\/index.php?rest_route=\/wp\/v2\/posts"}],"about":[{"href":"https:\/\/aconteceunovale.com.br\/portal\/index.php?rest_route=\/wp\/v2\/types\/post"}],"author":[{"embeddable":true,"href":"https:\/\/aconteceunovale.com.br\/portal\/index.php?rest_route=\/wp\/v2\/users\/4"}],"replies":[{"embeddable":true,"href":"https:\/\/aconteceunovale.com.br\/portal\/index.php?rest_route=%2Fwp%2Fv2%2Fcomments&post=187538"}],"version-history":[{"count":2,"href":"https:\/\/aconteceunovale.com.br\/portal\/index.php?rest_route=\/wp\/v2\/posts\/187538\/revisions"}],"predecessor-version":[{"id":187542,"href":"https:\/\/aconteceunovale.com.br\/portal\/index.php?rest_route=\/wp\/v2\/posts\/187538\/revisions\/187542"}],"wp:featuredmedia":[{"embeddable":true,"href":"https:\/\/aconteceunovale.com.br\/portal\/index.php?rest_route=\/wp\/v2\/media\/187541"}],"wp:attachment":[{"href":"https:\/\/aconteceunovale.com.br\/portal\/index.php?rest_route=%2Fwp%2Fv2%2Fmedia&parent=187538"}],"wp:term":[{"taxonomy":"category","embeddable":true,"href":"https:\/\/aconteceunovale.com.br\/portal\/index.php?rest_route=%2Fwp%2Fv2%2Fcategories&post=187538"},{"taxonomy":"post_tag","embeddable":true,"href":"https:\/\/aconteceunovale.com.br\/portal\/index.php?rest_route=%2Fwp%2Fv2%2Ftags&post=187538"}],"curies":[{"name":"wp","href":"https:\/\/api.w.org\/{rel}","templated":true}]}}