{"id":187533,"date":"2022-02-27T20:20:34","date_gmt":"2022-02-27T23:20:34","guid":{"rendered":"https:\/\/aconteceunovale.com.br\/portal\/?p=187533"},"modified":"2022-02-27T20:23:24","modified_gmt":"2022-02-27T23:23:24","slug":"sistema-de-saude-em-minas-gerais-ganha-reforco-de-550-novos-leitos-de-uti-adulto","status":"publish","type":"post","link":"https:\/\/aconteceunovale.com.br\/portal\/?p=187533","title":{"rendered":"Sistema de Sa\u00fade em Minas Gerais ganha refor\u00e7o de 550 novos leitos de UTI adulto"},"content":{"rendered":"\n<p class=\"wp-block-paragraph\">O sistema p\u00fablico de sa\u00fade de Minas Gerais ganhou o refor\u00e7o de 550 novos leitos de UTI adulto e 40 pedi\u00e1tricos. Eles foram criados durante a pandemia e, agora, foram incorporados aos hospitais.\u00a0Com isso, o estado passou de 2.072 unidades de terapia intensiva para 2.622 em fevereiro deste ano, representando um crescimento de 26%. J\u00e1 os pedi\u00e1tricos saltaram de 194 para 234, no mesmo per\u00edodo.<\/p>\n\n\n\n<figure class=\"wp-block-gallery aligncenter has-nested-images columns-default is-cropped wp-block-gallery-1 is-layout-flex wp-block-gallery-is-layout-flex\">\n<figure class=\"wp-block-image size-large\"><img loading=\"lazy\" decoding=\"async\" width=\"675\" height=\"450\" data-id=\"187534\" src=\"https:\/\/aconteceunovale.com.br\/portal\/wp-content\/uploads\/2022\/02\/leito_uti_mg.jpg\" alt=\"\" class=\"wp-image-187534\" srcset=\"https:\/\/aconteceunovale.com.br\/portal\/wp-content\/uploads\/2022\/02\/leito_uti_mg.jpg 675w, https:\/\/aconteceunovale.com.br\/portal\/wp-content\/uploads\/2022\/02\/leito_uti_mg-300x200.jpg 300w, https:\/\/aconteceunovale.com.br\/portal\/wp-content\/uploads\/2022\/02\/leito_uti_mg-630x420.jpg 630w\" sizes=\"auto, (max-width: 675px) 100vw, 675px\" \/><figcaption><em><sub>Foto: Gil Leonardi \/ Imprensa MG<\/sub><\/em><\/figcaption><\/figure>\n<\/figure>\n\n\n\n<p class=\"wp-block-paragraph\">O aumento do n\u00famero de leitos, aliado aos investimentos para compra e distribui\u00e7\u00e3o de equipamentos em v\u00e1rias unidades de sa\u00fade, \u00e9 o maior legado deixado pela pandemia aos mineiros, conforme an\u00e1lise feita pelo secret\u00e1rio de Estado de\u00a0Sa\u00fade, o m\u00e9dico F\u00e1bio Baccheretti, durante coletiva \u00e0 imprensa nesta sexta-feira (25\/2\/2022), na Cidade Administrativa, em Belo Horizonte.<\/p>\n\n\n\n<p class=\"wp-block-paragraph\">O secret\u00e1rio afirmou que o momento da pandemia em Minas permite que o estado avance no programa <em>&#8220;Opera Mais, Minas Gerais&#8221;<\/em>, que pretende reduzir e at\u00e9 zerar a fila de pacientes esperando por cirurgias eletivas. A estimativa \u00e9 que 370 mil pessoas aguardam por procedimentos.<\/p>\n\n\n\n<p class=\"wp-block-paragraph\"><em>\u201cEstamos virando mais uma p\u00e1gina com a queda desta nova onda e, com isso, temos um novo momento do sistema p\u00fablico de sa\u00fade do estado. Isto significa que outras doen\u00e7as, como infarto, AVC e infec\u00e7\u00f5es ter\u00e3o mais leitos dispon\u00edveis. Ent\u00e3o, \u00e9 um grande e importante legado que fica da pandemia. Com mais leitos de UTI e os mais de R$ 200 milh\u00f5es da nossa pol\u00edtica de cirurgia eletiva &#8211;\u00a0Opera Mais, Minas Gerais -,\u00a0vamos enfrentar este problema e tentar zerar esta fila de cirurgias eletivas em hospitais que est\u00e3o melhor equipados. Foram mais de cem tom\u00f3grafos distribu\u00eddos para v\u00e1rios hospitais do estado\u201d,<\/em> afirmou Baccheretti.<\/p>\n\n\n\n<h2 class=\"wp-block-heading\"><strong>O programa<\/strong><\/h2>\n\n\n\n<p class=\"wp-block-paragraph\">O <em>&#8220;Opera Mais, Minas Gerais&#8221;<\/em>\u00a0foi lan\u00e7ado em dezembro do ano passado e vai destinar R$ 206,4 milh\u00f5es em recursos estaduais para 261 munic\u00edpios\u00a0que possuem hospitais que realizam cirurgias eletivas em todo o estado. O objetivo da a\u00e7\u00e3o do programa \u00e9 diminuir a demanda represada por causa da pandemia da covid-19 e reduzir o tempo de espera para a realiza\u00e7\u00e3o dos procedimentos cir\u00fargicos.\u00a0<\/p>\n\n\n\n<p class=\"wp-block-paragraph\">As unidades da\u00a0Funda\u00e7\u00e3o Hospitalar do Estado de Minas Gerais (Fhemig)\u00a0est\u00e3o em processo de transforma\u00e7\u00e3o, com o fortalecimento da rede e as melhorias na sa\u00fade p\u00fablica, que passam por obras e reformas, desde 2020. S\u00e3o R$ 150 milh\u00f5es em investimentos previstos em interven\u00e7\u00f5es nos pr\u00f3ximos anos. O valor se refere \u00e0s interven\u00e7\u00f5es em infraestrutura em todos os hospitais da Fhemig, que v\u00e3o ampliar a qualidade e a seguran\u00e7a do atendimento j\u00e1 oferecido aos mineiros nos servi\u00e7os do Sistema \u00danico de Sa\u00fade (SUS) em Minas Gerais.<\/p>\n\n\n\n<h2 class=\"wp-block-heading\"><strong>Nova metodologia<\/strong><\/h2>\n\n\n\n<p class=\"wp-block-paragraph\">F\u00e1bio Baccheretti afirmou que o estado ir\u00e1 estabelecer novos protocolos e outra maneira de categorizar os desdobramentos da covid-19 no estado. Ele destacou que a nova metodologia est\u00e1 sendo elaborada a partir de dados mais consistentes sobre o atual cen\u00e1rio. Todas as regi\u00f5es mineiras seguem na onda verde do plano\u00a0<a rel=\"noreferrer noopener\" href=\"http:\/\/www.mg.gov.br\/minasconsciente\" target=\"_blank\">Minas Consciente<\/a>.<\/p>\n\n\n\n<p class=\"wp-block-paragraph\">&#8212;&#8212;&#8212;&#8212;&#8212;&#8212;<br><br><strong>Sabia que o Aconteceu no Vale est\u00e1 tamb\u00e9m no Telegram? <a rel=\"noreferrer noopener\" href=\"https:\/\/t.me\/aconteceunovaleoficial\" target=\"_blank\">Inscreva-se no canal<\/a>.<\/strong><br><br><strong>J\u00e1 curtiu ou seguiu nossas p\u00e1ginas nas redes sociais?\u00a0Receba as not\u00edcias em primeira m\u00e3o:<\/strong><br>\u2022 <a rel=\"noreferrer noopener\" href=\"https:\/\/news.google.com\/publications\/CAAqBwgKMNjklQswi4etAw?hl=pt-BR&amp;gl=BR&amp;ceid=BR%3Apt-419\" target=\"_blank\">Google News<\/a><br>\u2022 <a rel=\"noreferrer noopener\" href=\"https:\/\/www.facebook.com\/aconteceunovale\/\" target=\"_blank\">Facebook<\/a><br>\u2022 <a rel=\"noreferrer noopener\" href=\"https:\/\/twitter.com\/noticiadosvales\" target=\"_blank\">Twitter<\/a><br>\u2022 <a rel=\"noreferrer noopener\" href=\"https:\/\/www.instagram.com\/aconteceunovale\" target=\"_blank\">Instagram<\/a><br>\u2022 <a rel=\"noreferrer noopener\" href=\"https:\/\/www.youtube.com\/AconteceunoValeOficial\" target=\"_blank\">Youtube<\/a><br>\u2022 <a rel=\"noreferrer noopener\" href=\"https:\/\/www.tiktok.com\/@aconteceunovale\" target=\"_blank\">TikTok<\/a><\/p>\n","protected":false},"excerpt":{"rendered":"<p>O sistema p\u00fablico de sa\u00fade de Minas Gerais ganhou o refor\u00e7o de 550 novos leitos de UTI adulto e 40 pedi\u00e1tricos. Eles foram criados durante a pandemia e, agora, foram incorporados aos hospitais.\u00a0Com isso, o estado passou de 2.072 unidades de terapia intensiva para 2.622 em fevereiro deste ano, representando um crescimento de 26%. J\u00e1 [&hellip;]<\/p>\n","protected":false},"author":4,"featured_media":187534,"comment_status":"open","ping_status":"closed","sticky":false,"template":"","format":"standard","meta":{"amp_status":"","footnotes":""},"categories":[123,40242],"tags":[194,1017,1018,239750,33185,259524,220474,131,259525,259527,259526,227992,52113,259523,28873],"class_list":["post-187533","post","type-post","status-publish","format-standard","has-post-thumbnail","hentry","category-gerais","category-saude-2","tag-belo-horizonte","tag-bh","tag-destaque","tag-fabio-baccheretti","tag-fhemig","tag-leitos-de-uti-no-sistema-de-saude-em-minas-gerais","tag-minas-consciente","tag-minas-gerais","tag-novos-leitos-de-uti-no-sistema-de-saude-em-minas-gerais","tag-opera-mais-minas-gerais","tag-pandemia-em-minas","tag-pandemia-em-minas-gerais","tag-ses-mg","tag-sistema-de-saude-em-minas-gerais","tag-sus"],"yoast_head":"<!-- This site is optimized with the Yoast SEO plugin v28.3 - https:\/\/yoast.com\/product\/yoast-seo-wordpress\/ -->\n<title>Sistema de Sa\u00fade em Minas Gerais ganha refor\u00e7o de 550 novos leitos de UTI adulto - Aconteceu no Vale<\/title>\n<meta name=\"robots\" content=\"index, follow, max-snippet:-1, max-image-preview:large, max-video-preview:-1\" \/>\n<link rel=\"canonical\" href=\"https:\/\/aconteceunovale.com.br\/portal\/?p=187533\" \/>\n<meta property=\"og:locale\" content=\"pt_BR\" \/>\n<meta property=\"og:type\" content=\"article\" \/>\n<meta property=\"og:title\" content=\"Sistema de Sa\u00fade em Minas Gerais ganha refor\u00e7o de 550 novos leitos de UTI adulto - Aconteceu no Vale\" \/>\n<meta property=\"og:description\" content=\"O sistema p\u00fablico de sa\u00fade de Minas Gerais ganhou o refor\u00e7o de 550 novos leitos de UTI adulto e 40 pedi\u00e1tricos. Eles foram criados durante a pandemia e, agora, foram incorporados aos hospitais.\u00a0Com isso, o estado passou de 2.072 unidades de terapia intensiva para 2.622 em fevereiro deste ano, representando um crescimento de 26%. J\u00e1 [&hellip;]\" \/>\n<meta property=\"og:url\" content=\"https:\/\/aconteceunovale.com.br\/portal\/?p=187533\" \/>\n<meta property=\"og:site_name\" content=\"Aconteceu no Vale\" \/>\n<meta property=\"article:publisher\" content=\"https:\/\/www.facebook.com\/aconteceunovale\/\" \/>\n<meta property=\"article:published_time\" content=\"2022-02-27T23:20:34+00:00\" \/>\n<meta property=\"article:modified_time\" content=\"2022-02-27T23:23:24+00:00\" \/>\n<meta property=\"og:image\" content=\"https:\/\/aconteceunovale.com.br\/portal\/wp-content\/uploads\/2022\/02\/leito_uti_mg.jpg\" \/>\n\t<meta property=\"og:image:width\" content=\"675\" \/>\n\t<meta property=\"og:image:height\" content=\"450\" \/>\n\t<meta property=\"og:image:type\" content=\"image\/jpeg\" \/>\n<meta name=\"author\" content=\"Reda\u00e7\u00e3o Aconteceu no Vale\" \/>\n<meta name=\"twitter:card\" content=\"summary_large_image\" \/>\n<meta name=\"twitter:creator\" content=\"@noticiadosvales\" \/>\n<meta name=\"twitter:site\" content=\"@noticiadosvales\" \/>\n<meta name=\"twitter:label1\" content=\"Escrito por\" \/>\n\t<meta name=\"twitter:data1\" content=\"Reda\u00e7\u00e3o Aconteceu no Vale\" \/>\n\t<meta name=\"twitter:label2\" content=\"Est. tempo de leitura\" \/>\n\t<meta name=\"twitter:data2\" content=\"3 minutos\" \/>\n<script type=\"application\/ld+json\" class=\"yoast-schema-graph\">{\"@context\":\"https:\\\/\\\/schema.org\",\"@graph\":[{\"@type\":\"Article\",\"@id\":\"https:\\\/\\\/aconteceunovale.com.br\\\/portal\\\/?p=187533#article\",\"isPartOf\":{\"@id\":\"https:\\\/\\\/aconteceunovale.com.br\\\/portal\\\/?p=187533\"},\"author\":{\"name\":\"Reda\u00e7\u00e3o Aconteceu no Vale\",\"@id\":\"https:\\\/\\\/aconteceunovale.com.br\\\/portal\\\/#\\\/schema\\\/person\\\/7d2f26d1483f8a63de73da1ee0754d35\"},\"headline\":\"Sistema de Sa\u00fade em Minas Gerais ganha refor\u00e7o de 550 novos leitos de UTI adulto\",\"datePublished\":\"2022-02-27T23:20:34+00:00\",\"dateModified\":\"2022-02-27T23:23:24+00:00\",\"mainEntityOfPage\":{\"@id\":\"https:\\\/\\\/aconteceunovale.com.br\\\/portal\\\/?p=187533\"},\"wordCount\":572,\"commentCount\":0,\"image\":{\"@id\":\"https:\\\/\\\/aconteceunovale.com.br\\\/portal\\\/?p=187533#primaryimage\"},\"thumbnailUrl\":\"https:\\\/\\\/aconteceunovale.com.br\\\/portal\\\/wp-content\\\/uploads\\\/2022\\\/02\\\/leito_uti_mg.jpg\",\"keywords\":[\"Belo Horizonte\",\"bh\",\"destaque\",\"F\u00e1bio Baccheretti\",\"Fhemig\",\"Leitos de UTI no Sistema de Sa\u00fade em Minas Gerais\",\"Minas Consciente\",\"Minas Gerais\",\"Novos leitos de UTI no Sistema de Sa\u00fade em Minas Gerais\",\"Opera Mais Minas Gerais\",\"Pandemia em Minas\",\"Pandemia em Minas Gerais\",\"SES-MG\",\"Sistema de Sa\u00fade em Minas Gerais\",\"SUS\"],\"articleSection\":[\"Minas Gerais\",\"Sa\u00fade\"],\"inLanguage\":\"pt-BR\",\"potentialAction\":[{\"@type\":\"CommentAction\",\"name\":\"Comment\",\"target\":[\"https:\\\/\\\/aconteceunovale.com.br\\\/portal\\\/?p=187533#respond\"]}]},{\"@type\":\"WebPage\",\"@id\":\"https:\\\/\\\/aconteceunovale.com.br\\\/portal\\\/?p=187533\",\"url\":\"https:\\\/\\\/aconteceunovale.com.br\\\/portal\\\/?p=187533\",\"name\":\"Sistema de Sa\u00fade em Minas Gerais ganha refor\u00e7o de 550 novos leitos de UTI adulto - Aconteceu no Vale\",\"isPartOf\":{\"@id\":\"https:\\\/\\\/aconteceunovale.com.br\\\/portal\\\/#website\"},\"primaryImageOfPage\":{\"@id\":\"https:\\\/\\\/aconteceunovale.com.br\\\/portal\\\/?p=187533#primaryimage\"},\"image\":{\"@id\":\"https:\\\/\\\/aconteceunovale.com.br\\\/portal\\\/?p=187533#primaryimage\"},\"thumbnailUrl\":\"https:\\\/\\\/aconteceunovale.com.br\\\/portal\\\/wp-content\\\/uploads\\\/2022\\\/02\\\/leito_uti_mg.jpg\",\"datePublished\":\"2022-02-27T23:20:34+00:00\",\"dateModified\":\"2022-02-27T23:23:24+00:00\",\"author\":{\"@id\":\"https:\\\/\\\/aconteceunovale.com.br\\\/portal\\\/#\\\/schema\\\/person\\\/7d2f26d1483f8a63de73da1ee0754d35\"},\"breadcrumb\":{\"@id\":\"https:\\\/\\\/aconteceunovale.com.br\\\/portal\\\/?p=187533#breadcrumb\"},\"inLanguage\":\"pt-BR\",\"potentialAction\":[{\"@type\":\"ReadAction\",\"target\":[\"https:\\\/\\\/aconteceunovale.com.br\\\/portal\\\/?p=187533\"]}]},{\"@type\":\"ImageObject\",\"inLanguage\":\"pt-BR\",\"@id\":\"https:\\\/\\\/aconteceunovale.com.br\\\/portal\\\/?p=187533#primaryimage\",\"url\":\"https:\\\/\\\/aconteceunovale.com.br\\\/portal\\\/wp-content\\\/uploads\\\/2022\\\/02\\\/leito_uti_mg.jpg\",\"contentUrl\":\"https:\\\/\\\/aconteceunovale.com.br\\\/portal\\\/wp-content\\\/uploads\\\/2022\\\/02\\\/leito_uti_mg.jpg\",\"width\":675,\"height\":450},{\"@type\":\"BreadcrumbList\",\"@id\":\"https:\\\/\\\/aconteceunovale.com.br\\\/portal\\\/?p=187533#breadcrumb\",\"itemListElement\":[{\"@type\":\"ListItem\",\"position\":1,\"name\":\"In\u00edcio\",\"item\":\"https:\\\/\\\/aconteceunovale.com.br\\\/portal\\\/\"},{\"@type\":\"ListItem\",\"position\":2,\"name\":\"Sistema de Sa\u00fade em Minas Gerais ganha refor\u00e7o de 550 novos leitos de UTI adulto\"}]},{\"@type\":\"WebSite\",\"@id\":\"https:\\\/\\\/aconteceunovale.com.br\\\/portal\\\/#website\",\"url\":\"https:\\\/\\\/aconteceunovale.com.br\\\/portal\\\/\",\"name\":\"Aconteceu no Vale\",\"description\":\"Portal de Not\u00edcias\",\"potentialAction\":[{\"@type\":\"SearchAction\",\"target\":{\"@type\":\"EntryPoint\",\"urlTemplate\":\"https:\\\/\\\/aconteceunovale.com.br\\\/portal\\\/?s={search_term_string}\"},\"query-input\":{\"@type\":\"PropertyValueSpecification\",\"valueRequired\":true,\"valueName\":\"search_term_string\"}}],\"inLanguage\":\"pt-BR\"},{\"@type\":\"Person\",\"@id\":\"https:\\\/\\\/aconteceunovale.com.br\\\/portal\\\/#\\\/schema\\\/person\\\/7d2f26d1483f8a63de73da1ee0754d35\",\"name\":\"Reda\u00e7\u00e3o Aconteceu no Vale\",\"description\":\"Equipe de reportagem do Aconteceu no Vale, portal de not\u00edcias do Vale do Jequitinhonha, em Minas Gerais. Cobrimos as 51 cidades do Vale desde 2013. Sugest\u00f5es de pauta e pedidos de corre\u00e7\u00e3o: contato@aconteceunovale.com.br\",\"url\":\"https:\\\/\\\/aconteceunovale.com.br\\\/portal\\\/?author=4\"}]}<\/script>\n<!-- \/ Yoast SEO plugin. -->","yoast_head_json":{"title":"Sistema de Sa\u00fade em Minas Gerais ganha refor\u00e7o de 550 novos leitos de UTI adulto - Aconteceu no Vale","robots":{"index":"index","follow":"follow","max-snippet":"max-snippet:-1","max-image-preview":"max-image-preview:large","max-video-preview":"max-video-preview:-1"},"canonical":"https:\/\/aconteceunovale.com.br\/portal\/?p=187533","og_locale":"pt_BR","og_type":"article","og_title":"Sistema de Sa\u00fade em Minas Gerais ganha refor\u00e7o de 550 novos leitos de UTI adulto - Aconteceu no Vale","og_description":"O sistema p\u00fablico de sa\u00fade de Minas Gerais ganhou o refor\u00e7o de 550 novos leitos de UTI adulto e 40 pedi\u00e1tricos. Eles foram criados durante a pandemia e, agora, foram incorporados aos hospitais.\u00a0Com isso, o estado passou de 2.072 unidades de terapia intensiva para 2.622 em fevereiro deste ano, representando um crescimento de 26%. J\u00e1 [&hellip;]","og_url":"https:\/\/aconteceunovale.com.br\/portal\/?p=187533","og_site_name":"Aconteceu no Vale","article_publisher":"https:\/\/www.facebook.com\/aconteceunovale\/","article_published_time":"2022-02-27T23:20:34+00:00","article_modified_time":"2022-02-27T23:23:24+00:00","og_image":[{"width":675,"height":450,"url":"https:\/\/aconteceunovale.com.br\/portal\/wp-content\/uploads\/2022\/02\/leito_uti_mg.jpg","type":"image\/jpeg"}],"author":"Reda\u00e7\u00e3o Aconteceu no Vale","twitter_card":"summary_large_image","twitter_creator":"@noticiadosvales","twitter_site":"@noticiadosvales","twitter_misc":{"Escrito por":"Reda\u00e7\u00e3o Aconteceu no Vale","Est. tempo de leitura":"3 minutos"},"schema":{"@context":"https:\/\/schema.org","@graph":[{"@type":"Article","@id":"https:\/\/aconteceunovale.com.br\/portal\/?p=187533#article","isPartOf":{"@id":"https:\/\/aconteceunovale.com.br\/portal\/?p=187533"},"author":{"name":"Reda\u00e7\u00e3o Aconteceu no Vale","@id":"https:\/\/aconteceunovale.com.br\/portal\/#\/schema\/person\/7d2f26d1483f8a63de73da1ee0754d35"},"headline":"Sistema de Sa\u00fade em Minas Gerais ganha refor\u00e7o de 550 novos leitos de UTI adulto","datePublished":"2022-02-27T23:20:34+00:00","dateModified":"2022-02-27T23:23:24+00:00","mainEntityOfPage":{"@id":"https:\/\/aconteceunovale.com.br\/portal\/?p=187533"},"wordCount":572,"commentCount":0,"image":{"@id":"https:\/\/aconteceunovale.com.br\/portal\/?p=187533#primaryimage"},"thumbnailUrl":"https:\/\/aconteceunovale.com.br\/portal\/wp-content\/uploads\/2022\/02\/leito_uti_mg.jpg","keywords":["Belo Horizonte","bh","destaque","F\u00e1bio Baccheretti","Fhemig","Leitos de UTI no Sistema de Sa\u00fade em Minas Gerais","Minas Consciente","Minas Gerais","Novos leitos de UTI no Sistema de Sa\u00fade em Minas Gerais","Opera Mais Minas Gerais","Pandemia em Minas","Pandemia em Minas Gerais","SES-MG","Sistema de Sa\u00fade em Minas Gerais","SUS"],"articleSection":["Minas Gerais","Sa\u00fade"],"inLanguage":"pt-BR","potentialAction":[{"@type":"CommentAction","name":"Comment","target":["https:\/\/aconteceunovale.com.br\/portal\/?p=187533#respond"]}]},{"@type":"WebPage","@id":"https:\/\/aconteceunovale.com.br\/portal\/?p=187533","url":"https:\/\/aconteceunovale.com.br\/portal\/?p=187533","name":"Sistema de Sa\u00fade em Minas Gerais ganha refor\u00e7o de 550 novos leitos de UTI adulto - Aconteceu no Vale","isPartOf":{"@id":"https:\/\/aconteceunovale.com.br\/portal\/#website"},"primaryImageOfPage":{"@id":"https:\/\/aconteceunovale.com.br\/portal\/?p=187533#primaryimage"},"image":{"@id":"https:\/\/aconteceunovale.com.br\/portal\/?p=187533#primaryimage"},"thumbnailUrl":"https:\/\/aconteceunovale.com.br\/portal\/wp-content\/uploads\/2022\/02\/leito_uti_mg.jpg","datePublished":"2022-02-27T23:20:34+00:00","dateModified":"2022-02-27T23:23:24+00:00","author":{"@id":"https:\/\/aconteceunovale.com.br\/portal\/#\/schema\/person\/7d2f26d1483f8a63de73da1ee0754d35"},"breadcrumb":{"@id":"https:\/\/aconteceunovale.com.br\/portal\/?p=187533#breadcrumb"},"inLanguage":"pt-BR","potentialAction":[{"@type":"ReadAction","target":["https:\/\/aconteceunovale.com.br\/portal\/?p=187533"]}]},{"@type":"ImageObject","inLanguage":"pt-BR","@id":"https:\/\/aconteceunovale.com.br\/portal\/?p=187533#primaryimage","url":"https:\/\/aconteceunovale.com.br\/portal\/wp-content\/uploads\/2022\/02\/leito_uti_mg.jpg","contentUrl":"https:\/\/aconteceunovale.com.br\/portal\/wp-content\/uploads\/2022\/02\/leito_uti_mg.jpg","width":675,"height":450},{"@type":"BreadcrumbList","@id":"https:\/\/aconteceunovale.com.br\/portal\/?p=187533#breadcrumb","itemListElement":[{"@type":"ListItem","position":1,"name":"In\u00edcio","item":"https:\/\/aconteceunovale.com.br\/portal\/"},{"@type":"ListItem","position":2,"name":"Sistema de Sa\u00fade em Minas Gerais ganha refor\u00e7o de 550 novos leitos de UTI adulto"}]},{"@type":"WebSite","@id":"https:\/\/aconteceunovale.com.br\/portal\/#website","url":"https:\/\/aconteceunovale.com.br\/portal\/","name":"Aconteceu no Vale","description":"Portal de Not\u00edcias","potentialAction":[{"@type":"SearchAction","target":{"@type":"EntryPoint","urlTemplate":"https:\/\/aconteceunovale.com.br\/portal\/?s={search_term_string}"},"query-input":{"@type":"PropertyValueSpecification","valueRequired":true,"valueName":"search_term_string"}}],"inLanguage":"pt-BR"},{"@type":"Person","@id":"https:\/\/aconteceunovale.com.br\/portal\/#\/schema\/person\/7d2f26d1483f8a63de73da1ee0754d35","name":"Reda\u00e7\u00e3o Aconteceu no Vale","description":"Equipe de reportagem do Aconteceu no Vale, portal de not\u00edcias do Vale do Jequitinhonha, em Minas Gerais. Cobrimos as 51 cidades do Vale desde 2013. Sugest\u00f5es de pauta e pedidos de corre\u00e7\u00e3o: contato@aconteceunovale.com.br","url":"https:\/\/aconteceunovale.com.br\/portal\/?author=4"}]}},"_links":{"self":[{"href":"https:\/\/aconteceunovale.com.br\/portal\/index.php?rest_route=\/wp\/v2\/posts\/187533","targetHints":{"allow":["GET"]}}],"collection":[{"href":"https:\/\/aconteceunovale.com.br\/portal\/index.php?rest_route=\/wp\/v2\/posts"}],"about":[{"href":"https:\/\/aconteceunovale.com.br\/portal\/index.php?rest_route=\/wp\/v2\/types\/post"}],"author":[{"embeddable":true,"href":"https:\/\/aconteceunovale.com.br\/portal\/index.php?rest_route=\/wp\/v2\/users\/4"}],"replies":[{"embeddable":true,"href":"https:\/\/aconteceunovale.com.br\/portal\/index.php?rest_route=%2Fwp%2Fv2%2Fcomments&post=187533"}],"version-history":[{"count":2,"href":"https:\/\/aconteceunovale.com.br\/portal\/index.php?rest_route=\/wp\/v2\/posts\/187533\/revisions"}],"predecessor-version":[{"id":187537,"href":"https:\/\/aconteceunovale.com.br\/portal\/index.php?rest_route=\/wp\/v2\/posts\/187533\/revisions\/187537"}],"wp:featuredmedia":[{"embeddable":true,"href":"https:\/\/aconteceunovale.com.br\/portal\/index.php?rest_route=\/wp\/v2\/media\/187534"}],"wp:attachment":[{"href":"https:\/\/aconteceunovale.com.br\/portal\/index.php?rest_route=%2Fwp%2Fv2%2Fmedia&parent=187533"}],"wp:term":[{"taxonomy":"category","embeddable":true,"href":"https:\/\/aconteceunovale.com.br\/portal\/index.php?rest_route=%2Fwp%2Fv2%2Fcategories&post=187533"},{"taxonomy":"post_tag","embeddable":true,"href":"https:\/\/aconteceunovale.com.br\/portal\/index.php?rest_route=%2Fwp%2Fv2%2Ftags&post=187533"}],"curies":[{"name":"wp","href":"https:\/\/api.w.org\/{rel}","templated":true}]}}