{"id":187397,"date":"2022-02-25T12:31:02","date_gmt":"2022-02-25T15:31:02","guid":{"rendered":"https:\/\/aconteceunovale.com.br\/portal\/?p=187397"},"modified":"2022-02-25T12:32:02","modified_gmt":"2022-02-25T15:32:02","slug":"justica-de-minas-gerais-determina-fim-da-greve-de-policiais-civis-e-policiais-penais","status":"publish","type":"post","link":"https:\/\/aconteceunovale.com.br\/portal\/?p=187397","title":{"rendered":"Justi\u00e7a de Minas Gerais determina fim da greve de policiais civis e policiais penais"},"content":{"rendered":"\n<p class=\"wp-block-paragraph\">O Tribunal de Justi\u00e7a de Minas Gerais (TJMG) acolheu tese da\u00a0Advocacia-Geral do Estado (AGE-MG)\u00a0e determinou o encerramento da greve iniciada pelos policiais civis e os penais na \u00faltima ter\u00e7a-feira sob pena de multa di\u00e1ria de R$ 100 mil, limitada a R$ 10 milh\u00f5es, a cada um dos sindicatos das categorias.\u00a0<\/p>\n\n\n\n<p class=\"wp-block-paragraph\">A decis\u00e3o ocorreu por meio de duas liminares concedidas pela desembargadora-relatora, Albergaria Costa, nas a\u00e7\u00f5es declarat\u00f3rias de ilegalidade de greve ajuizadas pela AGE-MG.<\/p>\n\n\n\n<p class=\"wp-block-paragraph\">Nos autos, a Advocacia-Geral do Estado demonstrou que a jurisprud\u00eancia do Supremo Tribunal Federal pacificou a inadmissibilidade do exerc\u00edcio do direito de greve, <em>\u201csob qualquer forma ou modalidade\u201d,<\/em> de <em>\u201cpoliciais civis e a todos os servidores p\u00fablicos\u201d <\/em>que atuam diretamente na \u00e1rea de seguran\u00e7a p\u00fablica (Tema n\u00ba 541, STF).<\/p>\n\n\n\n<p class=\"wp-block-paragraph\"><em>&#8220;Significa que a paralisa\u00e7\u00e3o das atividades conclamada pelos sindicato-r\u00e9us, ainda que parcial, encontra \u00f3bice instranspon\u00edvel no artigo 144 da Constitui\u00e7\u00e3o Federal, que erigiu a seguran\u00e7a p\u00fablica como dever do Estado e direito de todos&#8221;, <\/em>decidiu a magistrada.<\/p>\n\n\n\n<p class=\"wp-block-paragraph\">Ainda de acordo com a desembargadora, o perigo de dano \u00e9 intr\u00ednseco \u00e0 pretens\u00e3o de paralisa\u00e7\u00e3o, com reflexos que podem comprometer a ordem p\u00fablica e a incolumidade das pessoas e do patrim\u00f4nio.<\/p>\n\n\n\n<p class=\"wp-block-paragraph\">&#8212;&#8212;&#8212;&#8212;&#8212;&#8212;<br><br><strong>Sabia que o Aconteceu no Vale est\u00e1 tamb\u00e9m no Telegram? <a rel=\"noreferrer noopener\" href=\"https:\/\/t.me\/aconteceunovaleoficial\" target=\"_blank\">Inscreva-se no canal<\/a>.<\/strong><br><br><strong>J\u00e1 curtiu ou seguiu nossas p\u00e1ginas nas redes sociais?\u00a0Receba as not\u00edcias em primeira m\u00e3o:<\/strong><br>\u2022 <a rel=\"noreferrer noopener\" href=\"https:\/\/news.google.com\/publications\/CAAqBwgKMNjklQswi4etAw?hl=pt-BR&amp;gl=BR&amp;ceid=BR%3Apt-419\" target=\"_blank\">Google News<\/a><br>\u2022 <a rel=\"noreferrer noopener\" href=\"https:\/\/www.facebook.com\/aconteceunovale\/\" target=\"_blank\">Facebook<\/a><br>\u2022 <a rel=\"noreferrer noopener\" href=\"https:\/\/twitter.com\/noticiadosvales\" target=\"_blank\">Twitter<\/a><br>\u2022 <a rel=\"noreferrer noopener\" href=\"https:\/\/www.instagram.com\/aconteceunovale\" target=\"_blank\">Instagram<\/a><br>\u2022 <a rel=\"noreferrer noopener\" href=\"https:\/\/www.youtube.com\/AconteceunoValeOficial\" target=\"_blank\">Youtube<\/a><br>\u2022 <a rel=\"noreferrer noopener\" href=\"https:\/\/www.tiktok.com\/@aconteceunovale\" target=\"_blank\">TikTok<\/a><\/p>\n","protected":false},"excerpt":{"rendered":"<p>O Tribunal de Justi\u00e7a de Minas Gerais (TJMG) acolheu tese da\u00a0Advocacia-Geral do Estado (AGE-MG)\u00a0e determinou o encerramento da greve iniciada pelos policiais civis e os penais na \u00faltima ter\u00e7a-feira sob pena de multa di\u00e1ria de R$ 100 mil, limitada a R$ 10 milh\u00f5es, a cada um dos sindicatos das categorias.\u00a0 A decis\u00e3o ocorreu por meio [&hellip;]<\/p>\n","protected":false},"author":4,"featured_media":187398,"comment_status":"open","ping_status":"closed","sticky":false,"template":"","format":"standard","meta":{"amp_status":"","footnotes":""},"categories":[123],"tags":[58818,259419,259417,259416,259418,140692,259415,270,92646],"class_list":["post-187397","post","type-post","status-publish","format-standard","has-post-thumbnail","hentry","category-gerais","tag-age-mg","tag-albergaria-costa","tag-greve-de-policiais-civis-em-minas-gerais","tag-greve-de-policiais-em-minas-gerais","tag-greve-de-policiais-penais-em-minas-gerais","tag-justica-de-minas-gerais","tag-justica-de-minas-gerais-determina-fim-da-greve-de-policiais-civis-e-policiais-penais","tag-tjmg","tag-tribunal-de-justica-de-minas-gerais"],"yoast_head":"<!-- This site is optimized with the Yoast SEO plugin v28.3 - https:\/\/yoast.com\/product\/yoast-seo-wordpress\/ -->\n<title>Justi\u00e7a de Minas Gerais determina fim da greve de policiais civis e policiais penais - Aconteceu no Vale<\/title>\n<meta name=\"robots\" content=\"index, follow, max-snippet:-1, max-image-preview:large, max-video-preview:-1\" \/>\n<link rel=\"canonical\" href=\"https:\/\/aconteceunovale.com.br\/portal\/?p=187397\" \/>\n<meta property=\"og:locale\" content=\"pt_BR\" \/>\n<meta property=\"og:type\" content=\"article\" \/>\n<meta property=\"og:title\" content=\"Justi\u00e7a de Minas Gerais determina fim da greve de policiais civis e policiais penais - Aconteceu no Vale\" \/>\n<meta property=\"og:description\" content=\"O Tribunal de Justi\u00e7a de Minas Gerais (TJMG) acolheu tese da\u00a0Advocacia-Geral do Estado (AGE-MG)\u00a0e determinou o encerramento da greve iniciada pelos policiais civis e os penais na \u00faltima ter\u00e7a-feira sob pena de multa di\u00e1ria de R$ 100 mil, limitada a R$ 10 milh\u00f5es, a cada um dos sindicatos das categorias.\u00a0 A decis\u00e3o ocorreu por meio [&hellip;]\" \/>\n<meta property=\"og:url\" content=\"https:\/\/aconteceunovale.com.br\/portal\/?p=187397\" \/>\n<meta property=\"og:site_name\" content=\"Aconteceu no Vale\" \/>\n<meta property=\"article:publisher\" content=\"https:\/\/www.facebook.com\/aconteceunovale\/\" \/>\n<meta property=\"article:published_time\" content=\"2022-02-25T15:31:02+00:00\" \/>\n<meta property=\"article:modified_time\" content=\"2022-02-25T15:32:02+00:00\" \/>\n<meta property=\"og:image\" content=\"https:\/\/aconteceunovale.com.br\/portal\/wp-content\/uploads\/2022\/02\/manifestacao_policiais_bh.jpeg\" \/>\n\t<meta property=\"og:image:width\" content=\"678\" \/>\n\t<meta property=\"og:image:height\" content=\"381\" \/>\n\t<meta property=\"og:image:type\" content=\"image\/jpeg\" \/>\n<meta name=\"author\" content=\"Reda\u00e7\u00e3o Aconteceu no Vale\" \/>\n<meta name=\"twitter:card\" content=\"summary_large_image\" \/>\n<meta name=\"twitter:creator\" content=\"@noticiadosvales\" \/>\n<meta name=\"twitter:site\" content=\"@noticiadosvales\" \/>\n<meta name=\"twitter:label1\" content=\"Escrito por\" \/>\n\t<meta name=\"twitter:data1\" content=\"Reda\u00e7\u00e3o Aconteceu no Vale\" \/>\n\t<meta name=\"twitter:label2\" content=\"Est. tempo de leitura\" \/>\n\t<meta name=\"twitter:data2\" content=\"1 minuto\" \/>\n<script type=\"application\/ld+json\" class=\"yoast-schema-graph\">{\"@context\":\"https:\\\/\\\/schema.org\",\"@graph\":[{\"@type\":\"Article\",\"@id\":\"https:\\\/\\\/aconteceunovale.com.br\\\/portal\\\/?p=187397#article\",\"isPartOf\":{\"@id\":\"https:\\\/\\\/aconteceunovale.com.br\\\/portal\\\/?p=187397\"},\"author\":{\"name\":\"Reda\u00e7\u00e3o Aconteceu no Vale\",\"@id\":\"https:\\\/\\\/aconteceunovale.com.br\\\/portal\\\/#\\\/schema\\\/person\\\/7d2f26d1483f8a63de73da1ee0754d35\"},\"headline\":\"Justi\u00e7a de Minas Gerais determina fim da greve de policiais civis e policiais penais\",\"datePublished\":\"2022-02-25T15:31:02+00:00\",\"dateModified\":\"2022-02-25T15:32:02+00:00\",\"mainEntityOfPage\":{\"@id\":\"https:\\\/\\\/aconteceunovale.com.br\\\/portal\\\/?p=187397\"},\"wordCount\":265,\"commentCount\":0,\"image\":{\"@id\":\"https:\\\/\\\/aconteceunovale.com.br\\\/portal\\\/?p=187397#primaryimage\"},\"thumbnailUrl\":\"https:\\\/\\\/aconteceunovale.com.br\\\/portal\\\/wp-content\\\/uploads\\\/2022\\\/02\\\/manifestacao_policiais_bh.jpeg\",\"keywords\":[\"AGE-MG\",\"Albergaria Costa\",\"Greve de policiais civis em Minas Gerais\",\"Greve de policiais em Minas Gerais\",\"Greve de policiais penais em Minas Gerais\",\"Justi\u00e7a de Minas Gerais\",\"Justi\u00e7a de Minas Gerais determina fim da greve de policiais civis e policiais penais\",\"TJMG\",\"Tribunal de Justi\u00e7a de Minas Gerais\"],\"articleSection\":[\"Minas Gerais\"],\"inLanguage\":\"pt-BR\",\"potentialAction\":[{\"@type\":\"CommentAction\",\"name\":\"Comment\",\"target\":[\"https:\\\/\\\/aconteceunovale.com.br\\\/portal\\\/?p=187397#respond\"]}]},{\"@type\":\"WebPage\",\"@id\":\"https:\\\/\\\/aconteceunovale.com.br\\\/portal\\\/?p=187397\",\"url\":\"https:\\\/\\\/aconteceunovale.com.br\\\/portal\\\/?p=187397\",\"name\":\"Justi\u00e7a de Minas Gerais determina fim da greve de policiais civis e policiais penais - Aconteceu no Vale\",\"isPartOf\":{\"@id\":\"https:\\\/\\\/aconteceunovale.com.br\\\/portal\\\/#website\"},\"primaryImageOfPage\":{\"@id\":\"https:\\\/\\\/aconteceunovale.com.br\\\/portal\\\/?p=187397#primaryimage\"},\"image\":{\"@id\":\"https:\\\/\\\/aconteceunovale.com.br\\\/portal\\\/?p=187397#primaryimage\"},\"thumbnailUrl\":\"https:\\\/\\\/aconteceunovale.com.br\\\/portal\\\/wp-content\\\/uploads\\\/2022\\\/02\\\/manifestacao_policiais_bh.jpeg\",\"datePublished\":\"2022-02-25T15:31:02+00:00\",\"dateModified\":\"2022-02-25T15:32:02+00:00\",\"author\":{\"@id\":\"https:\\\/\\\/aconteceunovale.com.br\\\/portal\\\/#\\\/schema\\\/person\\\/7d2f26d1483f8a63de73da1ee0754d35\"},\"breadcrumb\":{\"@id\":\"https:\\\/\\\/aconteceunovale.com.br\\\/portal\\\/?p=187397#breadcrumb\"},\"inLanguage\":\"pt-BR\",\"potentialAction\":[{\"@type\":\"ReadAction\",\"target\":[\"https:\\\/\\\/aconteceunovale.com.br\\\/portal\\\/?p=187397\"]}]},{\"@type\":\"ImageObject\",\"inLanguage\":\"pt-BR\",\"@id\":\"https:\\\/\\\/aconteceunovale.com.br\\\/portal\\\/?p=187397#primaryimage\",\"url\":\"https:\\\/\\\/aconteceunovale.com.br\\\/portal\\\/wp-content\\\/uploads\\\/2022\\\/02\\\/manifestacao_policiais_bh.jpeg\",\"contentUrl\":\"https:\\\/\\\/aconteceunovale.com.br\\\/portal\\\/wp-content\\\/uploads\\\/2022\\\/02\\\/manifestacao_policiais_bh.jpeg\",\"width\":678,\"height\":381},{\"@type\":\"BreadcrumbList\",\"@id\":\"https:\\\/\\\/aconteceunovale.com.br\\\/portal\\\/?p=187397#breadcrumb\",\"itemListElement\":[{\"@type\":\"ListItem\",\"position\":1,\"name\":\"In\u00edcio\",\"item\":\"https:\\\/\\\/aconteceunovale.com.br\\\/portal\\\/\"},{\"@type\":\"ListItem\",\"position\":2,\"name\":\"Justi\u00e7a de Minas Gerais determina fim da greve de policiais civis e policiais penais\"}]},{\"@type\":\"WebSite\",\"@id\":\"https:\\\/\\\/aconteceunovale.com.br\\\/portal\\\/#website\",\"url\":\"https:\\\/\\\/aconteceunovale.com.br\\\/portal\\\/\",\"name\":\"Aconteceu no Vale\",\"description\":\"Portal de Not\u00edcias\",\"potentialAction\":[{\"@type\":\"SearchAction\",\"target\":{\"@type\":\"EntryPoint\",\"urlTemplate\":\"https:\\\/\\\/aconteceunovale.com.br\\\/portal\\\/?s={search_term_string}\"},\"query-input\":{\"@type\":\"PropertyValueSpecification\",\"valueRequired\":true,\"valueName\":\"search_term_string\"}}],\"inLanguage\":\"pt-BR\"},{\"@type\":\"Person\",\"@id\":\"https:\\\/\\\/aconteceunovale.com.br\\\/portal\\\/#\\\/schema\\\/person\\\/7d2f26d1483f8a63de73da1ee0754d35\",\"name\":\"Reda\u00e7\u00e3o Aconteceu no Vale\",\"description\":\"Equipe de reportagem do Aconteceu no Vale, portal de not\u00edcias do Vale do Jequitinhonha, em Minas Gerais. Cobrimos as 51 cidades do Vale desde 2013. Sugest\u00f5es de pauta e pedidos de corre\u00e7\u00e3o: contato@aconteceunovale.com.br\",\"url\":\"https:\\\/\\\/aconteceunovale.com.br\\\/portal\\\/?author=4\"}]}<\/script>\n<!-- \/ Yoast SEO plugin. -->","yoast_head_json":{"title":"Justi\u00e7a de Minas Gerais determina fim da greve de policiais civis e policiais penais - Aconteceu no Vale","robots":{"index":"index","follow":"follow","max-snippet":"max-snippet:-1","max-image-preview":"max-image-preview:large","max-video-preview":"max-video-preview:-1"},"canonical":"https:\/\/aconteceunovale.com.br\/portal\/?p=187397","og_locale":"pt_BR","og_type":"article","og_title":"Justi\u00e7a de Minas Gerais determina fim da greve de policiais civis e policiais penais - Aconteceu no Vale","og_description":"O Tribunal de Justi\u00e7a de Minas Gerais (TJMG) acolheu tese da\u00a0Advocacia-Geral do Estado (AGE-MG)\u00a0e determinou o encerramento da greve iniciada pelos policiais civis e os penais na \u00faltima ter\u00e7a-feira sob pena de multa di\u00e1ria de R$ 100 mil, limitada a R$ 10 milh\u00f5es, a cada um dos sindicatos das categorias.\u00a0 A decis\u00e3o ocorreu por meio [&hellip;]","og_url":"https:\/\/aconteceunovale.com.br\/portal\/?p=187397","og_site_name":"Aconteceu no Vale","article_publisher":"https:\/\/www.facebook.com\/aconteceunovale\/","article_published_time":"2022-02-25T15:31:02+00:00","article_modified_time":"2022-02-25T15:32:02+00:00","og_image":[{"width":678,"height":381,"url":"https:\/\/aconteceunovale.com.br\/portal\/wp-content\/uploads\/2022\/02\/manifestacao_policiais_bh.jpeg","type":"image\/jpeg"}],"author":"Reda\u00e7\u00e3o Aconteceu no Vale","twitter_card":"summary_large_image","twitter_creator":"@noticiadosvales","twitter_site":"@noticiadosvales","twitter_misc":{"Escrito por":"Reda\u00e7\u00e3o Aconteceu no Vale","Est. tempo de leitura":"1 minuto"},"schema":{"@context":"https:\/\/schema.org","@graph":[{"@type":"Article","@id":"https:\/\/aconteceunovale.com.br\/portal\/?p=187397#article","isPartOf":{"@id":"https:\/\/aconteceunovale.com.br\/portal\/?p=187397"},"author":{"name":"Reda\u00e7\u00e3o Aconteceu no Vale","@id":"https:\/\/aconteceunovale.com.br\/portal\/#\/schema\/person\/7d2f26d1483f8a63de73da1ee0754d35"},"headline":"Justi\u00e7a de Minas Gerais determina fim da greve de policiais civis e policiais penais","datePublished":"2022-02-25T15:31:02+00:00","dateModified":"2022-02-25T15:32:02+00:00","mainEntityOfPage":{"@id":"https:\/\/aconteceunovale.com.br\/portal\/?p=187397"},"wordCount":265,"commentCount":0,"image":{"@id":"https:\/\/aconteceunovale.com.br\/portal\/?p=187397#primaryimage"},"thumbnailUrl":"https:\/\/aconteceunovale.com.br\/portal\/wp-content\/uploads\/2022\/02\/manifestacao_policiais_bh.jpeg","keywords":["AGE-MG","Albergaria Costa","Greve de policiais civis em Minas Gerais","Greve de policiais em Minas Gerais","Greve de policiais penais em Minas Gerais","Justi\u00e7a de Minas Gerais","Justi\u00e7a de Minas Gerais determina fim da greve de policiais civis e policiais penais","TJMG","Tribunal de Justi\u00e7a de Minas Gerais"],"articleSection":["Minas Gerais"],"inLanguage":"pt-BR","potentialAction":[{"@type":"CommentAction","name":"Comment","target":["https:\/\/aconteceunovale.com.br\/portal\/?p=187397#respond"]}]},{"@type":"WebPage","@id":"https:\/\/aconteceunovale.com.br\/portal\/?p=187397","url":"https:\/\/aconteceunovale.com.br\/portal\/?p=187397","name":"Justi\u00e7a de Minas Gerais determina fim da greve de policiais civis e policiais penais - Aconteceu no Vale","isPartOf":{"@id":"https:\/\/aconteceunovale.com.br\/portal\/#website"},"primaryImageOfPage":{"@id":"https:\/\/aconteceunovale.com.br\/portal\/?p=187397#primaryimage"},"image":{"@id":"https:\/\/aconteceunovale.com.br\/portal\/?p=187397#primaryimage"},"thumbnailUrl":"https:\/\/aconteceunovale.com.br\/portal\/wp-content\/uploads\/2022\/02\/manifestacao_policiais_bh.jpeg","datePublished":"2022-02-25T15:31:02+00:00","dateModified":"2022-02-25T15:32:02+00:00","author":{"@id":"https:\/\/aconteceunovale.com.br\/portal\/#\/schema\/person\/7d2f26d1483f8a63de73da1ee0754d35"},"breadcrumb":{"@id":"https:\/\/aconteceunovale.com.br\/portal\/?p=187397#breadcrumb"},"inLanguage":"pt-BR","potentialAction":[{"@type":"ReadAction","target":["https:\/\/aconteceunovale.com.br\/portal\/?p=187397"]}]},{"@type":"ImageObject","inLanguage":"pt-BR","@id":"https:\/\/aconteceunovale.com.br\/portal\/?p=187397#primaryimage","url":"https:\/\/aconteceunovale.com.br\/portal\/wp-content\/uploads\/2022\/02\/manifestacao_policiais_bh.jpeg","contentUrl":"https:\/\/aconteceunovale.com.br\/portal\/wp-content\/uploads\/2022\/02\/manifestacao_policiais_bh.jpeg","width":678,"height":381},{"@type":"BreadcrumbList","@id":"https:\/\/aconteceunovale.com.br\/portal\/?p=187397#breadcrumb","itemListElement":[{"@type":"ListItem","position":1,"name":"In\u00edcio","item":"https:\/\/aconteceunovale.com.br\/portal\/"},{"@type":"ListItem","position":2,"name":"Justi\u00e7a de Minas Gerais determina fim da greve de policiais civis e policiais penais"}]},{"@type":"WebSite","@id":"https:\/\/aconteceunovale.com.br\/portal\/#website","url":"https:\/\/aconteceunovale.com.br\/portal\/","name":"Aconteceu no Vale","description":"Portal de Not\u00edcias","potentialAction":[{"@type":"SearchAction","target":{"@type":"EntryPoint","urlTemplate":"https:\/\/aconteceunovale.com.br\/portal\/?s={search_term_string}"},"query-input":{"@type":"PropertyValueSpecification","valueRequired":true,"valueName":"search_term_string"}}],"inLanguage":"pt-BR"},{"@type":"Person","@id":"https:\/\/aconteceunovale.com.br\/portal\/#\/schema\/person\/7d2f26d1483f8a63de73da1ee0754d35","name":"Reda\u00e7\u00e3o Aconteceu no Vale","description":"Equipe de reportagem do Aconteceu no Vale, portal de not\u00edcias do Vale do Jequitinhonha, em Minas Gerais. Cobrimos as 51 cidades do Vale desde 2013. Sugest\u00f5es de pauta e pedidos de corre\u00e7\u00e3o: contato@aconteceunovale.com.br","url":"https:\/\/aconteceunovale.com.br\/portal\/?author=4"}]}},"_links":{"self":[{"href":"https:\/\/aconteceunovale.com.br\/portal\/index.php?rest_route=\/wp\/v2\/posts\/187397","targetHints":{"allow":["GET"]}}],"collection":[{"href":"https:\/\/aconteceunovale.com.br\/portal\/index.php?rest_route=\/wp\/v2\/posts"}],"about":[{"href":"https:\/\/aconteceunovale.com.br\/portal\/index.php?rest_route=\/wp\/v2\/types\/post"}],"author":[{"embeddable":true,"href":"https:\/\/aconteceunovale.com.br\/portal\/index.php?rest_route=\/wp\/v2\/users\/4"}],"replies":[{"embeddable":true,"href":"https:\/\/aconteceunovale.com.br\/portal\/index.php?rest_route=%2Fwp%2Fv2%2Fcomments&post=187397"}],"version-history":[{"count":1,"href":"https:\/\/aconteceunovale.com.br\/portal\/index.php?rest_route=\/wp\/v2\/posts\/187397\/revisions"}],"predecessor-version":[{"id":187399,"href":"https:\/\/aconteceunovale.com.br\/portal\/index.php?rest_route=\/wp\/v2\/posts\/187397\/revisions\/187399"}],"wp:featuredmedia":[{"embeddable":true,"href":"https:\/\/aconteceunovale.com.br\/portal\/index.php?rest_route=\/wp\/v2\/media\/187398"}],"wp:attachment":[{"href":"https:\/\/aconteceunovale.com.br\/portal\/index.php?rest_route=%2Fwp%2Fv2%2Fmedia&parent=187397"}],"wp:term":[{"taxonomy":"category","embeddable":true,"href":"https:\/\/aconteceunovale.com.br\/portal\/index.php?rest_route=%2Fwp%2Fv2%2Fcategories&post=187397"},{"taxonomy":"post_tag","embeddable":true,"href":"https:\/\/aconteceunovale.com.br\/portal\/index.php?rest_route=%2Fwp%2Fv2%2Ftags&post=187397"}],"curies":[{"name":"wp","href":"https:\/\/api.w.org\/{rel}","templated":true}]}}