{"id":187393,"date":"2022-02-25T11:34:05","date_gmt":"2022-02-25T14:34:05","guid":{"rendered":"https:\/\/aconteceunovale.com.br\/portal\/?p=187393"},"modified":"2022-02-25T11:35:16","modified_gmt":"2022-02-25T14:35:16","slug":"policia-rodoviaria-federal-reforca-fiscalizacao-para-coibir-infracoes-de-transito-no-carnaval","status":"publish","type":"post","link":"https:\/\/aconteceunovale.com.br\/portal\/?p=187393","title":{"rendered":"Pol\u00edcia Rodovi\u00e1ria Federal refor\u00e7a fiscaliza\u00e7\u00e3o para coibir infra\u00e7\u00f5es de tr\u00e2nsito no carnaval"},"content":{"rendered":"\n<p class=\"wp-block-paragraph\">A Pol\u00edcia Rodovi\u00e1ria Federal (PRF) deflagrou hoje\u00a0(25)\u00a0a Opera\u00e7\u00e3o Carnaval. Ainda que muitos estados e munic\u00edpios tenham proibido a realiza\u00e7\u00e3o de festas e desfiles de blocos carnavalescos devido \u00e0 pandemia de\u00a0covid-19, chegando mesmo a cancelar o ponto facultativo, o \u00f3rg\u00e3o espera aumento do n\u00famero de ve\u00edculos nas rodovias do pa\u00eds nos pr\u00f3ximos dias.<\/p>\n\n\n\n<figure class=\"wp-block-gallery has-nested-images columns-default is-cropped wp-block-gallery-1 is-layout-flex wp-block-gallery-is-layout-flex\">\n<figure class=\"wp-block-image size-large\"><img loading=\"lazy\" decoding=\"async\" width=\"678\" height=\"406\" data-id=\"187395\" src=\"https:\/\/aconteceunovale.com.br\/portal\/wp-content\/uploads\/2022\/02\/prf_carnaval-1.jpg\" alt=\"\" class=\"wp-image-187395\" srcset=\"https:\/\/aconteceunovale.com.br\/portal\/wp-content\/uploads\/2022\/02\/prf_carnaval-1.jpg 678w, https:\/\/aconteceunovale.com.br\/portal\/wp-content\/uploads\/2022\/02\/prf_carnaval-1-300x180.jpg 300w\" sizes=\"auto, (max-width: 678px) 100vw, 678px\" \/><figcaption><em><sub>Foto: Divulga\u00e7\u00e3o\/PRF<\/sub><\/em><\/figcaption><\/figure>\n<\/figure>\n\n\n\n<p class=\"wp-block-paragraph\">A fiscaliza\u00e7\u00e3o e o policiamento ser\u00e3o intensificados nas rodovias federais at\u00e9 \u00e0s 23h59 da&nbsp;Quarta-Feira de Cinzas (2). A PRF promete ampliar o efetivo policial de servi\u00e7o e intensificar as rondas ostensivas, principalmente durante os hor\u00e1rios de maior movimento e em locais que, devido \u00e0 maior incid\u00eancia de acidentes ou de cometimento de infra\u00e7\u00f5es de tr\u00e2nsito, s\u00e3o considerados cr\u00edticos.<\/p>\n\n\n\n<p class=\"wp-block-paragraph\">A Opera\u00e7\u00e3o Carnaval \u00e9 parte integrante da Opera\u00e7\u00e3o Rodovida 2021\/2022 e&nbsp;ter\u00e1 como principal objetivo identificar condutores que tenham consumido bebidas alco\u00f3licas ou outras subst\u00e2ncias psicoativas, impedindo-os de dirigir. Para isto, policiais rodovi\u00e1rios v\u00e3o submeter os motoristas parados ao teste do etil\u00f4metro (baf\u00f4metro) a fim de verificar a poss\u00edvel concentra\u00e7\u00e3o de \u00e1lcool no organismo.<\/p>\n\n\n\n<p class=\"wp-block-paragraph\">No \u00faltimo dia 18, o \u00f3rg\u00e3o lan\u00e7ou uma campanha educativa para tentar conscientizar as pessoas sobre os riscos de uma pessoa que bebeu conduzir um ve\u00edculo automotor. Com o mote&nbsp;<em>Vai&nbsp;Ter&nbsp;Ou N\u00e3o Vai&nbsp;Ter&nbsp;Carnaval?<\/em>, v\u00eddeos e publica\u00e7\u00f5es para as redes sociais destacam a import\u00e2ncia de todos respeitarem as leis a fim de garantir a seguran\u00e7a no tr\u00e2nsito.<\/p>\n\n\n\n<p class=\"wp-block-paragraph\">Como de costume, a institui\u00e7\u00e3o orienta quem vai pegar a estrada a&nbsp;fazer antes a revis\u00e3o, com especial aten\u00e7\u00e3o ao funcionamento dos equipamentos obrigat\u00f3rios. Tamb\u00e9m \u00e9 importante verificar a documenta\u00e7\u00e3o do ve\u00edculo e de todos os ocupantes, inclusive de crian\u00e7as e adolescentes. Durante o percurso, o motorista deve manter uma dist\u00e2ncia segura do ve\u00edculo \u00e0 frente; respeitar os limites de velocidade estabelecidos para a via e demais orienta\u00e7\u00f5es da via, prestando aten\u00e7\u00e3o aos pedestres, ciclistas e outros usu\u00e1rios.<\/p>\n\n\n\n<p class=\"wp-block-paragraph\">Em caso de acidentes ou incidentes,\u00a0ligar para o telefone de emerg\u00eancia 191.<\/p>\n\n\n\n<p class=\"wp-block-paragraph\">&#8212;&#8212;&#8212;&#8212;&#8212;&#8212;<br><br><strong>Sabia que o Aconteceu no Vale est\u00e1 tamb\u00e9m no Telegram? <a rel=\"noreferrer noopener\" href=\"https:\/\/t.me\/aconteceunovaleoficial\" target=\"_blank\">Inscreva-se no canal<\/a>.<\/strong><br><br><strong>J\u00e1 curtiu ou seguiu nossas p\u00e1ginas nas redes sociais?\u00a0Receba as not\u00edcias em primeira m\u00e3o:<\/strong><br>\u2022 <a rel=\"noreferrer noopener\" href=\"https:\/\/news.google.com\/publications\/CAAqBwgKMNjklQswi4etAw?hl=pt-BR&amp;gl=BR&amp;ceid=BR%3Apt-419\" target=\"_blank\">Google News<\/a><br>\u2022 <a rel=\"noreferrer noopener\" href=\"https:\/\/www.facebook.com\/aconteceunovale\/\" target=\"_blank\">Facebook<\/a><br>\u2022 <a rel=\"noreferrer noopener\" href=\"https:\/\/twitter.com\/noticiadosvales\" target=\"_blank\">Twitter<\/a><br>\u2022 <a rel=\"noreferrer noopener\" href=\"https:\/\/www.instagram.com\/aconteceunovale\" target=\"_blank\">Instagram<\/a><br>\u2022 <a rel=\"noreferrer noopener\" href=\"https:\/\/www.youtube.com\/AconteceunoValeOficial\" target=\"_blank\">Youtube<\/a><br>\u2022 <a rel=\"noreferrer noopener\" href=\"https:\/\/www.tiktok.com\/@aconteceunovale\" target=\"_blank\">TikTok<\/a><\/p>\n","protected":false},"excerpt":{"rendered":"<p>A Pol\u00edcia Rodovi\u00e1ria Federal (PRF) deflagrou hoje\u00a0(25)\u00a0a Opera\u00e7\u00e3o Carnaval. Ainda que muitos estados e munic\u00edpios tenham proibido a realiza\u00e7\u00e3o de festas e desfiles de blocos carnavalescos devido \u00e0 pandemia de\u00a0covid-19, chegando mesmo a cancelar o ponto facultativo, o \u00f3rg\u00e3o espera aumento do n\u00famero de ve\u00edculos nas rodovias do pa\u00eds nos pr\u00f3ximos dias. A fiscaliza\u00e7\u00e3o e [&hellip;]<\/p>\n","protected":false},"author":4,"featured_media":187394,"comment_status":"open","ping_status":"closed","sticky":false,"template":"","format":"standard","meta":{"amp_status":"","footnotes":""},"categories":[6,125],"tags":[4108,259411,259413,259412,34218,259414,1984,259410,239],"class_list":["post-187393","post","type-post","status-publish","format-standard","has-post-thumbnail","hentry","category-br","category-noticias","tag-carnaval","tag-fiscalizacao-nas-estradas-durante-o-carnaval","tag-operacao-carnaval-da-policia-rodoviaria-federal","tag-operacao-carnaval-da-prf","tag-operacao-da-prf-durante-o-carnaval","tag-operacao-rodovida-da-prf","tag-policia-rodoviaria-federal","tag-policia-rodoviaria-federal-reforca-fiscalizacao-para-coibir-infracoes-de-transito-no-carnaval","tag-prf"],"yoast_head":"<!-- This site is optimized with the Yoast SEO plugin v28.3 - https:\/\/yoast.com\/product\/yoast-seo-wordpress\/ -->\n<title>Pol\u00edcia Rodovi\u00e1ria Federal refor\u00e7a fiscaliza\u00e7\u00e3o para coibir infra\u00e7\u00f5es de tr\u00e2nsito no carnaval - Aconteceu no Vale<\/title>\n<meta name=\"robots\" content=\"index, follow, max-snippet:-1, max-image-preview:large, max-video-preview:-1\" \/>\n<link rel=\"canonical\" href=\"https:\/\/aconteceunovale.com.br\/portal\/?p=187393\" \/>\n<meta property=\"og:locale\" content=\"pt_BR\" \/>\n<meta property=\"og:type\" content=\"article\" \/>\n<meta property=\"og:title\" content=\"Pol\u00edcia Rodovi\u00e1ria Federal refor\u00e7a fiscaliza\u00e7\u00e3o para coibir infra\u00e7\u00f5es de tr\u00e2nsito no carnaval - Aconteceu no Vale\" \/>\n<meta property=\"og:description\" content=\"A Pol\u00edcia Rodovi\u00e1ria Federal (PRF) deflagrou hoje\u00a0(25)\u00a0a Opera\u00e7\u00e3o Carnaval. Ainda que muitos estados e munic\u00edpios tenham proibido a realiza\u00e7\u00e3o de festas e desfiles de blocos carnavalescos devido \u00e0 pandemia de\u00a0covid-19, chegando mesmo a cancelar o ponto facultativo, o \u00f3rg\u00e3o espera aumento do n\u00famero de ve\u00edculos nas rodovias do pa\u00eds nos pr\u00f3ximos dias. A fiscaliza\u00e7\u00e3o e [&hellip;]\" \/>\n<meta property=\"og:url\" content=\"https:\/\/aconteceunovale.com.br\/portal\/?p=187393\" \/>\n<meta property=\"og:site_name\" content=\"Aconteceu no Vale\" \/>\n<meta property=\"article:publisher\" content=\"https:\/\/www.facebook.com\/aconteceunovale\/\" \/>\n<meta property=\"article:published_time\" content=\"2022-02-25T14:34:05+00:00\" \/>\n<meta property=\"article:modified_time\" content=\"2022-02-25T14:35:16+00:00\" \/>\n<meta property=\"og:image\" content=\"https:\/\/aconteceunovale.com.br\/portal\/wp-content\/uploads\/2022\/02\/prf_carnaval.jpg\" \/>\n\t<meta property=\"og:image:width\" content=\"678\" \/>\n\t<meta property=\"og:image:height\" content=\"406\" \/>\n\t<meta property=\"og:image:type\" content=\"image\/jpeg\" \/>\n<meta name=\"author\" content=\"Reda\u00e7\u00e3o Aconteceu no Vale\" \/>\n<meta name=\"twitter:card\" content=\"summary_large_image\" \/>\n<meta name=\"twitter:creator\" content=\"@noticiadosvales\" \/>\n<meta name=\"twitter:site\" content=\"@noticiadosvales\" \/>\n<meta name=\"twitter:label1\" content=\"Escrito por\" \/>\n\t<meta name=\"twitter:data1\" content=\"Reda\u00e7\u00e3o Aconteceu no Vale\" \/>\n\t<meta name=\"twitter:label2\" content=\"Est. tempo de leitura\" \/>\n\t<meta name=\"twitter:data2\" content=\"2 minutos\" \/>\n<script type=\"application\/ld+json\" class=\"yoast-schema-graph\">{\"@context\":\"https:\\\/\\\/schema.org\",\"@graph\":[{\"@type\":\"Article\",\"@id\":\"https:\\\/\\\/aconteceunovale.com.br\\\/portal\\\/?p=187393#article\",\"isPartOf\":{\"@id\":\"https:\\\/\\\/aconteceunovale.com.br\\\/portal\\\/?p=187393\"},\"author\":{\"name\":\"Reda\u00e7\u00e3o Aconteceu no Vale\",\"@id\":\"https:\\\/\\\/aconteceunovale.com.br\\\/portal\\\/#\\\/schema\\\/person\\\/7d2f26d1483f8a63de73da1ee0754d35\"},\"headline\":\"Pol\u00edcia Rodovi\u00e1ria Federal refor\u00e7a fiscaliza\u00e7\u00e3o para coibir infra\u00e7\u00f5es de tr\u00e2nsito no carnaval\",\"datePublished\":\"2022-02-25T14:34:05+00:00\",\"dateModified\":\"2022-02-25T14:35:16+00:00\",\"mainEntityOfPage\":{\"@id\":\"https:\\\/\\\/aconteceunovale.com.br\\\/portal\\\/?p=187393\"},\"wordCount\":431,\"commentCount\":0,\"image\":{\"@id\":\"https:\\\/\\\/aconteceunovale.com.br\\\/portal\\\/?p=187393#primaryimage\"},\"thumbnailUrl\":\"https:\\\/\\\/aconteceunovale.com.br\\\/portal\\\/wp-content\\\/uploads\\\/2022\\\/02\\\/prf_carnaval.jpg\",\"keywords\":[\"Carnaval\",\"Fiscaliza\u00e7\u00e3o nas estradas durante o carnaval\",\"Opera\u00e7\u00e3o Carnaval da Pol\u00edcia Rodovi\u00e1ria Federal\",\"Opera\u00e7\u00e3o Carnaval da PRF\",\"opera\u00e7\u00e3o da prf durante o carnaval\",\"Opera\u00e7\u00e3o Rodovida da PRF\",\"Pol\u00edcia Rodovi\u00e1ria Federal\",\"Pol\u00edcia Rodovi\u00e1ria Federal refor\u00e7a fiscaliza\u00e7\u00e3o para coibir infra\u00e7\u00f5es de tr\u00e2nsito no carnaval\",\"PRF\"],\"articleSection\":[\"Brasil\",\"Eventos\"],\"inLanguage\":\"pt-BR\",\"potentialAction\":[{\"@type\":\"CommentAction\",\"name\":\"Comment\",\"target\":[\"https:\\\/\\\/aconteceunovale.com.br\\\/portal\\\/?p=187393#respond\"]}]},{\"@type\":\"WebPage\",\"@id\":\"https:\\\/\\\/aconteceunovale.com.br\\\/portal\\\/?p=187393\",\"url\":\"https:\\\/\\\/aconteceunovale.com.br\\\/portal\\\/?p=187393\",\"name\":\"Pol\u00edcia Rodovi\u00e1ria Federal refor\u00e7a fiscaliza\u00e7\u00e3o para coibir infra\u00e7\u00f5es de tr\u00e2nsito no carnaval - Aconteceu no Vale\",\"isPartOf\":{\"@id\":\"https:\\\/\\\/aconteceunovale.com.br\\\/portal\\\/#website\"},\"primaryImageOfPage\":{\"@id\":\"https:\\\/\\\/aconteceunovale.com.br\\\/portal\\\/?p=187393#primaryimage\"},\"image\":{\"@id\":\"https:\\\/\\\/aconteceunovale.com.br\\\/portal\\\/?p=187393#primaryimage\"},\"thumbnailUrl\":\"https:\\\/\\\/aconteceunovale.com.br\\\/portal\\\/wp-content\\\/uploads\\\/2022\\\/02\\\/prf_carnaval.jpg\",\"datePublished\":\"2022-02-25T14:34:05+00:00\",\"dateModified\":\"2022-02-25T14:35:16+00:00\",\"author\":{\"@id\":\"https:\\\/\\\/aconteceunovale.com.br\\\/portal\\\/#\\\/schema\\\/person\\\/7d2f26d1483f8a63de73da1ee0754d35\"},\"breadcrumb\":{\"@id\":\"https:\\\/\\\/aconteceunovale.com.br\\\/portal\\\/?p=187393#breadcrumb\"},\"inLanguage\":\"pt-BR\",\"potentialAction\":[{\"@type\":\"ReadAction\",\"target\":[\"https:\\\/\\\/aconteceunovale.com.br\\\/portal\\\/?p=187393\"]}]},{\"@type\":\"ImageObject\",\"inLanguage\":\"pt-BR\",\"@id\":\"https:\\\/\\\/aconteceunovale.com.br\\\/portal\\\/?p=187393#primaryimage\",\"url\":\"https:\\\/\\\/aconteceunovale.com.br\\\/portal\\\/wp-content\\\/uploads\\\/2022\\\/02\\\/prf_carnaval.jpg\",\"contentUrl\":\"https:\\\/\\\/aconteceunovale.com.br\\\/portal\\\/wp-content\\\/uploads\\\/2022\\\/02\\\/prf_carnaval.jpg\",\"width\":678,\"height\":406,\"caption\":\"Opera\u00e7\u00f5es da Pol\u00edcia Rodovi\u00e1ria Federal (Divulga\u00e7\u00e3o\\\/PRF)\"},{\"@type\":\"BreadcrumbList\",\"@id\":\"https:\\\/\\\/aconteceunovale.com.br\\\/portal\\\/?p=187393#breadcrumb\",\"itemListElement\":[{\"@type\":\"ListItem\",\"position\":1,\"name\":\"In\u00edcio\",\"item\":\"https:\\\/\\\/aconteceunovale.com.br\\\/portal\\\/\"},{\"@type\":\"ListItem\",\"position\":2,\"name\":\"Pol\u00edcia Rodovi\u00e1ria Federal refor\u00e7a fiscaliza\u00e7\u00e3o para coibir infra\u00e7\u00f5es de tr\u00e2nsito no carnaval\"}]},{\"@type\":\"WebSite\",\"@id\":\"https:\\\/\\\/aconteceunovale.com.br\\\/portal\\\/#website\",\"url\":\"https:\\\/\\\/aconteceunovale.com.br\\\/portal\\\/\",\"name\":\"Aconteceu no Vale\",\"description\":\"Portal de Not\u00edcias\",\"potentialAction\":[{\"@type\":\"SearchAction\",\"target\":{\"@type\":\"EntryPoint\",\"urlTemplate\":\"https:\\\/\\\/aconteceunovale.com.br\\\/portal\\\/?s={search_term_string}\"},\"query-input\":{\"@type\":\"PropertyValueSpecification\",\"valueRequired\":true,\"valueName\":\"search_term_string\"}}],\"inLanguage\":\"pt-BR\"},{\"@type\":\"Person\",\"@id\":\"https:\\\/\\\/aconteceunovale.com.br\\\/portal\\\/#\\\/schema\\\/person\\\/7d2f26d1483f8a63de73da1ee0754d35\",\"name\":\"Reda\u00e7\u00e3o Aconteceu no Vale\",\"description\":\"Equipe de reportagem do Aconteceu no Vale, portal de not\u00edcias do Vale do Jequitinhonha, em Minas Gerais. Cobrimos as 51 cidades do Vale desde 2013. Sugest\u00f5es de pauta e pedidos de corre\u00e7\u00e3o: contato@aconteceunovale.com.br\",\"url\":\"https:\\\/\\\/aconteceunovale.com.br\\\/portal\\\/?author=4\"}]}<\/script>\n<!-- \/ Yoast SEO plugin. -->","yoast_head_json":{"title":"Pol\u00edcia Rodovi\u00e1ria Federal refor\u00e7a fiscaliza\u00e7\u00e3o para coibir infra\u00e7\u00f5es de tr\u00e2nsito no carnaval - Aconteceu no Vale","robots":{"index":"index","follow":"follow","max-snippet":"max-snippet:-1","max-image-preview":"max-image-preview:large","max-video-preview":"max-video-preview:-1"},"canonical":"https:\/\/aconteceunovale.com.br\/portal\/?p=187393","og_locale":"pt_BR","og_type":"article","og_title":"Pol\u00edcia Rodovi\u00e1ria Federal refor\u00e7a fiscaliza\u00e7\u00e3o para coibir infra\u00e7\u00f5es de tr\u00e2nsito no carnaval - Aconteceu no Vale","og_description":"A Pol\u00edcia Rodovi\u00e1ria Federal (PRF) deflagrou hoje\u00a0(25)\u00a0a Opera\u00e7\u00e3o Carnaval. Ainda que muitos estados e munic\u00edpios tenham proibido a realiza\u00e7\u00e3o de festas e desfiles de blocos carnavalescos devido \u00e0 pandemia de\u00a0covid-19, chegando mesmo a cancelar o ponto facultativo, o \u00f3rg\u00e3o espera aumento do n\u00famero de ve\u00edculos nas rodovias do pa\u00eds nos pr\u00f3ximos dias. A fiscaliza\u00e7\u00e3o e [&hellip;]","og_url":"https:\/\/aconteceunovale.com.br\/portal\/?p=187393","og_site_name":"Aconteceu no Vale","article_publisher":"https:\/\/www.facebook.com\/aconteceunovale\/","article_published_time":"2022-02-25T14:34:05+00:00","article_modified_time":"2022-02-25T14:35:16+00:00","og_image":[{"width":678,"height":406,"url":"https:\/\/aconteceunovale.com.br\/portal\/wp-content\/uploads\/2022\/02\/prf_carnaval.jpg","type":"image\/jpeg"}],"author":"Reda\u00e7\u00e3o Aconteceu no Vale","twitter_card":"summary_large_image","twitter_creator":"@noticiadosvales","twitter_site":"@noticiadosvales","twitter_misc":{"Escrito por":"Reda\u00e7\u00e3o Aconteceu no Vale","Est. tempo de leitura":"2 minutos"},"schema":{"@context":"https:\/\/schema.org","@graph":[{"@type":"Article","@id":"https:\/\/aconteceunovale.com.br\/portal\/?p=187393#article","isPartOf":{"@id":"https:\/\/aconteceunovale.com.br\/portal\/?p=187393"},"author":{"name":"Reda\u00e7\u00e3o Aconteceu no Vale","@id":"https:\/\/aconteceunovale.com.br\/portal\/#\/schema\/person\/7d2f26d1483f8a63de73da1ee0754d35"},"headline":"Pol\u00edcia Rodovi\u00e1ria Federal refor\u00e7a fiscaliza\u00e7\u00e3o para coibir infra\u00e7\u00f5es de tr\u00e2nsito no carnaval","datePublished":"2022-02-25T14:34:05+00:00","dateModified":"2022-02-25T14:35:16+00:00","mainEntityOfPage":{"@id":"https:\/\/aconteceunovale.com.br\/portal\/?p=187393"},"wordCount":431,"commentCount":0,"image":{"@id":"https:\/\/aconteceunovale.com.br\/portal\/?p=187393#primaryimage"},"thumbnailUrl":"https:\/\/aconteceunovale.com.br\/portal\/wp-content\/uploads\/2022\/02\/prf_carnaval.jpg","keywords":["Carnaval","Fiscaliza\u00e7\u00e3o nas estradas durante o carnaval","Opera\u00e7\u00e3o Carnaval da Pol\u00edcia Rodovi\u00e1ria Federal","Opera\u00e7\u00e3o Carnaval da PRF","opera\u00e7\u00e3o da prf durante o carnaval","Opera\u00e7\u00e3o Rodovida da PRF","Pol\u00edcia Rodovi\u00e1ria Federal","Pol\u00edcia Rodovi\u00e1ria Federal refor\u00e7a fiscaliza\u00e7\u00e3o para coibir infra\u00e7\u00f5es de tr\u00e2nsito no carnaval","PRF"],"articleSection":["Brasil","Eventos"],"inLanguage":"pt-BR","potentialAction":[{"@type":"CommentAction","name":"Comment","target":["https:\/\/aconteceunovale.com.br\/portal\/?p=187393#respond"]}]},{"@type":"WebPage","@id":"https:\/\/aconteceunovale.com.br\/portal\/?p=187393","url":"https:\/\/aconteceunovale.com.br\/portal\/?p=187393","name":"Pol\u00edcia Rodovi\u00e1ria Federal refor\u00e7a fiscaliza\u00e7\u00e3o para coibir infra\u00e7\u00f5es de tr\u00e2nsito no carnaval - Aconteceu no Vale","isPartOf":{"@id":"https:\/\/aconteceunovale.com.br\/portal\/#website"},"primaryImageOfPage":{"@id":"https:\/\/aconteceunovale.com.br\/portal\/?p=187393#primaryimage"},"image":{"@id":"https:\/\/aconteceunovale.com.br\/portal\/?p=187393#primaryimage"},"thumbnailUrl":"https:\/\/aconteceunovale.com.br\/portal\/wp-content\/uploads\/2022\/02\/prf_carnaval.jpg","datePublished":"2022-02-25T14:34:05+00:00","dateModified":"2022-02-25T14:35:16+00:00","author":{"@id":"https:\/\/aconteceunovale.com.br\/portal\/#\/schema\/person\/7d2f26d1483f8a63de73da1ee0754d35"},"breadcrumb":{"@id":"https:\/\/aconteceunovale.com.br\/portal\/?p=187393#breadcrumb"},"inLanguage":"pt-BR","potentialAction":[{"@type":"ReadAction","target":["https:\/\/aconteceunovale.com.br\/portal\/?p=187393"]}]},{"@type":"ImageObject","inLanguage":"pt-BR","@id":"https:\/\/aconteceunovale.com.br\/portal\/?p=187393#primaryimage","url":"https:\/\/aconteceunovale.com.br\/portal\/wp-content\/uploads\/2022\/02\/prf_carnaval.jpg","contentUrl":"https:\/\/aconteceunovale.com.br\/portal\/wp-content\/uploads\/2022\/02\/prf_carnaval.jpg","width":678,"height":406,"caption":"Opera\u00e7\u00f5es da Pol\u00edcia Rodovi\u00e1ria Federal (Divulga\u00e7\u00e3o\/PRF)"},{"@type":"BreadcrumbList","@id":"https:\/\/aconteceunovale.com.br\/portal\/?p=187393#breadcrumb","itemListElement":[{"@type":"ListItem","position":1,"name":"In\u00edcio","item":"https:\/\/aconteceunovale.com.br\/portal\/"},{"@type":"ListItem","position":2,"name":"Pol\u00edcia Rodovi\u00e1ria Federal refor\u00e7a fiscaliza\u00e7\u00e3o para coibir infra\u00e7\u00f5es de tr\u00e2nsito no carnaval"}]},{"@type":"WebSite","@id":"https:\/\/aconteceunovale.com.br\/portal\/#website","url":"https:\/\/aconteceunovale.com.br\/portal\/","name":"Aconteceu no Vale","description":"Portal de Not\u00edcias","potentialAction":[{"@type":"SearchAction","target":{"@type":"EntryPoint","urlTemplate":"https:\/\/aconteceunovale.com.br\/portal\/?s={search_term_string}"},"query-input":{"@type":"PropertyValueSpecification","valueRequired":true,"valueName":"search_term_string"}}],"inLanguage":"pt-BR"},{"@type":"Person","@id":"https:\/\/aconteceunovale.com.br\/portal\/#\/schema\/person\/7d2f26d1483f8a63de73da1ee0754d35","name":"Reda\u00e7\u00e3o Aconteceu no Vale","description":"Equipe de reportagem do Aconteceu no Vale, portal de not\u00edcias do Vale do Jequitinhonha, em Minas Gerais. Cobrimos as 51 cidades do Vale desde 2013. Sugest\u00f5es de pauta e pedidos de corre\u00e7\u00e3o: contato@aconteceunovale.com.br","url":"https:\/\/aconteceunovale.com.br\/portal\/?author=4"}]}},"_links":{"self":[{"href":"https:\/\/aconteceunovale.com.br\/portal\/index.php?rest_route=\/wp\/v2\/posts\/187393","targetHints":{"allow":["GET"]}}],"collection":[{"href":"https:\/\/aconteceunovale.com.br\/portal\/index.php?rest_route=\/wp\/v2\/posts"}],"about":[{"href":"https:\/\/aconteceunovale.com.br\/portal\/index.php?rest_route=\/wp\/v2\/types\/post"}],"author":[{"embeddable":true,"href":"https:\/\/aconteceunovale.com.br\/portal\/index.php?rest_route=\/wp\/v2\/users\/4"}],"replies":[{"embeddable":true,"href":"https:\/\/aconteceunovale.com.br\/portal\/index.php?rest_route=%2Fwp%2Fv2%2Fcomments&post=187393"}],"version-history":[{"count":1,"href":"https:\/\/aconteceunovale.com.br\/portal\/index.php?rest_route=\/wp\/v2\/posts\/187393\/revisions"}],"predecessor-version":[{"id":187396,"href":"https:\/\/aconteceunovale.com.br\/portal\/index.php?rest_route=\/wp\/v2\/posts\/187393\/revisions\/187396"}],"wp:featuredmedia":[{"embeddable":true,"href":"https:\/\/aconteceunovale.com.br\/portal\/index.php?rest_route=\/wp\/v2\/media\/187394"}],"wp:attachment":[{"href":"https:\/\/aconteceunovale.com.br\/portal\/index.php?rest_route=%2Fwp%2Fv2%2Fmedia&parent=187393"}],"wp:term":[{"taxonomy":"category","embeddable":true,"href":"https:\/\/aconteceunovale.com.br\/portal\/index.php?rest_route=%2Fwp%2Fv2%2Fcategories&post=187393"},{"taxonomy":"post_tag","embeddable":true,"href":"https:\/\/aconteceunovale.com.br\/portal\/index.php?rest_route=%2Fwp%2Fv2%2Ftags&post=187393"}],"curies":[{"name":"wp","href":"https:\/\/api.w.org\/{rel}","templated":true}]}}