{"id":187387,"date":"2022-02-25T11:04:51","date_gmt":"2022-02-25T14:04:51","guid":{"rendered":"https:\/\/aconteceunovale.com.br\/portal\/?p=187387"},"modified":"2022-02-25T11:05:42","modified_gmt":"2022-02-25T14:05:42","slug":"efvm-reforca-cuidados-com-a-seguranca-no-carnaval","status":"publish","type":"post","link":"https:\/\/aconteceunovale.com.br\/portal\/?p=187387","title":{"rendered":"EFVM refor\u00e7a cuidados com a seguran\u00e7a no Carnaval"},"content":{"rendered":"\n<p class=\"wp-block-paragraph\">A Vale realizar\u00e1 uma campanha ao longo da Estrada de Ferro Vit\u00f3ria a Minas (EFVM) com o objetivo de conscientizar motoristas e pedestres sobre os comportamentos seguros, sobretudo no per\u00edodo de Carnaval, quando o fluxo de pessoas tende a aumentar.<\/p>\n\n\n\n<figure class=\"wp-block-gallery has-nested-images columns-default is-cropped wp-block-gallery-1 is-layout-flex wp-block-gallery-is-layout-flex\">\n<figure class=\"wp-block-image size-large\"><img loading=\"lazy\" decoding=\"async\" width=\"674\" height=\"450\" data-id=\"187388\" src=\"https:\/\/aconteceunovale.com.br\/portal\/wp-content\/uploads\/2022\/02\/trem_vale.jpg\" alt=\"\" class=\"wp-image-187388\" srcset=\"https:\/\/aconteceunovale.com.br\/portal\/wp-content\/uploads\/2022\/02\/trem_vale.jpg 674w, https:\/\/aconteceunovale.com.br\/portal\/wp-content\/uploads\/2022\/02\/trem_vale-300x200.jpg 300w, https:\/\/aconteceunovale.com.br\/portal\/wp-content\/uploads\/2022\/02\/trem_vale-629x420.jpg 629w\" sizes=\"auto, (max-width: 674px) 100vw, 674px\" \/><figcaption><em><sub>Foto: Gabriel Lord\u00eallo \/ Mosaico Imagem \/ Divulga\u00e7\u00e3o \/ Vale<\/sub><\/em><\/figcaption><\/figure>\n<\/figure>\n\n\n\n<p class=\"wp-block-paragraph\">Entre as orienta\u00e7\u00f5es que ser\u00e3o compartilhadas com a popula\u00e7\u00e3o est\u00e3o a necessidade de respeitar \u00e0 sinaliza\u00e7\u00e3o, manter cuidados ao atravessar a linha f\u00e9rrea ou nas proximidades da ferrovia. A campanha refor\u00e7a que a seguran\u00e7a no tr\u00e2nsito depende de todos.<\/p>\n\n\n\n<p class=\"wp-block-paragraph\">Outra dica importante \u00e9 evitar bebidas alco\u00f3licas perto dos trilhos. O \u00e1lcool pode diminuir os reflexos e alterar as fun\u00e7\u00f5es visuais da pessoa. Antes de atravessar a ferrovia a orienta\u00e7\u00e3o \u00e9 parar, escutar e sempre olhar para os dois lados. A travessia segura deve ser feita pelas passagens oficiais como os viadutos, passarelas e passagens em n\u00edvel.<\/p>\n\n\n\n<p class=\"wp-block-paragraph\"><strong>Siga as orienta\u00e7\u00f5es:<\/strong><\/p>\n\n\n\n<ul class=\"wp-block-list\"><li>Pare, olhe e escute: motoristas, ciclistas e pedestres devem atentar para a sinaliza\u00e7\u00e3o quando estiverem perto da linha do trem;<\/li><li>S\u00f3 atravesse a linha f\u00e9rrea em locais seguros e sinalizados;<\/li><li>Antes de atravessar, olhe para os dois sentidos e veja se um trem se aproxima. A linha f\u00e9rrea n\u00e3o possui m\u00e3o e contram\u00e3o, como as vias rodovi\u00e1rias;<\/li><li>Se beber, n\u00e3o dirija. Nunca tente cruzar a ferrovia ap\u00f3s ter consumido bebida alco\u00f3lica. Isso diminui seu n\u00edvel de aten\u00e7\u00e3o e pode causar acidentes;<\/li><li>Se beber, n\u00e3o sente ou fique pr\u00f3ximo da ferrovia;<\/li><li>N\u00e3o ande ou brinque sobre os trilhos;<\/li><li>N\u00e3o estacione seu carro pr\u00f3ximo a linha f\u00e9rrea. Ao ouvir a buzina, fique atento: \u00e9 sinal de que o trem vai passar;<\/li><li>N\u00e3o tente passar por baixo dos vag\u00f5es enquanto o trem est\u00e1 parado. Ele pode se movimentar a qualquer momento;<\/li><li>Evite andar a p\u00e9 ou de bicicleta pr\u00f3ximo \u00e0 ferrovia e n\u00e3o pegue carona nos vag\u00f5es.<\/li><li>Em situa\u00e7\u00f5es de risco pr\u00f3ximo \u00e0 ferrovia, ligue para o Al\u00f4 Ferrovias 0800 285 7000.<\/li><\/ul>\n\n\n\n<p class=\"wp-block-paragraph\">&#8212;&#8212;&#8212;&#8212;&#8212;&#8212;<br><br><strong>Sabia que o Aconteceu no Vale est\u00e1 tamb\u00e9m no Telegram? <a rel=\"noreferrer noopener\" href=\"https:\/\/t.me\/aconteceunovaleoficial\" target=\"_blank\">Inscreva-se no canal<\/a>.<\/strong><br><br><strong>J\u00e1 curtiu ou seguiu nossas p\u00e1ginas nas redes sociais?\u00a0Receba as not\u00edcias em primeira m\u00e3o:<\/strong><br>\u2022 <a rel=\"noreferrer noopener\" href=\"https:\/\/news.google.com\/publications\/CAAqBwgKMNjklQswi4etAw?hl=pt-BR&amp;gl=BR&amp;ceid=BR%3Apt-419\" target=\"_blank\">Google News<\/a><br>\u2022 <a rel=\"noreferrer noopener\" href=\"https:\/\/www.facebook.com\/aconteceunovale\/\" target=\"_blank\">Facebook<\/a><br>\u2022 <a rel=\"noreferrer noopener\" href=\"https:\/\/twitter.com\/noticiadosvales\" target=\"_blank\">Twitter<\/a><br>\u2022 <a rel=\"noreferrer noopener\" href=\"https:\/\/www.instagram.com\/aconteceunovale\" target=\"_blank\">Instagram<\/a><br>\u2022 <a rel=\"noreferrer noopener\" href=\"https:\/\/www.youtube.com\/AconteceunoValeOficial\" target=\"_blank\">Youtube<\/a><br>\u2022 <a rel=\"noreferrer noopener\" href=\"https:\/\/www.tiktok.com\/@aconteceunovale\" target=\"_blank\">TikTok<\/a><\/p>\n","protected":false},"excerpt":{"rendered":"<p>A Vale realizar\u00e1 uma campanha ao longo da Estrada de Ferro Vit\u00f3ria a Minas (EFVM) com o objetivo de conscientizar motoristas e pedestres sobre os comportamentos seguros, sobretudo no per\u00edodo de Carnaval, quando o fluxo de pessoas tende a aumentar. Entre as orienta\u00e7\u00f5es que ser\u00e3o compartilhadas com a popula\u00e7\u00e3o est\u00e3o a necessidade de respeitar \u00e0 [&hellip;]<\/p>\n","protected":false},"author":4,"featured_media":187388,"comment_status":"open","ping_status":"closed","sticky":false,"template":"","format":"standard","meta":{"amp_status":"","footnotes":""},"categories":[6,121,123],"tags":[4108,259402,26413,259403,259404,2352,71047,2910],"class_list":["post-187387","post","type-post","status-publish","format-standard","has-post-thumbnail","hentry","category-br","category-leste","category-gerais","tag-carnaval","tag-efvm-reforca-cuidados-com-a-seguranca-no-carnaval","tag-estrada-de-ferro-vitoria-a-minas","tag-orientacoes-efvm","tag-orientacoes-estrada-de-ferro-vitoria-a-minas","tag-trem-da-vale","tag-trem-de-passageiros-da-vale","tag-vale"],"yoast_head":"<!-- This site is optimized with the Yoast SEO plugin v28.3 - https:\/\/yoast.com\/product\/yoast-seo-wordpress\/ -->\n<title>EFVM refor\u00e7a cuidados com a seguran\u00e7a no Carnaval - Aconteceu no Vale<\/title>\n<meta name=\"robots\" content=\"index, follow, max-snippet:-1, max-image-preview:large, max-video-preview:-1\" \/>\n<link rel=\"canonical\" href=\"https:\/\/aconteceunovale.com.br\/portal\/?p=187387\" \/>\n<meta property=\"og:locale\" content=\"pt_BR\" \/>\n<meta property=\"og:type\" content=\"article\" \/>\n<meta property=\"og:title\" content=\"EFVM refor\u00e7a cuidados com a seguran\u00e7a no Carnaval - Aconteceu no Vale\" \/>\n<meta property=\"og:description\" content=\"A Vale realizar\u00e1 uma campanha ao longo da Estrada de Ferro Vit\u00f3ria a Minas (EFVM) com o objetivo de conscientizar motoristas e pedestres sobre os comportamentos seguros, sobretudo no per\u00edodo de Carnaval, quando o fluxo de pessoas tende a aumentar. Entre as orienta\u00e7\u00f5es que ser\u00e3o compartilhadas com a popula\u00e7\u00e3o est\u00e3o a necessidade de respeitar \u00e0 [&hellip;]\" \/>\n<meta property=\"og:url\" content=\"https:\/\/aconteceunovale.com.br\/portal\/?p=187387\" \/>\n<meta property=\"og:site_name\" content=\"Aconteceu no Vale\" \/>\n<meta property=\"article:publisher\" content=\"https:\/\/www.facebook.com\/aconteceunovale\/\" \/>\n<meta property=\"article:published_time\" content=\"2022-02-25T14:04:51+00:00\" \/>\n<meta property=\"article:modified_time\" content=\"2022-02-25T14:05:42+00:00\" \/>\n<meta property=\"og:image\" content=\"https:\/\/aconteceunovale.com.br\/portal\/wp-content\/uploads\/2022\/02\/trem_vale.jpg\" \/>\n\t<meta property=\"og:image:width\" content=\"674\" \/>\n\t<meta property=\"og:image:height\" content=\"450\" \/>\n\t<meta property=\"og:image:type\" content=\"image\/jpeg\" \/>\n<meta name=\"author\" content=\"Reda\u00e7\u00e3o Aconteceu no Vale\" \/>\n<meta name=\"twitter:card\" content=\"summary_large_image\" \/>\n<meta name=\"twitter:creator\" content=\"@noticiadosvales\" \/>\n<meta name=\"twitter:site\" content=\"@noticiadosvales\" \/>\n<meta name=\"twitter:label1\" content=\"Escrito por\" \/>\n\t<meta name=\"twitter:data1\" content=\"Reda\u00e7\u00e3o Aconteceu no Vale\" \/>\n\t<meta name=\"twitter:label2\" content=\"Est. tempo de leitura\" \/>\n\t<meta name=\"twitter:data2\" content=\"2 minutos\" \/>\n<script type=\"application\/ld+json\" class=\"yoast-schema-graph\">{\"@context\":\"https:\\\/\\\/schema.org\",\"@graph\":[{\"@type\":\"Article\",\"@id\":\"https:\\\/\\\/aconteceunovale.com.br\\\/portal\\\/?p=187387#article\",\"isPartOf\":{\"@id\":\"https:\\\/\\\/aconteceunovale.com.br\\\/portal\\\/?p=187387\"},\"author\":{\"name\":\"Reda\u00e7\u00e3o Aconteceu no Vale\",\"@id\":\"https:\\\/\\\/aconteceunovale.com.br\\\/portal\\\/#\\\/schema\\\/person\\\/7d2f26d1483f8a63de73da1ee0754d35\"},\"headline\":\"EFVM refor\u00e7a cuidados com a seguran\u00e7a no Carnaval\",\"datePublished\":\"2022-02-25T14:04:51+00:00\",\"dateModified\":\"2022-02-25T14:05:42+00:00\",\"mainEntityOfPage\":{\"@id\":\"https:\\\/\\\/aconteceunovale.com.br\\\/portal\\\/?p=187387\"},\"wordCount\":399,\"commentCount\":0,\"image\":{\"@id\":\"https:\\\/\\\/aconteceunovale.com.br\\\/portal\\\/?p=187387#primaryimage\"},\"thumbnailUrl\":\"https:\\\/\\\/aconteceunovale.com.br\\\/portal\\\/wp-content\\\/uploads\\\/2022\\\/02\\\/trem_vale.jpg\",\"keywords\":[\"Carnaval\",\"EFVM refor\u00e7a cuidados com a seguran\u00e7a no Carnaval\",\"Estrada de Ferro Vit\u00f3ria a Minas\",\"Orienta\u00e7\u00f5es EFVM\",\"Orienta\u00e7\u00f5es Estrada de Ferro Vit\u00f3ria a Minas\",\"Trem da Vale\",\"trem de passageiros da vale\",\"Vale\"],\"articleSection\":[\"Brasil\",\"Leste de Minas\",\"Minas Gerais\"],\"inLanguage\":\"pt-BR\",\"potentialAction\":[{\"@type\":\"CommentAction\",\"name\":\"Comment\",\"target\":[\"https:\\\/\\\/aconteceunovale.com.br\\\/portal\\\/?p=187387#respond\"]}]},{\"@type\":\"WebPage\",\"@id\":\"https:\\\/\\\/aconteceunovale.com.br\\\/portal\\\/?p=187387\",\"url\":\"https:\\\/\\\/aconteceunovale.com.br\\\/portal\\\/?p=187387\",\"name\":\"EFVM refor\u00e7a cuidados com a seguran\u00e7a no Carnaval - Aconteceu no Vale\",\"isPartOf\":{\"@id\":\"https:\\\/\\\/aconteceunovale.com.br\\\/portal\\\/#website\"},\"primaryImageOfPage\":{\"@id\":\"https:\\\/\\\/aconteceunovale.com.br\\\/portal\\\/?p=187387#primaryimage\"},\"image\":{\"@id\":\"https:\\\/\\\/aconteceunovale.com.br\\\/portal\\\/?p=187387#primaryimage\"},\"thumbnailUrl\":\"https:\\\/\\\/aconteceunovale.com.br\\\/portal\\\/wp-content\\\/uploads\\\/2022\\\/02\\\/trem_vale.jpg\",\"datePublished\":\"2022-02-25T14:04:51+00:00\",\"dateModified\":\"2022-02-25T14:05:42+00:00\",\"author\":{\"@id\":\"https:\\\/\\\/aconteceunovale.com.br\\\/portal\\\/#\\\/schema\\\/person\\\/7d2f26d1483f8a63de73da1ee0754d35\"},\"breadcrumb\":{\"@id\":\"https:\\\/\\\/aconteceunovale.com.br\\\/portal\\\/?p=187387#breadcrumb\"},\"inLanguage\":\"pt-BR\",\"potentialAction\":[{\"@type\":\"ReadAction\",\"target\":[\"https:\\\/\\\/aconteceunovale.com.br\\\/portal\\\/?p=187387\"]}]},{\"@type\":\"ImageObject\",\"inLanguage\":\"pt-BR\",\"@id\":\"https:\\\/\\\/aconteceunovale.com.br\\\/portal\\\/?p=187387#primaryimage\",\"url\":\"https:\\\/\\\/aconteceunovale.com.br\\\/portal\\\/wp-content\\\/uploads\\\/2022\\\/02\\\/trem_vale.jpg\",\"contentUrl\":\"https:\\\/\\\/aconteceunovale.com.br\\\/portal\\\/wp-content\\\/uploads\\\/2022\\\/02\\\/trem_vale.jpg\",\"width\":674,\"height\":450,\"caption\":\"Minas Gerais (MG), Brasil, 12\\\/03\\\/2014 - Testes verificam desempenho do novo trem de passageiros da Estrada de Ferro Vit\u00f3ria a Minas (EFVM). A frota, de 56 carros, foi fabricada na Rom\u00eania e obedece a padr\u00f5es europeus de qualidade. Na foto, os novos carros percorrendo o trecho de 664 km que liga Porto Velho, em Cariacica, (ES) at\u00e9 Belo Horizonte (MG). Foto: Gabriel Lord\u00eallo \\\/ Mosaico Imagem\"},{\"@type\":\"BreadcrumbList\",\"@id\":\"https:\\\/\\\/aconteceunovale.com.br\\\/portal\\\/?p=187387#breadcrumb\",\"itemListElement\":[{\"@type\":\"ListItem\",\"position\":1,\"name\":\"In\u00edcio\",\"item\":\"https:\\\/\\\/aconteceunovale.com.br\\\/portal\\\/\"},{\"@type\":\"ListItem\",\"position\":2,\"name\":\"EFVM refor\u00e7a cuidados com a seguran\u00e7a no Carnaval\"}]},{\"@type\":\"WebSite\",\"@id\":\"https:\\\/\\\/aconteceunovale.com.br\\\/portal\\\/#website\",\"url\":\"https:\\\/\\\/aconteceunovale.com.br\\\/portal\\\/\",\"name\":\"Aconteceu no Vale\",\"description\":\"Portal de Not\u00edcias\",\"potentialAction\":[{\"@type\":\"SearchAction\",\"target\":{\"@type\":\"EntryPoint\",\"urlTemplate\":\"https:\\\/\\\/aconteceunovale.com.br\\\/portal\\\/?s={search_term_string}\"},\"query-input\":{\"@type\":\"PropertyValueSpecification\",\"valueRequired\":true,\"valueName\":\"search_term_string\"}}],\"inLanguage\":\"pt-BR\"},{\"@type\":\"Person\",\"@id\":\"https:\\\/\\\/aconteceunovale.com.br\\\/portal\\\/#\\\/schema\\\/person\\\/7d2f26d1483f8a63de73da1ee0754d35\",\"name\":\"Reda\u00e7\u00e3o Aconteceu no Vale\",\"description\":\"Equipe de reportagem do Aconteceu no Vale, portal de not\u00edcias do Vale do Jequitinhonha, em Minas Gerais. Cobrimos as 51 cidades do Vale desde 2013. Sugest\u00f5es de pauta e pedidos de corre\u00e7\u00e3o: contato@aconteceunovale.com.br\",\"url\":\"https:\\\/\\\/aconteceunovale.com.br\\\/portal\\\/?author=4\"}]}<\/script>\n<!-- \/ Yoast SEO plugin. -->","yoast_head_json":{"title":"EFVM refor\u00e7a cuidados com a seguran\u00e7a no Carnaval - Aconteceu no Vale","robots":{"index":"index","follow":"follow","max-snippet":"max-snippet:-1","max-image-preview":"max-image-preview:large","max-video-preview":"max-video-preview:-1"},"canonical":"https:\/\/aconteceunovale.com.br\/portal\/?p=187387","og_locale":"pt_BR","og_type":"article","og_title":"EFVM refor\u00e7a cuidados com a seguran\u00e7a no Carnaval - Aconteceu no Vale","og_description":"A Vale realizar\u00e1 uma campanha ao longo da Estrada de Ferro Vit\u00f3ria a Minas (EFVM) com o objetivo de conscientizar motoristas e pedestres sobre os comportamentos seguros, sobretudo no per\u00edodo de Carnaval, quando o fluxo de pessoas tende a aumentar. Entre as orienta\u00e7\u00f5es que ser\u00e3o compartilhadas com a popula\u00e7\u00e3o est\u00e3o a necessidade de respeitar \u00e0 [&hellip;]","og_url":"https:\/\/aconteceunovale.com.br\/portal\/?p=187387","og_site_name":"Aconteceu no Vale","article_publisher":"https:\/\/www.facebook.com\/aconteceunovale\/","article_published_time":"2022-02-25T14:04:51+00:00","article_modified_time":"2022-02-25T14:05:42+00:00","og_image":[{"width":674,"height":450,"url":"https:\/\/aconteceunovale.com.br\/portal\/wp-content\/uploads\/2022\/02\/trem_vale.jpg","type":"image\/jpeg"}],"author":"Reda\u00e7\u00e3o Aconteceu no Vale","twitter_card":"summary_large_image","twitter_creator":"@noticiadosvales","twitter_site":"@noticiadosvales","twitter_misc":{"Escrito por":"Reda\u00e7\u00e3o Aconteceu no Vale","Est. tempo de leitura":"2 minutos"},"schema":{"@context":"https:\/\/schema.org","@graph":[{"@type":"Article","@id":"https:\/\/aconteceunovale.com.br\/portal\/?p=187387#article","isPartOf":{"@id":"https:\/\/aconteceunovale.com.br\/portal\/?p=187387"},"author":{"name":"Reda\u00e7\u00e3o Aconteceu no Vale","@id":"https:\/\/aconteceunovale.com.br\/portal\/#\/schema\/person\/7d2f26d1483f8a63de73da1ee0754d35"},"headline":"EFVM refor\u00e7a cuidados com a seguran\u00e7a no Carnaval","datePublished":"2022-02-25T14:04:51+00:00","dateModified":"2022-02-25T14:05:42+00:00","mainEntityOfPage":{"@id":"https:\/\/aconteceunovale.com.br\/portal\/?p=187387"},"wordCount":399,"commentCount":0,"image":{"@id":"https:\/\/aconteceunovale.com.br\/portal\/?p=187387#primaryimage"},"thumbnailUrl":"https:\/\/aconteceunovale.com.br\/portal\/wp-content\/uploads\/2022\/02\/trem_vale.jpg","keywords":["Carnaval","EFVM refor\u00e7a cuidados com a seguran\u00e7a no Carnaval","Estrada de Ferro Vit\u00f3ria a Minas","Orienta\u00e7\u00f5es EFVM","Orienta\u00e7\u00f5es Estrada de Ferro Vit\u00f3ria a Minas","Trem da Vale","trem de passageiros da vale","Vale"],"articleSection":["Brasil","Leste de Minas","Minas Gerais"],"inLanguage":"pt-BR","potentialAction":[{"@type":"CommentAction","name":"Comment","target":["https:\/\/aconteceunovale.com.br\/portal\/?p=187387#respond"]}]},{"@type":"WebPage","@id":"https:\/\/aconteceunovale.com.br\/portal\/?p=187387","url":"https:\/\/aconteceunovale.com.br\/portal\/?p=187387","name":"EFVM refor\u00e7a cuidados com a seguran\u00e7a no Carnaval - Aconteceu no Vale","isPartOf":{"@id":"https:\/\/aconteceunovale.com.br\/portal\/#website"},"primaryImageOfPage":{"@id":"https:\/\/aconteceunovale.com.br\/portal\/?p=187387#primaryimage"},"image":{"@id":"https:\/\/aconteceunovale.com.br\/portal\/?p=187387#primaryimage"},"thumbnailUrl":"https:\/\/aconteceunovale.com.br\/portal\/wp-content\/uploads\/2022\/02\/trem_vale.jpg","datePublished":"2022-02-25T14:04:51+00:00","dateModified":"2022-02-25T14:05:42+00:00","author":{"@id":"https:\/\/aconteceunovale.com.br\/portal\/#\/schema\/person\/7d2f26d1483f8a63de73da1ee0754d35"},"breadcrumb":{"@id":"https:\/\/aconteceunovale.com.br\/portal\/?p=187387#breadcrumb"},"inLanguage":"pt-BR","potentialAction":[{"@type":"ReadAction","target":["https:\/\/aconteceunovale.com.br\/portal\/?p=187387"]}]},{"@type":"ImageObject","inLanguage":"pt-BR","@id":"https:\/\/aconteceunovale.com.br\/portal\/?p=187387#primaryimage","url":"https:\/\/aconteceunovale.com.br\/portal\/wp-content\/uploads\/2022\/02\/trem_vale.jpg","contentUrl":"https:\/\/aconteceunovale.com.br\/portal\/wp-content\/uploads\/2022\/02\/trem_vale.jpg","width":674,"height":450,"caption":"Minas Gerais (MG), Brasil, 12\/03\/2014 - Testes verificam desempenho do novo trem de passageiros da Estrada de Ferro Vit\u00f3ria a Minas (EFVM). A frota, de 56 carros, foi fabricada na Rom\u00eania e obedece a padr\u00f5es europeus de qualidade. Na foto, os novos carros percorrendo o trecho de 664 km que liga Porto Velho, em Cariacica, (ES) at\u00e9 Belo Horizonte (MG). Foto: Gabriel Lord\u00eallo \/ Mosaico Imagem"},{"@type":"BreadcrumbList","@id":"https:\/\/aconteceunovale.com.br\/portal\/?p=187387#breadcrumb","itemListElement":[{"@type":"ListItem","position":1,"name":"In\u00edcio","item":"https:\/\/aconteceunovale.com.br\/portal\/"},{"@type":"ListItem","position":2,"name":"EFVM refor\u00e7a cuidados com a seguran\u00e7a no Carnaval"}]},{"@type":"WebSite","@id":"https:\/\/aconteceunovale.com.br\/portal\/#website","url":"https:\/\/aconteceunovale.com.br\/portal\/","name":"Aconteceu no Vale","description":"Portal de Not\u00edcias","potentialAction":[{"@type":"SearchAction","target":{"@type":"EntryPoint","urlTemplate":"https:\/\/aconteceunovale.com.br\/portal\/?s={search_term_string}"},"query-input":{"@type":"PropertyValueSpecification","valueRequired":true,"valueName":"search_term_string"}}],"inLanguage":"pt-BR"},{"@type":"Person","@id":"https:\/\/aconteceunovale.com.br\/portal\/#\/schema\/person\/7d2f26d1483f8a63de73da1ee0754d35","name":"Reda\u00e7\u00e3o Aconteceu no Vale","description":"Equipe de reportagem do Aconteceu no Vale, portal de not\u00edcias do Vale do Jequitinhonha, em Minas Gerais. Cobrimos as 51 cidades do Vale desde 2013. Sugest\u00f5es de pauta e pedidos de corre\u00e7\u00e3o: contato@aconteceunovale.com.br","url":"https:\/\/aconteceunovale.com.br\/portal\/?author=4"}]}},"_links":{"self":[{"href":"https:\/\/aconteceunovale.com.br\/portal\/index.php?rest_route=\/wp\/v2\/posts\/187387","targetHints":{"allow":["GET"]}}],"collection":[{"href":"https:\/\/aconteceunovale.com.br\/portal\/index.php?rest_route=\/wp\/v2\/posts"}],"about":[{"href":"https:\/\/aconteceunovale.com.br\/portal\/index.php?rest_route=\/wp\/v2\/types\/post"}],"author":[{"embeddable":true,"href":"https:\/\/aconteceunovale.com.br\/portal\/index.php?rest_route=\/wp\/v2\/users\/4"}],"replies":[{"embeddable":true,"href":"https:\/\/aconteceunovale.com.br\/portal\/index.php?rest_route=%2Fwp%2Fv2%2Fcomments&post=187387"}],"version-history":[{"count":1,"href":"https:\/\/aconteceunovale.com.br\/portal\/index.php?rest_route=\/wp\/v2\/posts\/187387\/revisions"}],"predecessor-version":[{"id":187389,"href":"https:\/\/aconteceunovale.com.br\/portal\/index.php?rest_route=\/wp\/v2\/posts\/187387\/revisions\/187389"}],"wp:featuredmedia":[{"embeddable":true,"href":"https:\/\/aconteceunovale.com.br\/portal\/index.php?rest_route=\/wp\/v2\/media\/187388"}],"wp:attachment":[{"href":"https:\/\/aconteceunovale.com.br\/portal\/index.php?rest_route=%2Fwp%2Fv2%2Fmedia&parent=187387"}],"wp:term":[{"taxonomy":"category","embeddable":true,"href":"https:\/\/aconteceunovale.com.br\/portal\/index.php?rest_route=%2Fwp%2Fv2%2Fcategories&post=187387"},{"taxonomy":"post_tag","embeddable":true,"href":"https:\/\/aconteceunovale.com.br\/portal\/index.php?rest_route=%2Fwp%2Fv2%2Ftags&post=187387"}],"curies":[{"name":"wp","href":"https:\/\/api.w.org\/{rel}","templated":true}]}}