{"id":187378,"date":"2022-02-25T10:10:27","date_gmt":"2022-02-25T13:10:27","guid":{"rendered":"https:\/\/aconteceunovale.com.br\/portal\/?p=187378"},"modified":"2022-02-25T10:11:16","modified_gmt":"2022-02-25T13:11:16","slug":"receita-federal-publica-regras-para-declaracao-do-imposto-de-renda","status":"publish","type":"post","link":"https:\/\/aconteceunovale.com.br\/portal\/?p=187378","title":{"rendered":"Receita Federal publica regras para declara\u00e7\u00e3o do Imposto de Renda"},"content":{"rendered":"\n<p class=\"wp-block-paragraph\">Publicada no Di\u00e1rio Oficial da Uni\u00e3o de\u00a0hoje\u00a0(25\/2\/2022) a\u00a0<a rel=\"noreferrer noopener\" href=\"http:\/\/ttps\/\/www.in.gov.br\/en\/web\/dou\/-\/instrucao-normativa-rfb-n-2.065-de-24-de-fevereiro-de-2022-382678020\" target=\"_blank\">Instru\u00e7\u00e3o Normativa n\u00ba 2.065<\/a>, com as regras da declara\u00e7\u00e3o do Imposto de Renda deste ano, que tem como base os rendimentos obtidos em 2021.<\/p>\n\n\n\n<p class=\"wp-block-paragraph\">O per\u00edodo de entrega das declara\u00e7\u00f5es ser\u00e1 de 7 de mar\u00e7o a 29 de abril. Os\u00a0lotes de restitui\u00e7\u00e3o\u00a0ter\u00e3o in\u00edcio em\u00a031 de maio, divididos em cinco grupos mensais at\u00e9\u00a030 de setembro. A expectativa da Receita \u00e9 receber 34,1 milh\u00f5es de declara\u00e7\u00f5es at\u00e9 o final do prazo.<\/p>\n\n\n\n<p class=\"wp-block-paragraph\">De acordo com as regras, est\u00e3o obrigadas a apresentar a Declara\u00e7\u00e3o de Ajuste Anual os cidad\u00e3os que tiveram, em 2021, rendimentos tribut\u00e1veis com valor acima de R$ 28.559,70.&nbsp;Ontem&nbsp;(24),&nbsp;em entrevista, os t\u00e9cnicos da Receita Federal lembraram que o aux\u00edlio emergencial,&nbsp;pago pelo governo&nbsp;para amenizar preju\u00edzos causados pela pandemia, \u00e9 considerado tribut\u00e1vel.<\/p>\n\n\n\n<p class=\"wp-block-paragraph\">Se&nbsp;a pessoa recebeu, al\u00e9m do sal\u00e1rio,o aux\u00edlio emergencial e, somando esses rendimentos tribut\u00e1veis, ultrapassar o limite de R$ 28,5 mil, ela estar\u00e1 obrigada a apresentar declara\u00e7\u00e3o de IR.<\/p>\n\n\n\n<p class=\"wp-block-paragraph\">No caso de rendimentos considerados \u201cisentos, n\u00e3o tribut\u00e1veis ou tributados exclusivamente na fonte\u201d, quem recebeu valor superior a R$ 40 mil \u00e9 obrigado&nbsp;a declarar.<\/p>\n\n\n\n<p class=\"wp-block-paragraph\">Continuam obrigados a apresentar declara\u00e7\u00e3o os que obtiveram&nbsp;ganho de capital na aliena\u00e7\u00e3o de bens ou direitos sujeitos \u00e0 incid\u00eancia do imposto, bem como pessoas que t\u00eam direito a isen\u00e7\u00e3o de imposto sobre ganho de capital na venda de im\u00f3veis residenciais, seguidos de aquisi\u00e7\u00e3o de outro im\u00f3vel residencial no prazo de 180 dias; e pessoas que tenham operado em bolsas de valores.<\/p>\n\n\n\n<p class=\"wp-block-paragraph\">Tamb\u00e9m s\u00e3o obrigados a declarar aqueles que, no dia&nbsp;31 de dezembro&nbsp;de 2021, possu\u00edam propriedade de bens ou direitos, inclusive terra nua, acima de 300 mil; e pessoas que, na atividade rural, receberam rendimentos tribut\u00e1veis com valor acima de R$ 142.798,50.<\/p>\n\n\n\n<h2 class=\"wp-block-heading\">Facilidades<\/h2>\n\n\n\n<p class=\"wp-block-paragraph\">Entre as inova\u00e7\u00f5es preparadas para este ano&nbsp;est\u00e1 a disponibiliza\u00e7\u00e3o da declara\u00e7\u00e3o pr\u00e9-preenchida em larga escala para contribuintes, a partir da autentica\u00e7\u00e3o via contas&nbsp;<a href=\"https:\/\/www.gov.br\/pt-br\" target=\"_blank\" rel=\"noreferrer noopener\">Gov.br<\/a>.<\/p>\n\n\n\n<p class=\"wp-block-paragraph\">A conta Gov.br \u00e9 uma identifica\u00e7\u00e3o que comprova, em meios digitais, a identidade do cidad\u00e3o, de forma a dar seguran\u00e7a para o acesso a servi\u00e7os digitais. Ela \u00e9 gratuita e, tanto cadastro como acesso,\u00a0<a href=\"https:\/\/sso.acesso.gov.br\/login?client_id=contas.acesso.gov.br&amp;authorization_id=17f2c551fef.\" target=\"_blank\" rel=\"noreferrer noopener\">podem ser feitos pela internet<\/a>.\u00a0<\/p>\n\n\n\n<p class=\"wp-block-paragraph\">A habilita\u00e7\u00e3o dos servi\u00e7os de Imposto de Renda com a conta Gov.br ter\u00e1 in\u00edcio em&nbsp;3 de mar\u00e7o.<\/p>\n\n\n\n<p class=\"wp-block-paragraph\">A declara\u00e7\u00e3o pr\u00e9-preenchida possibilitar\u00e1&nbsp;ao cidad\u00e3o&nbsp;iniciar o preenchimento do documento j\u00e1 com diversas informa\u00e7\u00f5es \u00e0 disposi\u00e7\u00e3o. Nela, praticamente todas informa\u00e7\u00f5es em posse da Receita Federal ser\u00e3o importadas diretamente para a declara\u00e7\u00e3o. Entre os exemplos citados pelos auditores, durante o an\u00fancio das regras, est\u00e3o informa\u00e7\u00f5es de rendimentos pagos por empresas e outras pessoas; despesas m\u00e9dicas informadas por estabelecimentos m\u00e9dicos; e o hist\u00f3rico de bens e direitos das declara\u00e7\u00f5es de anos anteriores.<\/p>\n\n\n\n<p class=\"wp-block-paragraph\">No ano passado, foram 400 mil declara\u00e7\u00f5es pr\u00e9-preenchidas foram apresentadas. Para este ano, a previs\u00e3o&nbsp;\u00e9 entre 3 milh\u00f5es e 4 milh\u00f5es.<\/p>\n\n\n\n<p class=\"wp-block-paragraph\">Outra novidade \u00e9 o novo formato (mais integrado) do IRPF em multiplataforma, tanto para computadores online como para dispositivos m\u00f3veis. Os auditores explicaram que ser\u00e1 poss\u00edvel, por exemplo, come\u00e7ar a declara\u00e7\u00e3o no celular, continuar no programa instalado no computador e finalizar na internet.<\/p>\n\n\n\n<h2 class=\"wp-block-heading\">Pix<\/h2>\n\n\n\n<p class=\"wp-block-paragraph\">Tamb\u00e9m \u00e9 novidade a possibilidade de o cidad\u00e3o pagar as cotas do IR via Pix, bem como receber a restitui\u00e7\u00e3o pelo sistema de transfer\u00eancias. Na pr\u00e1tica, significa que o cidad\u00e3o n\u00e3o precisar\u00e1 sair de casa para pagar seu Documento de Arrecada\u00e7\u00e3o de Receitas Federais (DARF), que passar\u00e1 a ser impressos com c\u00f3digos de barra e QR code.<\/p>\n\n\n\n<p class=\"wp-block-paragraph\">&#8212;&#8212;&#8212;&#8212;&#8212;&#8212;<br><br><strong>Sabia que o Aconteceu no Vale est\u00e1 tamb\u00e9m no Telegram? <a rel=\"noreferrer noopener\" href=\"https:\/\/t.me\/aconteceunovaleoficial\" target=\"_blank\">Inscreva-se no canal<\/a>.<\/strong><br><br><strong>J\u00e1 curtiu ou seguiu nossas p\u00e1ginas nas redes sociais?\u00a0Receba as not\u00edcias em primeira m\u00e3o:<\/strong><br>\u2022 <a rel=\"noreferrer noopener\" href=\"https:\/\/news.google.com\/publications\/CAAqBwgKMNjklQswi4etAw?hl=pt-BR&amp;gl=BR&amp;ceid=BR%3Apt-419\" target=\"_blank\">Google News<\/a><br>\u2022 <a rel=\"noreferrer noopener\" href=\"https:\/\/www.facebook.com\/aconteceunovale\/\" target=\"_blank\">Facebook<\/a><br>\u2022 <a rel=\"noreferrer noopener\" href=\"https:\/\/twitter.com\/noticiadosvales\" target=\"_blank\">Twitter<\/a><br>\u2022 <a rel=\"noreferrer noopener\" href=\"https:\/\/www.instagram.com\/aconteceunovale\" target=\"_blank\">Instagram<\/a><br>\u2022 <a rel=\"noreferrer noopener\" href=\"https:\/\/www.youtube.com\/AconteceunoValeOficial\" target=\"_blank\">Youtube<\/a><br>\u2022 <a rel=\"noreferrer noopener\" href=\"https:\/\/www.tiktok.com\/@aconteceunovale\" target=\"_blank\">TikTok<\/a><\/p>\n","protected":false},"excerpt":{"rendered":"<p>Publicada no Di\u00e1rio Oficial da Uni\u00e3o de\u00a0hoje\u00a0(25\/2\/2022) a\u00a0Instru\u00e7\u00e3o Normativa n\u00ba 2.065, com as regras da declara\u00e7\u00e3o do Imposto de Renda deste ano, que tem como base os rendimentos obtidos em 2021. O per\u00edodo de entrega das declara\u00e7\u00f5es ser\u00e1 de 7 de mar\u00e7o a 29 de abril. Os\u00a0lotes de restitui\u00e7\u00e3o\u00a0ter\u00e3o in\u00edcio em\u00a031 de maio, divididos em [&hellip;]<\/p>\n","protected":false},"author":4,"featured_media":161174,"comment_status":"open","ping_status":"closed","sticky":false,"template":"","format":"standard","meta":{"amp_status":"","footnotes":""},"categories":[6,40239],"tags":[5197,1018,259255,259254,240995,259260,1468,259256,28477,259257,21727,259258,140998,259261,259259,1464,259342,204665,259397,259398],"class_list":["post-187378","post","type-post","status-publish","format-standard","has-post-thumbnail","hentry","category-br","category-economia-2","tag-declaracao-do-imposto-de-renda","tag-destaque","tag-documentos-necessarios-para-declaracao-do-imposto-de-renda","tag-documentos-para-declarar-imposto-de-renda","tag-duvidas-irpf","tag-duvidas-sobre-documentos-para-declarar-imposto-de-renda","tag-imposto-de-renda","tag-imposto-de-renda-2022","tag-imposto-de-renda-pessoa-fisica","tag-imposto-de-renda-pessoa-fisica-2022","tag-irpf","tag-irpf-2022","tag-prazo-imposto-de-renda","tag-prazo-irpf","tag-prazo-para-declarar-imposto-de-renda","tag-receita-federal","tag-receita-federal-anuncia-regras-da-declaracao-do-imposto-de-renda-deste-ano","tag-receita-federal-do-brasil","tag-receita-federal-publica-regras-para-declaracao-do-imposto-de-renda","tag-regras-para-declaracao-do-imposto-de-renda"],"yoast_head":"<!-- This site is optimized with the Yoast SEO plugin v28.3 - https:\/\/yoast.com\/product\/yoast-seo-wordpress\/ -->\n<title>Receita Federal publica regras para declara\u00e7\u00e3o do Imposto de Renda - Aconteceu no Vale<\/title>\n<meta name=\"robots\" content=\"index, follow, max-snippet:-1, max-image-preview:large, max-video-preview:-1\" \/>\n<link rel=\"canonical\" href=\"https:\/\/aconteceunovale.com.br\/portal\/?p=187378\" \/>\n<meta property=\"og:locale\" content=\"pt_BR\" \/>\n<meta property=\"og:type\" content=\"article\" \/>\n<meta property=\"og:title\" content=\"Receita Federal publica regras para declara\u00e7\u00e3o do Imposto de Renda - Aconteceu no Vale\" \/>\n<meta property=\"og:description\" content=\"Publicada no Di\u00e1rio Oficial da Uni\u00e3o de\u00a0hoje\u00a0(25\/2\/2022) a\u00a0Instru\u00e7\u00e3o Normativa n\u00ba 2.065, com as regras da declara\u00e7\u00e3o do Imposto de Renda deste ano, que tem como base os rendimentos obtidos em 2021. O per\u00edodo de entrega das declara\u00e7\u00f5es ser\u00e1 de 7 de mar\u00e7o a 29 de abril. Os\u00a0lotes de restitui\u00e7\u00e3o\u00a0ter\u00e3o in\u00edcio em\u00a031 de maio, divididos em [&hellip;]\" \/>\n<meta property=\"og:url\" content=\"https:\/\/aconteceunovale.com.br\/portal\/?p=187378\" \/>\n<meta property=\"og:site_name\" content=\"Aconteceu no Vale\" \/>\n<meta property=\"article:publisher\" content=\"https:\/\/www.facebook.com\/aconteceunovale\/\" \/>\n<meta property=\"article:published_time\" content=\"2022-02-25T13:10:27+00:00\" \/>\n<meta property=\"article:modified_time\" content=\"2022-02-25T13:11:16+00:00\" \/>\n<meta property=\"og:image\" content=\"https:\/\/aconteceunovale.com.br\/portal\/wp-content\/uploads\/2020\/04\/doar_imposto_de_renda.jpg\" \/>\n\t<meta property=\"og:image:width\" content=\"678\" \/>\n\t<meta property=\"og:image:height\" content=\"406\" \/>\n\t<meta property=\"og:image:type\" content=\"image\/jpeg\" \/>\n<meta name=\"author\" content=\"Reda\u00e7\u00e3o Aconteceu no Vale\" \/>\n<meta name=\"twitter:card\" content=\"summary_large_image\" \/>\n<meta name=\"twitter:creator\" content=\"@noticiadosvales\" \/>\n<meta name=\"twitter:site\" content=\"@noticiadosvales\" \/>\n<meta name=\"twitter:label1\" content=\"Escrito por\" \/>\n\t<meta name=\"twitter:data1\" content=\"Reda\u00e7\u00e3o Aconteceu no Vale\" \/>\n\t<meta name=\"twitter:label2\" content=\"Est. tempo de leitura\" \/>\n\t<meta name=\"twitter:data2\" content=\"3 minutos\" \/>\n<script type=\"application\/ld+json\" class=\"yoast-schema-graph\">{\"@context\":\"https:\\\/\\\/schema.org\",\"@graph\":[{\"@type\":\"Article\",\"@id\":\"https:\\\/\\\/aconteceunovale.com.br\\\/portal\\\/?p=187378#article\",\"isPartOf\":{\"@id\":\"https:\\\/\\\/aconteceunovale.com.br\\\/portal\\\/?p=187378\"},\"author\":{\"name\":\"Reda\u00e7\u00e3o Aconteceu no Vale\",\"@id\":\"https:\\\/\\\/aconteceunovale.com.br\\\/portal\\\/#\\\/schema\\\/person\\\/7d2f26d1483f8a63de73da1ee0754d35\"},\"headline\":\"Receita Federal publica regras para declara\u00e7\u00e3o do Imposto de Renda\",\"datePublished\":\"2022-02-25T13:10:27+00:00\",\"dateModified\":\"2022-02-25T13:11:16+00:00\",\"mainEntityOfPage\":{\"@id\":\"https:\\\/\\\/aconteceunovale.com.br\\\/portal\\\/?p=187378\"},\"wordCount\":696,\"commentCount\":0,\"image\":{\"@id\":\"https:\\\/\\\/aconteceunovale.com.br\\\/portal\\\/?p=187378#primaryimage\"},\"thumbnailUrl\":\"https:\\\/\\\/aconteceunovale.com.br\\\/portal\\\/wp-content\\\/uploads\\\/2020\\\/04\\\/doar_imposto_de_renda.jpg\",\"keywords\":[\"declara\u00e7\u00e3o do Imposto de Renda\",\"destaque\",\"Documentos necess\u00e1rios para declara\u00e7\u00e3o do Imposto de Renda\",\"Documentos para declarar Imposto de Renda\",\"D\u00favidas IRPF\",\"D\u00favidas sobre Documentos para declarar Imposto de Renda\",\"imposto de renda\",\"Imposto de Renda 2022\",\"Imposto de Renda Pessoa F\u00edsica\",\"Imposto de Renda Pessoa F\u00edsica 2022\",\"IRPF\",\"IRPF 2022\",\"Prazo Imposto de Renda\",\"Prazo IRPF\",\"Prazo para declarar Imposto de Renda\",\"receita federal\",\"Receita Federal anuncia regras da Declara\u00e7\u00e3o do Imposto de Renda deste ano\",\"Receita Federal do Brasil\",\"Receita Federal publica regras para declara\u00e7\u00e3o do Imposto de Renda\",\"Regras para declara\u00e7\u00e3o do Imposto de Renda\"],\"articleSection\":[\"Brasil\",\"Economia\"],\"inLanguage\":\"pt-BR\",\"potentialAction\":[{\"@type\":\"CommentAction\",\"name\":\"Comment\",\"target\":[\"https:\\\/\\\/aconteceunovale.com.br\\\/portal\\\/?p=187378#respond\"]}]},{\"@type\":\"WebPage\",\"@id\":\"https:\\\/\\\/aconteceunovale.com.br\\\/portal\\\/?p=187378\",\"url\":\"https:\\\/\\\/aconteceunovale.com.br\\\/portal\\\/?p=187378\",\"name\":\"Receita Federal publica regras para declara\u00e7\u00e3o do Imposto de Renda - Aconteceu no Vale\",\"isPartOf\":{\"@id\":\"https:\\\/\\\/aconteceunovale.com.br\\\/portal\\\/#website\"},\"primaryImageOfPage\":{\"@id\":\"https:\\\/\\\/aconteceunovale.com.br\\\/portal\\\/?p=187378#primaryimage\"},\"image\":{\"@id\":\"https:\\\/\\\/aconteceunovale.com.br\\\/portal\\\/?p=187378#primaryimage\"},\"thumbnailUrl\":\"https:\\\/\\\/aconteceunovale.com.br\\\/portal\\\/wp-content\\\/uploads\\\/2020\\\/04\\\/doar_imposto_de_renda.jpg\",\"datePublished\":\"2022-02-25T13:10:27+00:00\",\"dateModified\":\"2022-02-25T13:11:16+00:00\",\"author\":{\"@id\":\"https:\\\/\\\/aconteceunovale.com.br\\\/portal\\\/#\\\/schema\\\/person\\\/7d2f26d1483f8a63de73da1ee0754d35\"},\"breadcrumb\":{\"@id\":\"https:\\\/\\\/aconteceunovale.com.br\\\/portal\\\/?p=187378#breadcrumb\"},\"inLanguage\":\"pt-BR\",\"potentialAction\":[{\"@type\":\"ReadAction\",\"target\":[\"https:\\\/\\\/aconteceunovale.com.br\\\/portal\\\/?p=187378\"]}]},{\"@type\":\"ImageObject\",\"inLanguage\":\"pt-BR\",\"@id\":\"https:\\\/\\\/aconteceunovale.com.br\\\/portal\\\/?p=187378#primaryimage\",\"url\":\"https:\\\/\\\/aconteceunovale.com.br\\\/portal\\\/wp-content\\\/uploads\\\/2020\\\/04\\\/doar_imposto_de_renda.jpg\",\"contentUrl\":\"https:\\\/\\\/aconteceunovale.com.br\\\/portal\\\/wp-content\\\/uploads\\\/2020\\\/04\\\/doar_imposto_de_renda.jpg\",\"width\":678,\"height\":406},{\"@type\":\"BreadcrumbList\",\"@id\":\"https:\\\/\\\/aconteceunovale.com.br\\\/portal\\\/?p=187378#breadcrumb\",\"itemListElement\":[{\"@type\":\"ListItem\",\"position\":1,\"name\":\"In\u00edcio\",\"item\":\"https:\\\/\\\/aconteceunovale.com.br\\\/portal\\\/\"},{\"@type\":\"ListItem\",\"position\":2,\"name\":\"Receita Federal publica regras para declara\u00e7\u00e3o do Imposto de Renda\"}]},{\"@type\":\"WebSite\",\"@id\":\"https:\\\/\\\/aconteceunovale.com.br\\\/portal\\\/#website\",\"url\":\"https:\\\/\\\/aconteceunovale.com.br\\\/portal\\\/\",\"name\":\"Aconteceu no Vale\",\"description\":\"Portal de Not\u00edcias\",\"potentialAction\":[{\"@type\":\"SearchAction\",\"target\":{\"@type\":\"EntryPoint\",\"urlTemplate\":\"https:\\\/\\\/aconteceunovale.com.br\\\/portal\\\/?s={search_term_string}\"},\"query-input\":{\"@type\":\"PropertyValueSpecification\",\"valueRequired\":true,\"valueName\":\"search_term_string\"}}],\"inLanguage\":\"pt-BR\"},{\"@type\":\"Person\",\"@id\":\"https:\\\/\\\/aconteceunovale.com.br\\\/portal\\\/#\\\/schema\\\/person\\\/7d2f26d1483f8a63de73da1ee0754d35\",\"name\":\"Reda\u00e7\u00e3o Aconteceu no Vale\",\"description\":\"Equipe de reportagem do Aconteceu no Vale, portal de not\u00edcias do Vale do Jequitinhonha, em Minas Gerais. Cobrimos as 51 cidades do Vale desde 2013. Sugest\u00f5es de pauta e pedidos de corre\u00e7\u00e3o: contato@aconteceunovale.com.br\",\"url\":\"https:\\\/\\\/aconteceunovale.com.br\\\/portal\\\/?author=4\"}]}<\/script>\n<!-- \/ Yoast SEO plugin. -->","yoast_head_json":{"title":"Receita Federal publica regras para declara\u00e7\u00e3o do Imposto de Renda - Aconteceu no Vale","robots":{"index":"index","follow":"follow","max-snippet":"max-snippet:-1","max-image-preview":"max-image-preview:large","max-video-preview":"max-video-preview:-1"},"canonical":"https:\/\/aconteceunovale.com.br\/portal\/?p=187378","og_locale":"pt_BR","og_type":"article","og_title":"Receita Federal publica regras para declara\u00e7\u00e3o do Imposto de Renda - Aconteceu no Vale","og_description":"Publicada no Di\u00e1rio Oficial da Uni\u00e3o de\u00a0hoje\u00a0(25\/2\/2022) a\u00a0Instru\u00e7\u00e3o Normativa n\u00ba 2.065, com as regras da declara\u00e7\u00e3o do Imposto de Renda deste ano, que tem como base os rendimentos obtidos em 2021. O per\u00edodo de entrega das declara\u00e7\u00f5es ser\u00e1 de 7 de mar\u00e7o a 29 de abril. Os\u00a0lotes de restitui\u00e7\u00e3o\u00a0ter\u00e3o in\u00edcio em\u00a031 de maio, divididos em [&hellip;]","og_url":"https:\/\/aconteceunovale.com.br\/portal\/?p=187378","og_site_name":"Aconteceu no Vale","article_publisher":"https:\/\/www.facebook.com\/aconteceunovale\/","article_published_time":"2022-02-25T13:10:27+00:00","article_modified_time":"2022-02-25T13:11:16+00:00","og_image":[{"width":678,"height":406,"url":"https:\/\/aconteceunovale.com.br\/portal\/wp-content\/uploads\/2020\/04\/doar_imposto_de_renda.jpg","type":"image\/jpeg"}],"author":"Reda\u00e7\u00e3o Aconteceu no Vale","twitter_card":"summary_large_image","twitter_creator":"@noticiadosvales","twitter_site":"@noticiadosvales","twitter_misc":{"Escrito por":"Reda\u00e7\u00e3o Aconteceu no Vale","Est. tempo de leitura":"3 minutos"},"schema":{"@context":"https:\/\/schema.org","@graph":[{"@type":"Article","@id":"https:\/\/aconteceunovale.com.br\/portal\/?p=187378#article","isPartOf":{"@id":"https:\/\/aconteceunovale.com.br\/portal\/?p=187378"},"author":{"name":"Reda\u00e7\u00e3o Aconteceu no Vale","@id":"https:\/\/aconteceunovale.com.br\/portal\/#\/schema\/person\/7d2f26d1483f8a63de73da1ee0754d35"},"headline":"Receita Federal publica regras para declara\u00e7\u00e3o do Imposto de Renda","datePublished":"2022-02-25T13:10:27+00:00","dateModified":"2022-02-25T13:11:16+00:00","mainEntityOfPage":{"@id":"https:\/\/aconteceunovale.com.br\/portal\/?p=187378"},"wordCount":696,"commentCount":0,"image":{"@id":"https:\/\/aconteceunovale.com.br\/portal\/?p=187378#primaryimage"},"thumbnailUrl":"https:\/\/aconteceunovale.com.br\/portal\/wp-content\/uploads\/2020\/04\/doar_imposto_de_renda.jpg","keywords":["declara\u00e7\u00e3o do Imposto de Renda","destaque","Documentos necess\u00e1rios para declara\u00e7\u00e3o do Imposto de Renda","Documentos para declarar Imposto de Renda","D\u00favidas IRPF","D\u00favidas sobre Documentos para declarar Imposto de Renda","imposto de renda","Imposto de Renda 2022","Imposto de Renda Pessoa F\u00edsica","Imposto de Renda Pessoa F\u00edsica 2022","IRPF","IRPF 2022","Prazo Imposto de Renda","Prazo IRPF","Prazo para declarar Imposto de Renda","receita federal","Receita Federal anuncia regras da Declara\u00e7\u00e3o do Imposto de Renda deste ano","Receita Federal do Brasil","Receita Federal publica regras para declara\u00e7\u00e3o do Imposto de Renda","Regras para declara\u00e7\u00e3o do Imposto de Renda"],"articleSection":["Brasil","Economia"],"inLanguage":"pt-BR","potentialAction":[{"@type":"CommentAction","name":"Comment","target":["https:\/\/aconteceunovale.com.br\/portal\/?p=187378#respond"]}]},{"@type":"WebPage","@id":"https:\/\/aconteceunovale.com.br\/portal\/?p=187378","url":"https:\/\/aconteceunovale.com.br\/portal\/?p=187378","name":"Receita Federal publica regras para declara\u00e7\u00e3o do Imposto de Renda - Aconteceu no Vale","isPartOf":{"@id":"https:\/\/aconteceunovale.com.br\/portal\/#website"},"primaryImageOfPage":{"@id":"https:\/\/aconteceunovale.com.br\/portal\/?p=187378#primaryimage"},"image":{"@id":"https:\/\/aconteceunovale.com.br\/portal\/?p=187378#primaryimage"},"thumbnailUrl":"https:\/\/aconteceunovale.com.br\/portal\/wp-content\/uploads\/2020\/04\/doar_imposto_de_renda.jpg","datePublished":"2022-02-25T13:10:27+00:00","dateModified":"2022-02-25T13:11:16+00:00","author":{"@id":"https:\/\/aconteceunovale.com.br\/portal\/#\/schema\/person\/7d2f26d1483f8a63de73da1ee0754d35"},"breadcrumb":{"@id":"https:\/\/aconteceunovale.com.br\/portal\/?p=187378#breadcrumb"},"inLanguage":"pt-BR","potentialAction":[{"@type":"ReadAction","target":["https:\/\/aconteceunovale.com.br\/portal\/?p=187378"]}]},{"@type":"ImageObject","inLanguage":"pt-BR","@id":"https:\/\/aconteceunovale.com.br\/portal\/?p=187378#primaryimage","url":"https:\/\/aconteceunovale.com.br\/portal\/wp-content\/uploads\/2020\/04\/doar_imposto_de_renda.jpg","contentUrl":"https:\/\/aconteceunovale.com.br\/portal\/wp-content\/uploads\/2020\/04\/doar_imposto_de_renda.jpg","width":678,"height":406},{"@type":"BreadcrumbList","@id":"https:\/\/aconteceunovale.com.br\/portal\/?p=187378#breadcrumb","itemListElement":[{"@type":"ListItem","position":1,"name":"In\u00edcio","item":"https:\/\/aconteceunovale.com.br\/portal\/"},{"@type":"ListItem","position":2,"name":"Receita Federal publica regras para declara\u00e7\u00e3o do Imposto de Renda"}]},{"@type":"WebSite","@id":"https:\/\/aconteceunovale.com.br\/portal\/#website","url":"https:\/\/aconteceunovale.com.br\/portal\/","name":"Aconteceu no Vale","description":"Portal de Not\u00edcias","potentialAction":[{"@type":"SearchAction","target":{"@type":"EntryPoint","urlTemplate":"https:\/\/aconteceunovale.com.br\/portal\/?s={search_term_string}"},"query-input":{"@type":"PropertyValueSpecification","valueRequired":true,"valueName":"search_term_string"}}],"inLanguage":"pt-BR"},{"@type":"Person","@id":"https:\/\/aconteceunovale.com.br\/portal\/#\/schema\/person\/7d2f26d1483f8a63de73da1ee0754d35","name":"Reda\u00e7\u00e3o Aconteceu no Vale","description":"Equipe de reportagem do Aconteceu no Vale, portal de not\u00edcias do Vale do Jequitinhonha, em Minas Gerais. Cobrimos as 51 cidades do Vale desde 2013. Sugest\u00f5es de pauta e pedidos de corre\u00e7\u00e3o: contato@aconteceunovale.com.br","url":"https:\/\/aconteceunovale.com.br\/portal\/?author=4"}]}},"_links":{"self":[{"href":"https:\/\/aconteceunovale.com.br\/portal\/index.php?rest_route=\/wp\/v2\/posts\/187378","targetHints":{"allow":["GET"]}}],"collection":[{"href":"https:\/\/aconteceunovale.com.br\/portal\/index.php?rest_route=\/wp\/v2\/posts"}],"about":[{"href":"https:\/\/aconteceunovale.com.br\/portal\/index.php?rest_route=\/wp\/v2\/types\/post"}],"author":[{"embeddable":true,"href":"https:\/\/aconteceunovale.com.br\/portal\/index.php?rest_route=\/wp\/v2\/users\/4"}],"replies":[{"embeddable":true,"href":"https:\/\/aconteceunovale.com.br\/portal\/index.php?rest_route=%2Fwp%2Fv2%2Fcomments&post=187378"}],"version-history":[{"count":1,"href":"https:\/\/aconteceunovale.com.br\/portal\/index.php?rest_route=\/wp\/v2\/posts\/187378\/revisions"}],"predecessor-version":[{"id":187379,"href":"https:\/\/aconteceunovale.com.br\/portal\/index.php?rest_route=\/wp\/v2\/posts\/187378\/revisions\/187379"}],"wp:featuredmedia":[{"embeddable":true,"href":"https:\/\/aconteceunovale.com.br\/portal\/index.php?rest_route=\/wp\/v2\/media\/161174"}],"wp:attachment":[{"href":"https:\/\/aconteceunovale.com.br\/portal\/index.php?rest_route=%2Fwp%2Fv2%2Fmedia&parent=187378"}],"wp:term":[{"taxonomy":"category","embeddable":true,"href":"https:\/\/aconteceunovale.com.br\/portal\/index.php?rest_route=%2Fwp%2Fv2%2Fcategories&post=187378"},{"taxonomy":"post_tag","embeddable":true,"href":"https:\/\/aconteceunovale.com.br\/portal\/index.php?rest_route=%2Fwp%2Fv2%2Ftags&post=187378"}],"curies":[{"name":"wp","href":"https:\/\/api.w.org\/{rel}","templated":true}]}}