{"id":187333,"date":"2022-02-24T17:59:10","date_gmt":"2022-02-24T20:59:10","guid":{"rendered":"https:\/\/aconteceunovale.com.br\/portal\/?p=187333"},"modified":"2022-02-24T17:59:39","modified_gmt":"2022-02-24T20:59:39","slug":"tecnico-de-enfermagem-do-samu-de-ipatinga-e-denunciado-por-importunacao-sexual","status":"publish","type":"post","link":"https:\/\/aconteceunovale.com.br\/portal\/?p=187333","title":{"rendered":"T\u00e9cnico de Enfermagem do Samu de Ipatinga \u00e9 denunciado por importuna\u00e7\u00e3o sexual"},"content":{"rendered":"\n<p>O Minist\u00e9rio P\u00fablico de Minas Gerais (MPMG) denunciou um t\u00e9cnico de Enfermagem do Servi\u00e7o de Atendimento M\u00f3vel de Urg\u00eancia (Samu) de Ipatinga, no Vale do A\u00e7o, por importuna\u00e7\u00e3o sexual contra uma estagi\u00e1ria de medicina durante um atendimento m\u00e9dico ocorrido no munic\u00edpio em setembro de 2021. Na a\u00e7\u00e3o, ele \u00e9 acusado de pr\u00e1tica de atos libidinosos, cuja pena \u00e9 de um a cinco anos de cadeia, com o agravante de ter cometido o crime com abuso de poder ou viola\u00e7\u00e3o de dever inerente a cargo. As informa\u00e7\u00f5es foram divulgadas na tarde desta quinta-feira (24\/2\/2022).\u00a0\u00a0<\/p>\n\n\n\n<p>Segundo a den\u00fancia, <em>&#8220;o t\u00e9cnico de Enfermagem acariciou a estagi\u00e1ria, sem o consentimento dela, e ap\u00f3s saber da idade da estudante, proferiu palavras intimidat\u00f3rias e constrangedoras contra ela, que registrou o caso na pol\u00edcia. Na a\u00e7\u00e3o, os promotores de Justi\u00e7a afirmam que n\u00e3o \u00e9 a primeira vez que o servidor p\u00fablico se aproveita do cargo para cometer atos libidinosos contra funcion\u00e1rias e estagi\u00e1rias. Outros dois casos s\u00e3o citados contra ele, baseados em testemunhas: um de 2019, tamb\u00e9m contra uma ent\u00e3o estagi\u00e1ria, e um de 2020, relacionado a uma funcion\u00e1ria do Samu de Ipatinga&#8221;.\u00a0\u00a0<\/em><\/p>\n\n\n\n<p>Al\u00e9m da A\u00e7\u00e3o Penal, o MPMG ajuizou uma A\u00e7\u00e3o Civil P\u00fablica (ACP) contra o t\u00e9cnico de enfermagem pelo mesmo fato. Nesta a\u00e7\u00e3o, ele \u00e9 acusado de improbidade administrativa, por ter cometido o ato libidinoso durante o exerc\u00edcio de sua fun\u00e7\u00e3o e na qualidade de servidor p\u00fablico, o que feriu gravemente o elo de confian\u00e7a e honestidade entre ele e a administra\u00e7\u00e3o p\u00fablica. Na ACP, \u00e9 pedido que a Justi\u00e7a o condene, entre outras san\u00e7\u00f5es, a perda da fun\u00e7\u00e3o p\u00fablica.<\/p>\n\n\n\n<p>&#8212;&#8212;&#8212;&#8212;&#8212;&#8212;<br><br><strong>Sabia que o Aconteceu no Vale est\u00e1 tamb\u00e9m no Telegram? <a rel=\"noreferrer noopener\" href=\"https:\/\/t.me\/aconteceunovaleoficial\" target=\"_blank\">Inscreva-se no canal<\/a>.<\/strong><br><br><strong>J\u00e1 curtiu ou seguiu nossas p\u00e1ginas nas redes sociais?\u00a0Receba as not\u00edcias em primeira m\u00e3o:<\/strong><br>\u2022 <a rel=\"noreferrer noopener\" href=\"https:\/\/news.google.com\/publications\/CAAqBwgKMNjklQswi4etAw?hl=pt-BR&amp;gl=BR&amp;ceid=BR%3Apt-419\" target=\"_blank\">Google News<\/a><br>\u2022 <a rel=\"noreferrer noopener\" href=\"https:\/\/www.facebook.com\/aconteceunovale\/\" target=\"_blank\">Facebook<\/a><br>\u2022 <a rel=\"noreferrer noopener\" href=\"https:\/\/twitter.com\/noticiadosvales\" target=\"_blank\">Twitter<\/a><br>\u2022 <a rel=\"noreferrer noopener\" href=\"https:\/\/www.instagram.com\/aconteceunovale\" target=\"_blank\">Instagram<\/a><br>\u2022 <a rel=\"noreferrer noopener\" href=\"https:\/\/www.youtube.com\/AconteceunoValeOficial\" target=\"_blank\">Youtube<\/a><br>\u2022 <a rel=\"noreferrer noopener\" href=\"https:\/\/www.tiktok.com\/@aconteceunovale\" target=\"_blank\">TikTok<\/a><\/p>\n","protected":false},"excerpt":{"rendered":"<p>O Minist\u00e9rio P\u00fablico de Minas Gerais (MPMG) denunciou um t\u00e9cnico de Enfermagem do Servi\u00e7o de Atendimento M\u00f3vel de Urg\u00eancia (Samu) de Ipatinga, no Vale do A\u00e7o, por importuna\u00e7\u00e3o sexual contra uma estagi\u00e1ria de medicina durante um atendimento m\u00e9dico ocorrido no munic\u00edpio em setembro de 2021. Na a\u00e7\u00e3o, ele \u00e9 acusado de pr\u00e1tica de atos libidinosos, [&hellip;]<\/p>\n","protected":false},"author":4,"featured_media":187334,"comment_status":"open","ping_status":"closed","sticky":false,"template":"","format":"standard","meta":{"amp_status":"","footnotes":""},"categories":[121],"tags":[259344,201,19675,259343,1048],"class_list":["post-187333","post","type-post","status-publish","format-standard","has-post-thumbnail","hentry","category-leste","tag-denuncia-contra-tecnico-de-enfermagem-do-samu-de-ipatinga","tag-ipatinga","tag-mpmg","tag-tecnico-de-enfermagem-do-samu-de-ipatinga","tag-vale-do-aco"],"_links":{"self":[{"href":"https:\/\/aconteceunovale.com.br\/portal\/index.php?rest_route=\/wp\/v2\/posts\/187333","targetHints":{"allow":["GET"]}}],"collection":[{"href":"https:\/\/aconteceunovale.com.br\/portal\/index.php?rest_route=\/wp\/v2\/posts"}],"about":[{"href":"https:\/\/aconteceunovale.com.br\/portal\/index.php?rest_route=\/wp\/v2\/types\/post"}],"author":[{"embeddable":true,"href":"https:\/\/aconteceunovale.com.br\/portal\/index.php?rest_route=\/wp\/v2\/users\/4"}],"replies":[{"embeddable":true,"href":"https:\/\/aconteceunovale.com.br\/portal\/index.php?rest_route=%2Fwp%2Fv2%2Fcomments&post=187333"}],"version-history":[{"count":1,"href":"https:\/\/aconteceunovale.com.br\/portal\/index.php?rest_route=\/wp\/v2\/posts\/187333\/revisions"}],"predecessor-version":[{"id":187335,"href":"https:\/\/aconteceunovale.com.br\/portal\/index.php?rest_route=\/wp\/v2\/posts\/187333\/revisions\/187335"}],"wp:featuredmedia":[{"embeddable":true,"href":"https:\/\/aconteceunovale.com.br\/portal\/index.php?rest_route=\/wp\/v2\/media\/187334"}],"wp:attachment":[{"href":"https:\/\/aconteceunovale.com.br\/portal\/index.php?rest_route=%2Fwp%2Fv2%2Fmedia&parent=187333"}],"wp:term":[{"taxonomy":"category","embeddable":true,"href":"https:\/\/aconteceunovale.com.br\/portal\/index.php?rest_route=%2Fwp%2Fv2%2Fcategories&post=187333"},{"taxonomy":"post_tag","embeddable":true,"href":"https:\/\/aconteceunovale.com.br\/portal\/index.php?rest_route=%2Fwp%2Fv2%2Ftags&post=187333"}],"curies":[{"name":"wp","href":"https:\/\/api.w.org\/{rel}","templated":true}]}}