{"id":18714,"date":"2014-01-17T12:46:42","date_gmt":"2014-01-17T14:46:42","guid":{"rendered":"http:\/\/aconteceunovale.com.br\/portal\/?p=18714"},"modified":"2014-01-17T12:46:42","modified_gmt":"2014-01-17T14:46:42","slug":"piedade-de-caratinga-homem-e-preso-apos-efetuar-disparos-na-rua","status":"publish","type":"post","link":"https:\/\/aconteceunovale.com.br\/portal\/?p=18714","title":{"rendered":"PIEDADE DE CARATINGA: Homem \u00e9 preso ap\u00f3s efetuar disparos na rua"},"content":{"rendered":"<p>Um homem de 55 anos foi preso na noite desta quinta-feira (16\/01), ap\u00f3s efetuar disparos de arma de fogo no meio da rua, no bairro S\u00e3o Jos\u00e9, em Piedade de Caratinga, no Vale do Rio Doce.<\/p>\n<p>De acordo com a Pol\u00edcia Militar, havia diversas pessoas transitando pela rua no momento dos disparos. O suspeito estava bastante exaltado e ele atirava e gritava: \u201cAqui nesse morro quem manda sou eu, tamb\u00e9m sou bandido e vou matar\u201d.<\/p>\n<p>Ainda segundo a pol\u00edcia, nas proximidades foi encontrado um proj\u00e9til de bala calibre 38, que segundo os vizinhos estava alojado na parede de um muro e ainda segundo informa\u00e7\u00f5es o suspeito ap\u00f3s efetuar tr\u00eas disparos fugiu sentido a uma mata.<\/p>\n<p>Ainda de acordo com a PM, ap\u00f3s rastreamento, o homem foi preso no momento em que voltou para a resid\u00eancia. Os militares informaram que o suspeito disse que fez os disparos pois estava se sentindo amea\u00e7ado por vizinhos, mas n\u00e3o citou nomes.<\/p>\n<p>Foram apreendidos um rev\u00f3lver calibre 38, cinco cartuchos intactos e um usado. O homem e o material foram encaminhados para a delegacia e ir\u00e1 responder por disparo de arma de fogo em via p\u00fablica.<\/p>\n<p><img decoding=\"async\" src=\"http:\/\/aconteceunovale.com.br\/portal\/wp-content\/uploads\/2014\/01\/idoso_preso_piedade_de_caratinga.jpg\" alt=\"\" \/><br \/>\n<strong><em>Arma foi apreendida e encaminhada para a delegacia (Foto: Soldado Aldair)<\/em><\/strong><\/p>\n<p><em>(Informa\u00e7\u00f5es da Pol\u00edcia Militar de Piedade de Caratinga, via Inter TV dos Vales)<\/em><\/p>\n","protected":false},"excerpt":{"rendered":"<p>Um homem de 55 anos foi preso na noite desta quinta-feira (16\/01), ap\u00f3s efetuar disparos de arma de fogo no meio da rua, no bairro S\u00e3o Jos\u00e9, em Piedade de Caratinga, no Vale do Rio Doce. De acordo com a Pol\u00edcia Militar, havia diversas pessoas transitando pela rua no momento dos disparos. O suspeito estava [&hellip;]<\/p>\n","protected":false},"author":1,"featured_media":0,"comment_status":"open","ping_status":"closed","sticky":false,"template":"","format":"standard","meta":{"amp_status":"","footnotes":""},"categories":[121],"tags":[3095,308],"class_list":["post-18714","post","type-post","status-publish","format-standard","hentry","category-leste","tag-homem-e-preso-apos-efetuar-disparos-na-rua-em-piedade-de-caratinga","tag-piedade-de-caratinga"],"_links":{"self":[{"href":"https:\/\/aconteceunovale.com.br\/portal\/index.php?rest_route=\/wp\/v2\/posts\/18714","targetHints":{"allow":["GET"]}}],"collection":[{"href":"https:\/\/aconteceunovale.com.br\/portal\/index.php?rest_route=\/wp\/v2\/posts"}],"about":[{"href":"https:\/\/aconteceunovale.com.br\/portal\/index.php?rest_route=\/wp\/v2\/types\/post"}],"author":[{"embeddable":true,"href":"https:\/\/aconteceunovale.com.br\/portal\/index.php?rest_route=\/wp\/v2\/users\/1"}],"replies":[{"embeddable":true,"href":"https:\/\/aconteceunovale.com.br\/portal\/index.php?rest_route=%2Fwp%2Fv2%2Fcomments&post=18714"}],"version-history":[{"count":0,"href":"https:\/\/aconteceunovale.com.br\/portal\/index.php?rest_route=\/wp\/v2\/posts\/18714\/revisions"}],"wp:attachment":[{"href":"https:\/\/aconteceunovale.com.br\/portal\/index.php?rest_route=%2Fwp%2Fv2%2Fmedia&parent=18714"}],"wp:term":[{"taxonomy":"category","embeddable":true,"href":"https:\/\/aconteceunovale.com.br\/portal\/index.php?rest_route=%2Fwp%2Fv2%2Fcategories&post=18714"},{"taxonomy":"post_tag","embeddable":true,"href":"https:\/\/aconteceunovale.com.br\/portal\/index.php?rest_route=%2Fwp%2Fv2%2Ftags&post=18714"}],"curies":[{"name":"wp","href":"https:\/\/api.w.org\/{rel}","templated":true}]}}