{"id":187112,"date":"2022-02-14T15:28:42","date_gmt":"2022-02-14T18:28:42","guid":{"rendered":"https:\/\/aconteceunovale.com.br\/portal\/?p=187112"},"modified":"2022-02-14T15:30:13","modified_gmt":"2022-02-14T18:30:13","slug":"mineira-e-eleita-para-o-mais-alto-posto-da-organizacao-internacional-do-cafe","status":"publish","type":"post","link":"https:\/\/aconteceunovale.com.br\/portal\/?p=187112","title":{"rendered":"Mineira \u00e9 eleita para o mais alto posto da Organiza\u00e7\u00e3o Internacional do Caf\u00e9"},"content":{"rendered":"\n<p>Uma mineira foi a escolhida para ser a nova diretora executiva da Organiza\u00e7\u00e3o Internacional do Caf\u00e9 (OIC). Na \u00faltima quinta-feira (10\/2\/2022), os representes dos pa\u00edses-membros da entidade elegeram Vanusia Nogueira para o cargo. Ela ser\u00e1 a primeira mulher a ocupar o mais alto posto da OIC. A gest\u00e3o ser\u00e1 de cinco anos.<\/p>\n\n\n\n<figure class=\"wp-block-gallery has-nested-images columns-default is-cropped wp-block-gallery-1 is-layout-flex wp-block-gallery-is-layout-flex\">\n<figure class=\"wp-block-image size-large\"><img loading=\"lazy\" decoding=\"async\" width=\"676\" height=\"450\" data-id=\"187113\" src=\"https:\/\/aconteceunovale.com.br\/portal\/wp-content\/uploads\/2022\/02\/vanusia_nogueira.jpg\" alt=\"\" class=\"wp-image-187113\" srcset=\"https:\/\/aconteceunovale.com.br\/portal\/wp-content\/uploads\/2022\/02\/vanusia_nogueira.jpg 676w, https:\/\/aconteceunovale.com.br\/portal\/wp-content\/uploads\/2022\/02\/vanusia_nogueira-300x200.jpg 300w, https:\/\/aconteceunovale.com.br\/portal\/wp-content\/uploads\/2022\/02\/vanusia_nogueira-631x420.jpg 631w\" sizes=\"auto, (max-width: 676px) 100vw, 676px\" \/><figcaption><em><sub>Vanusia Nogueira &#8211; Foto: Divulga\u00e7\u00e3o \/ Emater-MG<\/sub><\/em><\/figcaption><\/figure>\n<\/figure>\n\n\n\n<p>Vanusia Nogueira nasceu em Santa Rita do Sapuca\u00ed (Minas Gerais) e \u00e9 filha e neta de produtores e comercializadores de caf\u00e9. Integrante do Conselho Nacional do Caf\u00e9 (CNC), ela \u00e9 doutora em Administra\u00e7\u00e3o, com \u00eanfase em Marketing, pela Universidade Nacional de Rosario (Argentina). Formada em Tecnologia da Informa\u00e7\u00e3o (TI) e Gest\u00e3o pela Pontif\u00edcia Universidade Cat\u00f3lica do Rio de Janeiro (PUC-RJ), possui mestrados em Gest\u00e3o e em Gest\u00e3o Avan\u00e7ada de Projetos pela Funda\u00e7\u00e3o Get\u00falio Vargas (FGV), al\u00e9m de cursos internacionais de especializa\u00e7\u00e3o nas \u00e1reas de finan\u00e7as e gest\u00e3o de relacionamentos.<\/p>\n\n\n\n<p><em>\u201cA elei\u00e7\u00e3o da Vanusia Nogueira ir\u00e1 somar muito para uma cafeicultura mais sustent\u00e1vel e justa no mundo. \u00c9 um grande ganho para o setor. Ela \u00e9 uma profissional que re\u00fane conhecimentos do comportamento do caf\u00e9 no mundo. O grande diferencial dela \u00e9 conhecer como toda a cadeia de produ\u00e7\u00e3o funciona, e suas as caracter\u00edsticas\u201d,<\/em> afirma o coordenador t\u00e9cnico de Cafeicultura da Emater-MG, Bernardino Canguss\u00fa.<\/p>\n\n\n\n<p>A Organiza\u00e7\u00e3o Internacional do Caf\u00e9 foi estabelecida, em Londres, em 1963, sob recomenda\u00e7\u00e3o das Na\u00e7\u00f5es Unidas, devido \u00e0 grande import\u00e2ncia econ\u00f4mica da commodity. \u00c9 o principal organismo intergovernamental para o setor e re\u00fane governos de na\u00e7\u00f5es exportadoras e importadoras para enfrentar os desafios da cafeicultura global, por meio de coopera\u00e7\u00e3o internacional. Seus pa\u00edses-membros representam 98% da produ\u00e7\u00e3o e 67% do consumo mundial do produto.<\/p>\n\n\n\n<p>A miss\u00e3o da OIC \u00e9 fortalecer o setor cafeeiro global e promover sua expans\u00e3o sustent\u00e1vel em um ambiente de mercado, para o aperfei\u00e7oamento de todos os participantes do setor. Oferece uma contribui\u00e7\u00e3o pr\u00e1tica para o desenvolvimento da cafeicultura mundial e para a redu\u00e7\u00e3o da pobreza nos pa\u00edses em desenvolvimento. Vanusia Nogueira ir\u00e1 substituir o tamb\u00e9m brasileiro Jos\u00e9 Sette na dire\u00e7\u00e3o da OIC.<\/p>\n\n\n\n<p>&#8212;&#8212;&#8212;&#8212;&#8212;&#8212;<br><br><strong>Sabia que o Aconteceu no Vale est\u00e1 tamb\u00e9m no Telegram? <a rel=\"noreferrer noopener\" href=\"https:\/\/t.me\/aconteceunovaleoficial\" target=\"_blank\">Inscreva-se no canal<\/a>.<\/strong><br><br><strong>J\u00e1 curtiu ou seguiu nossas p\u00e1ginas nas redes sociais?\u00a0Receba as not\u00edcias em primeira m\u00e3o:<\/strong><br>\u2022 <a rel=\"noreferrer noopener\" href=\"https:\/\/news.google.com\/publications\/CAAqBwgKMNjklQswi4etAw?hl=pt-BR&amp;gl=BR&amp;ceid=BR%3Apt-419\" target=\"_blank\">Google News<\/a><br>\u2022 <a rel=\"noreferrer noopener\" href=\"https:\/\/www.facebook.com\/aconteceunovale\/\" target=\"_blank\">Facebook<\/a><br>\u2022 <a rel=\"noreferrer noopener\" href=\"https:\/\/twitter.com\/noticiadosvales\" target=\"_blank\">Twitter<\/a><br>\u2022 <a rel=\"noreferrer noopener\" href=\"https:\/\/www.instagram.com\/aconteceunovale\" target=\"_blank\">Instagram<\/a><br>\u2022 <a rel=\"noreferrer noopener\" href=\"https:\/\/www.youtube.com\/AconteceunoValeOficial\" target=\"_blank\">Youtube<\/a><br>\u2022 <a rel=\"noreferrer noopener\" href=\"https:\/\/www.tiktok.com\/@aconteceunovale\" target=\"_blank\">TikTok<\/a><\/p>\n","protected":false},"excerpt":{"rendered":"<p>Uma mineira foi a escolhida para ser a nova diretora executiva da Organiza\u00e7\u00e3o Internacional do Caf\u00e9 (OIC). Na \u00faltima quinta-feira (10\/2\/2022), os representes dos pa\u00edses-membros da entidade elegeram Vanusia Nogueira para o cargo. Ela ser\u00e1 a primeira mulher a ocupar o mais alto posto da OIC. A gest\u00e3o ser\u00e1 de cinco anos. Vanusia Nogueira nasceu [&hellip;]<\/p>\n","protected":false},"author":4,"featured_media":187113,"comment_status":"open","ping_status":"closed","sticky":false,"template":"","format":"standard","meta":{"amp_status":"","footnotes":""},"categories":[6,123,28848],"tags":[259074,44521,20030,191570,142753,52521,131,259071,259070,47641,142752,259072,9546,82990,259073],"class_list":["post-187112","post","type-post","status-publish","format-standard","has-post-thumbnail","hentry","category-br","category-gerais","category-mundo","tag-bernadino-cangussu","tag-cafe","tag-cnc","tag-conselho-nacional-do-cafe","tag-jose-sette","tag-londres","tag-minas-gerais","tag-mineira-e-eleita-para-o-mais-alto-posto-da-oic","tag-mineira-e-eleita-para-o-mais-alto-posto-da-organizacao-internacional-do-cafe","tag-nacoes-unidas","tag-oic","tag-organizacao-mundial-do-cafe","tag-santa-rita-do-sapucai","tag-vanusia-nogueira","tag-vanusia-nogueira-oic"],"_links":{"self":[{"href":"https:\/\/aconteceunovale.com.br\/portal\/index.php?rest_route=\/wp\/v2\/posts\/187112","targetHints":{"allow":["GET"]}}],"collection":[{"href":"https:\/\/aconteceunovale.com.br\/portal\/index.php?rest_route=\/wp\/v2\/posts"}],"about":[{"href":"https:\/\/aconteceunovale.com.br\/portal\/index.php?rest_route=\/wp\/v2\/types\/post"}],"author":[{"embeddable":true,"href":"https:\/\/aconteceunovale.com.br\/portal\/index.php?rest_route=\/wp\/v2\/users\/4"}],"replies":[{"embeddable":true,"href":"https:\/\/aconteceunovale.com.br\/portal\/index.php?rest_route=%2Fwp%2Fv2%2Fcomments&post=187112"}],"version-history":[{"count":1,"href":"https:\/\/aconteceunovale.com.br\/portal\/index.php?rest_route=\/wp\/v2\/posts\/187112\/revisions"}],"predecessor-version":[{"id":187114,"href":"https:\/\/aconteceunovale.com.br\/portal\/index.php?rest_route=\/wp\/v2\/posts\/187112\/revisions\/187114"}],"wp:featuredmedia":[{"embeddable":true,"href":"https:\/\/aconteceunovale.com.br\/portal\/index.php?rest_route=\/wp\/v2\/media\/187113"}],"wp:attachment":[{"href":"https:\/\/aconteceunovale.com.br\/portal\/index.php?rest_route=%2Fwp%2Fv2%2Fmedia&parent=187112"}],"wp:term":[{"taxonomy":"category","embeddable":true,"href":"https:\/\/aconteceunovale.com.br\/portal\/index.php?rest_route=%2Fwp%2Fv2%2Fcategories&post=187112"},{"taxonomy":"post_tag","embeddable":true,"href":"https:\/\/aconteceunovale.com.br\/portal\/index.php?rest_route=%2Fwp%2Fv2%2Ftags&post=187112"}],"curies":[{"name":"wp","href":"https:\/\/api.w.org\/{rel}","templated":true}]}}