{"id":18700,"date":"2014-01-16T22:50:52","date_gmt":"2014-01-17T00:50:52","guid":{"rendered":"http:\/\/aconteceunovale.com.br\/portal\/?p=18700"},"modified":"2014-01-17T22:15:18","modified_gmt":"2014-01-18T00:15:18","slug":"neymar-vai-processar-a-modelo-ipatinguense-laryssa-oliveira","status":"publish","type":"post","link":"https:\/\/aconteceunovale.com.br\/portal\/?p=18700","title":{"rendered":"Neymar vai processar a modelo Ipatinguense Laryssa Oliveira"},"content":{"rendered":"<p>O jogador Neymar Junior, craque do Barcelona e da sele\u00e7\u00e3o brasileira, anunciou por meio de uma nota que ir\u00e1 processar Laryssa Souza de Oliveira, de 25 anos, por causa de suas declara\u00e7\u00f5es sobre o encontro que tiveram no apartamento do jogador em Barcelona, Espanha.<\/p>\n<p><img decoding=\"async\" src=\"http:\/\/aconteceunovale.com.br\/portal\/wp-content\/uploads\/2014\/01\/processo_nayara_2.jpg\" alt=\"\" \/><\/p>\n<p>A modelo ipatinguense afirmou que, pelo fato do encontro ter se tornado p\u00fablico ap\u00f3s o vazamento de algumas fotos delas no apartamento do jogador houve o rompimento do namoro dele com a atriz Bruna Marquezine.<\/p>\n<p><img decoding=\"async\" class=\"aligncenter\" alt=\"\" src=\"http:\/\/aconteceunovale.com.br\/portal\/wp-content\/uploads\/2014\/01\/dupla_ipatinguenses_separacao_neymar_2.jpg\" \/><\/p>\n<p>Neymar divulgou por meio de seu site oficial \u201cque j\u00e1 est\u00e1 adotando as medidas judiciais cab\u00edveis\u201d e que foi alvo de \u201cdeclara\u00e7\u00f5es caluniosas e infundadas trazidas a p\u00fablico\u201d e que, \u201cem respeitos aos seus f\u00e3s, amigos e seguidores\u201d, buscar\u00e1 preservar sua honra, imagem e privacidade.<\/p>\n<p><strong>LARYSSA DISSE ESTAR TRANQUILA<\/strong><\/p>\n<p>Em entrevista ao Portal Plox, Laryssa garantiu estar \u201ctotalmente tranquila\u201d. Ela afirmou que todas as declara\u00e7\u00f5es feitas sobre o jogador est\u00e3o balizadas em um parecer de um sua advogada. \u201cTudo o que falei, o que falo e o que falarei, eu tenho provas. A minha advogada est\u00e1 ciente e me disse que eu posso ficar tranquila\u201d.<\/p>\n<p><img decoding=\"async\" class=\"aligncenter\" alt=\"\" src=\"http:\/\/aconteceunovale.com.br\/portal\/wp-content\/uploads\/2014\/01\/dupla_ipatinguenses_separacao_neymar_3.jpg\" \/><\/p>\n<p><em><strong>&#8220;N\u00e3o achei isso honesto. N\u00e3o achei isso postura de homem. Ainda bem que a gente tem provas&#8221;<\/strong><\/em><\/p>\n<p><strong>ROMPIMENTO COM NEYMAR<\/strong><\/p>\n<p>Na entrevista concedida ao Portal Plox logo que chegou ao Brasil, e depois replicada em v\u00e1rios canais pelo pa\u00eds afora, Larrysa disse que \u00e9 amiga \u00edntima de Neymar h\u00e1 cerca de cinco anos. Perguntamos a ela se houve rompimento dessa amizade. \u201cEstamos bastante brigados antes mesmo desse an\u00fancio dele. Logo que ocorreu o fato eu fiquei esperando a atitude dele. A\u00ed ele veio s\u00f3 agredindo. N\u00e3o achei isso honesto. N\u00e3o achei isso postura de homem. Ainda bem que a gente tem provas. N\u00e3o estou com medo nenhum\u201d encerrou.<\/p>\n<p><iframe loading=\"lazy\" src=\"\/\/www.youtube.com\/embed\/LzpuIHvWKnw\" height=\"480\" width=\"640\" allowfullscreen=\"\" frameborder=\"0\"><\/iframe><\/p>\n<p><strong>NOTA DIVULGADA POR NEYMAR:<\/strong><\/p>\n<p><em>Cumpre informar que diante da distor\u00e7\u00e3o da verdade e declara\u00e7\u00f5es caluniosas e infundadas trazidas a p\u00fablico pela senhora Laryssa Souza de Oliveira perante alguns meios de comunica\u00e7\u00e3o com o \u00fanico intuito de autopromo\u00e7\u00e3o e, principalmente, em respeito aos seus f\u00e3s, amigos e seguidores, o atleta Neymar Jr. informa que j\u00e1 est\u00e1 adotando as medidas judiciais cab\u00edveis no sentido de preservar sua honra, imagem e privacidade.<\/em><\/p>\n<p><em>Manteremos, caso poss\u00edvel, todos informados dos desdobramentos deste caso.<\/em> (NR Sports)<\/p>\n<p><strong>(Fonte: Portal Plox)<\/strong><\/p>\n","protected":false},"excerpt":{"rendered":"<p>O jogador Neymar Junior, craque do Barcelona e da sele\u00e7\u00e3o brasileira, anunciou por meio de uma nota que ir\u00e1 processar Laryssa Souza de Oliveira, de 25 anos, por causa de suas declara\u00e7\u00f5es sobre o encontro que tiveram no apartamento do jogador em Barcelona, Espanha. A modelo ipatinguense afirmou que, pelo fato do encontro ter se [&hellip;]<\/p>\n","protected":false},"author":1,"featured_media":0,"comment_status":"open","ping_status":"closed","sticky":false,"template":"","format":"standard","meta":{"amp_status":"","footnotes":""},"categories":[6],"tags":[3090,3089,3087,3091,3088,3092,3086,3093],"class_list":["post-18700","post","type-post","status-publish","format-standard","hentry","category-br","tag-anny-alves-nantes","tag-jogador-neymar","tag-laryssa-oliveira","tag-laryssa-souza-de-oliveira","tag-neymar","tag-neymar-junior","tag-neymar-vai-processar-a-ipatinguense-laryssa-oliveira","tag-neymar-vai-processar-a-modelo-ipatinguense-laryssa-oliveira"],"_links":{"self":[{"href":"https:\/\/aconteceunovale.com.br\/portal\/index.php?rest_route=\/wp\/v2\/posts\/18700","targetHints":{"allow":["GET"]}}],"collection":[{"href":"https:\/\/aconteceunovale.com.br\/portal\/index.php?rest_route=\/wp\/v2\/posts"}],"about":[{"href":"https:\/\/aconteceunovale.com.br\/portal\/index.php?rest_route=\/wp\/v2\/types\/post"}],"author":[{"embeddable":true,"href":"https:\/\/aconteceunovale.com.br\/portal\/index.php?rest_route=\/wp\/v2\/users\/1"}],"replies":[{"embeddable":true,"href":"https:\/\/aconteceunovale.com.br\/portal\/index.php?rest_route=%2Fwp%2Fv2%2Fcomments&post=18700"}],"version-history":[{"count":0,"href":"https:\/\/aconteceunovale.com.br\/portal\/index.php?rest_route=\/wp\/v2\/posts\/18700\/revisions"}],"wp:attachment":[{"href":"https:\/\/aconteceunovale.com.br\/portal\/index.php?rest_route=%2Fwp%2Fv2%2Fmedia&parent=18700"}],"wp:term":[{"taxonomy":"category","embeddable":true,"href":"https:\/\/aconteceunovale.com.br\/portal\/index.php?rest_route=%2Fwp%2Fv2%2Fcategories&post=18700"},{"taxonomy":"post_tag","embeddable":true,"href":"https:\/\/aconteceunovale.com.br\/portal\/index.php?rest_route=%2Fwp%2Fv2%2Ftags&post=18700"}],"curies":[{"name":"wp","href":"https:\/\/api.w.org\/{rel}","templated":true}]}}