{"id":186990,"date":"2022-02-09T19:24:40","date_gmt":"2022-02-09T22:24:40","guid":{"rendered":"https:\/\/aconteceunovale.com.br\/portal\/?p=186990"},"modified":"2022-02-09T19:25:19","modified_gmt":"2022-02-09T22:25:19","slug":"cade-aprova-compra-da-oi-movel-por-tim-claro-e-vivo","status":"publish","type":"post","link":"https:\/\/aconteceunovale.com.br\/portal\/?p=186990","title":{"rendered":"Cade aprova compra da Oi M\u00f3vel por Tim, Claro e Vivo"},"content":{"rendered":"\n<p>A compra dos ativos de telefonia m\u00f3vel do grupo Oi pelas operadoras Tim, Claro e Telef\u00f4nica Brasil, que det\u00e9m a marca Vivo, foi autorizada, com restri\u00e7\u00f5es, pelo Conselho Administrativo de Defesa Econ\u00f4mica (Cade). A aprova\u00e7\u00e3o foi condicionada ao cumprimento de medidas que diminuam os riscos concorrenciais e que estar\u00e3o contidas em um Acordo em Controle de Concentra\u00e7\u00f5es (ACC). A Oi vendeu a rede m\u00f3vel em 2020 para pagar d\u00edvidas. A transa\u00e7\u00e3o precisava de confirma\u00e7\u00e3o pelo \u00f3rg\u00e3o antitruste.<\/p>\n\n\n\n<p>A decis\u00e3o foi tomada em reuni\u00e3o da tarde de\u00a0hoje\u00a0(9\/2\/2022). As an\u00e1lises da opera\u00e7\u00e3o mostraram que a sa\u00edda da Oi do mercado de Servi\u00e7o M\u00f3vel Pessoal (SMP) reduziria de quatro para tr\u00eas as operadoras que atuam no segmento, levando a uma concentra\u00e7\u00e3o na oferta do servi\u00e7o. O entendimento do Cade, no entanto, \u00e9 de que a fal\u00eancia da Oi nesse mercado poderia aprofundar a concentra\u00e7\u00e3o do setor, maior at\u00e9 do que a decorrente da transa\u00e7\u00e3o, tendo em vista que os l\u00edderes do mercado iriam absorver os clientes atuais da empresa falida.<\/p>\n\n\n\n<p>\u201cQuando considerados em conjunto com as condicionantes da Anatel e a regulamenta\u00e7\u00e3o setorial, os rem\u00e9dios do Cade t\u00eam o potencial de reduzir significativamente as barreiras \u00e0 entrada e de aumentar a expans\u00e3o de concorrentes, mitigando as preocupa\u00e7\u00f5es concorrenciais identificadas ao longo da instru\u00e7\u00e3o do presente processo\u201d, avaliou, segundo nota do Cade, a conselheira Lenisa Prado.<\/p>\n\n\n\n<p>O presidente do conselho, Alexandre Cordeiro, e o conselheiro Luiz Hoffmann acompanharam o voto de Lenisa Prado. J\u00e1 os conselheiros Luis Braido, relator do ato de concentra\u00e7\u00e3o; Paula Azevedo; e S\u00e9rgio Ravagnani votaram pela reprova\u00e7\u00e3o da opera\u00e7\u00e3o. A decis\u00e3o foi tomada com base no voto de qualidade do presidente, pois a aprova\u00e7\u00e3o n\u00e3o alcan\u00e7ou maioria dos votos.&nbsp;<\/p>\n\n\n\n<p>O ACC prev\u00ea medidas que \u201cfavorecem e facilitam a entrada de novos agentes econ\u00f4micos e a expans\u00e3o de competidores no mercado de SMP\u201d. Entre elas, est\u00e1 a oferta p\u00fablica a ser feita pelas compradoras de cerca de metade das esta\u00e7\u00f5es de r\u00e1dio base (EBRs) que foram adquiridas da Oi. Tamb\u00e9m est\u00e1 previsto o aluguel de parte do espectro da Oi, entre outras medidas.<\/p>\n\n\n\n<p>&#8212;&#8212;&#8212;&#8212;&#8212;&#8212;<br><br><strong>Sabia que o Aconteceu no Vale est\u00e1 tamb\u00e9m no Telegram? <a rel=\"noreferrer noopener\" href=\"https:\/\/t.me\/aconteceunovaleoficial\" target=\"_blank\">Inscreva-se no canal<\/a>.<\/strong><br><br><strong>J\u00e1 curtiu ou seguiu nossas p\u00e1ginas nas redes sociais?\u00a0Receba as not\u00edcias em primeira m\u00e3o:<\/strong><br>\u2022 <a rel=\"noreferrer noopener\" href=\"https:\/\/news.google.com\/publications\/CAAqBwgKMNjklQswi4etAw?hl=pt-BR&amp;gl=BR&amp;ceid=BR%3Apt-419\" target=\"_blank\">Google News<\/a><br>\u2022 <a rel=\"noreferrer noopener\" href=\"https:\/\/www.facebook.com\/aconteceunovale\/\" target=\"_blank\">Facebook<\/a><br>\u2022 <a rel=\"noreferrer noopener\" href=\"https:\/\/twitter.com\/noticiadosvales\" target=\"_blank\">Twitter<\/a><br>\u2022 <a rel=\"noreferrer noopener\" href=\"https:\/\/www.instagram.com\/aconteceunovale\" target=\"_blank\">Instagram<\/a><br>\u2022 <a rel=\"noreferrer noopener\" href=\"https:\/\/www.youtube.com\/AconteceunoValeOficial\" target=\"_blank\">Youtube<\/a><br>\u2022 <a rel=\"noreferrer noopener\" href=\"https:\/\/www.tiktok.com\/@aconteceunovale\" target=\"_blank\">TikTok<\/a><\/p>\n","protected":false},"excerpt":{"rendered":"<p>A compra dos ativos de telefonia m\u00f3vel do grupo Oi pelas operadoras Tim, Claro e Telef\u00f4nica Brasil, que det\u00e9m a marca Vivo, foi autorizada, com restri\u00e7\u00f5es, pelo Conselho Administrativo de Defesa Econ\u00f4mica (Cade). A aprova\u00e7\u00e3o foi condicionada ao cumprimento de medidas que diminuam os riscos concorrenciais e que estar\u00e3o contidas em um Acordo em Controle [&hellip;]<\/p>\n","protected":false},"author":4,"featured_media":186991,"comment_status":"open","ping_status":"closed","sticky":false,"template":"","format":"standard","meta":{"amp_status":"","footnotes":""},"categories":[6],"tags":[36954,19797,4606,258926,258367,23612,258366,258369,258368,225620,258365,26159,258361,258364,258363,258362,19693],"class_list":["post-186990","post","type-post","status-publish","format-standard","has-post-thumbnail","hentry","category-br","tag-agencia-nacional-de-telecomunicacoes","tag-anatel","tag-brasilia","tag-cade-aprova-compra-da-oi-movel","tag-carlos-baigorri","tag-claro","tag-emanuel-campelo","tag-infraco","tag-moises-moreira","tag-oi-movel","tag-servico-de-telefonia-movel-da-oi","tag-tim","tag-venda-da-oi-movel","tag-venda-da-oi-movel-para-a-claro","tag-venda-da-oi-movel-para-a-tim","tag-venda-da-oi-movel-para-a-vivo","tag-vivo"],"_links":{"self":[{"href":"https:\/\/aconteceunovale.com.br\/portal\/index.php?rest_route=\/wp\/v2\/posts\/186990","targetHints":{"allow":["GET"]}}],"collection":[{"href":"https:\/\/aconteceunovale.com.br\/portal\/index.php?rest_route=\/wp\/v2\/posts"}],"about":[{"href":"https:\/\/aconteceunovale.com.br\/portal\/index.php?rest_route=\/wp\/v2\/types\/post"}],"author":[{"embeddable":true,"href":"https:\/\/aconteceunovale.com.br\/portal\/index.php?rest_route=\/wp\/v2\/users\/4"}],"replies":[{"embeddable":true,"href":"https:\/\/aconteceunovale.com.br\/portal\/index.php?rest_route=%2Fwp%2Fv2%2Fcomments&post=186990"}],"version-history":[{"count":1,"href":"https:\/\/aconteceunovale.com.br\/portal\/index.php?rest_route=\/wp\/v2\/posts\/186990\/revisions"}],"predecessor-version":[{"id":186992,"href":"https:\/\/aconteceunovale.com.br\/portal\/index.php?rest_route=\/wp\/v2\/posts\/186990\/revisions\/186992"}],"wp:featuredmedia":[{"embeddable":true,"href":"https:\/\/aconteceunovale.com.br\/portal\/index.php?rest_route=\/wp\/v2\/media\/186991"}],"wp:attachment":[{"href":"https:\/\/aconteceunovale.com.br\/portal\/index.php?rest_route=%2Fwp%2Fv2%2Fmedia&parent=186990"}],"wp:term":[{"taxonomy":"category","embeddable":true,"href":"https:\/\/aconteceunovale.com.br\/portal\/index.php?rest_route=%2Fwp%2Fv2%2Fcategories&post=186990"},{"taxonomy":"post_tag","embeddable":true,"href":"https:\/\/aconteceunovale.com.br\/portal\/index.php?rest_route=%2Fwp%2Fv2%2Ftags&post=186990"}],"curies":[{"name":"wp","href":"https:\/\/api.w.org\/{rel}","templated":true}]}}