{"id":186980,"date":"2022-02-09T17:30:28","date_gmt":"2022-02-09T20:30:28","guid":{"rendered":"https:\/\/aconteceunovale.com.br\/portal\/?p=186980"},"modified":"2022-02-09T17:30:48","modified_gmt":"2022-02-09T20:30:48","slug":"ministerio-publico-vai-investigar-apresentador-e-produtora-por-apologia-ao-nazismo","status":"publish","type":"post","link":"https:\/\/aconteceunovale.com.br\/portal\/?p=186980","title":{"rendered":"Minist\u00e9rio P\u00fablico vai investigar apresentador e produtora por apologia ao nazismo"},"content":{"rendered":"\n<p>A Promotoria de Direitos Humanos do Minist\u00e9rio P\u00fablico de S\u00e3o Paulo abriu\u00a0inqu\u00e9rito para investigar suspeita de apologia ao nazismo feita, no\u00a0<em>podcast<\/em>\u00a0Flow, pelo apresentador e influenciador digital Bruno Aiub, conhecido como Monark. No entendimento dos promotores, ele defendeu a <em>&#8220;cria\u00e7\u00e3o de um partido nazista\u201d<\/em>\u00a0durante\u00a0entrevista com os deputados federais Kim Kataguiri (DEM-SP) e Tabata Amaral (PSB-SP).<\/p>\n\n\n\n<figure class=\"wp-block-gallery has-nested-images columns-default is-cropped wp-block-gallery-1 is-layout-flex wp-block-gallery-is-layout-flex\">\n<figure class=\"wp-block-image size-large\"><img loading=\"lazy\" decoding=\"async\" width=\"678\" height=\"424\" data-id=\"186981\" src=\"https:\/\/aconteceunovale.com.br\/portal\/wp-content\/uploads\/2022\/02\/monark.jpeg\" alt=\"\" class=\"wp-image-186981\" srcset=\"https:\/\/aconteceunovale.com.br\/portal\/wp-content\/uploads\/2022\/02\/monark.jpeg 678w, https:\/\/aconteceunovale.com.br\/portal\/wp-content\/uploads\/2022\/02\/monark-300x188.jpeg 300w, https:\/\/aconteceunovale.com.br\/portal\/wp-content\/uploads\/2022\/02\/monark-672x420.jpeg 672w\" sizes=\"auto, (max-width: 678px) 100vw, 678px\" \/><figcaption><em><sub>Apresentador Monark &#8211; Foto: Reprodu\u00e7\u00e3o\/Youtube<\/sub><\/em><\/figcaption><\/figure>\n<\/figure>\n\n\n\n<p>Na portaria do\u00a0inqu\u00e9rito consta que o apresentador, s\u00f3cio da produtora\u00a0Flow Podcast, afirmou, na\u00a0entrevista que foi ao ar ontem\u00a0(8\/2\/2022),\u00a0que\u00a0<em>\u201ca\u00a0esquerda radical tem muito mais espa\u00e7o que a direita radical, na minha opini\u00e3o. Eu sou muito mais louco que todos voc\u00eas. Acho que o nazista tinha que\u00a0ter\u00a0o partido nazista reconhecido\u201d.\u00a0<\/em><\/p>\n\n\n\n<p>Segundo os promotores Anna Trotta Yaryd e Reynaldo Mapelli J\u00fanior, que assinam o pedido de abertura de investiga\u00e7\u00e3o, <em>\u201chouve expressa defesa da cria\u00e7\u00e3o de um partido nazista, como se este partido fosse decorr\u00eancia do direito \u00e0 liberdade de express\u00e3o\u201d.<\/em><\/p>\n\n\n\n<p>No texto da portaria, eles destacam que\u00a0est\u00e1 impl\u00edcito no discurso do apresentador a viol\u00eancia contra diversos grupos. <em>\u201cA cria\u00e7\u00e3o de um partido nazista representa, em s\u00edntese, a cria\u00e7\u00e3o de um partido pol\u00edtico feito para perseguir e exterminar pessoas, notadamente judeus, mas tamb\u00e9m pessoas com defici\u00eancia, LGBTQIA+ e outras minorias.\u201d<\/em><\/p>\n\n\n\n<p>Ap\u00f3s intimados, o Flow Podcast e o apresentador Bruno Aiub&nbsp;ter\u00e3o 30 dias para apresentar informa\u00e7\u00f5es sobre os fatos e sobre a constitui\u00e7\u00e3o societ\u00e1ria da produtora que produz e veicula o conte\u00fado.<\/p>\n\n\n\n<h2 class=\"wp-block-heading\" id=\"outro-lado\">Outro lado<\/h2>\n\n\n\n<p>Segundo nota divulgada&nbsp;ontem&nbsp;(8), os Est\u00fadios Flow informaram que o epis\u00f3dio do&nbsp;<em>podcast<\/em>&nbsp;(arquivo digital de \u00e1udio transmitido pela internet) foi retirado do ar e o apresentador foi desligado da produtora. Em v\u00eddeo, tamb\u00e9m divulgado na noite de&nbsp;ontem, Igor Coelho, que \u00e9 s\u00f3cio de Aiub, anunciou vai comprar a participa\u00e7\u00e3o do apresentador nos est\u00fadios, encerrando a liga\u00e7\u00e3o de Monark com a empresa.<\/p>\n\n\n\n<p>No comunicado, os Est\u00fadios Flow afirmam ainda\u00a0ter\u00a0compromisso com a democracia e os direitos humanos, lamentando o ocorrido. <em>\u201cPedimos desculpas \u00e0 comunidade judaica, em especial e a todas as pessoas, bem como repudiamos todo e qualquer tipo de posicionamento que possa ferir, ignorar ou questionar a exist\u00eancia de algu\u00e9m ou de uma sociedade.\u201d<\/em><\/p>\n\n\n\n<p>Bruno Aiub divulgou um v\u00eddeo em seu canal no Twitter em que diz que errou, pede desculpas e afirma que estava <em>\u201cmuito b\u00eabado\u201d<\/em> na ocasi\u00e3o.<\/p>\n\n\n\n<p>&#8212;&#8212;&#8212;&#8212;&#8212;&#8212;<br><br><strong>Sabia que o Aconteceu no Vale est\u00e1 tamb\u00e9m no Telegram? <a rel=\"noreferrer noopener\" href=\"https:\/\/t.me\/aconteceunovaleoficial\" target=\"_blank\">Inscreva-se no canal<\/a>.<\/strong><br><br><strong>J\u00e1 curtiu ou seguiu nossas p\u00e1ginas nas redes sociais?\u00a0Receba as not\u00edcias em primeira m\u00e3o:<\/strong><br>\u2022 <a rel=\"noreferrer noopener\" href=\"https:\/\/news.google.com\/publications\/CAAqBwgKMNjklQswi4etAw?hl=pt-BR&amp;gl=BR&amp;ceid=BR%3Apt-419\" target=\"_blank\">Google News<\/a><br>\u2022 <a rel=\"noreferrer noopener\" href=\"https:\/\/www.facebook.com\/aconteceunovale\/\" target=\"_blank\">Facebook<\/a><br>\u2022 <a rel=\"noreferrer noopener\" href=\"https:\/\/twitter.com\/noticiadosvales\" target=\"_blank\">Twitter<\/a><br>\u2022 <a rel=\"noreferrer noopener\" href=\"https:\/\/www.instagram.com\/aconteceunovale\" target=\"_blank\">Instagram<\/a><br>\u2022 <a rel=\"noreferrer noopener\" href=\"https:\/\/www.youtube.com\/AconteceunoValeOficial\" target=\"_blank\">Youtube<\/a><br>\u2022 <a rel=\"noreferrer noopener\" href=\"https:\/\/www.tiktok.com\/@aconteceunovale\" target=\"_blank\">TikTok<\/a><\/p>\n","protected":false},"excerpt":{"rendered":"<p>A Promotoria de Direitos Humanos do Minist\u00e9rio P\u00fablico de S\u00e3o Paulo abriu\u00a0inqu\u00e9rito para investigar suspeita de apologia ao nazismo feita, no\u00a0podcast\u00a0Flow, pelo apresentador e influenciador digital Bruno Aiub, conhecido como Monark. No entendimento dos promotores, ele defendeu a &#8220;cria\u00e7\u00e3o de um partido nazista\u201d\u00a0durante\u00a0entrevista com os deputados federais Kim Kataguiri (DEM-SP) e Tabata Amaral (PSB-SP). Na [&hellip;]<\/p>\n","protected":false},"author":4,"featured_media":186981,"comment_status":"open","ping_status":"closed","sticky":false,"template":"","format":"standard","meta":{"amp_status":"","footnotes":""},"categories":[6,40240],"tags":[258919,258914,258916,258918,82403,82553,258912,258911,258915,258913,258920,2382,258917],"class_list":["post-186980","post","type-post","status-publish","format-standard","has-post-thumbnail","hentry","category-br","category-politica-2","tag-anna-trotta-yaryd","tag-apresentador-monark","tag-bruno-aiub","tag-investigado-por-apologia-ao-nazismo","tag-kim-kataguiri","tag-ministerio-publico-de-sao-paulo","tag-ministerio-publico-vai-investigar-apresentador-e-produtora-por-apologia-ao-nazismo","tag-ministerio-publico-vai-investigar-monark-e-produtora-por-apologia-ao-nazismo","tag-podcast-flow","tag-podcaster-monark","tag-reynaldo-mappeli-junior","tag-sao-paulo","tag-tabata-amaral"],"_links":{"self":[{"href":"https:\/\/aconteceunovale.com.br\/portal\/index.php?rest_route=\/wp\/v2\/posts\/186980","targetHints":{"allow":["GET"]}}],"collection":[{"href":"https:\/\/aconteceunovale.com.br\/portal\/index.php?rest_route=\/wp\/v2\/posts"}],"about":[{"href":"https:\/\/aconteceunovale.com.br\/portal\/index.php?rest_route=\/wp\/v2\/types\/post"}],"author":[{"embeddable":true,"href":"https:\/\/aconteceunovale.com.br\/portal\/index.php?rest_route=\/wp\/v2\/users\/4"}],"replies":[{"embeddable":true,"href":"https:\/\/aconteceunovale.com.br\/portal\/index.php?rest_route=%2Fwp%2Fv2%2Fcomments&post=186980"}],"version-history":[{"count":1,"href":"https:\/\/aconteceunovale.com.br\/portal\/index.php?rest_route=\/wp\/v2\/posts\/186980\/revisions"}],"predecessor-version":[{"id":186982,"href":"https:\/\/aconteceunovale.com.br\/portal\/index.php?rest_route=\/wp\/v2\/posts\/186980\/revisions\/186982"}],"wp:featuredmedia":[{"embeddable":true,"href":"https:\/\/aconteceunovale.com.br\/portal\/index.php?rest_route=\/wp\/v2\/media\/186981"}],"wp:attachment":[{"href":"https:\/\/aconteceunovale.com.br\/portal\/index.php?rest_route=%2Fwp%2Fv2%2Fmedia&parent=186980"}],"wp:term":[{"taxonomy":"category","embeddable":true,"href":"https:\/\/aconteceunovale.com.br\/portal\/index.php?rest_route=%2Fwp%2Fv2%2Fcategories&post=186980"},{"taxonomy":"post_tag","embeddable":true,"href":"https:\/\/aconteceunovale.com.br\/portal\/index.php?rest_route=%2Fwp%2Fv2%2Ftags&post=186980"}],"curies":[{"name":"wp","href":"https:\/\/api.w.org\/{rel}","templated":true}]}}