{"id":186959,"date":"2022-02-08T22:11:31","date_gmt":"2022-02-09T01:11:31","guid":{"rendered":"https:\/\/aconteceunovale.com.br\/portal\/?p=186959"},"modified":"2022-02-08T22:12:05","modified_gmt":"2022-02-09T01:12:05","slug":"tse-aprova-criacao-do-partido-uniao-brasil","status":"publish","type":"post","link":"https:\/\/aconteceunovale.com.br\/portal\/?p=186959","title":{"rendered":"TSE aprova cria\u00e7\u00e3o do partido Uni\u00e3o Brasil"},"content":{"rendered":"\n<p>O plen\u00e1rio do Tribunal Superior Eleitoral (TSE) aprovou, nesta ter\u00e7a-feira (8\/2\/2022), a forma\u00e7\u00e3o de um novo partido, a Uni\u00e3o Brasil, resultante da fus\u00e3o entre o DEM e o PSL. A aprova\u00e7\u00e3o, que j\u00e1 era esperada, foi un\u00e2nime.<\/p>\n\n\n\n<p>Com a fus\u00e3o, a Uni\u00e3o Brasil torna-se, de imediato, a maior bancada na C\u00e2mara dos Deputados, com 81 cadeiras, e o PT, a segunda maior, com 53 parlamentares. Dessa maneira, o novo partido passa a ter direito, em tese, \u00e0 maior fatia do Fundo Partid\u00e1rio, algo em torno de R$ 160 milh\u00f5es.<img decoding=\"async\" src=\"https:\/\/agenciabrasil.ebc.com.br\/ebc.png?id=1441152&amp;o=node\"><img decoding=\"async\" src=\"https:\/\/agenciabrasil.ebc.com.br\/ebc.gif?id=1441152&amp;o=node\"><\/p>\n\n\n\n<p>Pode ocorrer, contudo, significativa migra\u00e7\u00e3o de parlamentares descontentes com a fus\u00e3o. Para isso, os deputados devem aproveitar a chamada janela partid\u00e1ria, que permite, em um intervalo de tempo predeterminado antes das elei\u00e7\u00f5es para a C\u00e2mara, a mudan\u00e7a de sigla sem perda de mandato. Neste ano, a janela ficar\u00e1 aberta entre 3 de mar\u00e7o e 1\u00ba de abril.<\/p>\n\n\n\n<p>Em seu estatuto, a Uni\u00e3o Brasil se declara \u201csocial liberalista\u201d e defende o papel do Estado como \u201cregulador\u201d da economia, focado em garantir \u00e0 popula\u00e7\u00e3o servi\u00e7os essenciais \u201ccomo sa\u00fade, educa\u00e7\u00e3o, seguran\u00e7a, liberdade, habita\u00e7\u00e3o e saneamento\u201d.<\/p>\n\n\n\n<p>&#8212;&#8212;&#8212;&#8212;&#8212;&#8212;<br><br><strong>Sabia que o Aconteceu no Vale est\u00e1 tamb\u00e9m no Telegram? <a rel=\"noreferrer noopener\" href=\"https:\/\/t.me\/aconteceunovaleoficial\" target=\"_blank\">Inscreva-se no canal<\/a>.<\/strong><br><br><strong>J\u00e1 curtiu ou seguiu nossas p\u00e1ginas nas redes sociais?\u00a0Receba as not\u00edcias em primeira m\u00e3o:<\/strong><br>\u2022 <a rel=\"noreferrer noopener\" href=\"https:\/\/news.google.com\/publications\/CAAqBwgKMNjklQswi4etAw?hl=pt-BR&amp;gl=BR&amp;ceid=BR%3Apt-419\" target=\"_blank\">Google News<\/a><br>\u2022 <a rel=\"noreferrer noopener\" href=\"https:\/\/www.facebook.com\/aconteceunovale\/\" target=\"_blank\">Facebook<\/a><br>\u2022 <a rel=\"noreferrer noopener\" href=\"https:\/\/twitter.com\/noticiadosvales\" target=\"_blank\">Twitter<\/a><br>\u2022 <a rel=\"noreferrer noopener\" href=\"https:\/\/www.instagram.com\/aconteceunovale\" target=\"_blank\">Instagram<\/a><br>\u2022 <a rel=\"noreferrer noopener\" href=\"https:\/\/www.youtube.com\/AconteceunoValeOficial\" target=\"_blank\">Youtube<\/a><br>\u2022 <a rel=\"noreferrer noopener\" href=\"https:\/\/www.tiktok.com\/@aconteceunovale\" target=\"_blank\">TikTok<\/a><\/p>\n","protected":false},"excerpt":{"rendered":"<p>O plen\u00e1rio do Tribunal Superior Eleitoral (TSE) aprovou, nesta ter\u00e7a-feira (8\/2\/2022), a forma\u00e7\u00e3o de um novo partido, a Uni\u00e3o Brasil, resultante da fus\u00e3o entre o DEM e o PSL. A aprova\u00e7\u00e3o, que j\u00e1 era esperada, foi un\u00e2nime. Com a fus\u00e3o, a Uni\u00e3o Brasil torna-se, de imediato, a maior bancada na C\u00e2mara dos Deputados, com 81 [&hellip;]<\/p>\n","protected":false},"author":4,"featured_media":186960,"comment_status":"open","ping_status":"closed","sticky":false,"template":"","format":"standard","meta":{"amp_status":"","footnotes":""},"categories":[6,40240],"tags":[231141,252629,252630,252625,21936,1018,252626,252627,252622,252631,252621,252628,153200,41221,94060,267,258904,252624,252623],"class_list":["post-186959","post","type-post","status-publish","format-standard","has-post-thumbnail","hentry","category-br","category-politica-2","tag-acm-neto","tag-criacao-do-maior-partido-do-brasil","tag-criacao-do-partido-politico-uniao-brasil","tag-criacao-do-partido-uniao-brasil","tag-democratas","tag-destaque","tag-fusao-de-dem-e-psl","tag-fusao-de-democratas-em-psl","tag-liderancas-do-uniao-brasil","tag-luciano-bivar","tag-luciano-caldas-bivar","tag-novo-partido-no-brasil","tag-psl","tag-rodrigo-pacheco","tag-tribunal-superior-eleitoral","tag-tse","tag-tse-aprova-criacao-do-partido-uniao-brasil","tag-uniao-brasil","tag-uniao-brasil-44"],"_links":{"self":[{"href":"https:\/\/aconteceunovale.com.br\/portal\/index.php?rest_route=\/wp\/v2\/posts\/186959","targetHints":{"allow":["GET"]}}],"collection":[{"href":"https:\/\/aconteceunovale.com.br\/portal\/index.php?rest_route=\/wp\/v2\/posts"}],"about":[{"href":"https:\/\/aconteceunovale.com.br\/portal\/index.php?rest_route=\/wp\/v2\/types\/post"}],"author":[{"embeddable":true,"href":"https:\/\/aconteceunovale.com.br\/portal\/index.php?rest_route=\/wp\/v2\/users\/4"}],"replies":[{"embeddable":true,"href":"https:\/\/aconteceunovale.com.br\/portal\/index.php?rest_route=%2Fwp%2Fv2%2Fcomments&post=186959"}],"version-history":[{"count":1,"href":"https:\/\/aconteceunovale.com.br\/portal\/index.php?rest_route=\/wp\/v2\/posts\/186959\/revisions"}],"predecessor-version":[{"id":186961,"href":"https:\/\/aconteceunovale.com.br\/portal\/index.php?rest_route=\/wp\/v2\/posts\/186959\/revisions\/186961"}],"wp:featuredmedia":[{"embeddable":true,"href":"https:\/\/aconteceunovale.com.br\/portal\/index.php?rest_route=\/wp\/v2\/media\/186960"}],"wp:attachment":[{"href":"https:\/\/aconteceunovale.com.br\/portal\/index.php?rest_route=%2Fwp%2Fv2%2Fmedia&parent=186959"}],"wp:term":[{"taxonomy":"category","embeddable":true,"href":"https:\/\/aconteceunovale.com.br\/portal\/index.php?rest_route=%2Fwp%2Fv2%2Fcategories&post=186959"},{"taxonomy":"post_tag","embeddable":true,"href":"https:\/\/aconteceunovale.com.br\/portal\/index.php?rest_route=%2Fwp%2Fv2%2Ftags&post=186959"}],"curies":[{"name":"wp","href":"https:\/\/api.w.org\/{rel}","templated":true}]}}