{"id":186957,"date":"2022-02-08T20:29:18","date_gmt":"2022-02-08T23:29:18","guid":{"rendered":"https:\/\/aconteceunovale.com.br\/portal\/?p=186957"},"modified":"2022-02-08T20:30:15","modified_gmt":"2022-02-08T23:30:15","slug":"recorde-nas-exportacoes-de-minas-gerais-pode-se-repetir-com-potencial-de-crescimento-do-agro","status":"publish","type":"post","link":"https:\/\/aconteceunovale.com.br\/portal\/?p=186957","title":{"rendered":"Recorde nas exporta\u00e7\u00f5es de Minas Gerais pode se repetir com potencial de crescimento do agro"},"content":{"rendered":"\n<p>Enquanto o M\u00e9xico exporta 80% da sua produ\u00e7\u00e3o de tequila, apenas 1% da cacha\u00e7a brasileira, que tem Minas Gerais como um dos mais tradicionais produtores, \u00e9 comercializada para outros pa\u00edses. <em>\u201cO mundo merece conhecer a nossa caipirinha e o sistema estadual da agricultura vai trabalhar muito para ampliar essas exporta\u00e7\u00f5es\u201d, <\/em>afirma a secret\u00e1ria de\u00a0Estado de Agricultura, Pecu\u00e1ria e Abastecimento, Ana Valentini.<br><br>Al\u00e9m da cacha\u00e7a, o setor ap\u00edcola, l\u00e1cteos e a fruticultura s\u00e3o alguns dos segmentos que v\u00eam apresentando potencial de crescimento e contribui\u00e7\u00e3o para a diversifica\u00e7\u00e3o da pauta. Hoje, Minas Gerais exporta produtos do agroneg\u00f3cio para 176 pa\u00edses, com destaque para a China, Estados Unidos, Alemanha, It\u00e1lia e Jap\u00e3o. Em 2021, foi apurado o recorde da s\u00e9rie hist\u00f3rica, com US$ 10,5 bilh\u00f5es.<\/p>\n\n\n\n<h2 class=\"wp-block-heading\" id=\"cafe\"><strong>Caf\u00e9<\/strong><\/h2>\n\n\n\n<p>O potencial de expans\u00e3o n\u00e3o \u00e9 diferente quando se trata do produto l\u00edder em valor embarcado.<em> \u201cAno passado, a produ\u00e7\u00e3o de caf\u00e9 alcan\u00e7ou 34,6 milh\u00f5es de sacas. Se f\u00f4ssemos um pa\u00eds, o estado seria o maior produtor mundial de caf\u00e9, mas a atividade ocupa somente 1,8% do territ\u00f3rio mineiro\u201d,<\/em> avalia a secret\u00e1ria Ana Valentini.<\/p>\n\n\n\n<p>Al\u00e9m da exporta\u00e7\u00e3o do caf\u00e9 como commodity, Minas Gerais vem agregando valor e conquistando mercados com a exporta\u00e7\u00e3o de caf\u00e9s especiais. <em>\u201cAinda h\u00e1 um grande potencial de crescimento, n\u00e3o s\u00f3 para o caf\u00e9, mas para diversos segmentos que s\u00e3o importantes fontes geradoras de emprego e renda\u201d, <\/em>aponta.<\/p>\n\n\n\n<p>A secret\u00e1ria de Agricultura tamb\u00e9m destacou o crescimento de 20% no valor das exporta\u00e7\u00f5es em rela\u00e7\u00e3o ao ano de 2020.<em> \u201cO agroneg\u00f3cio responde por quase um ter\u00e7o de todas as exporta\u00e7\u00f5es do estado e esse resultado nos chama a aten\u00e7\u00e3o por ter sido conquistado num ano de pandemia, com todas as dificuldades enfrentadas como log\u00edstica, custo no transporte de navios e a dificuldade da falta de cont\u00eaineres\u201d.<\/em><\/p>\n\n\n\n<h2 class=\"wp-block-heading\" id=\"principais-produtos\"><strong>Principais produtos<\/strong><\/h2>\n\n\n\n<p>Al\u00e9m do caf\u00e9, cujo valor com as exporta\u00e7\u00f5es, em 2021, alcan\u00e7ou US$ 4,4 bilh\u00f5es, respondendo por 42% do valor total exportado, destacaram-se o complexo soja com US$ 2,4 bilh\u00f5es (23%); carnes com US$ 1,2 bilh\u00e3o (11%); complexo sucroalcooleiro que alcan\u00e7ou US$ 1,1 bilh\u00e3o (11%) e produtos florestais com US$ 700 milh\u00f5es (7%). Essas cinco cadeias produtivas respondem por 94% das exporta\u00e7\u00f5es do agroneg\u00f3cio do estado e todas registraram crescimento no ano passado.<\/p>\n\n\n\n<h2 class=\"wp-block-heading\" id=\"tecnologias\"><strong>Tecnologias<\/strong><\/h2>\n\n\n\n<p>As tecnologias que garantem a sustentabilidade da produ\u00e7\u00e3o desempenham um papel fundamental nesse cen\u00e1rio de crescimento. <em>\u201cA produ\u00e7\u00e3o mineira de gr\u00e3os (soja, milho e sorgo) tem registrado avan\u00e7os em fun\u00e7\u00e3o da ado\u00e7\u00e3o de tecnologias que visam garantir a sustentabilidade dos processos produtivos, como a integra\u00e7\u00e3o lavoura, pecu\u00e1ria e floresta, por exemplo&#8221;.<\/em><\/p>\n\n\n\n<p>Ainda segundo Ana Valentini, tal integra\u00e7\u00e3o permite a produ\u00e7\u00e3o de madeira, gr\u00e3os e o uso de pastagem para o rebanho, numa mesma \u00e1rea. <em>&#8220;Isso evidencia a import\u00e2ncia da pesquisa, da assist\u00eancia t\u00e9cnica que leva as metodologias para o produtor e tamb\u00e9m do trabalho de vigil\u00e2ncia sanit\u00e1ria que garante a qualidade dos nossos produtos\u201d, <\/em>finaliza.<\/p>\n\n\n\n<p>&#8212;&#8212;&#8212;&#8212;&#8212;&#8212;<br><br><strong>Sabia que o Aconteceu no Vale est\u00e1 tamb\u00e9m no Telegram? <a rel=\"noreferrer noopener\" href=\"https:\/\/t.me\/aconteceunovaleoficial\" target=\"_blank\">Inscreva-se no canal<\/a>.<\/strong><br><br><strong>J\u00e1 curtiu ou seguiu nossas p\u00e1ginas nas redes sociais?\u00a0Receba as not\u00edcias em primeira m\u00e3o:<\/strong><br>\u2022 <a rel=\"noreferrer noopener\" href=\"https:\/\/news.google.com\/publications\/CAAqBwgKMNjklQswi4etAw?hl=pt-BR&amp;gl=BR&amp;ceid=BR%3Apt-419\" target=\"_blank\">Google News<\/a><br>\u2022 <a rel=\"noreferrer noopener\" href=\"https:\/\/www.facebook.com\/aconteceunovale\/\" target=\"_blank\">Facebook<\/a><br>\u2022 <a rel=\"noreferrer noopener\" href=\"https:\/\/twitter.com\/noticiadosvales\" target=\"_blank\">Twitter<\/a><br>\u2022 <a rel=\"noreferrer noopener\" href=\"https:\/\/www.instagram.com\/aconteceunovale\" target=\"_blank\">Instagram<\/a><br>\u2022 <a rel=\"noreferrer noopener\" href=\"https:\/\/www.youtube.com\/AconteceunoValeOficial\" target=\"_blank\">Youtube<\/a><br>\u2022 <a rel=\"noreferrer noopener\" href=\"https:\/\/www.tiktok.com\/@aconteceunovale\" target=\"_blank\">TikTok<\/a><\/p>\n","protected":false},"excerpt":{"rendered":"<p>Enquanto o M\u00e9xico exporta 80% da sua produ\u00e7\u00e3o de tequila, apenas 1% da cacha\u00e7a brasileira, que tem Minas Gerais como um dos mais tradicionais produtores, \u00e9 comercializada para outros pa\u00edses. \u201cO mundo merece conhecer a nossa caipirinha e o sistema estadual da agricultura vai trabalhar muito para ampliar essas exporta\u00e7\u00f5es\u201d, afirma a secret\u00e1ria de\u00a0Estado de [&hellip;]<\/p>\n","protected":false},"author":4,"featured_media":186242,"comment_status":"open","ping_status":"closed","sticky":false,"template":"","format":"standard","meta":{"amp_status":"","footnotes":""},"categories":[123],"tags":[13528,207835,134750,257904,257903,1018,8446,40840,26380,258871,256243,257901,257902,258903,227377],"class_list":["post-186957","post","type-post","status-publish","format-standard","has-post-thumbnail","hentry","category-gerais","tag-agronegocio","tag-ana-valentini","tag-cafe-de-minas-gerais","tag-carnes-de-minas-gerais","tag-crescimento-das-exportacoes-do-agronegocio-de-minas-gerais","tag-destaque","tag-exportacoes-de-minas-gerais","tag-exportacoes-do-agronegocio-de-minas-gerais","tag-exportacoes-do-agronegocio-mineiro","tag-minas-gerais-bate-recorde-em-exportacoes-e-alcanca-melhor-resultado-dos-ultimos-dez-anos","tag-principais-mercados-dos-produtos-de-minas-gerais","tag-recorde-exportacoes-do-agronegocio-de-minas-gerais","tag-recorde-exportacoes-do-agronegocio-mineiro","tag-recorde-nas-exportacoes-de-minas-gerais-pode-se-repetir-com-potencial-de-crescimento-do-agro","tag-soja-de-minas-gerais"],"_links":{"self":[{"href":"https:\/\/aconteceunovale.com.br\/portal\/index.php?rest_route=\/wp\/v2\/posts\/186957","targetHints":{"allow":["GET"]}}],"collection":[{"href":"https:\/\/aconteceunovale.com.br\/portal\/index.php?rest_route=\/wp\/v2\/posts"}],"about":[{"href":"https:\/\/aconteceunovale.com.br\/portal\/index.php?rest_route=\/wp\/v2\/types\/post"}],"author":[{"embeddable":true,"href":"https:\/\/aconteceunovale.com.br\/portal\/index.php?rest_route=\/wp\/v2\/users\/4"}],"replies":[{"embeddable":true,"href":"https:\/\/aconteceunovale.com.br\/portal\/index.php?rest_route=%2Fwp%2Fv2%2Fcomments&post=186957"}],"version-history":[{"count":1,"href":"https:\/\/aconteceunovale.com.br\/portal\/index.php?rest_route=\/wp\/v2\/posts\/186957\/revisions"}],"predecessor-version":[{"id":186958,"href":"https:\/\/aconteceunovale.com.br\/portal\/index.php?rest_route=\/wp\/v2\/posts\/186957\/revisions\/186958"}],"wp:featuredmedia":[{"embeddable":true,"href":"https:\/\/aconteceunovale.com.br\/portal\/index.php?rest_route=\/wp\/v2\/media\/186242"}],"wp:attachment":[{"href":"https:\/\/aconteceunovale.com.br\/portal\/index.php?rest_route=%2Fwp%2Fv2%2Fmedia&parent=186957"}],"wp:term":[{"taxonomy":"category","embeddable":true,"href":"https:\/\/aconteceunovale.com.br\/portal\/index.php?rest_route=%2Fwp%2Fv2%2Fcategories&post=186957"},{"taxonomy":"post_tag","embeddable":true,"href":"https:\/\/aconteceunovale.com.br\/portal\/index.php?rest_route=%2Fwp%2Fv2%2Ftags&post=186957"}],"curies":[{"name":"wp","href":"https:\/\/api.w.org\/{rel}","templated":true}]}}