{"id":186954,"date":"2022-02-08T20:15:57","date_gmt":"2022-02-08T23:15:57","guid":{"rendered":"https:\/\/aconteceunovale.com.br\/portal\/?p=186954"},"modified":"2022-02-08T20:16:11","modified_gmt":"2022-02-08T23:16:11","slug":"homem-e-preso-por-tentativa-de-homicidio-em-caratinga","status":"publish","type":"post","link":"https:\/\/aconteceunovale.com.br\/portal\/?p=186954","title":{"rendered":"Homem \u00e9 preso por tentativa de homic\u00eddio em Caratinga"},"content":{"rendered":"\n<p>A Pol\u00edcia Civil de Minas Gerais (PCMG) cumpriu, nesta ter\u00e7a-feira (8\/2\/2022), mandado de pris\u00e3o contra um homem, de 20 anos, suspeito de tentar matar um jovem, de 18, no munic\u00edpio de Caratinga.<\/p>\n\n\n\n<figure class=\"wp-block-gallery has-nested-images columns-default is-cropped wp-block-gallery-1 is-layout-flex wp-block-gallery-is-layout-flex\">\n<figure class=\"wp-block-image size-large\"><img loading=\"lazy\" decoding=\"async\" width=\"678\" height=\"425\" data-id=\"186955\" src=\"https:\/\/aconteceunovale.com.br\/portal\/wp-content\/uploads\/2022\/02\/pcmg_caratinga.jpg\" alt=\"\" class=\"wp-image-186955\" srcset=\"https:\/\/aconteceunovale.com.br\/portal\/wp-content\/uploads\/2022\/02\/pcmg_caratinga.jpg 678w, https:\/\/aconteceunovale.com.br\/portal\/wp-content\/uploads\/2022\/02\/pcmg_caratinga-300x188.jpg 300w, https:\/\/aconteceunovale.com.br\/portal\/wp-content\/uploads\/2022\/02\/pcmg_caratinga-670x420.jpg 670w\" sizes=\"auto, (max-width: 678px) 100vw, 678px\" \/><figcaption><em><sub>Foto: Divulga\u00e7\u00e3o \/ PCMG<\/sub><\/em><\/figcaption><\/figure>\n<\/figure>\n\n\n\n<p>No dia do crime, 8 de outubro do \u00faltimo ano, a v\u00edtima trafegava pelo bairro Santa Cruz quando foi surpreendida pelo investigado, que estava em uma moto e efetuou disparos de arma de fogo, atingindo-a na coxa esquerda. O jovem, que n\u00e3o possu\u00eda envolvimento com o crime, conseguiu fugir.<\/p>\n\n\n\n<p><em>&#8220;Um rev\u00f3lver calibre 32, usado no atentado, foi entregue voluntariamente, no dia 21 de outubro, pelo investigado. Ele se apresentou espontaneamente, com advogado, na Delegacia Regional em Caratinga. Na ocasi\u00e3o, como n\u00e3o havia mais estado legal para a pris\u00e3o em flagrante, o suspeito foi ouvido e as apura\u00e7\u00f5es prosseguiram&#8221;,<\/em> informou a PCMG.<\/p>\n\n\n\n<p>Ap\u00f3s concluir as investiga\u00e7\u00f5es, a Pol\u00edcia Civil solicitou \u00e0 Justi\u00e7a o mandado de pris\u00e3o. No momento da abordagem policial para o cumprimento da medida, o investigado tentou fugir pelo telhado da casa, mas os policiais civis o capturaram. Finalizados os procedimentos na Delegacia, o homem foi encaminhado ao Sistema Prisional.<\/p>\n\n\n\n<p>&#8212;&#8212;&#8212;&#8212;&#8212;&#8212;<br><br><strong>Sabia que o Aconteceu no Vale est\u00e1 tamb\u00e9m no Telegram? <a rel=\"noreferrer noopener\" href=\"https:\/\/t.me\/aconteceunovaleoficial\" target=\"_blank\">Inscreva-se no canal<\/a>.<\/strong><br><br><strong>J\u00e1 curtiu ou seguiu nossas p\u00e1ginas nas redes sociais?\u00a0Receba as not\u00edcias em primeira m\u00e3o:<\/strong><br>\u2022 <a rel=\"noreferrer noopener\" href=\"https:\/\/news.google.com\/publications\/CAAqBwgKMNjklQswi4etAw?hl=pt-BR&amp;gl=BR&amp;ceid=BR%3Apt-419\" target=\"_blank\">Google News<\/a><br>\u2022 <a rel=\"noreferrer noopener\" href=\"https:\/\/www.facebook.com\/aconteceunovale\/\" target=\"_blank\">Facebook<\/a><br>\u2022 <a rel=\"noreferrer noopener\" href=\"https:\/\/twitter.com\/noticiadosvales\" target=\"_blank\">Twitter<\/a><br>\u2022 <a rel=\"noreferrer noopener\" href=\"https:\/\/www.instagram.com\/aconteceunovale\" target=\"_blank\">Instagram<\/a><br>\u2022 <a rel=\"noreferrer noopener\" href=\"https:\/\/www.youtube.com\/AconteceunoValeOficial\" target=\"_blank\">Youtube<\/a><br>\u2022 <a rel=\"noreferrer noopener\" href=\"https:\/\/www.tiktok.com\/@aconteceunovale\" target=\"_blank\">TikTok<\/a><\/p>\n","protected":false},"excerpt":{"rendered":"<p>A Pol\u00edcia Civil de Minas Gerais (PCMG) cumpriu, nesta ter\u00e7a-feira (8\/2\/2022), mandado de pris\u00e3o contra um homem, de 20 anos, suspeito de tentar matar um jovem, de 18, no munic\u00edpio de Caratinga. No dia do crime, 8 de outubro do \u00faltimo ano, a v\u00edtima trafegava pelo bairro Santa Cruz quando foi surpreendida pelo investigado, que [&hellip;]<\/p>\n","protected":false},"author":4,"featured_media":186955,"comment_status":"open","ping_status":"closed","sticky":false,"template":"","format":"standard","meta":{"amp_status":"","footnotes":""},"categories":[121],"tags":[237,258901,250448,196931,258902],"class_list":["post-186954","post","type-post","status-publish","format-standard","has-post-thumbnail","hentry","category-leste","tag-caratinga","tag-homem-e-preso-por-tentativa-de-homicidio-em-caratinga","tag-pcmg-em-caratinga","tag-preso-em-caratinga","tag-preso-por-tentativa-de-homicidio-em-caratinga"],"_links":{"self":[{"href":"https:\/\/aconteceunovale.com.br\/portal\/index.php?rest_route=\/wp\/v2\/posts\/186954","targetHints":{"allow":["GET"]}}],"collection":[{"href":"https:\/\/aconteceunovale.com.br\/portal\/index.php?rest_route=\/wp\/v2\/posts"}],"about":[{"href":"https:\/\/aconteceunovale.com.br\/portal\/index.php?rest_route=\/wp\/v2\/types\/post"}],"author":[{"embeddable":true,"href":"https:\/\/aconteceunovale.com.br\/portal\/index.php?rest_route=\/wp\/v2\/users\/4"}],"replies":[{"embeddable":true,"href":"https:\/\/aconteceunovale.com.br\/portal\/index.php?rest_route=%2Fwp%2Fv2%2Fcomments&post=186954"}],"version-history":[{"count":1,"href":"https:\/\/aconteceunovale.com.br\/portal\/index.php?rest_route=\/wp\/v2\/posts\/186954\/revisions"}],"predecessor-version":[{"id":186956,"href":"https:\/\/aconteceunovale.com.br\/portal\/index.php?rest_route=\/wp\/v2\/posts\/186954\/revisions\/186956"}],"wp:featuredmedia":[{"embeddable":true,"href":"https:\/\/aconteceunovale.com.br\/portal\/index.php?rest_route=\/wp\/v2\/media\/186955"}],"wp:attachment":[{"href":"https:\/\/aconteceunovale.com.br\/portal\/index.php?rest_route=%2Fwp%2Fv2%2Fmedia&parent=186954"}],"wp:term":[{"taxonomy":"category","embeddable":true,"href":"https:\/\/aconteceunovale.com.br\/portal\/index.php?rest_route=%2Fwp%2Fv2%2Fcategories&post=186954"},{"taxonomy":"post_tag","embeddable":true,"href":"https:\/\/aconteceunovale.com.br\/portal\/index.php?rest_route=%2Fwp%2Fv2%2Ftags&post=186954"}],"curies":[{"name":"wp","href":"https:\/\/api.w.org\/{rel}","templated":true}]}}