{"id":186947,"date":"2022-02-08T19:35:10","date_gmt":"2022-02-08T22:35:10","guid":{"rendered":"https:\/\/aconteceunovale.com.br\/portal\/?p=186947"},"modified":"2022-02-08T19:35:52","modified_gmt":"2022-02-08T22:35:52","slug":"inss-autoriza-avaliacao-social-por-videoconferencia","status":"publish","type":"post","link":"https:\/\/aconteceunovale.com.br\/portal\/?p=186947","title":{"rendered":"INSS autoriza avalia\u00e7\u00e3o social por videoconfer\u00eancia"},"content":{"rendered":"\n<p>A avalia\u00e7\u00e3o social de pessoas com defici\u00eancia, realizada pelo Instituto Nacional do Seguro Social (INSS), poder\u00e1 ser feita de forma remota em todo o pa\u00eds, por meio de videoconfer\u00eancia, caso seja do interesse do benefici\u00e1rio.<\/p>\n\n\n\n<p>A medida, visando \u00e0&nbsp;modalidade remota para o procedimento de avalia\u00e7\u00e3o social exigido para a concess\u00e3o do benef\u00edcio assistencial de presta\u00e7\u00e3o continuada \u00e0 pessoa com defici\u00eancia (BPC), est\u00e1 prevista na&nbsp;<a href=\"https:\/\/in.gov.br\/en\/web\/dou\/-\/portaria-dirben\/inss-n-978-de-4-de-fevereiro-de-2022-378641739\" target=\"_blank\" rel=\"noreferrer noopener\">Portaria n\u00ba 978<\/a>, publicada no&nbsp;<em>Di\u00e1rio Oficial da Uni\u00e3o<\/em>&nbsp;de hoje (8).<\/p>\n\n\n\n<p>Segundo a portaria, o servi\u00e7o ser\u00e1 disponibilizado nos canais remotos&nbsp;<a href=\"https:\/\/meu.inss.gov.br\/index.html#\/login\" target=\"_blank\" rel=\"noreferrer noopener\">Meu INSS<\/a>&nbsp;e Central de Atendimento 135, \u201cpermitindo ao cidad\u00e3o escolher a forma do atendimento, presencial ou remota\u201d.<\/p>\n\n\n\n<p>A publica\u00e7\u00e3o da portaria segue decis\u00e3o manifestada em junho de 2021 pelo Tribunal de Contas da Uni\u00e3o (TCU), na qual autoriza pedido de medida cautelar que determinou, inicialmente em car\u00e1ter piloto, a modalidade remota para procedimento de avalia\u00e7\u00e3o social exigido para a concess\u00e3o do benef\u00edcio assistencial de presta\u00e7\u00e3o continuada \u00e0 pessoa com defici\u00eancia. A medida foi adotada em meio a suspeitas de irregularidades cometidas na interrup\u00e7\u00e3o de per\u00edcias m\u00e9dicas sob responsabilidade do INSS em meio \u00e0s restri\u00e7\u00f5es impostas pela pandemia da covid-19.<\/p>\n\n\n\n<p>A avalia\u00e7\u00e3o social remota ser\u00e1 feita nas depend\u00eancias do INSS ou de entidades parceiras, \u201ccabendo ao cidad\u00e3o comparecer ao endere\u00e7o indicado, no dia e hora do seu agendamento para o atendimento\u201d. Os agendamentos indevidos, que n\u00e3o possuam rela\u00e7\u00e3o com o Benef\u00edcio Assistencial da Pessoa com Defici\u00eancia e que n\u00e3o tenham n\u00famero de protocolo v\u00e1lido, poder\u00e3o ser cancelados previamente pelas unidades.<\/p>\n\n\n\n<p>A portaria diz que cabe \u00e0s superintend\u00eancias regionais a escolha das unidades que far\u00e3o o atendimento de Avalia\u00e7\u00e3o Social da Pessoa com Defici\u00eancia &#8211; Remota, \u201cobservada a capacidade de cada unidade para a realiza\u00e7\u00e3o do atendimento\u201d.&nbsp;<\/p>\n\n\n\n<p>Caso haja necessidade de juntada de relat\u00f3rios, pareceres ou outros documentos institucionais ou multiprofissionais para subsidiar a avalia\u00e7\u00e3o social, ser\u00e1 necess\u00e1rio, ao benefici\u00e1rio, apresentar um termo de consentimento, conforme apresentado em anexo da portaria.<\/p>\n\n\n\n<p>Documentos e formul\u00e1rios necess\u00e1rios ao processo dever\u00e3o ser digitalizados e enviados ao profissional do servi\u00e7o social, via e-mail institucional.<\/p>\n\n\n\n<p>&#8212;&#8212;&#8212;&#8212;&#8212;&#8212;<br><br><strong>Sabia que o Aconteceu no Vale est\u00e1 tamb\u00e9m no Telegram? <a rel=\"noreferrer noopener\" href=\"https:\/\/t.me\/aconteceunovaleoficial\" target=\"_blank\">Inscreva-se no canal<\/a>.<\/strong><br><br><strong>J\u00e1 curtiu ou seguiu nossas p\u00e1ginas nas redes sociais?\u00a0Receba as not\u00edcias em primeira m\u00e3o:<\/strong><br>\u2022 <a rel=\"noreferrer noopener\" href=\"https:\/\/news.google.com\/publications\/CAAqBwgKMNjklQswi4etAw?hl=pt-BR&amp;gl=BR&amp;ceid=BR%3Apt-419\" target=\"_blank\">Google News<\/a><br>\u2022 <a rel=\"noreferrer noopener\" href=\"https:\/\/www.facebook.com\/aconteceunovale\/\" target=\"_blank\">Facebook<\/a><br>\u2022 <a rel=\"noreferrer noopener\" href=\"https:\/\/twitter.com\/noticiadosvales\" target=\"_blank\">Twitter<\/a><br>\u2022 <a rel=\"noreferrer noopener\" href=\"https:\/\/www.instagram.com\/aconteceunovale\" target=\"_blank\">Instagram<\/a><br>\u2022 <a rel=\"noreferrer noopener\" href=\"https:\/\/www.youtube.com\/AconteceunoValeOficial\" target=\"_blank\">Youtube<\/a><br>\u2022 <a rel=\"noreferrer noopener\" href=\"https:\/\/www.tiktok.com\/@aconteceunovale\" target=\"_blank\">TikTok<\/a><\/p>\n","protected":false},"excerpt":{"rendered":"<p>A avalia\u00e7\u00e3o social de pessoas com defici\u00eancia, realizada pelo Instituto Nacional do Seguro Social (INSS), poder\u00e1 ser feita de forma remota em todo o pa\u00eds, por meio de videoconfer\u00eancia, caso seja do interesse do benefici\u00e1rio. A medida, visando \u00e0&nbsp;modalidade remota para o procedimento de avalia\u00e7\u00e3o social exigido para a concess\u00e3o do benef\u00edcio assistencial de presta\u00e7\u00e3o [&hellip;]<\/p>\n","protected":false},"author":4,"featured_media":182896,"comment_status":"open","ping_status":"closed","sticky":false,"template":"","format":"standard","meta":{"amp_status":"","footnotes":""},"categories":[6],"tags":[174312,258888,258889,166058,1018,6528,258887],"class_list":["post-186947","post","type-post","status-publish","format-standard","has-post-thumbnail","hentry","category-br","tag-atendimento-inss","tag-avaliacao-social-do-inss","tag-avaliacao-social-por-videoconferencia","tag-bpc","tag-destaque","tag-inss","tag-inss-autoriza-avaliacao-social-por-videoconferencia"],"_links":{"self":[{"href":"https:\/\/aconteceunovale.com.br\/portal\/index.php?rest_route=\/wp\/v2\/posts\/186947","targetHints":{"allow":["GET"]}}],"collection":[{"href":"https:\/\/aconteceunovale.com.br\/portal\/index.php?rest_route=\/wp\/v2\/posts"}],"about":[{"href":"https:\/\/aconteceunovale.com.br\/portal\/index.php?rest_route=\/wp\/v2\/types\/post"}],"author":[{"embeddable":true,"href":"https:\/\/aconteceunovale.com.br\/portal\/index.php?rest_route=\/wp\/v2\/users\/4"}],"replies":[{"embeddable":true,"href":"https:\/\/aconteceunovale.com.br\/portal\/index.php?rest_route=%2Fwp%2Fv2%2Fcomments&post=186947"}],"version-history":[{"count":1,"href":"https:\/\/aconteceunovale.com.br\/portal\/index.php?rest_route=\/wp\/v2\/posts\/186947\/revisions"}],"predecessor-version":[{"id":186948,"href":"https:\/\/aconteceunovale.com.br\/portal\/index.php?rest_route=\/wp\/v2\/posts\/186947\/revisions\/186948"}],"wp:featuredmedia":[{"embeddable":true,"href":"https:\/\/aconteceunovale.com.br\/portal\/index.php?rest_route=\/wp\/v2\/media\/182896"}],"wp:attachment":[{"href":"https:\/\/aconteceunovale.com.br\/portal\/index.php?rest_route=%2Fwp%2Fv2%2Fmedia&parent=186947"}],"wp:term":[{"taxonomy":"category","embeddable":true,"href":"https:\/\/aconteceunovale.com.br\/portal\/index.php?rest_route=%2Fwp%2Fv2%2Fcategories&post=186947"},{"taxonomy":"post_tag","embeddable":true,"href":"https:\/\/aconteceunovale.com.br\/portal\/index.php?rest_route=%2Fwp%2Fv2%2Ftags&post=186947"}],"curies":[{"name":"wp","href":"https:\/\/api.w.org\/{rel}","templated":true}]}}