{"id":186935,"date":"2022-02-08T00:02:01","date_gmt":"2022-02-08T03:02:01","guid":{"rendered":"https:\/\/aconteceunovale.com.br\/portal\/?p=186935"},"modified":"2022-02-08T10:36:54","modified_gmt":"2022-02-08T13:36:54","slug":"ipva-2022-e-lancado-oficialmente-pelo-estado","status":"publish","type":"post","link":"https:\/\/aconteceunovale.com.br\/portal\/?p=186935","title":{"rendered":"IPVA 2022 \u00e9 lan\u00e7ado oficialmente pelo Estado"},"content":{"rendered":"\n<p>O Imposto sobre a Propriedade de Ve\u00edculos Automotores (IPVA) de 2022 foi lan\u00e7ado, oficialmente, no \u00faltimo s\u00e1bado (5\/2\/2022), pela&nbsp;Secretaria de Estado de Fazenda de Minas Gerais (SEF), com a publica\u00e7\u00e3o&nbsp;da Resolu\u00e7\u00e3o 5.534 no&nbsp;<a rel=\"noreferrer noopener\" href=\"https:\/\/www.jornalminasgerais.mg.gov.br\/?dataJornal=2022-02-05\" target=\"_blank\">Di\u00e1rio Oficial<\/a>. Conforme j\u00e1 havia sido antecipado, a escala de pagamentos come\u00e7a em 21\/3&nbsp;e vai at\u00e9 31\/5.&nbsp;<\/p>\n\n\n\n<figure class=\"wp-block-gallery has-nested-images columns-default is-cropped wp-block-gallery-1 is-layout-flex wp-block-gallery-is-layout-flex\">\n<figure class=\"wp-block-image size-large\"><img loading=\"lazy\" decoding=\"async\" width=\"678\" height=\"281\" data-id=\"186936\" src=\"https:\/\/aconteceunovale.com.br\/portal\/wp-content\/uploads\/2022\/02\/tabela_ipva.png\" alt=\"\" class=\"wp-image-186936\" srcset=\"https:\/\/aconteceunovale.com.br\/portal\/wp-content\/uploads\/2022\/02\/tabela_ipva.png 678w, https:\/\/aconteceunovale.com.br\/portal\/wp-content\/uploads\/2022\/02\/tabela_ipva-300x124.png 300w\" sizes=\"auto, (max-width: 678px) 100vw, 678px\" \/><\/figure>\n<\/figure>\n\n\n\n<p>A expectativa de arrecada\u00e7\u00e3o \u00e9 de R$ 7,1 bilh\u00f5es, sendo que, desse total, 40% v\u00e3o para o caixa \u00fanico do Estado, 40% s\u00e3o destinados aos munic\u00edpios onde os ve\u00edculos est\u00e3o emplacados e 20% v\u00e3o para o Fundo de Manuten\u00e7\u00e3o e Desenvolvimento da Educa\u00e7\u00e3o B\u00e1sica (Fundeb).<\/p>\n\n\n\n<h2 class=\"wp-block-heading\" id=\"consulta-de-valores-e-pagamento\"><strong>Consulta de valores e pagamento&nbsp;<\/strong><\/h2>\n\n\n\n<p>A consulta de valores do imposto pode ser feita se utilizando o n\u00famero do Renavam, no site da SEF\/MG (<a href=\"http:\/\/www.fazenda.mg.gov.br\/\" rel=\"noreferrer noopener\" target=\"_blank\">www.fazenda.mg.gov.br<\/a>) ou pelo telefone 155 do LigMinas para todo estado de Minas Gerais. \u00c9 poss\u00edvel ainda baixar em smartphones\/tablets, de forma gratuita, o aplicativo IPVA-MG (para Android, IOS e Windows Phone). O aplicativo MGapp tamb\u00e9m tem a op\u00e7\u00e3o de consulta ao IPVA.&nbsp;<\/p>\n\n\n\n<p>J\u00e1 o pagamento, que pode ser em cota \u00fanica &#8211; com desconto de 3% &#8211; ou parcelado em at\u00e9 tr\u00eas vezes, deve ser efetuado diretamente nos terminais de autoatendimento ou guich\u00eas dos agentes arrecadadores autorizados (Bradesco, Sicoob, Mercantil do Brasil, Caixa Econ\u00f4mica Federal, casas lot\u00e9ricas, Mais BB, Banco Postal Brasileiro, Ita\u00fa e Santander), bastando informar o n\u00famero do Renavam. Caso prefira, o contribuinte pode emitir o Documento de Arrecada\u00e7\u00e3o pelo site da SEF\/MG.&nbsp;<\/p>\n\n\n\n<p>O n\u00e3o pagamento do imposto ou a quita\u00e7\u00e3o fora do prazo gera multa de 0,3% ao dia at\u00e9 30\u00ba dia, multa de 20% ap\u00f3s o 30\u00ba dia, al\u00e9m de juros calculados pela Taxa Referencial do Sistema Especial de Liquida\u00e7\u00e3o e de Cust\u00f3dia (Selic).&nbsp;<\/p>\n\n\n\n<h2 class=\"wp-block-heading\" id=\"arrecadacao\"><strong>Arrecada\u00e7\u00e3o<\/strong>&nbsp;<\/h2>\n\n\n\n<p>Apesar da manuten\u00e7\u00e3o da tabela de valores de 2021, est\u00e1 previsto um aumento da arrecada\u00e7\u00e3o, de acordo com o subsecret\u00e1rio da Receita Estadual, Osvaldo Scavazza.&nbsp;<\/p>\n\n\n\n<p><em>&#8220;Em 2021, a arrecada\u00e7\u00e3o do IPVA foi de R$ 6,4 bilh\u00f5es. Para neste ano, a receita prevista \u00e9 de R$ 7,1 bilh\u00f5es, totalizando R$ 661,8 milh\u00f5es a mais, o que representa 10,25%. Esse acr\u00e9scimo se deve ao aumento da frota, que foi de 194.941 ve\u00edculos, passando de 10.419.557 para 10.614.498&#8221;, e<\/em>xplicou.&nbsp;<\/p>\n\n\n\n<h2 class=\"wp-block-heading\" id=\"incentivo-a-regularidade\"><strong>Incentivo \u00e0 regularidade&nbsp;<\/strong><\/h2>\n\n\n\n<p>Neste ano, est\u00e1 mantido o desconto de 3% concedido pelo Programa de Incentivo \u00e0 Regularidade do Pagamento do IPVA &#8211; &#8220;Bom Pagador&#8221; para os contribuintes que quitaram em dia todos os d\u00e9bitos vinculados ao ve\u00edculo nos \u00faltimos dois anos (2021 e 2020).&nbsp;<\/p>\n\n\n\n<p>&nbsp;O&nbsp;benef\u00edcio \u00e9 concedido automaticamente. Portanto, o valor do IPVA 2022 cujo ve\u00edculo obedecer aos crit\u00e9rios estabelecidos j\u00e1 ser\u00e1 emitido com desconto, n\u00e3o sendo necess\u00e1rio contato pr\u00e9vio com a Secretaria de Fazenda.&nbsp;<\/p>\n\n\n\n<p>Para saber se o ve\u00edculo possui o desconto do \u201cBom Pagador\u201d,&nbsp;<a href=\"http:\/\/ipva1.fazenda.mg.gov.br\/ipvaonline\/inputConsultaBomPagadorIpvaPorRenavam.action\" rel=\"noreferrer noopener\" target=\"_blank\">clique aqui<\/a>.&nbsp;<\/p>\n\n\n\n<h2 class=\"wp-block-heading\" id=\"pedido-de-revisao\"><strong>Pedido de revis\u00e3o&nbsp;<\/strong><\/h2>\n\n\n\n<p>Ap\u00f3s a publica\u00e7\u00e3o da Resolu\u00e7\u00e3o 5.534, os contribuintes t\u00eam 15 dias \u00fateis para apresentar pedido de revis\u00e3o, em caso de discord\u00e2ncia do valor da base de c\u00e1lculo. O formul\u00e1rio de requerimento est\u00e1 dispon\u00edvel no&nbsp;<a href=\"http:\/\/www.fazenda.mg.gov.br\/\" rel=\"noreferrer noopener\" target=\"_blank\">site da SEF\/MG<\/a>.&nbsp;<\/p>\n\n\n\n<p>Por\u00e9m, a Secretaria de Fazenda orienta os propriet\u00e1rios a verificarem se uma eventual diferen\u00e7a entre os valores de 2021 e 2022 pode ter ocorrido em fun\u00e7\u00e3o da incid\u00eancia ou n\u00e3o do desconto do programa Bom Pagador; op\u00e7\u00e3o ou n\u00e3o do pagamento em cota \u00fanica, com desconto; data de aquisi\u00e7\u00e3o, no caso de ve\u00edculo 0 km, pois o imposto \u00e9 calculado proporcionalmente ao n\u00famero de dias que o ve\u00edculo estar\u00e1 de posse do propriet\u00e1rio; dentre outros fatores que precisam ser apurados, em casos espec\u00edficos.&nbsp;<\/p>\n\n\n\n<h2 class=\"wp-block-heading\" id=\"taxa-de-licenciamento\"><strong>Taxa de Licenciamento&nbsp;<\/strong><\/h2>\n\n\n\n<p>Os motoristas devem ficar atentos \u00e0 data de vencimento da Taxa de Renova\u00e7\u00e3o do Licenciamento Anual do Ve\u00edculo (TRLAV), no valor de R$ 135,95. O tributo deve ser pago at\u00e9 o dia 31 de mar\u00e7o, independentemente da placa do ve\u00edculo.&nbsp;<\/p>\n\n\n\n<p>Assim como o IPVA, a TRLAV pode ser paga diretamente nos terminais de autoatendimento ou guich\u00eas dos agentes arrecadadores, informando o n\u00famero do Renavam. Tamb\u00e9m est\u00e1 dispon\u00edvel a emiss\u00e3o do Documento de Arrecada\u00e7\u00e3o pelo site da SEF.<\/p>\n\n\n\n<p>&#8212;&#8212;&#8212;&#8212;&#8212;&#8212;<br><br><strong>Sabia que o Aconteceu no Vale est\u00e1 tamb\u00e9m no Telegram? <a rel=\"noreferrer noopener\" href=\"https:\/\/t.me\/aconteceunovaleoficial\" target=\"_blank\">Inscreva-se no canal<\/a>.<\/strong><br><br><strong>J\u00e1 curtiu ou seguiu nossas p\u00e1ginas nas redes sociais?&nbsp;Receba as not\u00edcias em primeira m\u00e3o:<\/strong><br>\u2022 <a rel=\"noreferrer noopener\" href=\"https:\/\/news.google.com\/publications\/CAAqBwgKMNjklQswi4etAw?hl=pt-BR&amp;gl=BR&amp;ceid=BR%3Apt-419\" target=\"_blank\">Google News<\/a><br>\u2022 <a rel=\"noreferrer noopener\" href=\"https:\/\/www.facebook.com\/aconteceunovale\/\" target=\"_blank\">Facebook<\/a><br>\u2022 <a rel=\"noreferrer noopener\" href=\"https:\/\/twitter.com\/noticiadosvales\" target=\"_blank\">Twitter<\/a><br>\u2022 <a rel=\"noreferrer noopener\" href=\"https:\/\/www.instagram.com\/aconteceunovale\" target=\"_blank\">Instagram<\/a><br>\u2022 <a rel=\"noreferrer noopener\" href=\"https:\/\/www.youtube.com\/AconteceunoValeOficial\" target=\"_blank\">Youtube<\/a><br>\u2022 <a rel=\"noreferrer noopener\" href=\"https:\/\/www.tiktok.com\/@aconteceunovale\" target=\"_blank\">TikTok<\/a><\/p>\n","protected":false},"excerpt":{"rendered":"<p>O Imposto sobre a Propriedade de Ve\u00edculos Automotores (IPVA) de 2022 foi lan\u00e7ado, oficialmente, no \u00faltimo s\u00e1bado (5\/2\/2022), pela&nbsp;Secretaria de Estado de Fazenda de Minas Gerais (SEF), com a publica\u00e7\u00e3o&nbsp;da Resolu\u00e7\u00e3o 5.534 no&nbsp;Di\u00e1rio Oficial. Conforme j\u00e1 havia sido antecipado, a escala de pagamentos come\u00e7a em 21\/3&nbsp;e vai at\u00e9 31\/5.&nbsp; A expectativa de arrecada\u00e7\u00e3o \u00e9 de [&hellip;]<\/p>\n","protected":false},"author":4,"featured_media":186938,"comment_status":"open","ping_status":"closed","sticky":false,"template":"","format":"standard","meta":{"amp_status":"","footnotes":""},"categories":[123],"tags":[3677,752,255956,131434,1600,255957,18473,255960,255959,255958,282,255965,210134,235192,234312,239081,251992,255963,255966,239080,67287,255964,234342,209323,1018,256858,256857,78450,1595,6546,164784,258873,255961,256698,67930,204,205,131,55486,31132,106397,255962,1508],"class_list":["post-186935","post","type-post","status-publish","format-standard","has-post-thumbnail","hentry","category-gerais","tag-alem-paraiba","tag-almg","tag-almg-aprova-projeto-que-congela-aumento-do-ipva","tag-assembleia-de-minas","tag-astolfo-dutra","tag-aumento-do-ipva-em-minas-gerais","tag-bom-sucesso","tag-calculo-do-ipva-em-minas-gerais","tag-congelamento-da-tabela-do-ipva-em-minas-gerais","tag-congelamento-do-ipva-em-minas-gerais","tag-conselheiro-pena","tag-deputada-ana-paula-siqueira","tag-deputada-beatriz-cerqueira","tag-deputado-agostinho-patrus","tag-deputado-andre-quintao","tag-deputado-barto","tag-deputado-bruno-engler","tag-deputado-cassio-soares","tag-deputado-dalmo-ribeiro","tag-deputado-guilherme-da-cunha","tag-deputado-roberto-andrade","tag-deputado-ulysses-gomes","tag-deputado-ze-guilherme","tag-deputado-ze-reis","tag-destaque","tag-escala-do-ipva-2022-em-minas-gerais","tag-escala-do-ipva-2022-em-minas-gerais-comeca-em-21-de-marco","tag-estrela-dalva","tag-fervedouro","tag-governo-de-minas","tag-ibitiura","tag-ipva-2022-e-lancado-oficialmente-pelo-estado","tag-ipva-2022-em-minas-gerais","tag-ipva-2022-em-minas-gerais-nao-tera-reajuste-e-escala-de-pagamento-comecara-em-marco","tag-ipva-em-minas-gerais","tag-janauba","tag-januaria","tag-minas-gerais","tag-minduri","tag-piranguinho","tag-sao-sebastiao-do-rio-verde","tag-tabela-do-ipva-2022-em-minas-gerais","tag-tres-pontas"],"_links":{"self":[{"href":"https:\/\/aconteceunovale.com.br\/portal\/index.php?rest_route=\/wp\/v2\/posts\/186935","targetHints":{"allow":["GET"]}}],"collection":[{"href":"https:\/\/aconteceunovale.com.br\/portal\/index.php?rest_route=\/wp\/v2\/posts"}],"about":[{"href":"https:\/\/aconteceunovale.com.br\/portal\/index.php?rest_route=\/wp\/v2\/types\/post"}],"author":[{"embeddable":true,"href":"https:\/\/aconteceunovale.com.br\/portal\/index.php?rest_route=\/wp\/v2\/users\/4"}],"replies":[{"embeddable":true,"href":"https:\/\/aconteceunovale.com.br\/portal\/index.php?rest_route=%2Fwp%2Fv2%2Fcomments&post=186935"}],"version-history":[{"count":2,"href":"https:\/\/aconteceunovale.com.br\/portal\/index.php?rest_route=\/wp\/v2\/posts\/186935\/revisions"}],"predecessor-version":[{"id":186939,"href":"https:\/\/aconteceunovale.com.br\/portal\/index.php?rest_route=\/wp\/v2\/posts\/186935\/revisions\/186939"}],"wp:featuredmedia":[{"embeddable":true,"href":"https:\/\/aconteceunovale.com.br\/portal\/index.php?rest_route=\/wp\/v2\/media\/186938"}],"wp:attachment":[{"href":"https:\/\/aconteceunovale.com.br\/portal\/index.php?rest_route=%2Fwp%2Fv2%2Fmedia&parent=186935"}],"wp:term":[{"taxonomy":"category","embeddable":true,"href":"https:\/\/aconteceunovale.com.br\/portal\/index.php?rest_route=%2Fwp%2Fv2%2Fcategories&post=186935"},{"taxonomy":"post_tag","embeddable":true,"href":"https:\/\/aconteceunovale.com.br\/portal\/index.php?rest_route=%2Fwp%2Fv2%2Ftags&post=186935"}],"curies":[{"name":"wp","href":"https:\/\/api.w.org\/{rel}","templated":true}]}}