{"id":186931,"date":"2022-02-07T23:54:59","date_gmt":"2022-02-08T02:54:59","guid":{"rendered":"https:\/\/aconteceunovale.com.br\/portal\/?p=186931"},"modified":"2022-02-07T23:56:30","modified_gmt":"2022-02-08T02:56:30","slug":"ano-letivo-comeca-para-17-milhao-de-estudantes-da-rede-estadual-mineira","status":"publish","type":"post","link":"https:\/\/aconteceunovale.com.br\/portal\/?p=186931","title":{"rendered":"Ano letivo come\u00e7a para 1,7 milh\u00e3o de estudantes da rede estadual mineira"},"content":{"rendered":"\n<p>Alunos da rede estadual de ensino voltaram \u00e0s aulas presenciais nesta segunda-feira (7\/2\/2022) para o in\u00edcio do ano letivo 2022. Orienta\u00e7\u00f5es e protocolos da\u00a0Secretaria de Estado de Sa\u00fade, de biosseguran\u00e7a e sanit\u00e1rio-epidemiol\u00f3gicos, e as Delibera\u00e7\u00f5es do Comit\u00ea Extraordin\u00e1rio da Covid-19 est\u00e3o sendo rigorosamente seguidos nesta retomada, para prote\u00e7\u00e3o e seguran\u00e7a de cerca de 1,7 milh\u00e3o de estudantes e trabalhadores da educa\u00e7\u00e3o.<\/p>\n\n\n\n<figure class=\"wp-block-gallery has-nested-images columns-default is-cropped wp-block-gallery-1 is-layout-flex wp-block-gallery-is-layout-flex\">\n<figure class=\"wp-block-image size-large\"><img loading=\"lazy\" decoding=\"async\" width=\"678\" height=\"419\" data-id=\"186932\" src=\"https:\/\/aconteceunovale.com.br\/portal\/wp-content\/uploads\/2022\/02\/volta_aula_mg_1.jpg\" alt=\"\" class=\"wp-image-186932\" srcset=\"https:\/\/aconteceunovale.com.br\/portal\/wp-content\/uploads\/2022\/02\/volta_aula_mg_1.jpg 678w, https:\/\/aconteceunovale.com.br\/portal\/wp-content\/uploads\/2022\/02\/volta_aula_mg_1-300x185.jpg 300w, https:\/\/aconteceunovale.com.br\/portal\/wp-content\/uploads\/2022\/02\/volta_aula_mg_1-356x220.jpg 356w\" sizes=\"auto, (max-width: 678px) 100vw, 678px\" \/><figcaption><em>Foto: Gil Leonardi \/ Imprensa MG<\/em><\/figcaption><\/figure>\n<\/figure>\n\n\n\n<p>Segundo a subsecret\u00e1ria de Desenvolvimento da Educa\u00e7\u00e3o B\u00e1sica, Izabella Cavalcante Martins, a volta \u00e0s aulas segue o calend\u00e1rio escolar definido ainda em 2021.&nbsp;<\/p>\n\n\n\n<p><em>\u201cRetornamos hoje (7\/2), conforme planejamento da\u00a0Secretaria de Estado de Educa\u00e7\u00e3o de Minas Gerais (SEE\/MG). As atividades s\u00e3o 100% presenciais para todos os estudantes e \u00e9 muito importante que as fam\u00edlias acompanhem e orientem esse retorno. Seguimos com a aplica\u00e7\u00e3o dos protocolos de sa\u00fade e com a obrigatoriedade do uso de m\u00e1scara, al\u00e9m de incentivar a lavagem das m\u00e3os de demais medidas de preven\u00e7\u00e3o como evitar compartilhar materiais, entre outros\u201d,<\/em> afirma.<\/p>\n\n\n\n<h2 class=\"wp-block-heading\" id=\"retorno\"><strong>Retorno\u00a0<\/strong><\/h2>\n\n\n\n<p>At\u00e9 o ano passado, decreto impedia a realiza\u00e7\u00e3o das atividades escolares presenciais no munic\u00edpio de Janu\u00e1ria, Norte de Minas. Mas agora o retorno foi liberado, para alegria da estudante Daniela Almeida Guedes Mota, do 4\u00ba ano do ensino fundamental da Escola Estadual Bias Fortes. <em>\u201cEstou muito feliz. Sinto que vai ser um ano muito legal. A escola est\u00e1 do jeito que eu sempre gostei e a professora j\u00e1 falou que n\u00e3o podemos ficar sem m\u00e1scara e que devemos sempre passar o \u00e1lcool em gel\u201d.<\/em><\/p>\n\n\n\n<p>Na escola, o primeiro dia foi de acolhimento e de muita conversa, como destaca a professora do 1\u00ba ano do ensino fundamental, Aline Silva. <em>\u201cFalamos com eles sobre os protocolos e a nova din\u00e2mica da sala de aula. Cada crian\u00e7a est\u00e1 trazendo uma hist\u00f3ria, ent\u00e3o buscamos conhec\u00ea-las tamb\u00e9m\u201d.\u00a0<\/em><\/p>\n\n\n\n<p>A expectativa para o primeiro dia de aula tamb\u00e9m tomou conta da professora. <em>\u201cN\u00e3o sab\u00edamos como eles iriam chegar. Mas superaram todas as expectativas: estavam alegres e comunicativos. Para muitos, esse \u00e9 o primeiro contato com o ambiente escolar\u201d,<\/em> finaliza.<\/p>\n\n\n\n<p>Em um balan\u00e7o sobre a volta \u00e0s aulas, a diretora da unidade de ensino, Elianici Pereira Veloso, ressalta que <em>\u201cas crian\u00e7as estavam euf\u00f3ricas e os pais satisfeitos pelo retorno\u201d.<\/em><\/p>\n\n\n\n<h2 class=\"wp-block-heading\" id=\"capital\"><strong>Capital<\/strong><\/h2>\n\n\n\n<p>Tamb\u00e9m seguindo protocolos de preven\u00e7\u00e3o, a gestora da Escola Estadual Professor Agnelo Correia Viana, em Belo Horizonte, Ana Lucia da Costa, falou da alegria de iniciar o ano letivo presencialmente com os alunos. <em>\u201cEstamos come\u00e7ando o ano letivo com os alunos j\u00e1 na escola. Essa \u00e9 a nossa maior alegria. A escola est\u00e1 preparada, adaptada e cumprindo os protocolos. O governo nos deu condi\u00e7\u00f5es para receber nossos alunos com seguran\u00e7a e isso n\u00e3o tem pre\u00e7o\u201d.<\/em><\/p>\n\n\n\n<p>Na Escola Estadual Mariana de Paiva, em Guidoval, na Zona da Mata, os jovens matriculados no Ensino M\u00e9dio em Tempo Integral (EMTI) ajudaram no acolhimento dos colegas. Segundo o diretor da escola, Tiago Moreira Guimar\u00e3es, <em>\u201co in\u00edcio do ano letivo ocorreu de forma tranquila e seguindo protocolos sanit\u00e1rios e de preven\u00e7\u00e3o\u201d.<\/em><\/p>\n\n\n\n<p>Com muitas expectativas, a aluna do 3\u00ba ano do EMTI, Maria Eduarda Gomes Archette, fala o que espera do seu \u00faltimo ano na educa\u00e7\u00e3o b\u00e1sica. <em>\u201cA expectativa \u00e9 que eu e meus amigos possamos recuperar esse tempo e aprender o que n\u00e3o conseguimos nos \u00faltimos anos, devido \u00e0 pandemia de covid-19. Acredito que o integral possa nos ajudar. Que esse ano possamos ter muitas oportunidades\u201d.<\/em><\/p>\n\n\n\n<h2 class=\"wp-block-heading\" id=\"novo-ensino-medio\"><strong>Novo Ensino M\u00e9dio<\/strong><\/h2>\n\n\n\n<p>Na Escola Estadual Professor Agnelo Correia Viana, al\u00e9m de estarem animados para o in\u00edcio do ano letivo, os estudantes tamb\u00e9m est\u00e3o animados para participar do Novo Ensino M\u00e9dio. \u00c9 o caso da Eliza Chagas, aluna do 1\u00ba ano. <em>\u201cEstou me sentindo bem tranquila e com uma expectativa muito grande com essa inser\u00e7\u00e3o de novos conte\u00fados. Estou muito animada\u201d.<\/em><\/p>\n\n\n\n<p>Para Juan dos Reis, o ano ser\u00e1 desafiador. <em>\u201cA pandemia nos tirou muitas coisas e nos ensinou muitas coisas tamb\u00e9m. Esse Novo Ensino M\u00e9dio vai ser muito bom para o nosso futuro\u201d<\/em>, afirma.<\/p>\n\n\n\n<p>Em todo o pa\u00eds, escolas p\u00fablicas e privadas ir\u00e3o implementar o Novo Ensino M\u00e9dio para estudantes do 1\u00ba ano do ensino m\u00e9dio. Entre as principais mudan\u00e7as est\u00e1 a amplia\u00e7\u00e3o da carga hor\u00e1ria anual, que passar\u00e1 de 833h20 min para 1 mil horas. Para essa amplia\u00e7\u00e3o, na rede estadual de ensino mineira ser\u00e1 criado o sexto hor\u00e1rio ou, em casos excepcionais, um contraturno. Outra novidade, \u00e9 que, al\u00e9m dos componentes b\u00e1sicos, como L\u00edngua Portuguesa e Matem\u00e1tica, os estudantes ter\u00e3o os Itiner\u00e1rios Formativos, que comp\u00f5em a parte flex\u00edvel do curr\u00edculo.<\/p>\n\n\n\n<p>Um dos objetivos de todas essas mudan\u00e7as \u00e9 tornar a etapa de ensino mais atraente e condizente com a realidade dos jovens, promovendo, assim, uma aprendizagem mais significativa aos alunos do ensino m\u00e9dio e colaborando para diminui\u00e7\u00e3o da evas\u00e3o na etapa.<\/p>\n\n\n\n<h2 class=\"wp-block-heading\" id=\"protocolos\"><strong>Protocolos<\/strong><\/h2>\n\n\n\n<p>A rede estadual de ensino seguir\u00e1 todas as orienta\u00e7\u00f5es do\u00a0<a rel=\"noreferrer noopener\" href=\"https:\/\/www.agenciaminas.mg.gov.br\/ckeditor_assets\/attachments\/13174\/27-01-protocolo_sanitario_27_01_2022.pdf\" target=\"_blank\">Protocolo Sanit\u00e1rio de Retorno \u00e0s Atividades Escolares Presenciais, da Secretaria de Estado de Sa\u00fade &#8211; 7\u00aa vers\u00e3o (SES-MG)<\/a>, que se aplicar\u00e1 ao ano letivo de 2022. O documento foi aprovado pelo Centro de Opera\u00e7\u00f5es de Emerg\u00eancia em Sa\u00fade (Coes-Minas) e atualizado pela Secretaria de Estado de Sa\u00fade.<\/p>\n\n\n\n<p>Em rela\u00e7\u00e3o \u00e0 possibilidade de suspens\u00e3o de aulas nas turmas em que forem constatados mais de 30% de alunos confirmados laboratorialmente para covid-19, os alunos pertencentes \u00e0s turmas ficar\u00e3o afastados do ambiente escolar por cinco dias corridos contados do \u00faltimo resultado. O mesmo se aplica aos professores exclusivos da turma afastada.\u00a0<\/p>\n\n\n\n<p>As investiga\u00e7\u00f5es de surtos caber\u00e3o \u00e0s secretarias municipais de Sa\u00fade, que contar\u00e3o com o apoio do Centro de Informa\u00e7\u00f5es Estrat\u00e9gicas em Vigil\u00e2ncia em Sa\u00fade (Cievs Minas). O novo protocolo tamb\u00e9m revogou o escalonamento na entrada e na sa\u00edda dos alunos, mas mant\u00e9m a recomenda\u00e7\u00e3o de controle do fluxo para evitar aglomera\u00e7\u00f5es nos momentos de troca de turnos.<\/p>\n\n\n\n<p>Assim como nas vers\u00f5es anteriores, o protocolo atualizado ressalta a import\u00e2ncia de medidas sanit\u00e1rias, como o uso universal e correto de m\u00e1scaras, lavagem frequente das m\u00e3os, entre outros.<\/p>\n\n\n\n<p>&#8212;&#8212;&#8212;&#8212;&#8212;&#8212;<br><br><strong>Sabia que o Aconteceu no Vale est\u00e1 tamb\u00e9m no Telegram? <a rel=\"noreferrer noopener\" href=\"https:\/\/t.me\/aconteceunovaleoficial\" target=\"_blank\">Inscreva-se no canal<\/a>.<\/strong><br><br><strong>J\u00e1 curtiu ou seguiu nossas p\u00e1ginas nas redes sociais?\u00a0Receba as not\u00edcias em primeira m\u00e3o:<\/strong><br>\u2022 <a rel=\"noreferrer noopener\" href=\"https:\/\/news.google.com\/publications\/CAAqBwgKMNjklQswi4etAw?hl=pt-BR&amp;gl=BR&amp;ceid=BR%3Apt-419\" target=\"_blank\">Google News<\/a><br>\u2022 <a rel=\"noreferrer noopener\" href=\"https:\/\/www.facebook.com\/aconteceunovale\/\" target=\"_blank\">Facebook<\/a><br>\u2022 <a rel=\"noreferrer noopener\" href=\"https:\/\/twitter.com\/noticiadosvales\" target=\"_blank\">Twitter<\/a><br>\u2022 <a rel=\"noreferrer noopener\" href=\"https:\/\/www.instagram.com\/aconteceunovale\" target=\"_blank\">Instagram<\/a><br>\u2022 <a rel=\"noreferrer noopener\" href=\"https:\/\/www.youtube.com\/AconteceunoValeOficial\" target=\"_blank\">Youtube<\/a><br>\u2022 <a rel=\"noreferrer noopener\" href=\"https:\/\/www.tiktok.com\/@aconteceunovale\" target=\"_blank\">TikTok<\/a><\/p>\n","protected":false},"excerpt":{"rendered":"<p>Alunos da rede estadual de ensino voltaram \u00e0s aulas presenciais nesta segunda-feira (7\/2\/2022) para o in\u00edcio do ano letivo 2022. Orienta\u00e7\u00f5es e protocolos da\u00a0Secretaria de Estado de Sa\u00fade, de biosseguran\u00e7a e sanit\u00e1rio-epidemiol\u00f3gicos, e as Delibera\u00e7\u00f5es do Comit\u00ea Extraordin\u00e1rio da Covid-19 est\u00e3o sendo rigorosamente seguidos nesta retomada, para prote\u00e7\u00e3o e seguran\u00e7a de cerca de 1,7 milh\u00e3o [&hellip;]<\/p>\n","protected":false},"author":4,"featured_media":186932,"comment_status":"open","ping_status":"closed","sticky":false,"template":"","format":"standard","meta":{"amp_status":"","footnotes":""},"categories":[40238,123],"tags":[1740,186,238260,247159,1429,237,246916,1524,1018,13425,246967,246952,246975,246946,246925,246954,246976,246977,246941,246966,246978,246979,246960,246970,246933,246935,246955,246919,246980,246981,246962,246963,246982,246926,246983,246984,246964,246947,246985,246971,246986,246987,246920,246972,246921,246988,246989,246990,246922,246934,246942,246991,246956,246936,164835,246973,246992,246927,246923,246957,246943,246968,246948,246944,246949,246953,246928,246993,246932,246924,246969,246937,246961,246929,246938,246958,246950,246959,246939,246994,246995,246965,246996,246930,246997,246951,164820,246998,246999,246931,246945,247000,246940,246974,247001,246913,246912,144442,112760,247158,187,1395,258090,258872,202,190220,246918,246915,246917,246605,246606,220474,210,2230,1804,250876,250877,246604,421,9332,311,30838,133841,52113,419,1105,229460],"class_list":["post-186931","post","type-post","status-publish","format-standard","has-post-thumbnail","hentry","category-educacao-2","category-gerais","tag-antonio-dias","tag-aracuai","tag-aulas-presenciais-em-minas-gerais","tag-aulas-presenciais-em-regioes-na-onda-vermelha-do-minas-consciente","tag-capitao-eneas","tag-caratinga","tag-confira-a-lista-de-escolas-que-retomam-as-atividades-pedagogicas-presenciais","tag-coronel-fabriciano","tag-destaque","tag-educacao","tag-ee-adolfo-ferreira-de-barros","tag-ee-antonino-ferreira-mendes","tag-ee-antonio-figueira","tag-ee-antonio-martins-pereira","tag-ee-antonio-penna-sobrinho","tag-ee-arthur-berganholi","tag-ee-augusta-valle","tag-ee-beato-jose-de-anchieta","tag-ee-capitao-egidio-lima","tag-ee-cardeal-mota","tag-ee-carlos-versiani","tag-ee-clovis-salgado","tag-ee-conego-figueiro","tag-ee-cordiolino-souza-santos","tag-ee-coronel-fabriciano-felisberto-de-brito","tag-ee-coronel-silvino-pereira","tag-ee-da-fazenda-diamantino","tag-ee-da-fazenda-palmeiras","tag-ee-de-santa-rosa-de-lima","tag-ee-de-sao-pedro-da-garca","tag-ee-de-vereda-do-paraiso","tag-ee-deputado-chaves-ribeiro","tag-ee-deputado-esteves-rodrigues","tag-ee-dom-carloto","tag-ee-dom-joao-antonio-pimenta","tag-ee-domingos-barbosa-braer","tag-ee-dona-beti","tag-ee-dona-eleonora-nunes-pereira","tag-ee-dona-quita-pereira","tag-ee-donato-santos","tag-ee-doutor-antonio-augusto-veloso","tag-ee-doutor-joao-alves","tag-ee-elesbao-jose-dos-santos","tag-ee-eliseu-laborne","tag-ee-elpidio-ribeiro-dos-santos","tag-ee-francisco-lopes-da-silva","tag-ee-francisco-peres","tag-ee-francisco-sa","tag-ee-geraldino-francisco-da-silva","tag-ee-germano-pedro-de-souza","tag-ee-getulio-vargas","tag-ee-goncalves-chaves","tag-ee-hilario-pinheiro-jardim","tag-ee-intendente-camara","tag-ee-irma-beata","tag-ee-joao-de-deus-dias","tag-ee-joao-de-freitas-neto","tag-ee-joao-moreira-franco","tag-ee-jose-cristiano","tag-ee-jose-dos-santos-neiva","tag-ee-jose-ferreira-maia","tag-ee-jose-patricio-da-silveira","tag-ee-jose-ricardo-martins-fonseca","tag-ee-leoncio-de-araujo","tag-ee-major-lage","tag-ee-marinho-silva","tag-ee-mary-lucca-chagas","tag-ee-monsenhor-gustavo","tag-ee-monsenhor-rocha","tag-ee-norberto-de-almeida-rocha","tag-ee-nossa-senhora-da-guia","tag-ee-padre-deolindo-coelho","tag-ee-presidente-juscelino-kubitschek","tag-ee-princesa-isabel","tag-ee-professor-francisco-letro","tag-ee-professor-leopoldo-pereira","tag-ee-professor-manoel-soares","tag-ee-professora-aparecida-dutra","tag-ee-professora-celina-machado","tag-ee-professora-cristina-guimaraes","tag-ee-professora-dilma-quadros","tag-ee-professora-dona-preta","tag-ee-professora-helena-prates","tag-ee-professora-maria-fontes","tag-ee-professora-marilda-de-oliveira","tag-ee-professora-palmira-morais","tag-ee-sao-sebastiao","tag-ee-secundino-tavares","tag-ee-simeao-ribeiro-dos-santos","tag-ee-sinfronio-fernandes","tag-ee-tenente-jose-luciano","tag-ee-vereador-francisco-tofani","tag-ee-zacarias-roque","tag-ee-zeca-guida","tag-ee-zinha-prates","tag-escola-estadual-eleonora-nunes-pereira","tag-escola-estadual-major-laje","tag-escola-estadual-menino-jesus-de-praga","tag-escola-estadual-professor-francisco-letro","tag-estado-pode-liberar-volta-as-aulas-presenciais-em-regioes-na-onda-vermelha-do-minas-consciente","tag-francisco-badaro","tag-francisco-sa","tag-governo-divulga-novo-protocolo-de-retorno-as-atividades-escolares-presenciais-em-minas-gerais","tag-inicio-do-ano-letivo-2022-em-minas-gerais","tag-itabira","tag-julia-santanna","tag-lista-de-escolas-que-iniciaram-as-atividades-presenciais","tag-lista-de-escolas-que-iniciaram-as-atividades-presenciais-em-21-6","tag-lista-de-escolas-que-retomam-as-atividades-pedagogicas-presenciais","tag-maria-laurieves-de-miranda","tag-marilene-pimentel","tag-minas-consciente","tag-montes-claros","tag-morro-do-pilar","tag-ninheira","tag-protocolo-para-volta-as-aulas-presenciais","tag-protocolo-para-volta-as-aulas-presenciais-em-minas-gerais","tag-retorno-das-aulas-presenciais-em-minas-gerais","tag-rio-pardo-de-minas","tag-rio-piracicaba","tag-santa-barbara-do-leste","tag-secretaria-de-estado-de-educacao-de-minas-gerais","tag-see-mg","tag-ses-mg","tag-taiobeiras","tag-timoteo","tag-volta-as-aulas-presenciais-em-minas-gerais"],"_links":{"self":[{"href":"https:\/\/aconteceunovale.com.br\/portal\/index.php?rest_route=\/wp\/v2\/posts\/186931","targetHints":{"allow":["GET"]}}],"collection":[{"href":"https:\/\/aconteceunovale.com.br\/portal\/index.php?rest_route=\/wp\/v2\/posts"}],"about":[{"href":"https:\/\/aconteceunovale.com.br\/portal\/index.php?rest_route=\/wp\/v2\/types\/post"}],"author":[{"embeddable":true,"href":"https:\/\/aconteceunovale.com.br\/portal\/index.php?rest_route=\/wp\/v2\/users\/4"}],"replies":[{"embeddable":true,"href":"https:\/\/aconteceunovale.com.br\/portal\/index.php?rest_route=%2Fwp%2Fv2%2Fcomments&post=186931"}],"version-history":[{"count":1,"href":"https:\/\/aconteceunovale.com.br\/portal\/index.php?rest_route=\/wp\/v2\/posts\/186931\/revisions"}],"predecessor-version":[{"id":186933,"href":"https:\/\/aconteceunovale.com.br\/portal\/index.php?rest_route=\/wp\/v2\/posts\/186931\/revisions\/186933"}],"wp:featuredmedia":[{"embeddable":true,"href":"https:\/\/aconteceunovale.com.br\/portal\/index.php?rest_route=\/wp\/v2\/media\/186932"}],"wp:attachment":[{"href":"https:\/\/aconteceunovale.com.br\/portal\/index.php?rest_route=%2Fwp%2Fv2%2Fmedia&parent=186931"}],"wp:term":[{"taxonomy":"category","embeddable":true,"href":"https:\/\/aconteceunovale.com.br\/portal\/index.php?rest_route=%2Fwp%2Fv2%2Fcategories&post=186931"},{"taxonomy":"post_tag","embeddable":true,"href":"https:\/\/aconteceunovale.com.br\/portal\/index.php?rest_route=%2Fwp%2Fv2%2Ftags&post=186931"}],"curies":[{"name":"wp","href":"https:\/\/api.w.org\/{rel}","templated":true}]}}