{"id":18693,"date":"2014-01-16T21:26:23","date_gmt":"2014-01-16T23:26:23","guid":{"rendered":"http:\/\/aconteceunovale.com.br\/portal\/?p=18693"},"modified":"2014-01-16T21:26:23","modified_gmt":"2014-01-16T23:26:23","slug":"delegacia-de-sao-joao-da-ponte-e-fechada","status":"publish","type":"post","link":"https:\/\/aconteceunovale.com.br\/portal\/?p=18693","title":{"rendered":"Delegacia de S\u00e3o Jo\u00e3o da Ponte \u00e9 fechada"},"content":{"rendered":"<p>A delegacia de S\u00e3o Jo\u00e3o da Ponte, Norte de Minas Gerais , est\u00e1 fechada desde o dia 9 de janeiro deste ano. O laudo do Corpo de Bombeiros informou que o pr\u00e9dio corre o risco de desabar, o caso foi encaminhado \u00e0 Justi\u00e7a que determinou a resolu\u00e7\u00e3o ou interdi\u00e7\u00e3o do lugar e orientou os policiais a n\u00e3o ficarem no local.<\/p>\n<p><img decoding=\"async\" src=\"http:\/\/aconteceunovale.com.br\/portal\/wp-content\/uploads\/2014\/01\/delegacia_sao_joao_da_ponte_fechada_1.jpg\" alt=\"\" \/><br \/>\n<em><strong>Pr\u00e9dio da delegacia de S\u00e3o Jo\u00e3o da Ponte foi interditado.<\/strong><\/em><\/p>\n<p>De acordo com o Sindicato dos Servidores da Pol\u00edcia Civil do Estado de Minas Gerais (Sindpol), em dezembro o Corpo de Bombeiros publicou laudo informando a situa\u00e7\u00e3o prec\u00e1ria da delegacia. A partir da\u00ed, o presidente regional do sindicato, Emerson Mota, encaminhou o caso \u00e0 Justi\u00e7a.<\/p>\n<p>\u201cTendo em vista a precariedade do pr\u00e9dio, onde o risco de desabar \u00e9 muito grande, foi portanto expedida pelo juiz uma liminar que deu um prazo de 10 dias para a pol\u00edcia resolver o problema ou interditar de vez a delegacia\u201d, afirma Emerson.<\/p>\n<p>A liminar foi emitida no dia 8 de janeiro e, um dia ap\u00f3s, a pol\u00edcia se reuniu e definiu em ata o n\u00e3o funcionamento das atividades.<\/p>\n<p>\u201cO servi\u00e7o est\u00e1 paralisado, desde a investiga\u00e7\u00e3o, intima\u00e7\u00e3o e condu\u00e7\u00e3o de presos, pois falta todo tipo de material e tamb\u00e9m ferramentas de trabalho que prejudicam inclusive a emiss\u00e3o de documentos\u201d, informa o presidente.<\/p>\n<p>Mas o problema n\u00e3o se resume apenas na estrutura do im\u00f3vel, eles est\u00e3o tamb\u00e9m sem viaturas h\u00e1 sete meses por motivo de sucateamento. Em alguns casos, quando o atendimento \u00e9 para ser feito nas proximidades, os policiais t\u00eam apelado para a caminhada ou com carro pr\u00f3prio para a execu\u00e7\u00e3o dos servi\u00e7os.<\/p>\n<p>A delegacia \u00e9 composta por um delegado, quatro investigadores e dois escriv\u00e3es para atender a popula\u00e7\u00e3o de S\u00e3o Jo\u00e3o da Ponte e mais tr\u00eas cidades vizinhas. S\u00f3 neste per\u00edodo de falta de estrutura, acumulam-se 275 inqu\u00e9ritos paralisados e 313 que ainda ser\u00e3o apurados. O presidente do sindicato lamenta o estado de inseguran\u00e7a.<\/p>\n<p>\u201cA popula\u00e7\u00e3o est\u00e1 desamparada e v\u00e3o todos os dias \u00e0 porta da institui\u00e7\u00e3o pedir pela seguran\u00e7a das fam\u00edlias e patrim\u00f4nio\u201d, diz.<\/p>\n<p>Atualmente o atendimento abrange somente a vistoria e emplacamento de ve\u00edculos, por n\u00e3o depender do espa\u00e7o predial para a realiza\u00e7\u00e3o das atividades.<\/p>\n<p><strong>A POPULA\u00c7\u00c3O EST\u00c1 TEMEROSA<\/strong><\/p>\n<p>A cidade com pouco mais de 25 mil habitantes n\u00e3o se conforma com a sensa\u00e7\u00e3o de inseguran\u00e7a, como \u00e9 o caso de No\u00eamia Dias que mora na zona rural de S\u00e3o Jo\u00e3o da Ponte. Ela se desentendeu com o vizinho e solicitou ajuda \u00e0 pol\u00edcia, mas n\u00e3o foi atendida por falta de viatura. &#8220;O sentimento \u00e9 de abandono, pois a delegacia est\u00e1 caindo os peda\u00e7os, cheia de buracos e ainda n\u00e3o tem carro. Como eles poderiam socorrer a mim e a minha m\u00e3e de 93 anos?\u201d, questiona.<\/p>\n<p>A moradora \u00e9 uma das pessoas que vai sempre \u00e0 sede da pol\u00edcia pedir agilidade na resolu\u00e7\u00e3o do problema. At\u00e9 hoje a intima\u00e7\u00e3o n\u00e3o foi encaminhada ao vizinho de No\u00eamia, exatamente pela dificuldade de deslocamento dos servidores at\u00e9 o endere\u00e7o.<\/p>\n<p>\u201cEnquanto isso eu corro risco na zona rural e nas ruas da cidade, pois n\u00e3o tem ve\u00edculo para oprimir e conduzir os criminosos. Ser\u00e1 que eles v\u00e3o ter que resolver isso \u00e9 andando a p\u00e9, \u00e0s vezes 20, 30 ou 40 quil\u00f4metros?\u201d, diz No\u00eamia.<\/p>\n<p>Apesar da realidade prec\u00e1ria do lugar, a interdi\u00e7\u00e3o assustou ainda mais a comunidade. Como situa\u00e7\u00e3o est\u00e1 assim h\u00e1 muito tempo, eles questionam a in\u00e9rcia\/imobiliza\u00e7\u00e3o por parte do governo.<\/p>\n<p>Para o funcion\u00e1rio p\u00fablico D\u00e1rio Borges j\u00e1 passou da hora de agir. \u201cA viol\u00eancia aumentou bastante aqui no munic\u00edpio, portanto \u00e9 preciso que se re\u00fanam Estado, Prefeitura e vereadores para que se resolva o problema o mais r\u00e1pido poss\u00edvel&#8221;.<\/p>\n<p><img decoding=\"async\" src=\"http:\/\/aconteceunovale.com.br\/portal\/wp-content\/uploads\/2014\/01\/delegacia_sao_joao_da_ponte_fechada_2.jpg\" alt=\"\" \/><br \/>\n<em><strong>Pr\u00e9dio apresenta v\u00e1rias rachaduras e seguran\u00e7a dos presos tamb\u00e9m est\u00e1 comprometida.<\/strong><\/em><\/p>\n<p><strong>OUTRAS VIT\u00cdMAS<\/strong><\/p>\n<p>A situa\u00e7\u00e3o p\u00f5e em risco tamb\u00e9m a integridade dos 35 detidos que ficam nas selas aos fundos da delegacia. As rachaduras seguem bem vis\u00edveis nas selas.<\/p>\n<p>\u201cO medo \u00e9 de acontecer um desabamento com todo mundo aqui dentro. Estamos todos muito preocupados e estamos querendo melhorias e a transfer\u00eancia tamb\u00e9m\u201d, diz o detento Jos\u00e9 Xavier.<\/p>\n<p><strong><em>(Fonte: Inter TV Grande Minas)<\/em><\/strong><\/p>\n","protected":false},"excerpt":{"rendered":"<p>A delegacia de S\u00e3o Jo\u00e3o da Ponte, Norte de Minas Gerais , est\u00e1 fechada desde o dia 9 de janeiro deste ano. O laudo do Corpo de Bombeiros informou que o pr\u00e9dio corre o risco de desabar, o caso foi encaminhado \u00e0 Justi\u00e7a que determinou a resolu\u00e7\u00e3o ou interdi\u00e7\u00e3o do lugar e orientou os policiais [&hellip;]<\/p>\n","protected":false},"author":1,"featured_media":0,"comment_status":"open","ping_status":"closed","sticky":false,"template":"","format":"standard","meta":{"amp_status":"","footnotes":""},"categories":[1236],"tags":[3083,2448],"class_list":["post-18693","post","type-post","status-publish","format-standard","hentry","category-norte_de_minas","tag-delegacia-de-sao-joao-da-ponte-e-fechada","tag-sao-joao-da-ponte"],"_links":{"self":[{"href":"https:\/\/aconteceunovale.com.br\/portal\/index.php?rest_route=\/wp\/v2\/posts\/18693","targetHints":{"allow":["GET"]}}],"collection":[{"href":"https:\/\/aconteceunovale.com.br\/portal\/index.php?rest_route=\/wp\/v2\/posts"}],"about":[{"href":"https:\/\/aconteceunovale.com.br\/portal\/index.php?rest_route=\/wp\/v2\/types\/post"}],"author":[{"embeddable":true,"href":"https:\/\/aconteceunovale.com.br\/portal\/index.php?rest_route=\/wp\/v2\/users\/1"}],"replies":[{"embeddable":true,"href":"https:\/\/aconteceunovale.com.br\/portal\/index.php?rest_route=%2Fwp%2Fv2%2Fcomments&post=18693"}],"version-history":[{"count":0,"href":"https:\/\/aconteceunovale.com.br\/portal\/index.php?rest_route=\/wp\/v2\/posts\/18693\/revisions"}],"wp:attachment":[{"href":"https:\/\/aconteceunovale.com.br\/portal\/index.php?rest_route=%2Fwp%2Fv2%2Fmedia&parent=18693"}],"wp:term":[{"taxonomy":"category","embeddable":true,"href":"https:\/\/aconteceunovale.com.br\/portal\/index.php?rest_route=%2Fwp%2Fv2%2Fcategories&post=18693"},{"taxonomy":"post_tag","embeddable":true,"href":"https:\/\/aconteceunovale.com.br\/portal\/index.php?rest_route=%2Fwp%2Fv2%2Ftags&post=18693"}],"curies":[{"name":"wp","href":"https:\/\/api.w.org\/{rel}","templated":true}]}}