{"id":18691,"date":"2014-01-16T21:17:32","date_gmt":"2014-01-16T23:17:32","guid":{"rendered":"http:\/\/aconteceunovale.com.br\/portal\/?p=18691"},"modified":"2014-01-16T21:17:32","modified_gmt":"2014-01-16T23:17:32","slug":"assaltante-e-preso-depois-de-ameacar-mulher-com-faca-em-salinas","status":"publish","type":"post","link":"https:\/\/aconteceunovale.com.br\/portal\/?p=18691","title":{"rendered":"Assaltante \u00e9 preso depois de amea\u00e7ar mulher com faca em Salinas"},"content":{"rendered":"<p>Um homem foi preso na tarde desta quinta-feira (16\/01) por volta das 17h30 em flagrante por roubo sob grave amea\u00e7a. O assaltante abordou uma mulher no centro de Salinas e a manteve ref\u00e9m com uma faca no pesco\u00e7o.<\/p>\n<p>A v\u00edtima disse \u00e0 Pol\u00edcia que o bandido a mantinha sob amea\u00e7a e disfar\u00e7ava toda vez que outra pessoa passava por perto. Celular e dinheiro foram subtra\u00eddos da v\u00edtima.<\/p>\n<p>Logo depois de ser deixada pelo assaltante, a mulher foi at\u00e9 a delegacia da Pol\u00edcia Civil para fazer o Boletim de Ocorr\u00eancia. Em menos de duas horas depois do crime, o homem foi preso em flagrante pelo delegado Jos\u00e9 Eduardo Santos e pelo policial Thiago Lucio.<\/p>\n<p>\u201cComo est\u00e1 em per\u00edodo de festa na cidade, estamos com aten\u00e7\u00e3o redobrada para coibir qualquer tipo de crime\u201d, afirma o delegado da Pol\u00edcia Civil.<\/p>\n<p>O homem que aparenta ter entre 25 e 30 anos disse \u00e0 pol\u00edcia que morava em S\u00e3o Paulo e j\u00e1 h\u00e1 algum tempo estava em Salinas. Segundo o delegado, o suspeito j\u00e1 tem passagem por tr\u00e1fico de drogas. <\/p>\n<p>O suspeito est\u00e1 detido na delegacia de Salinas.<\/p>\n<p><em>(Imagem ilustrativa)<\/em><br \/>\n<img decoding=\"async\" src=\"http:\/\/aconteceunovale.com.br\/portal\/wp-content\/uploads\/2013\/12\/preso.jpg\" alt=\"\" \/><\/p>\n<p><em>(Fonte: Pol\u00edcia Civil de Salinas, via G1)<\/em><\/p>\n","protected":false},"excerpt":{"rendered":"<p>Um homem foi preso na tarde desta quinta-feira (16\/01) por volta das 17h30 em flagrante por roubo sob grave amea\u00e7a. O assaltante abordou uma mulher no centro de Salinas e a manteve ref\u00e9m com uma faca no pesco\u00e7o. A v\u00edtima disse \u00e0 Pol\u00edcia que o bandido a mantinha sob amea\u00e7a e disfar\u00e7ava toda vez que [&hellip;]<\/p>\n","protected":false},"author":1,"featured_media":0,"comment_status":"open","ping_status":"closed","sticky":false,"template":"","format":"standard","meta":{"amp_status":"","footnotes":""},"categories":[1236],"tags":[3082,190],"class_list":["post-18691","post","type-post","status-publish","format-standard","hentry","category-norte_de_minas","tag-assaltante-e-preso-depois-de-ameacar-mulher-com-faca-em-salinas","tag-salinas"],"_links":{"self":[{"href":"https:\/\/aconteceunovale.com.br\/portal\/index.php?rest_route=\/wp\/v2\/posts\/18691","targetHints":{"allow":["GET"]}}],"collection":[{"href":"https:\/\/aconteceunovale.com.br\/portal\/index.php?rest_route=\/wp\/v2\/posts"}],"about":[{"href":"https:\/\/aconteceunovale.com.br\/portal\/index.php?rest_route=\/wp\/v2\/types\/post"}],"author":[{"embeddable":true,"href":"https:\/\/aconteceunovale.com.br\/portal\/index.php?rest_route=\/wp\/v2\/users\/1"}],"replies":[{"embeddable":true,"href":"https:\/\/aconteceunovale.com.br\/portal\/index.php?rest_route=%2Fwp%2Fv2%2Fcomments&post=18691"}],"version-history":[{"count":0,"href":"https:\/\/aconteceunovale.com.br\/portal\/index.php?rest_route=\/wp\/v2\/posts\/18691\/revisions"}],"wp:attachment":[{"href":"https:\/\/aconteceunovale.com.br\/portal\/index.php?rest_route=%2Fwp%2Fv2%2Fmedia&parent=18691"}],"wp:term":[{"taxonomy":"category","embeddable":true,"href":"https:\/\/aconteceunovale.com.br\/portal\/index.php?rest_route=%2Fwp%2Fv2%2Fcategories&post=18691"},{"taxonomy":"post_tag","embeddable":true,"href":"https:\/\/aconteceunovale.com.br\/portal\/index.php?rest_route=%2Fwp%2Fv2%2Ftags&post=18691"}],"curies":[{"name":"wp","href":"https:\/\/api.w.org\/{rel}","templated":true}]}}