{"id":18688,"date":"2014-01-16T21:08:32","date_gmt":"2014-01-16T23:08:32","guid":{"rendered":"http:\/\/aconteceunovale.com.br\/portal\/?p=18688"},"modified":"2014-01-16T22:56:49","modified_gmt":"2014-01-17T00:56:49","slug":"chuvas-20132014-itaipe-integra-lista-de-cidades-em-estado-de-emergencia","status":"publish","type":"post","link":"https:\/\/aconteceunovale.com.br\/portal\/?p=18688","title":{"rendered":"CHUVAS 2013\/2014: Itaip\u00e9 integra lista de cidades em estado de emerg\u00eancia"},"content":{"rendered":"<p>Noventa e duas cidades mineiras decretaram situa\u00e7\u00e3o de emerg\u00eancia neste per\u00edodo chuvoso, de acordo com dados divulgados pela Coordenadoria Estadual de Defesa Civil nesta quinta-feira (16\/01). Itaip\u00e9, no Vale do Mucuri, e Tr\u00eas Marias, na Regi\u00e3o Central de Minas Gerais, foram os \u00faltimos munic\u00edpios a entrar para a listagem.<\/p>\n<p>O estado de calamidade p\u00fablica, quando os danos causados pela chuva s\u00e3o ainda mais graves, foi decretado por duas cidades do Leste de Minas: Sardo\u00e1 e Virgol\u00e2ndia. Ao todo, 128 munic\u00edpios foram afetados.<\/p>\n<p>Ainda de acordo com o balan\u00e7o da Defesa Civil, quase 33 mil pessoas ficaram desalojadas e cerca de 17 mil ficaram desabrigadas. Aproximadamente 10 mil casas ficaram danificadas e 616 foram destru\u00eddas. Em rela\u00e7\u00e3o \u00e0s obras de infraestrutura, houve registro de 1110 danificadas e de 524 destru\u00eddas.<\/p>\n<p>De acordo com o \u00faltimo balan\u00e7o, 226 pessoas ficaram feridas e 22 morreram neste per\u00edodo chuvoso.<\/p>\n<p><strong>NOTA: <\/strong><em>Apesar do decreto de emerg\u00eancia, segundo moradores, desde o dia 26 de dezembro n\u00e3o chove na cidade.<\/em><\/p>\n<p><img decoding=\"async\" src=\"http:\/\/aconteceunovale.com.br\/portal\/wp-content\/uploads\/2014\/01\/itaipe_vista_aerea.jpg\" alt=\"\" \/><br \/>\n(Foto a\u00e9rea de Itaip\u00e9)<\/p>\n","protected":false},"excerpt":{"rendered":"<p>Noventa e duas cidades mineiras decretaram situa\u00e7\u00e3o de emerg\u00eancia neste per\u00edodo chuvoso, de acordo com dados divulgados pela Coordenadoria Estadual de Defesa Civil nesta quinta-feira (16\/01). Itaip\u00e9, no Vale do Mucuri, e Tr\u00eas Marias, na Regi\u00e3o Central de Minas Gerais, foram os \u00faltimos munic\u00edpios a entrar para a listagem. O estado de calamidade p\u00fablica, quando [&hellip;]<\/p>\n","protected":false},"author":1,"featured_media":0,"comment_status":"open","ping_status":"closed","sticky":false,"template":"","format":"standard","meta":{"amp_status":"","footnotes":""},"categories":[122],"tags":[3081,191,3080],"class_list":["post-18688","post","type-post","status-publish","format-standard","hentry","category-mucuri","tag-chuvas-em-itaipe","tag-itaipe","tag-itaipe-integra-lista-de-cidades-em-estado-de-emergencia"],"_links":{"self":[{"href":"https:\/\/aconteceunovale.com.br\/portal\/index.php?rest_route=\/wp\/v2\/posts\/18688","targetHints":{"allow":["GET"]}}],"collection":[{"href":"https:\/\/aconteceunovale.com.br\/portal\/index.php?rest_route=\/wp\/v2\/posts"}],"about":[{"href":"https:\/\/aconteceunovale.com.br\/portal\/index.php?rest_route=\/wp\/v2\/types\/post"}],"author":[{"embeddable":true,"href":"https:\/\/aconteceunovale.com.br\/portal\/index.php?rest_route=\/wp\/v2\/users\/1"}],"replies":[{"embeddable":true,"href":"https:\/\/aconteceunovale.com.br\/portal\/index.php?rest_route=%2Fwp%2Fv2%2Fcomments&post=18688"}],"version-history":[{"count":0,"href":"https:\/\/aconteceunovale.com.br\/portal\/index.php?rest_route=\/wp\/v2\/posts\/18688\/revisions"}],"wp:attachment":[{"href":"https:\/\/aconteceunovale.com.br\/portal\/index.php?rest_route=%2Fwp%2Fv2%2Fmedia&parent=18688"}],"wp:term":[{"taxonomy":"category","embeddable":true,"href":"https:\/\/aconteceunovale.com.br\/portal\/index.php?rest_route=%2Fwp%2Fv2%2Fcategories&post=18688"},{"taxonomy":"post_tag","embeddable":true,"href":"https:\/\/aconteceunovale.com.br\/portal\/index.php?rest_route=%2Fwp%2Fv2%2Ftags&post=18688"}],"curies":[{"name":"wp","href":"https:\/\/api.w.org\/{rel}","templated":true}]}}